{"id":294,"date":"2024-04-15T09:00:00","date_gmt":"2024-04-15T14:00:00","guid":{"rendered":"https:\/\/biciurba.com\/?p=294"},"modified":"2024-04-15T06:20:50","modified_gmt":"2024-04-15T11:20:50","slug":"ojo-con-el-desperdicio-de-alimentos-situacion-insostenible-en-el-mundo-del-cual-somos-protagonistas","status":"publish","type":"post","link":"https:\/\/biciurba.com\/index.php\/2024\/04\/15\/ojo-con-el-desperdicio-de-alimentos-situacion-insostenible-en-el-mundo-del-cual-somos-protagonistas\/","title":{"rendered":"Ojo con el desperdicio de alimentos, situaci\u00f3n insostenible en el mundo"},"content":{"rendered":"\n<p>\u00abEl desperdicio de alimentos es una tragedia mundial. Millones de personas pasar\u00e1n hambre hoy mientras se desperdician alimentos en todo el mundo\u00bb, dijo Inger Andersen, directora ejecutiva del PNUMA, explicando que este problema continuo no s\u00f3lo afecta a la econom\u00eda mundial, sino que tambi\u00e9n agrava el cambio clim\u00e1tico, la p\u00e9rdida de biodiversidad y la contaminaci\u00f3n.<\/p>\n\n\n\n<p>La mayor parte del desperdicio alimentario mundial procede de los hogares, con un total de 631 millones de toneladas, o hasta el 60%, del total de alimentos despilfarrados. Los sectores de servicios alimentarios y venta al por menor fueron responsables de 290 y 131 millones de toneladas respectivamente.<\/p>\n\n\n\n<p>De media, cada persona desperdicia 79 kilogramos de alimentos al a\u00f1o. Esto equivale a 1,3 comidas diarias para todas las personas hambrientas del mundo, subrayan los autores del informe.<\/p>\n\n\n\n<p>El problema no se limita a las naciones ricas, los pa\u00edses de ingresos altos, medianos altos y medianos bajos difieren en los niveles promedio de desperdicio de alimentos en los hogares en s\u00f3lo siete kilogramos per c\u00e1pita por a\u00f1o. La brecha m\u00e1s grande surge en las variaciones entre las poblaciones urbanas y rurales.<\/p>\n\n\n\n<p>En los pa\u00edses de ingresos medios, por ejemplo, las zonas rurales generalmente desperdician menos. Una posible explicaci\u00f3n est\u00e1 en el reciclaje de restos de comida para mascotas, piensos y compostaje dom\u00e9stico en el campo.<\/p>\n\n\n\n<p>Seg\u00fan el informe, existe una correlaci\u00f3n directa entre las temperaturas medias y los niveles de desperdicio de alimentos. Los pa\u00edses m\u00e1s c\u00e1lidos parecen tener m\u00e1s desperdicio de alimentos per c\u00e1pita en los hogares, posiblemente debido al mayor consumo de alimentos frescos que contienen menos partes comestibles y a la falta de soluciones s\u00f3lidas de refrigeraci\u00f3n y conservaci\u00f3n.<\/p>\n\n\n\n<p>Las temperaturas estacionales m\u00e1s altas, los episodios de calor extremo y las sequ\u00edas hacen que sea m\u00e1s dif\u00edcil almacenar, procesar, transportar y vender alimentos de manera segura, lo que a menudo conduce a que se desperdicie o se pierda un volumen importante de alimentos.<\/p>\n\n\n\n<p>Dado que la p\u00e9rdida y el desperdicio de alimentos generan hasta el 10% de las emisiones mundiales de gases de efecto invernadero (casi cinco veces las emisiones totales en comparaci\u00f3n con el sector de la aviaci\u00f3n), reducir las emisiones derivadas del desperdicio de alimentos es esencial.<br>Las alianzas p\u00fablico-privadas para reducir el desperdicio de alimentos y los impactos sobre el clima y el estr\u00e9s h\u00eddrico est\u00e1n siendo adoptadas por un n\u00famero cada vez mayor de gobiernos de todos los niveles y as\u00ed se busca cumplir con el Objetivo de Desarrollo Sostenible 12.3 de reducir a la mitad el desperdicio de alimentos para 2030.<\/p>\n\n\n\n<p>Cuando haga mercado, siempre considere la cantidad de alimentos necesarios para su consumo y el de su hogar. No se deje influenciar por comerciales de productos comestibles, procure adquirir verdaderos alimentos. Pruebe a aprender a preparar mermeladas y conservas para prolongar la vida \u00fatil de los alimentos. Y Nunca es tarde para compartir con otros que no pueden adquirir alimentos.<\/p>\n\n\n\n<p>Utilice las bolsa verde para que sea trabajada de forma adecuada en los vertederos de basura, o aprenda hacer compostaje para alimentar plantas y jardines contribuyendo a darle vida a la naturaleza vegetal.<\/p>\n","protected":false},"excerpt":{"rendered":"<p>\u00abEl desperdicio de alimentos es una tragedia mundial. Millones de personas pasar\u00e1n hambre hoy mientras se desperdician alimentos en todo el mundo\u00bb, dijo Inger Andersen, directora ejecutiva del PNUMA, explicando que este problema continuo no s\u00f3lo afecta a la econom\u00eda mundial, sino que tambi\u00e9n agrava el cambio clim\u00e1tico, la p\u00e9rdida de biodiversidad y la contaminaci\u00f3n. [&hellip;]<\/p>\n","protected":false},"author":1,"featured_media":295,"comment_status":"open","ping_status":"open","sticky":false,"template":"","format":"standard","meta":{"footnotes":""},"categories":[13],"tags":[102,104,105,103,107,106],"class_list":["post-294","post","type-post","status-publish","format-standard","has-post-thumbnail","hentry","category-farm","tag-alimentacion","tag-bolsa-verde","tag-compostaje","tag-desperdicio-de-alimentos","tag-economia","tag-hambre-global"],"yoast_head":"<!-- This site is optimized with the Yoast SEO plugin v23.9 - https:\/\/yoast.com\/wordpress\/plugins\/seo\/ -->\n<title>Ojo con el desperdicio de alimentos, situaci\u00f3n insostenible en el mundo - Biciurba<\/title>\n<meta name=\"robots\" content=\"index, follow, max-snippet:-1, max-image-preview:large, max-video-preview:-1\" \/>\n<link rel=\"canonical\" href=\"https:\/\/biciurba.com\/index.php\/2024\/04\/15\/ojo-con-el-desperdicio-de-alimentos-situacion-insostenible-en-el-mundo-del-cual-somos-protagonistas\/\" \/>\n<meta property=\"og:locale\" content=\"es_ES\" \/>\n<meta property=\"og:type\" content=\"article\" \/>\n<meta property=\"og:title\" content=\"Ojo con el desperdicio de alimentos, situaci\u00f3n insostenible en el mundo - Biciurba\" \/>\n<meta property=\"og:description\" content=\"\u00abEl desperdicio de alimentos es una tragedia mundial. Millones de personas pasar\u00e1n hambre hoy mientras se desperdician alimentos en todo el mundo\u00bb, dijo Inger Andersen, directora ejecutiva del PNUMA, explicando que este problema continuo no s\u00f3lo afecta a la econom\u00eda mundial, sino que tambi\u00e9n agrava el cambio clim\u00e1tico, la p\u00e9rdida de biodiversidad y la contaminaci\u00f3n. [&hellip;]\" \/>\n<meta property=\"og:url\" content=\"https:\/\/biciurba.com\/index.php\/2024\/04\/15\/ojo-con-el-desperdicio-de-alimentos-situacion-insostenible-en-el-mundo-del-cual-somos-protagonistas\/\" \/>\n<meta property=\"og:site_name\" content=\"Biciurba\" \/>\n<meta property=\"article:published_time\" content=\"2024-04-15T14:00:00+00:00\" \/>\n<meta property=\"article:modified_time\" content=\"2024-04-15T11:20:50+00:00\" \/>\n<meta property=\"og:image\" content=\"https:\/\/biciurba.com\/wp-content\/uploads\/2024\/04\/alimentos.png\" \/>\n\t<meta property=\"og:image:width\" content=\"600\" \/>\n\t<meta property=\"og:image:height\" content=\"400\" \/>\n\t<meta property=\"og:image:type\" content=\"image\/png\" \/>\n<meta name=\"author\" content=\"Carlos Cantor\" \/>\n<meta name=\"twitter:card\" content=\"summary_large_image\" \/>\n<meta name=\"twitter:label1\" content=\"Escrito por\" \/>\n\t<meta name=\"twitter:data1\" content=\"Carlos Cantor\" \/>\n\t<meta name=\"twitter:label2\" content=\"Tiempo de lectura\" \/>\n\t<meta name=\"twitter:data2\" content=\"3 minutos\" \/>\n<script type=\"application\/ld+json\" class=\"yoast-schema-graph\">{\"@context\":\"https:\/\/schema.org\",\"@graph\":[{\"@type\":\"Article\",\"@id\":\"https:\/\/biciurba.com\/index.php\/2024\/04\/15\/ojo-con-el-desperdicio-de-alimentos-situacion-insostenible-en-el-mundo-del-cual-somos-protagonistas\/#article\",\"isPartOf\":{\"@id\":\"https:\/\/biciurba.com\/index.php\/2024\/04\/15\/ojo-con-el-desperdicio-de-alimentos-situacion-insostenible-en-el-mundo-del-cual-somos-protagonistas\/\"},\"author\":{\"name\":\"Carlos Cantor\",\"@id\":\"https:\/\/biciurba.com\/#\/schema\/person\/d9675ddf29ee982d268db0a3f239eced\"},\"headline\":\"Ojo con el desperdicio de alimentos, situaci\u00f3n insostenible en el mundo\",\"datePublished\":\"2024-04-15T14:00:00+00:00\",\"dateModified\":\"2024-04-15T11:20:50+00:00\",\"mainEntityOfPage\":{\"@id\":\"https:\/\/biciurba.com\/index.php\/2024\/04\/15\/ojo-con-el-desperdicio-de-alimentos-situacion-insostenible-en-el-mundo-del-cual-somos-protagonistas\/\"},\"wordCount\":557,\"commentCount\":0,\"publisher\":{\"@id\":\"https:\/\/biciurba.com\/#\/schema\/person\/d9675ddf29ee982d268db0a3f239eced\"},\"image\":{\"@id\":\"https:\/\/biciurba.com\/index.php\/2024\/04\/15\/ojo-con-el-desperdicio-de-alimentos-situacion-insostenible-en-el-mundo-del-cual-somos-protagonistas\/#primaryimage\"},\"thumbnailUrl\":\"https:\/\/biciurba.com\/wp-content\/uploads\/2024\/04\/alimentos.png\",\"keywords\":[\"Alimentaci\u00f3n\",\"bolsa verde\",\"compostaje\",\"Desperdicio de alimentos\",\"econom\u00eda\",\"hambre global\"],\"articleSection\":[\"Alimentaci\u00f3n Sana\"],\"inLanguage\":\"es\",\"potentialAction\":[{\"@type\":\"CommentAction\",\"name\":\"Comment\",\"target\":[\"https:\/\/biciurba.com\/index.php\/2024\/04\/15\/ojo-con-el-desperdicio-de-alimentos-situacion-insostenible-en-el-mundo-del-cual-somos-protagonistas\/#respond\"]}]},{\"@type\":\"WebPage\",\"@id\":\"https:\/\/biciurba.com\/index.php\/2024\/04\/15\/ojo-con-el-desperdicio-de-alimentos-situacion-insostenible-en-el-mundo-del-cual-somos-protagonistas\/\",\"url\":\"https:\/\/biciurba.com\/index.php\/2024\/04\/15\/ojo-con-el-desperdicio-de-alimentos-situacion-insostenible-en-el-mundo-del-cual-somos-protagonistas\/\",\"name\":\"Ojo con el desperdicio de alimentos, situaci\u00f3n insostenible en el mundo - Biciurba\",\"isPartOf\":{\"@id\":\"https:\/\/biciurba.com\/#website\"},\"primaryImageOfPage\":{\"@id\":\"https:\/\/biciurba.com\/index.php\/2024\/04\/15\/ojo-con-el-desperdicio-de-alimentos-situacion-insostenible-en-el-mundo-del-cual-somos-protagonistas\/#primaryimage\"},\"image\":{\"@id\":\"https:\/\/biciurba.com\/index.php\/2024\/04\/15\/ojo-con-el-desperdicio-de-alimentos-situacion-insostenible-en-el-mundo-del-cual-somos-protagonistas\/#primaryimage\"},\"thumbnailUrl\":\"https:\/\/biciurba.com\/wp-content\/uploads\/2024\/04\/alimentos.png\",\"datePublished\":\"2024-04-15T14:00:00+00:00\",\"dateModified\":\"2024-04-15T11:20:50+00:00\",\"breadcrumb\":{\"@id\":\"https:\/\/biciurba.com\/index.php\/2024\/04\/15\/ojo-con-el-desperdicio-de-alimentos-situacion-insostenible-en-el-mundo-del-cual-somos-protagonistas\/#breadcrumb\"},\"inLanguage\":\"es\",\"potentialAction\":[{\"@type\":\"ReadAction\",\"target\":[\"https:\/\/biciurba.com\/index.php\/2024\/04\/15\/ojo-con-el-desperdicio-de-alimentos-situacion-insostenible-en-el-mundo-del-cual-somos-protagonistas\/\"]}]},{\"@type\":\"ImageObject\",\"inLanguage\":\"es\",\"@id\":\"https:\/\/biciurba.com\/index.php\/2024\/04\/15\/ojo-con-el-desperdicio-de-alimentos-situacion-insostenible-en-el-mundo-del-cual-somos-protagonistas\/#primaryimage\",\"url\":\"https:\/\/biciurba.com\/wp-content\/uploads\/2024\/04\/alimentos.png\",\"contentUrl\":\"https:\/\/biciurba.com\/wp-content\/uploads\/2024\/04\/alimentos.png\",\"width\":600,\"height\":400,\"caption\":\"Gran cantidad de alimentos se pierde en distintas fases de la cosecha hasta el punto de venta y consumo, la brecha m\u00e1s grande surge en las variaciones entre las poblaciones urbanas y rurales.\"},{\"@type\":\"BreadcrumbList\",\"@id\":\"https:\/\/biciurba.com\/index.php\/2024\/04\/15\/ojo-con-el-desperdicio-de-alimentos-situacion-insostenible-en-el-mundo-del-cual-somos-protagonistas\/#breadcrumb\",\"itemListElement\":[{\"@type\":\"ListItem\",\"position\":1,\"name\":\"Portada\",\"item\":\"https:\/\/biciurba.com\/\"},{\"@type\":\"ListItem\",\"position\":2,\"name\":\"Ojo con el desperdicio de alimentos, situaci\u00f3n insostenible en el mundo\"}]},{\"@type\":\"WebSite\",\"@id\":\"https:\/\/biciurba.com\/#website\",\"url\":\"https:\/\/biciurba.com\/\",\"name\":\"Biciurba\",\"description\":\"Una mejor manera de vivir\",\"publisher\":{\"@id\":\"https:\/\/biciurba.com\/#\/schema\/person\/d9675ddf29ee982d268db0a3f239eced\"},\"potentialAction\":[{\"@type\":\"SearchAction\",\"target\":{\"@type\":\"EntryPoint\",\"urlTemplate\":\"https:\/\/biciurba.com\/?s={search_term_string}\"},\"query-input\":{\"@type\":\"PropertyValueSpecification\",\"valueRequired\":true,\"valueName\":\"search_term_string\"}}],\"inLanguage\":\"es\"},{\"@type\":[\"Person\",\"Organization\"],\"@id\":\"https:\/\/biciurba.com\/#\/schema\/person\/d9675ddf29ee982d268db0a3f239eced\",\"name\":\"Carlos Cantor\",\"image\":{\"@type\":\"ImageObject\",\"inLanguage\":\"es\",\"@id\":\"https:\/\/biciurba.com\/#\/schema\/person\/image\/\",\"url\":\"https:\/\/biciurba.com\/wp-content\/uploads\/2024\/04\/cropped-logo-1.png\",\"contentUrl\":\"https:\/\/biciurba.com\/wp-content\/uploads\/2024\/04\/cropped-logo-1.png\",\"width\":512,\"height\":318,\"caption\":\"Carlos Cantor\"},\"logo\":{\"@id\":\"https:\/\/biciurba.com\/#\/schema\/person\/image\/\"},\"sameAs\":[\"https:\/\/biciurba.com\"],\"url\":\"https:\/\/biciurba.com\/index.php\/author\/ccantor\/\"}]}<\/script>\n<!-- \/ Yoast SEO plugin. -->","yoast_head_json":{"title":"Ojo con el desperdicio de alimentos, situaci\u00f3n insostenible en el mundo - Biciurba","robots":{"index":"index","follow":"follow","max-snippet":"max-snippet:-1","max-image-preview":"max-image-preview:large","max-video-preview":"max-video-preview:-1"},"canonical":"https:\/\/biciurba.com\/index.php\/2024\/04\/15\/ojo-con-el-desperdicio-de-alimentos-situacion-insostenible-en-el-mundo-del-cual-somos-protagonistas\/","og_locale":"es_ES","og_type":"article","og_title":"Ojo con el desperdicio de alimentos, situaci\u00f3n insostenible en el mundo - Biciurba","og_description":"\u00abEl desperdicio de alimentos es una tragedia mundial. Millones de personas pasar\u00e1n hambre hoy mientras se desperdician alimentos en todo el mundo\u00bb, dijo Inger Andersen, directora ejecutiva del PNUMA, explicando que este problema continuo no s\u00f3lo afecta a la econom\u00eda mundial, sino que tambi\u00e9n agrava el cambio clim\u00e1tico, la p\u00e9rdida de biodiversidad y la contaminaci\u00f3n. [&hellip;]","og_url":"https:\/\/biciurba.com\/index.php\/2024\/04\/15\/ojo-con-el-desperdicio-de-alimentos-situacion-insostenible-en-el-mundo-del-cual-somos-protagonistas\/","og_site_name":"Biciurba","article_published_time":"2024-04-15T14:00:00+00:00","article_modified_time":"2024-04-15T11:20:50+00:00","og_image":[{"width":600,"height":400,"url":"https:\/\/biciurba.com\/wp-content\/uploads\/2024\/04\/alimentos.png","type":"image\/png"}],"author":"Carlos Cantor","twitter_card":"summary_large_image","twitter_misc":{"Escrito por":"Carlos Cantor","Tiempo de lectura":"3 minutos"},"schema":{"@context":"https:\/\/schema.org","@graph":[{"@type":"Article","@id":"https:\/\/biciurba.com\/index.php\/2024\/04\/15\/ojo-con-el-desperdicio-de-alimentos-situacion-insostenible-en-el-mundo-del-cual-somos-protagonistas\/#article","isPartOf":{"@id":"https:\/\/biciurba.com\/index.php\/2024\/04\/15\/ojo-con-el-desperdicio-de-alimentos-situacion-insostenible-en-el-mundo-del-cual-somos-protagonistas\/"},"author":{"name":"Carlos Cantor","@id":"https:\/\/biciurba.com\/#\/schema\/person\/d9675ddf29ee982d268db0a3f239eced"},"headline":"Ojo con el desperdicio de alimentos, situaci\u00f3n insostenible en el mundo","datePublished":"2024-04-15T14:00:00+00:00","dateModified":"2024-04-15T11:20:50+00:00","mainEntityOfPage":{"@id":"https:\/\/biciurba.com\/index.php\/2024\/04\/15\/ojo-con-el-desperdicio-de-alimentos-situacion-insostenible-en-el-mundo-del-cual-somos-protagonistas\/"},"wordCount":557,"commentCount":0,"publisher":{"@id":"https:\/\/biciurba.com\/#\/schema\/person\/d9675ddf29ee982d268db0a3f239eced"},"image":{"@id":"https:\/\/biciurba.com\/index.php\/2024\/04\/15\/ojo-con-el-desperdicio-de-alimentos-situacion-insostenible-en-el-mundo-del-cual-somos-protagonistas\/#primaryimage"},"thumbnailUrl":"https:\/\/biciurba.com\/wp-content\/uploads\/2024\/04\/alimentos.png","keywords":["Alimentaci\u00f3n","bolsa verde","compostaje","Desperdicio de alimentos","econom\u00eda","hambre global"],"articleSection":["Alimentaci\u00f3n Sana"],"inLanguage":"es","potentialAction":[{"@type":"CommentAction","name":"Comment","target":["https:\/\/biciurba.com\/index.php\/2024\/04\/15\/ojo-con-el-desperdicio-de-alimentos-situacion-insostenible-en-el-mundo-del-cual-somos-protagonistas\/#respond"]}]},{"@type":"WebPage","@id":"https:\/\/biciurba.com\/index.php\/2024\/04\/15\/ojo-con-el-desperdicio-de-alimentos-situacion-insostenible-en-el-mundo-del-cual-somos-protagonistas\/","url":"https:\/\/biciurba.com\/index.php\/2024\/04\/15\/ojo-con-el-desperdicio-de-alimentos-situacion-insostenible-en-el-mundo-del-cual-somos-protagonistas\/","name":"Ojo con el desperdicio de alimentos, situaci\u00f3n insostenible en el mundo - Biciurba","isPartOf":{"@id":"https:\/\/biciurba.com\/#website"},"primaryImageOfPage":{"@id":"https:\/\/biciurba.com\/index.php\/2024\/04\/15\/ojo-con-el-desperdicio-de-alimentos-situacion-insostenible-en-el-mundo-del-cual-somos-protagonistas\/#primaryimage"},"image":{"@id":"https:\/\/biciurba.com\/index.php\/2024\/04\/15\/ojo-con-el-desperdicio-de-alimentos-situacion-insostenible-en-el-mundo-del-cual-somos-protagonistas\/#primaryimage"},"thumbnailUrl":"https:\/\/biciurba.com\/wp-content\/uploads\/2024\/04\/alimentos.png","datePublished":"2024-04-15T14:00:00+00:00","dateModified":"2024-04-15T11:20:50+00:00","breadcrumb":{"@id":"https:\/\/biciurba.com\/index.php\/2024\/04\/15\/ojo-con-el-desperdicio-de-alimentos-situacion-insostenible-en-el-mundo-del-cual-somos-protagonistas\/#breadcrumb"},"inLanguage":"es","potentialAction":[{"@type":"ReadAction","target":["https:\/\/biciurba.com\/index.php\/2024\/04\/15\/ojo-con-el-desperdicio-de-alimentos-situacion-insostenible-en-el-mundo-del-cual-somos-protagonistas\/"]}]},{"@type":"ImageObject","inLanguage":"es","@id":"https:\/\/biciurba.com\/index.php\/2024\/04\/15\/ojo-con-el-desperdicio-de-alimentos-situacion-insostenible-en-el-mundo-del-cual-somos-protagonistas\/#primaryimage","url":"https:\/\/biciurba.com\/wp-content\/uploads\/2024\/04\/alimentos.png","contentUrl":"https:\/\/biciurba.com\/wp-content\/uploads\/2024\/04\/alimentos.png","width":600,"height":400,"caption":"Gran cantidad de alimentos se pierde en distintas fases de la cosecha hasta el punto de venta y consumo, la brecha m\u00e1s grande surge en las variaciones entre las poblaciones urbanas y rurales."},{"@type":"BreadcrumbList","@id":"https:\/\/biciurba.com\/index.php\/2024\/04\/15\/ojo-con-el-desperdicio-de-alimentos-situacion-insostenible-en-el-mundo-del-cual-somos-protagonistas\/#breadcrumb","itemListElement":[{"@type":"ListItem","position":1,"name":"Portada","item":"https:\/\/biciurba.com\/"},{"@type":"ListItem","position":2,"name":"Ojo con el desperdicio de alimentos, situaci\u00f3n insostenible en el mundo"}]},{"@type":"WebSite","@id":"https:\/\/biciurba.com\/#website","url":"https:\/\/biciurba.com\/","name":"Biciurba","description":"Una mejor manera de vivir","publisher":{"@id":"https:\/\/biciurba.com\/#\/schema\/person\/d9675ddf29ee982d268db0a3f239eced"},"potentialAction":[{"@type":"SearchAction","target":{"@type":"EntryPoint","urlTemplate":"https:\/\/biciurba.com\/?s={search_term_string}"},"query-input":{"@type":"PropertyValueSpecification","valueRequired":true,"valueName":"search_term_string"}}],"inLanguage":"es"},{"@type":["Person","Organization"],"@id":"https:\/\/biciurba.com\/#\/schema\/person\/d9675ddf29ee982d268db0a3f239eced","name":"Carlos Cantor","image":{"@type":"ImageObject","inLanguage":"es","@id":"https:\/\/biciurba.com\/#\/schema\/person\/image\/","url":"https:\/\/biciurba.com\/wp-content\/uploads\/2024\/04\/cropped-logo-1.png","contentUrl":"https:\/\/biciurba.com\/wp-content\/uploads\/2024\/04\/cropped-logo-1.png","width":512,"height":318,"caption":"Carlos Cantor"},"logo":{"@id":"https:\/\/biciurba.com\/#\/schema\/person\/image\/"},"sameAs":["https:\/\/biciurba.com"],"url":"https:\/\/biciurba.com\/index.php\/author\/ccantor\/"}]}},"_links":{"self":[{"href":"https:\/\/biciurba.com\/index.php\/wp-json\/wp\/v2\/posts\/294"}],"collection":[{"href":"https:\/\/biciurba.com\/index.php\/wp-json\/wp\/v2\/posts"}],"about":[{"href":"https:\/\/biciurba.com\/index.php\/wp-json\/wp\/v2\/types\/post"}],"author":[{"embeddable":true,"href":"https:\/\/biciurba.com\/index.php\/wp-json\/wp\/v2\/users\/1"}],"replies":[{"embeddable":true,"href":"https:\/\/biciurba.com\/index.php\/wp-json\/wp\/v2\/comments?post=294"}],"version-history":[{"count":2,"href":"https:\/\/biciurba.com\/index.php\/wp-json\/wp\/v2\/posts\/294\/revisions"}],"predecessor-version":[{"id":297,"href":"https:\/\/biciurba.com\/index.php\/wp-json\/wp\/v2\/posts\/294\/revisions\/297"}],"wp:featuredmedia":[{"embeddable":true,"href":"https:\/\/biciurba.com\/index.php\/wp-json\/wp\/v2\/media\/295"}],"wp:attachment":[{"href":"https:\/\/biciurba.com\/index.php\/wp-json\/wp\/v2\/media?parent=294"}],"wp:term":[{"taxonomy":"category","embeddable":true,"href":"https:\/\/biciurba.com\/index.php\/wp-json\/wp\/v2\/categories?post=294"},{"taxonomy":"post_tag","embeddable":true,"href":"https:\/\/biciurba.com\/index.php\/wp-json\/wp\/v2\/tags?post=294"}],"curies":[{"name":"wp","href":"https:\/\/api.w.org\/{rel}","templated":true}]}}