{"id":300,"date":"2024-04-16T10:09:19","date_gmt":"2024-04-16T15:09:19","guid":{"rendered":"https:\/\/biciurba.com\/?p=300"},"modified":"2024-04-16T10:09:22","modified_gmt":"2024-04-16T15:09:22","slug":"la-tecnologia-solar-puede-enfrentar-el-apagon-de-hidroelectricas-y-termicas","status":"publish","type":"post","link":"https:\/\/biciurba.com\/index.php\/2024\/04\/16\/la-tecnologia-solar-puede-enfrentar-el-apagon-de-hidroelectricas-y-termicas\/","title":{"rendered":"La tecnolog\u00eda solar puede enfrentar el apag\u00f3n de hidroel\u00e9ctricas y t\u00e9rmicas"},"content":{"rendered":"\n<p>Cuando esta historia de cristales, paneles, electrodos y dem\u00e1s accesorios lleg\u00f3 a nuestra realidad cotidiana, han pasado muchas otras de gente curiosa que descubrieron como aprovechar la luz solar para generar energ\u00eda el\u00e9ctrica.<\/p>\n\n\n\n<p>La historia comienza en el siglo 19, en el a\u00f1o de 1839, cuando el f\u00edsico franc\u00e9s Edmond Becquerel, que para aquel entonces estaba en sus juveniles 19 a\u00f1os, cre\u00f3 un prototipo de c\u00e9lula solar en el laboratorio de su padre. Este primitivo dispositivo, provisto de electrodos de platino recubiertos de cloruro de plata, era capaz de generar voltaje y corriente el\u00e9ctrica cuando se expon\u00eda a la luz del Sol, el precedente del primer panel solar de la historia.<\/p>\n\n\n\n<p>Con el tiempo se suman a esta carrera de desarrollo tecnol\u00f3gico los ingleses William Grylls Adams y Richard Evans Day,  que se basaron sobre un descubrimiento del ingeniero Willoughby Smith, y que concluyeron que \u201cla corriente solo pod\u00eda producirse en el selenio por la acci\u00f3n de la luz\u201d y bautizaron esta corriente como \u201cfotoel\u00e9ctrica\u201d.<\/p>\n\n\n\n<p>Diez a\u00f1os m\u00e1s tarde, en 1883, el inventor neoyorquino Charles Fritts cre\u00f3 el primer panel solar de la historia, y su trabajo lo envi\u00f3 Fritts envi\u00f3 al ingeniero alem\u00e1n Werner von Siemens y lo present\u00f3 en la Real Academia de Prusia. La comunidad cient\u00edfica acogi\u00f3 con frialdad estos avances de manera que el descubrimiento qued\u00f3 archivado.<\/p>\n\n\n\n<p>En la primera d\u00e9cada del siglo XX, Albert Einstein demostr\u00f3 que la luz contiene peque\u00f1os paquetes de energ\u00eda, el electr\u00f3n, asent\u00f3 el marco cient\u00edfico en torno a la fotoelectricidad, as\u00ed, renaci\u00f3 el sue\u00f1o de Fritts de proveer de energ\u00eda limpia e inagotable a las industrias de todo el mundo.<\/p>\n\n\n\n<p>En la d\u00e9cada de 1950, los cient\u00edficos de los Bell Labs, Gerald Pearson, Calvin Fuller y Daryl Chapin, desarrollaron el primer panel solar fotovoltaico moderno. Utilizaron silicio como material semiconductor para crear una c\u00e9lula solar m\u00e1s eficiente. Esta c\u00e9lula solar alcanz\u00f3 una eficiencia de conversi\u00f3n del 6% y se convirti\u00f3 en un hito importante en la historia de los paneles solares.<\/p>\n\n\n\n<p>Durante la carrera espacial de las d\u00e9cadas de 1960 y 1970, los paneles solares se utilizaron en los primeros sat\u00e9lites, como el Vanguard 1 y el Telstar, fueron impulsados por la energ\u00eda solar. <\/p>\n\n\n\n<p>A\u00fan as\u00ed la energ\u00eda fotovoltaica era un tema tecnol\u00f3gico que no sal\u00eda de las comunidad cient\u00edfica y experimental, pero la crisis petrolera de la d\u00e9cada comprendida de 1970 a 1980 provoc\u00f3 un aumento significativo en la conciencia sobre la necesidad de fuentes de energ\u00eda alternativas renovables y se aplicaron a diversos productos comerciales e industriales.<\/p>\n\n\n\n<p>Al pasar del siglo XX al XXI la carrera era producir mejores paneles que tuvieran un alto rendimiento en la producci\u00f3n de energ\u00eda, nuevos minerales en su construcci\u00f3n, bajar los costos y hacerlo accesibles al com\u00fan de las personas. En esa carrera China le ha sacado un buen trecho tanto a la industria europea como norteamericana.<\/p>\n\n\n\n<p>C\u00e9lulas solares de silicio policristalino y monocristalino, que mejoraron la conversi\u00f3n de la luz solar en electricidad, nuevos dise\u00f1os al igual que materiales han permitido hacerlos m\u00e1s livianos, flexibles y que no solo se usan sobre techos y cubiertas de edificios, tambi\u00e9n en fachadas como dise\u00f1o de acabados. Sus aplicaciones son multivariadas, desde un simple reloj de pulso, a telescopios espaciales.<\/p>\n\n\n\n<p>Esta participaci\u00f3n en el mercado ha logrado la reducci\u00f3n significativa en los costos de los paneles solares, lo que los hace m\u00e1s accesibles para los consumidores y las empresas adem\u00e1s de politicas de estado que los promueven para el consumo masivo considerando la crisis clim\u00e1tica y sus consecuencias a nivel de producci\u00f3n de energ\u00eda.<\/p>\n\n\n\n<p>En el caso de Colombia, no es necesario sacar permisos para la instalaci\u00f3n de paneles solares. Lo que s\u00ed debes definir es si el sistema de paneles va a ir conectado a la red el\u00e9ctrica, va a ser un sistema aislado o una combinaci\u00f3n de ambos (h\u00edbrido), de tal manera que se considera al usuarios que produce energ\u00eda el\u00e9ctrica, principalmente para atender sus propias necesidades, sin utilizar activos de uso de distribuci\u00f3n y\/o transmisi\u00f3n ya instalados y aquel por temas de almacenamiento prefiere conectarse a la red ya instalada de manera tal que recibe beneficios por esta contribuci\u00f3n al sistema.<\/p>\n\n\n\n<p>Hoy, que es posible un apag\u00f3n, se vuelve a retomar el tema energ\u00e9tico, adem\u00e1s de la necesidad de dar un salto adelante de la forma como la producimos y donde lo fotovoltaico es una de las mejores opciones. En el caso de las ciudades, los conjuntos cerrados o condominios habitacionales tiene la ocasi\u00f3n de instalar en techos y cubiertas amplias superficies de paneles que pueden satisfacer las necesidades diarias de alumbrado en las zonas comunes y hasta colocar cargadores para veh\u00edculos livianos como patinetes o bicicletas el\u00e9ctricas prestando un servicio y econom\u00eda  a los usuarios.<\/p>\n\n\n\n<p>En el caso de las residencia, hoy existen l\u00e1mpara port\u00e1tiles de diverso dise\u00f1o que no requieren la compra y montaje de grupos de bater\u00edas, son luces livianas que se pueden cargar colocando los paneles de no mas de 20 cent\u00edmetros en las ventanas y as\u00ed en la noche tiene iluminaci\u00f3n en las habitaciones en general.<\/p>\n\n\n\n<p>Para sistemas m\u00e1s complejos como televisores, refrigeradoras, lavadoras, hornos microondas y otros electrodom\u00e9sticos, por ahora hay que estar unido a la red del servicio, pero si es posible adquirir un sistema completo de paneles, bater\u00edas, bombillos lead perfectamente puede bajar los consumos a m\u00ednimos con el servicio contratado o venderle sus excedentes de energ\u00eda el\u00e9ctrica.<\/p>\n\n\n\n<p>Cada paso que se da en este camino necesariamente desequilibra el sistema que durante tanto a\u00f1os se ha establecido, pero las normas legales lo permiten. Las necesidades reales de desabastecimiento energ\u00e9tico por la crisis clim\u00e1tica es real y la necesidad de aportar a la recuperaci\u00f3n del planeta  que entre otras ha sido afectado tanto por la construcci\u00f3n de hidroel\u00e9ctricas con sus represas, desv\u00edo de r\u00edos y los consecuentes da\u00f1os ambientales, como la quema de hidrocarburos y carb\u00f3n, adem\u00e1s del aumento tarifario permanente hace necesario considerar la transici\u00f3n energ\u00e9tica desde nuestros hogares..<\/p>\n\n\n\n<p>Energ\u00eda solar disponible con equipos m\u00e1s econ\u00f3micos, flexibles, durables hacen posible considerarlos como parte de las propuestas arquitect\u00f3nicas de hoy, tanto en edificios, como viviendas individuales, una respuesta con mucho voltaje.<\/p>\n","protected":false},"excerpt":{"rendered":"<p>Cuando esta historia de cristales, paneles, electrodos y dem\u00e1s accesorios lleg\u00f3 a nuestra realidad cotidiana, han pasado muchas otras de gente curiosa que descubrieron como aprovechar la luz solar para generar energ\u00eda el\u00e9ctrica. La historia comienza en el siglo 19, en el a\u00f1o de 1839, cuando el f\u00edsico franc\u00e9s Edmond Becquerel, que para aquel entonces [&hellip;]<\/p>\n","protected":false},"author":1,"featured_media":301,"comment_status":"open","ping_status":"open","sticky":false,"template":"","format":"standard","meta":{"footnotes":""},"categories":[14],"tags":[109,110,108,112,111],"class_list":["post-300","post","type-post","status-publish","format-standard","has-post-thumbnail","hentry","category-sostenibilidad","tag-apagon","tag-costos-energeticos","tag-energia-solar","tag-paneles-solares","tag-sistemas-solares"],"yoast_head":"<!-- This site is optimized with the Yoast SEO plugin v23.9 - https:\/\/yoast.com\/wordpress\/plugins\/seo\/ -->\n<title>La tecnolog\u00eda solar puede enfrentar el apag\u00f3n de hidroel\u00e9ctricas y t\u00e9rmicas - Biciurba<\/title>\n<meta name=\"robots\" content=\"index, follow, max-snippet:-1, max-image-preview:large, max-video-preview:-1\" \/>\n<link rel=\"canonical\" href=\"https:\/\/biciurba.com\/index.php\/2024\/04\/16\/la-tecnologia-solar-puede-enfrentar-el-apagon-de-hidroelectricas-y-termicas\/\" \/>\n<meta property=\"og:locale\" content=\"es_ES\" \/>\n<meta property=\"og:type\" content=\"article\" \/>\n<meta property=\"og:title\" content=\"La tecnolog\u00eda solar puede enfrentar el apag\u00f3n de hidroel\u00e9ctricas y t\u00e9rmicas - Biciurba\" \/>\n<meta property=\"og:description\" content=\"Cuando esta historia de cristales, paneles, electrodos y dem\u00e1s accesorios lleg\u00f3 a nuestra realidad cotidiana, han pasado muchas otras de gente curiosa que descubrieron como aprovechar la luz solar para generar energ\u00eda el\u00e9ctrica. La historia comienza en el siglo 19, en el a\u00f1o de 1839, cuando el f\u00edsico franc\u00e9s Edmond Becquerel, que para aquel entonces [&hellip;]\" \/>\n<meta property=\"og:url\" content=\"https:\/\/biciurba.com\/index.php\/2024\/04\/16\/la-tecnologia-solar-puede-enfrentar-el-apagon-de-hidroelectricas-y-termicas\/\" \/>\n<meta property=\"og:site_name\" content=\"Biciurba\" \/>\n<meta property=\"article:published_time\" content=\"2024-04-16T15:09:19+00:00\" \/>\n<meta property=\"article:modified_time\" content=\"2024-04-16T15:09:22+00:00\" \/>\n<meta property=\"og:image\" content=\"https:\/\/biciurba.com\/wp-content\/uploads\/2024\/04\/lamparas.png\" \/>\n\t<meta property=\"og:image:width\" content=\"600\" \/>\n\t<meta property=\"og:image:height\" content=\"400\" \/>\n\t<meta property=\"og:image:type\" content=\"image\/png\" \/>\n<meta name=\"author\" content=\"Carlos Cantor\" \/>\n<meta name=\"twitter:card\" content=\"summary_large_image\" \/>\n<meta name=\"twitter:label1\" content=\"Escrito por\" \/>\n\t<meta name=\"twitter:data1\" content=\"Carlos Cantor\" \/>\n\t<meta name=\"twitter:label2\" content=\"Tiempo de lectura\" \/>\n\t<meta name=\"twitter:data2\" content=\"5 minutos\" \/>\n<script type=\"application\/ld+json\" class=\"yoast-schema-graph\">{\"@context\":\"https:\/\/schema.org\",\"@graph\":[{\"@type\":\"Article\",\"@id\":\"https:\/\/biciurba.com\/index.php\/2024\/04\/16\/la-tecnologia-solar-puede-enfrentar-el-apagon-de-hidroelectricas-y-termicas\/#article\",\"isPartOf\":{\"@id\":\"https:\/\/biciurba.com\/index.php\/2024\/04\/16\/la-tecnologia-solar-puede-enfrentar-el-apagon-de-hidroelectricas-y-termicas\/\"},\"author\":{\"name\":\"Carlos Cantor\",\"@id\":\"https:\/\/biciurba.com\/#\/schema\/person\/d9675ddf29ee982d268db0a3f239eced\"},\"headline\":\"La tecnolog\u00eda solar puede enfrentar el apag\u00f3n de hidroel\u00e9ctricas y t\u00e9rmicas\",\"datePublished\":\"2024-04-16T15:09:19+00:00\",\"dateModified\":\"2024-04-16T15:09:22+00:00\",\"mainEntityOfPage\":{\"@id\":\"https:\/\/biciurba.com\/index.php\/2024\/04\/16\/la-tecnologia-solar-puede-enfrentar-el-apagon-de-hidroelectricas-y-termicas\/\"},\"wordCount\":1124,\"commentCount\":0,\"publisher\":{\"@id\":\"https:\/\/biciurba.com\/#\/schema\/person\/d9675ddf29ee982d268db0a3f239eced\"},\"image\":{\"@id\":\"https:\/\/biciurba.com\/index.php\/2024\/04\/16\/la-tecnologia-solar-puede-enfrentar-el-apagon-de-hidroelectricas-y-termicas\/#primaryimage\"},\"thumbnailUrl\":\"https:\/\/biciurba.com\/wp-content\/uploads\/2024\/04\/lamparas.png\",\"keywords\":[\"apag\u00f3n\",\"costos energ\u00e9ticos\",\"energ\u00eda solar\",\"paneles solares\",\"sistemas solares\"],\"articleSection\":[\"Ciudad Sostenible\"],\"inLanguage\":\"es\",\"potentialAction\":[{\"@type\":\"CommentAction\",\"name\":\"Comment\",\"target\":[\"https:\/\/biciurba.com\/index.php\/2024\/04\/16\/la-tecnologia-solar-puede-enfrentar-el-apagon-de-hidroelectricas-y-termicas\/#respond\"]}]},{\"@type\":\"WebPage\",\"@id\":\"https:\/\/biciurba.com\/index.php\/2024\/04\/16\/la-tecnologia-solar-puede-enfrentar-el-apagon-de-hidroelectricas-y-termicas\/\",\"url\":\"https:\/\/biciurba.com\/index.php\/2024\/04\/16\/la-tecnologia-solar-puede-enfrentar-el-apagon-de-hidroelectricas-y-termicas\/\",\"name\":\"La tecnolog\u00eda solar puede enfrentar el apag\u00f3n de hidroel\u00e9ctricas y t\u00e9rmicas - Biciurba\",\"isPartOf\":{\"@id\":\"https:\/\/biciurba.com\/#website\"},\"primaryImageOfPage\":{\"@id\":\"https:\/\/biciurba.com\/index.php\/2024\/04\/16\/la-tecnologia-solar-puede-enfrentar-el-apagon-de-hidroelectricas-y-termicas\/#primaryimage\"},\"image\":{\"@id\":\"https:\/\/biciurba.com\/index.php\/2024\/04\/16\/la-tecnologia-solar-puede-enfrentar-el-apagon-de-hidroelectricas-y-termicas\/#primaryimage\"},\"thumbnailUrl\":\"https:\/\/biciurba.com\/wp-content\/uploads\/2024\/04\/lamparas.png\",\"datePublished\":\"2024-04-16T15:09:19+00:00\",\"dateModified\":\"2024-04-16T15:09:22+00:00\",\"breadcrumb\":{\"@id\":\"https:\/\/biciurba.com\/index.php\/2024\/04\/16\/la-tecnologia-solar-puede-enfrentar-el-apagon-de-hidroelectricas-y-termicas\/#breadcrumb\"},\"inLanguage\":\"es\",\"potentialAction\":[{\"@type\":\"ReadAction\",\"target\":[\"https:\/\/biciurba.com\/index.php\/2024\/04\/16\/la-tecnologia-solar-puede-enfrentar-el-apagon-de-hidroelectricas-y-termicas\/\"]}]},{\"@type\":\"ImageObject\",\"inLanguage\":\"es\",\"@id\":\"https:\/\/biciurba.com\/index.php\/2024\/04\/16\/la-tecnologia-solar-puede-enfrentar-el-apagon-de-hidroelectricas-y-termicas\/#primaryimage\",\"url\":\"https:\/\/biciurba.com\/wp-content\/uploads\/2024\/04\/lamparas.png\",\"contentUrl\":\"https:\/\/biciurba.com\/wp-content\/uploads\/2024\/04\/lamparas.png\",\"width\":600,\"height\":400,\"caption\":\"Una opci\u00f3n tanto para la ciudad como en la ruralidad, lamparas de alimentaci\u00f3n solar.\"},{\"@type\":\"BreadcrumbList\",\"@id\":\"https:\/\/biciurba.com\/index.php\/2024\/04\/16\/la-tecnologia-solar-puede-enfrentar-el-apagon-de-hidroelectricas-y-termicas\/#breadcrumb\",\"itemListElement\":[{\"@type\":\"ListItem\",\"position\":1,\"name\":\"Portada\",\"item\":\"https:\/\/biciurba.com\/\"},{\"@type\":\"ListItem\",\"position\":2,\"name\":\"La tecnolog\u00eda solar puede enfrentar el apag\u00f3n de hidroel\u00e9ctricas y t\u00e9rmicas\"}]},{\"@type\":\"WebSite\",\"@id\":\"https:\/\/biciurba.com\/#website\",\"url\":\"https:\/\/biciurba.com\/\",\"name\":\"Biciurba\",\"description\":\"Una mejor manera de vivir\",\"publisher\":{\"@id\":\"https:\/\/biciurba.com\/#\/schema\/person\/d9675ddf29ee982d268db0a3f239eced\"},\"potentialAction\":[{\"@type\":\"SearchAction\",\"target\":{\"@type\":\"EntryPoint\",\"urlTemplate\":\"https:\/\/biciurba.com\/?s={search_term_string}\"},\"query-input\":{\"@type\":\"PropertyValueSpecification\",\"valueRequired\":true,\"valueName\":\"search_term_string\"}}],\"inLanguage\":\"es\"},{\"@type\":[\"Person\",\"Organization\"],\"@id\":\"https:\/\/biciurba.com\/#\/schema\/person\/d9675ddf29ee982d268db0a3f239eced\",\"name\":\"Carlos Cantor\",\"image\":{\"@type\":\"ImageObject\",\"inLanguage\":\"es\",\"@id\":\"https:\/\/biciurba.com\/#\/schema\/person\/image\/\",\"url\":\"https:\/\/biciurba.com\/wp-content\/uploads\/2024\/04\/cropped-logo-1.png\",\"contentUrl\":\"https:\/\/biciurba.com\/wp-content\/uploads\/2024\/04\/cropped-logo-1.png\",\"width\":512,\"height\":318,\"caption\":\"Carlos Cantor\"},\"logo\":{\"@id\":\"https:\/\/biciurba.com\/#\/schema\/person\/image\/\"},\"sameAs\":[\"https:\/\/biciurba.com\"],\"url\":\"https:\/\/biciurba.com\/index.php\/author\/ccantor\/\"}]}<\/script>\n<!-- \/ Yoast SEO plugin. -->","yoast_head_json":{"title":"La tecnolog\u00eda solar puede enfrentar el apag\u00f3n de hidroel\u00e9ctricas y t\u00e9rmicas - Biciurba","robots":{"index":"index","follow":"follow","max-snippet":"max-snippet:-1","max-image-preview":"max-image-preview:large","max-video-preview":"max-video-preview:-1"},"canonical":"https:\/\/biciurba.com\/index.php\/2024\/04\/16\/la-tecnologia-solar-puede-enfrentar-el-apagon-de-hidroelectricas-y-termicas\/","og_locale":"es_ES","og_type":"article","og_title":"La tecnolog\u00eda solar puede enfrentar el apag\u00f3n de hidroel\u00e9ctricas y t\u00e9rmicas - Biciurba","og_description":"Cuando esta historia de cristales, paneles, electrodos y dem\u00e1s accesorios lleg\u00f3 a nuestra realidad cotidiana, han pasado muchas otras de gente curiosa que descubrieron como aprovechar la luz solar para generar energ\u00eda el\u00e9ctrica. La historia comienza en el siglo 19, en el a\u00f1o de 1839, cuando el f\u00edsico franc\u00e9s Edmond Becquerel, que para aquel entonces [&hellip;]","og_url":"https:\/\/biciurba.com\/index.php\/2024\/04\/16\/la-tecnologia-solar-puede-enfrentar-el-apagon-de-hidroelectricas-y-termicas\/","og_site_name":"Biciurba","article_published_time":"2024-04-16T15:09:19+00:00","article_modified_time":"2024-04-16T15:09:22+00:00","og_image":[{"width":600,"height":400,"url":"https:\/\/biciurba.com\/wp-content\/uploads\/2024\/04\/lamparas.png","type":"image\/png"}],"author":"Carlos Cantor","twitter_card":"summary_large_image","twitter_misc":{"Escrito por":"Carlos Cantor","Tiempo de lectura":"5 minutos"},"schema":{"@context":"https:\/\/schema.org","@graph":[{"@type":"Article","@id":"https:\/\/biciurba.com\/index.php\/2024\/04\/16\/la-tecnologia-solar-puede-enfrentar-el-apagon-de-hidroelectricas-y-termicas\/#article","isPartOf":{"@id":"https:\/\/biciurba.com\/index.php\/2024\/04\/16\/la-tecnologia-solar-puede-enfrentar-el-apagon-de-hidroelectricas-y-termicas\/"},"author":{"name":"Carlos Cantor","@id":"https:\/\/biciurba.com\/#\/schema\/person\/d9675ddf29ee982d268db0a3f239eced"},"headline":"La tecnolog\u00eda solar puede enfrentar el apag\u00f3n de hidroel\u00e9ctricas y t\u00e9rmicas","datePublished":"2024-04-16T15:09:19+00:00","dateModified":"2024-04-16T15:09:22+00:00","mainEntityOfPage":{"@id":"https:\/\/biciurba.com\/index.php\/2024\/04\/16\/la-tecnologia-solar-puede-enfrentar-el-apagon-de-hidroelectricas-y-termicas\/"},"wordCount":1124,"commentCount":0,"publisher":{"@id":"https:\/\/biciurba.com\/#\/schema\/person\/d9675ddf29ee982d268db0a3f239eced"},"image":{"@id":"https:\/\/biciurba.com\/index.php\/2024\/04\/16\/la-tecnologia-solar-puede-enfrentar-el-apagon-de-hidroelectricas-y-termicas\/#primaryimage"},"thumbnailUrl":"https:\/\/biciurba.com\/wp-content\/uploads\/2024\/04\/lamparas.png","keywords":["apag\u00f3n","costos energ\u00e9ticos","energ\u00eda solar","paneles solares","sistemas solares"],"articleSection":["Ciudad Sostenible"],"inLanguage":"es","potentialAction":[{"@type":"CommentAction","name":"Comment","target":["https:\/\/biciurba.com\/index.php\/2024\/04\/16\/la-tecnologia-solar-puede-enfrentar-el-apagon-de-hidroelectricas-y-termicas\/#respond"]}]},{"@type":"WebPage","@id":"https:\/\/biciurba.com\/index.php\/2024\/04\/16\/la-tecnologia-solar-puede-enfrentar-el-apagon-de-hidroelectricas-y-termicas\/","url":"https:\/\/biciurba.com\/index.php\/2024\/04\/16\/la-tecnologia-solar-puede-enfrentar-el-apagon-de-hidroelectricas-y-termicas\/","name":"La tecnolog\u00eda solar puede enfrentar el apag\u00f3n de hidroel\u00e9ctricas y t\u00e9rmicas - Biciurba","isPartOf":{"@id":"https:\/\/biciurba.com\/#website"},"primaryImageOfPage":{"@id":"https:\/\/biciurba.com\/index.php\/2024\/04\/16\/la-tecnologia-solar-puede-enfrentar-el-apagon-de-hidroelectricas-y-termicas\/#primaryimage"},"image":{"@id":"https:\/\/biciurba.com\/index.php\/2024\/04\/16\/la-tecnologia-solar-puede-enfrentar-el-apagon-de-hidroelectricas-y-termicas\/#primaryimage"},"thumbnailUrl":"https:\/\/biciurba.com\/wp-content\/uploads\/2024\/04\/lamparas.png","datePublished":"2024-04-16T15:09:19+00:00","dateModified":"2024-04-16T15:09:22+00:00","breadcrumb":{"@id":"https:\/\/biciurba.com\/index.php\/2024\/04\/16\/la-tecnologia-solar-puede-enfrentar-el-apagon-de-hidroelectricas-y-termicas\/#breadcrumb"},"inLanguage":"es","potentialAction":[{"@type":"ReadAction","target":["https:\/\/biciurba.com\/index.php\/2024\/04\/16\/la-tecnologia-solar-puede-enfrentar-el-apagon-de-hidroelectricas-y-termicas\/"]}]},{"@type":"ImageObject","inLanguage":"es","@id":"https:\/\/biciurba.com\/index.php\/2024\/04\/16\/la-tecnologia-solar-puede-enfrentar-el-apagon-de-hidroelectricas-y-termicas\/#primaryimage","url":"https:\/\/biciurba.com\/wp-content\/uploads\/2024\/04\/lamparas.png","contentUrl":"https:\/\/biciurba.com\/wp-content\/uploads\/2024\/04\/lamparas.png","width":600,"height":400,"caption":"Una opci\u00f3n tanto para la ciudad como en la ruralidad, lamparas de alimentaci\u00f3n solar."},{"@type":"BreadcrumbList","@id":"https:\/\/biciurba.com\/index.php\/2024\/04\/16\/la-tecnologia-solar-puede-enfrentar-el-apagon-de-hidroelectricas-y-termicas\/#breadcrumb","itemListElement":[{"@type":"ListItem","position":1,"name":"Portada","item":"https:\/\/biciurba.com\/"},{"@type":"ListItem","position":2,"name":"La tecnolog\u00eda solar puede enfrentar el apag\u00f3n de hidroel\u00e9ctricas y t\u00e9rmicas"}]},{"@type":"WebSite","@id":"https:\/\/biciurba.com\/#website","url":"https:\/\/biciurba.com\/","name":"Biciurba","description":"Una mejor manera de vivir","publisher":{"@id":"https:\/\/biciurba.com\/#\/schema\/person\/d9675ddf29ee982d268db0a3f239eced"},"potentialAction":[{"@type":"SearchAction","target":{"@type":"EntryPoint","urlTemplate":"https:\/\/biciurba.com\/?s={search_term_string}"},"query-input":{"@type":"PropertyValueSpecification","valueRequired":true,"valueName":"search_term_string"}}],"inLanguage":"es"},{"@type":["Person","Organization"],"@id":"https:\/\/biciurba.com\/#\/schema\/person\/d9675ddf29ee982d268db0a3f239eced","name":"Carlos Cantor","image":{"@type":"ImageObject","inLanguage":"es","@id":"https:\/\/biciurba.com\/#\/schema\/person\/image\/","url":"https:\/\/biciurba.com\/wp-content\/uploads\/2024\/04\/cropped-logo-1.png","contentUrl":"https:\/\/biciurba.com\/wp-content\/uploads\/2024\/04\/cropped-logo-1.png","width":512,"height":318,"caption":"Carlos Cantor"},"logo":{"@id":"https:\/\/biciurba.com\/#\/schema\/person\/image\/"},"sameAs":["https:\/\/biciurba.com"],"url":"https:\/\/biciurba.com\/index.php\/author\/ccantor\/"}]}},"_links":{"self":[{"href":"https:\/\/biciurba.com\/index.php\/wp-json\/wp\/v2\/posts\/300"}],"collection":[{"href":"https:\/\/biciurba.com\/index.php\/wp-json\/wp\/v2\/posts"}],"about":[{"href":"https:\/\/biciurba.com\/index.php\/wp-json\/wp\/v2\/types\/post"}],"author":[{"embeddable":true,"href":"https:\/\/biciurba.com\/index.php\/wp-json\/wp\/v2\/users\/1"}],"replies":[{"embeddable":true,"href":"https:\/\/biciurba.com\/index.php\/wp-json\/wp\/v2\/comments?post=300"}],"version-history":[{"count":1,"href":"https:\/\/biciurba.com\/index.php\/wp-json\/wp\/v2\/posts\/300\/revisions"}],"predecessor-version":[{"id":302,"href":"https:\/\/biciurba.com\/index.php\/wp-json\/wp\/v2\/posts\/300\/revisions\/302"}],"wp:featuredmedia":[{"embeddable":true,"href":"https:\/\/biciurba.com\/index.php\/wp-json\/wp\/v2\/media\/301"}],"wp:attachment":[{"href":"https:\/\/biciurba.com\/index.php\/wp-json\/wp\/v2\/media?parent=300"}],"wp:term":[{"taxonomy":"category","embeddable":true,"href":"https:\/\/biciurba.com\/index.php\/wp-json\/wp\/v2\/categories?post=300"},{"taxonomy":"post_tag","embeddable":true,"href":"https:\/\/biciurba.com\/index.php\/wp-json\/wp\/v2\/tags?post=300"}],"curies":[{"name":"wp","href":"https:\/\/api.w.org\/{rel}","templated":true}]}}