{"id":303,"date":"2024-04-16T15:39:50","date_gmt":"2024-04-16T20:39:50","guid":{"rendered":"https:\/\/biciurba.com\/?p=303"},"modified":"2024-04-16T15:44:36","modified_gmt":"2024-04-16T20:44:36","slug":"mas-que-una-serie-es-el-testimonio-de-proteger-la-vida-en-el-ibera-argentina","status":"publish","type":"post","link":"https:\/\/biciurba.com\/index.php\/2024\/04\/16\/mas-que-una-serie-es-el-testimonio-de-proteger-la-vida-en-el-ibera-argentina\/","title":{"rendered":"M\u00e1s que una serie, es el testimonio de proteger la vida en el Iber\u00e1- Argentina"},"content":{"rendered":"\n<p>El regreso del yaguaret\u00e9 llam\u00f3 la atenci\u00f3n del equipo de producci\u00f3n que permaneci\u00f3 un mes en los esteros de Iber\u00e1 para filmar el trabajo de reintroducci\u00f3n de la especie y contar c\u00f3mo, mediante diferentes mecanismos e interacciones, el depredador tope cumple una funci\u00f3n clave en el ecosistema.<\/p>\n\n\n\n<p>Adem\u00e1s de la belleza de los paisajes de Iber\u00e1 y la importancia ecol\u00f3gica del yaguaret\u00e9 que se ubica al tope de la cadena alimenticia, es una historia \u00fanica porque nunca se hab\u00eda reintroducido al yaguaret\u00e9 a un lugar del que fue extinto en ning\u00fan lugar del mundo. Tras 70 a\u00f1os de extinci\u00f3n en la Provincia de Corrientes, el yaguaret\u00e9 volvi\u00f3 a caminar libre por los suelos de Iber\u00e1.<\/p>\n\n\n\n<p>Realizada por el equipo ganador del premio Emmy detr\u00e1s de la serie \u201cNuestros Grandes Parques Nacionales\u201d, esta nueva producci\u00f3n revela los fen\u00f3menos que sostienen la magia de la vida sobre la Tierra. Narrada por la ganadora del Premio de la Academia Cate Blanchett, esta serie documental muestra las extraordinarias criaturas y ecosistemas, grandes y peque\u00f1os, que trabajan juntos para ayudar a restaurar y sostener \u201cNuestro Mundo Lleno De Vida\u201d.<\/p>\n\n\n\n<p>Diez a\u00f1os de trabajo conjunto entre la fundaci\u00f3n Rewilding Argentina, el Gobierno de Corrientes y la Administraci\u00f3n de Parques Nacionales fueron necesarios, incluyendo la b\u00fasqueda de ejemplares para formar una nueva poblaci\u00f3n de yaguaret\u00e9s, la construcci\u00f3n de corrales especiales en la isla San Alonso, la participaci\u00f3n de expertos y cient\u00edficos para dise\u00f1ar y seguir este proyecto y la de los correntinos que anhelaban volver a ver al gran felino a su provincia, hasta que se liber\u00f3 el primer ejemplar en el 2021. Tres a\u00f1os despu\u00e9s, esa haza\u00f1a de conservaci\u00f3n sigue avanzando exitosamente y ya cuenta al menos con 21 yaguaret\u00e9s libres, incluyendo varios concebidos y nacidos en total libertad, habitando el humedal.<\/p>\n\n\n\n<p>El \u00faltimo cap\u00edtulo de la serie destaca los esfuerzos de restauraci\u00f3n que se est\u00e1n llevando adelante en distintas regiones del mundo para recuperar estas interacciones. Las estrellas de un segmento del cap\u00edtulo son Juruna y sus cachorras S\u00e3so y Sagua\u2019a que recorren el Iber\u00e1 cazando carpinchos, modificando la abundancia de esta especie y su comportamiento. Las tres yaguaret\u00e9s siguen habitando Iber\u00e1. Juruna ha parido dos camadas m\u00e1s y S\u00e3so y Sagua\u2019a tambi\u00e9n han sido madres.<\/p>\n\n\n\n<p>Argentina se destaca en el mundo como vanguardia en la conservaci\u00f3n y lugares como Iber\u00e1, llenos de naturaleza, le dan su lugar entre los m\u00e1s maravillosos del Planeta.<\/p>\n","protected":false},"excerpt":{"rendered":"<p>El regreso del yaguaret\u00e9 llam\u00f3 la atenci\u00f3n del equipo de producci\u00f3n que permaneci\u00f3 un mes en los esteros de Iber\u00e1 para filmar el trabajo de reintroducci\u00f3n de la especie y contar c\u00f3mo, mediante diferentes mecanismos e interacciones, el depredador tope cumple una funci\u00f3n clave en el ecosistema. Adem\u00e1s de la belleza de los paisajes de [&hellip;]<\/p>\n","protected":false},"author":1,"featured_media":304,"comment_status":"open","ping_status":"open","sticky":false,"template":"","format":"standard","meta":{"footnotes":""},"categories":[52],"tags":[115,113,114,116],"class_list":["post-303","post","type-post","status-publish","format-standard","has-post-thumbnail","hentry","category-noticias","tag-fundacion-rewilding-argentina","tag-ibera","tag-netflix","tag-yaguarete"],"yoast_head":"<!-- This site is optimized with the Yoast SEO plugin v23.9 - https:\/\/yoast.com\/wordpress\/plugins\/seo\/ -->\n<title>M\u00e1s que una serie, es el testimonio de proteger la vida en el Iber\u00e1- Argentina - Biciurba<\/title>\n<meta name=\"robots\" content=\"index, follow, max-snippet:-1, max-image-preview:large, max-video-preview:-1\" \/>\n<link rel=\"canonical\" href=\"https:\/\/biciurba.com\/index.php\/2024\/04\/16\/mas-que-una-serie-es-el-testimonio-de-proteger-la-vida-en-el-ibera-argentina\/\" \/>\n<meta property=\"og:locale\" content=\"es_ES\" \/>\n<meta property=\"og:type\" content=\"article\" \/>\n<meta property=\"og:title\" content=\"M\u00e1s que una serie, es el testimonio de proteger la vida en el Iber\u00e1- Argentina - Biciurba\" \/>\n<meta property=\"og:description\" content=\"El regreso del yaguaret\u00e9 llam\u00f3 la atenci\u00f3n del equipo de producci\u00f3n que permaneci\u00f3 un mes en los esteros de Iber\u00e1 para filmar el trabajo de reintroducci\u00f3n de la especie y contar c\u00f3mo, mediante diferentes mecanismos e interacciones, el depredador tope cumple una funci\u00f3n clave en el ecosistema. Adem\u00e1s de la belleza de los paisajes de [&hellip;]\" \/>\n<meta property=\"og:url\" content=\"https:\/\/biciurba.com\/index.php\/2024\/04\/16\/mas-que-una-serie-es-el-testimonio-de-proteger-la-vida-en-el-ibera-argentina\/\" \/>\n<meta property=\"og:site_name\" content=\"Biciurba\" \/>\n<meta property=\"article:published_time\" content=\"2024-04-16T20:39:50+00:00\" \/>\n<meta property=\"article:modified_time\" content=\"2024-04-16T20:44:36+00:00\" \/>\n<meta property=\"og:image\" content=\"https:\/\/biciurba.com\/wp-content\/uploads\/2024\/04\/Ibera-Argentina.png\" \/>\n\t<meta property=\"og:image:width\" content=\"600\" \/>\n\t<meta property=\"og:image:height\" content=\"400\" \/>\n\t<meta property=\"og:image:type\" content=\"image\/png\" \/>\n<meta name=\"author\" content=\"Carlos Cantor\" \/>\n<meta name=\"twitter:card\" content=\"summary_large_image\" \/>\n<meta name=\"twitter:label1\" content=\"Escrito por\" \/>\n\t<meta name=\"twitter:data1\" content=\"Carlos Cantor\" \/>\n\t<meta name=\"twitter:label2\" content=\"Tiempo de lectura\" \/>\n\t<meta name=\"twitter:data2\" content=\"3 minutos\" \/>\n<script type=\"application\/ld+json\" class=\"yoast-schema-graph\">{\"@context\":\"https:\/\/schema.org\",\"@graph\":[{\"@type\":\"Article\",\"@id\":\"https:\/\/biciurba.com\/index.php\/2024\/04\/16\/mas-que-una-serie-es-el-testimonio-de-proteger-la-vida-en-el-ibera-argentina\/#article\",\"isPartOf\":{\"@id\":\"https:\/\/biciurba.com\/index.php\/2024\/04\/16\/mas-que-una-serie-es-el-testimonio-de-proteger-la-vida-en-el-ibera-argentina\/\"},\"author\":{\"name\":\"Carlos Cantor\",\"@id\":\"https:\/\/biciurba.com\/#\/schema\/person\/d9675ddf29ee982d268db0a3f239eced\"},\"headline\":\"M\u00e1s que una serie, es el testimonio de proteger la vida en el Iber\u00e1- Argentina\",\"datePublished\":\"2024-04-16T20:39:50+00:00\",\"dateModified\":\"2024-04-16T20:44:36+00:00\",\"mainEntityOfPage\":{\"@id\":\"https:\/\/biciurba.com\/index.php\/2024\/04\/16\/mas-que-una-serie-es-el-testimonio-de-proteger-la-vida-en-el-ibera-argentina\/\"},\"wordCount\":456,\"commentCount\":0,\"publisher\":{\"@id\":\"https:\/\/biciurba.com\/#\/schema\/person\/d9675ddf29ee982d268db0a3f239eced\"},\"image\":{\"@id\":\"https:\/\/biciurba.com\/index.php\/2024\/04\/16\/mas-que-una-serie-es-el-testimonio-de-proteger-la-vida-en-el-ibera-argentina\/#primaryimage\"},\"thumbnailUrl\":\"https:\/\/biciurba.com\/wp-content\/uploads\/2024\/04\/Ibera-Argentina.png\",\"keywords\":[\"Fundaci\u00f3n Rewilding Argentina\",\"Iber\u00e1\",\"Netflix\",\"yaguaret\u00e9\"],\"articleSection\":[\"Noticias\"],\"inLanguage\":\"es\",\"potentialAction\":[{\"@type\":\"CommentAction\",\"name\":\"Comment\",\"target\":[\"https:\/\/biciurba.com\/index.php\/2024\/04\/16\/mas-que-una-serie-es-el-testimonio-de-proteger-la-vida-en-el-ibera-argentina\/#respond\"]}]},{\"@type\":\"WebPage\",\"@id\":\"https:\/\/biciurba.com\/index.php\/2024\/04\/16\/mas-que-una-serie-es-el-testimonio-de-proteger-la-vida-en-el-ibera-argentina\/\",\"url\":\"https:\/\/biciurba.com\/index.php\/2024\/04\/16\/mas-que-una-serie-es-el-testimonio-de-proteger-la-vida-en-el-ibera-argentina\/\",\"name\":\"M\u00e1s que una serie, es el testimonio de proteger la vida en el Iber\u00e1- Argentina - Biciurba\",\"isPartOf\":{\"@id\":\"https:\/\/biciurba.com\/#website\"},\"primaryImageOfPage\":{\"@id\":\"https:\/\/biciurba.com\/index.php\/2024\/04\/16\/mas-que-una-serie-es-el-testimonio-de-proteger-la-vida-en-el-ibera-argentina\/#primaryimage\"},\"image\":{\"@id\":\"https:\/\/biciurba.com\/index.php\/2024\/04\/16\/mas-que-una-serie-es-el-testimonio-de-proteger-la-vida-en-el-ibera-argentina\/#primaryimage\"},\"thumbnailUrl\":\"https:\/\/biciurba.com\/wp-content\/uploads\/2024\/04\/Ibera-Argentina.png\",\"datePublished\":\"2024-04-16T20:39:50+00:00\",\"dateModified\":\"2024-04-16T20:44:36+00:00\",\"breadcrumb\":{\"@id\":\"https:\/\/biciurba.com\/index.php\/2024\/04\/16\/mas-que-una-serie-es-el-testimonio-de-proteger-la-vida-en-el-ibera-argentina\/#breadcrumb\"},\"inLanguage\":\"es\",\"potentialAction\":[{\"@type\":\"ReadAction\",\"target\":[\"https:\/\/biciurba.com\/index.php\/2024\/04\/16\/mas-que-una-serie-es-el-testimonio-de-proteger-la-vida-en-el-ibera-argentina\/\"]}]},{\"@type\":\"ImageObject\",\"inLanguage\":\"es\",\"@id\":\"https:\/\/biciurba.com\/index.php\/2024\/04\/16\/mas-que-una-serie-es-el-testimonio-de-proteger-la-vida-en-el-ibera-argentina\/#primaryimage\",\"url\":\"https:\/\/biciurba.com\/wp-content\/uploads\/2024\/04\/Ibera-Argentina.png\",\"contentUrl\":\"https:\/\/biciurba.com\/wp-content\/uploads\/2024\/04\/Ibera-Argentina.png\",\"width\":600,\"height\":400,\"caption\":\"La reintroducci\u00f3n del yaguaret\u00e9 en los Esteros del Iber\u00e1 es una de las historias destacadas en la nueva superproducci\u00f3n de Netflix, Our Living World (Nuestro Mundo Lleno De Vida), que devela la red secreta de conexiones e interacciones en diferentes ecosistemas de todo el planeta. Narrada por Cate Blanchett, se estrena mundialmente el 17 de abril a las 16 horas.\"},{\"@type\":\"BreadcrumbList\",\"@id\":\"https:\/\/biciurba.com\/index.php\/2024\/04\/16\/mas-que-una-serie-es-el-testimonio-de-proteger-la-vida-en-el-ibera-argentina\/#breadcrumb\",\"itemListElement\":[{\"@type\":\"ListItem\",\"position\":1,\"name\":\"Portada\",\"item\":\"https:\/\/biciurba.com\/\"},{\"@type\":\"ListItem\",\"position\":2,\"name\":\"M\u00e1s que una serie, es el testimonio de proteger la vida en el Iber\u00e1- Argentina\"}]},{\"@type\":\"WebSite\",\"@id\":\"https:\/\/biciurba.com\/#website\",\"url\":\"https:\/\/biciurba.com\/\",\"name\":\"Biciurba\",\"description\":\"Una mejor manera de vivir\",\"publisher\":{\"@id\":\"https:\/\/biciurba.com\/#\/schema\/person\/d9675ddf29ee982d268db0a3f239eced\"},\"potentialAction\":[{\"@type\":\"SearchAction\",\"target\":{\"@type\":\"EntryPoint\",\"urlTemplate\":\"https:\/\/biciurba.com\/?s={search_term_string}\"},\"query-input\":{\"@type\":\"PropertyValueSpecification\",\"valueRequired\":true,\"valueName\":\"search_term_string\"}}],\"inLanguage\":\"es\"},{\"@type\":[\"Person\",\"Organization\"],\"@id\":\"https:\/\/biciurba.com\/#\/schema\/person\/d9675ddf29ee982d268db0a3f239eced\",\"name\":\"Carlos Cantor\",\"image\":{\"@type\":\"ImageObject\",\"inLanguage\":\"es\",\"@id\":\"https:\/\/biciurba.com\/#\/schema\/person\/image\/\",\"url\":\"https:\/\/biciurba.com\/wp-content\/uploads\/2024\/04\/cropped-logo-1.png\",\"contentUrl\":\"https:\/\/biciurba.com\/wp-content\/uploads\/2024\/04\/cropped-logo-1.png\",\"width\":512,\"height\":318,\"caption\":\"Carlos Cantor\"},\"logo\":{\"@id\":\"https:\/\/biciurba.com\/#\/schema\/person\/image\/\"},\"sameAs\":[\"https:\/\/biciurba.com\"],\"url\":\"https:\/\/biciurba.com\/index.php\/author\/ccantor\/\"}]}<\/script>\n<!-- \/ Yoast SEO plugin. -->","yoast_head_json":{"title":"M\u00e1s que una serie, es el testimonio de proteger la vida en el Iber\u00e1- Argentina - Biciurba","robots":{"index":"index","follow":"follow","max-snippet":"max-snippet:-1","max-image-preview":"max-image-preview:large","max-video-preview":"max-video-preview:-1"},"canonical":"https:\/\/biciurba.com\/index.php\/2024\/04\/16\/mas-que-una-serie-es-el-testimonio-de-proteger-la-vida-en-el-ibera-argentina\/","og_locale":"es_ES","og_type":"article","og_title":"M\u00e1s que una serie, es el testimonio de proteger la vida en el Iber\u00e1- Argentina - Biciurba","og_description":"El regreso del yaguaret\u00e9 llam\u00f3 la atenci\u00f3n del equipo de producci\u00f3n que permaneci\u00f3 un mes en los esteros de Iber\u00e1 para filmar el trabajo de reintroducci\u00f3n de la especie y contar c\u00f3mo, mediante diferentes mecanismos e interacciones, el depredador tope cumple una funci\u00f3n clave en el ecosistema. Adem\u00e1s de la belleza de los paisajes de [&hellip;]","og_url":"https:\/\/biciurba.com\/index.php\/2024\/04\/16\/mas-que-una-serie-es-el-testimonio-de-proteger-la-vida-en-el-ibera-argentina\/","og_site_name":"Biciurba","article_published_time":"2024-04-16T20:39:50+00:00","article_modified_time":"2024-04-16T20:44:36+00:00","og_image":[{"width":600,"height":400,"url":"https:\/\/biciurba.com\/wp-content\/uploads\/2024\/04\/Ibera-Argentina.png","type":"image\/png"}],"author":"Carlos Cantor","twitter_card":"summary_large_image","twitter_misc":{"Escrito por":"Carlos Cantor","Tiempo de lectura":"3 minutos"},"schema":{"@context":"https:\/\/schema.org","@graph":[{"@type":"Article","@id":"https:\/\/biciurba.com\/index.php\/2024\/04\/16\/mas-que-una-serie-es-el-testimonio-de-proteger-la-vida-en-el-ibera-argentina\/#article","isPartOf":{"@id":"https:\/\/biciurba.com\/index.php\/2024\/04\/16\/mas-que-una-serie-es-el-testimonio-de-proteger-la-vida-en-el-ibera-argentina\/"},"author":{"name":"Carlos Cantor","@id":"https:\/\/biciurba.com\/#\/schema\/person\/d9675ddf29ee982d268db0a3f239eced"},"headline":"M\u00e1s que una serie, es el testimonio de proteger la vida en el Iber\u00e1- Argentina","datePublished":"2024-04-16T20:39:50+00:00","dateModified":"2024-04-16T20:44:36+00:00","mainEntityOfPage":{"@id":"https:\/\/biciurba.com\/index.php\/2024\/04\/16\/mas-que-una-serie-es-el-testimonio-de-proteger-la-vida-en-el-ibera-argentina\/"},"wordCount":456,"commentCount":0,"publisher":{"@id":"https:\/\/biciurba.com\/#\/schema\/person\/d9675ddf29ee982d268db0a3f239eced"},"image":{"@id":"https:\/\/biciurba.com\/index.php\/2024\/04\/16\/mas-que-una-serie-es-el-testimonio-de-proteger-la-vida-en-el-ibera-argentina\/#primaryimage"},"thumbnailUrl":"https:\/\/biciurba.com\/wp-content\/uploads\/2024\/04\/Ibera-Argentina.png","keywords":["Fundaci\u00f3n Rewilding Argentina","Iber\u00e1","Netflix","yaguaret\u00e9"],"articleSection":["Noticias"],"inLanguage":"es","potentialAction":[{"@type":"CommentAction","name":"Comment","target":["https:\/\/biciurba.com\/index.php\/2024\/04\/16\/mas-que-una-serie-es-el-testimonio-de-proteger-la-vida-en-el-ibera-argentina\/#respond"]}]},{"@type":"WebPage","@id":"https:\/\/biciurba.com\/index.php\/2024\/04\/16\/mas-que-una-serie-es-el-testimonio-de-proteger-la-vida-en-el-ibera-argentina\/","url":"https:\/\/biciurba.com\/index.php\/2024\/04\/16\/mas-que-una-serie-es-el-testimonio-de-proteger-la-vida-en-el-ibera-argentina\/","name":"M\u00e1s que una serie, es el testimonio de proteger la vida en el Iber\u00e1- Argentina - Biciurba","isPartOf":{"@id":"https:\/\/biciurba.com\/#website"},"primaryImageOfPage":{"@id":"https:\/\/biciurba.com\/index.php\/2024\/04\/16\/mas-que-una-serie-es-el-testimonio-de-proteger-la-vida-en-el-ibera-argentina\/#primaryimage"},"image":{"@id":"https:\/\/biciurba.com\/index.php\/2024\/04\/16\/mas-que-una-serie-es-el-testimonio-de-proteger-la-vida-en-el-ibera-argentina\/#primaryimage"},"thumbnailUrl":"https:\/\/biciurba.com\/wp-content\/uploads\/2024\/04\/Ibera-Argentina.png","datePublished":"2024-04-16T20:39:50+00:00","dateModified":"2024-04-16T20:44:36+00:00","breadcrumb":{"@id":"https:\/\/biciurba.com\/index.php\/2024\/04\/16\/mas-que-una-serie-es-el-testimonio-de-proteger-la-vida-en-el-ibera-argentina\/#breadcrumb"},"inLanguage":"es","potentialAction":[{"@type":"ReadAction","target":["https:\/\/biciurba.com\/index.php\/2024\/04\/16\/mas-que-una-serie-es-el-testimonio-de-proteger-la-vida-en-el-ibera-argentina\/"]}]},{"@type":"ImageObject","inLanguage":"es","@id":"https:\/\/biciurba.com\/index.php\/2024\/04\/16\/mas-que-una-serie-es-el-testimonio-de-proteger-la-vida-en-el-ibera-argentina\/#primaryimage","url":"https:\/\/biciurba.com\/wp-content\/uploads\/2024\/04\/Ibera-Argentina.png","contentUrl":"https:\/\/biciurba.com\/wp-content\/uploads\/2024\/04\/Ibera-Argentina.png","width":600,"height":400,"caption":"La reintroducci\u00f3n del yaguaret\u00e9 en los Esteros del Iber\u00e1 es una de las historias destacadas en la nueva superproducci\u00f3n de Netflix, Our Living World (Nuestro Mundo Lleno De Vida), que devela la red secreta de conexiones e interacciones en diferentes ecosistemas de todo el planeta. Narrada por Cate Blanchett, se estrena mundialmente el 17 de abril a las 16 horas."},{"@type":"BreadcrumbList","@id":"https:\/\/biciurba.com\/index.php\/2024\/04\/16\/mas-que-una-serie-es-el-testimonio-de-proteger-la-vida-en-el-ibera-argentina\/#breadcrumb","itemListElement":[{"@type":"ListItem","position":1,"name":"Portada","item":"https:\/\/biciurba.com\/"},{"@type":"ListItem","position":2,"name":"M\u00e1s que una serie, es el testimonio de proteger la vida en el Iber\u00e1- Argentina"}]},{"@type":"WebSite","@id":"https:\/\/biciurba.com\/#website","url":"https:\/\/biciurba.com\/","name":"Biciurba","description":"Una mejor manera de vivir","publisher":{"@id":"https:\/\/biciurba.com\/#\/schema\/person\/d9675ddf29ee982d268db0a3f239eced"},"potentialAction":[{"@type":"SearchAction","target":{"@type":"EntryPoint","urlTemplate":"https:\/\/biciurba.com\/?s={search_term_string}"},"query-input":{"@type":"PropertyValueSpecification","valueRequired":true,"valueName":"search_term_string"}}],"inLanguage":"es"},{"@type":["Person","Organization"],"@id":"https:\/\/biciurba.com\/#\/schema\/person\/d9675ddf29ee982d268db0a3f239eced","name":"Carlos Cantor","image":{"@type":"ImageObject","inLanguage":"es","@id":"https:\/\/biciurba.com\/#\/schema\/person\/image\/","url":"https:\/\/biciurba.com\/wp-content\/uploads\/2024\/04\/cropped-logo-1.png","contentUrl":"https:\/\/biciurba.com\/wp-content\/uploads\/2024\/04\/cropped-logo-1.png","width":512,"height":318,"caption":"Carlos Cantor"},"logo":{"@id":"https:\/\/biciurba.com\/#\/schema\/person\/image\/"},"sameAs":["https:\/\/biciurba.com"],"url":"https:\/\/biciurba.com\/index.php\/author\/ccantor\/"}]}},"_links":{"self":[{"href":"https:\/\/biciurba.com\/index.php\/wp-json\/wp\/v2\/posts\/303"}],"collection":[{"href":"https:\/\/biciurba.com\/index.php\/wp-json\/wp\/v2\/posts"}],"about":[{"href":"https:\/\/biciurba.com\/index.php\/wp-json\/wp\/v2\/types\/post"}],"author":[{"embeddable":true,"href":"https:\/\/biciurba.com\/index.php\/wp-json\/wp\/v2\/users\/1"}],"replies":[{"embeddable":true,"href":"https:\/\/biciurba.com\/index.php\/wp-json\/wp\/v2\/comments?post=303"}],"version-history":[{"count":2,"href":"https:\/\/biciurba.com\/index.php\/wp-json\/wp\/v2\/posts\/303\/revisions"}],"predecessor-version":[{"id":306,"href":"https:\/\/biciurba.com\/index.php\/wp-json\/wp\/v2\/posts\/303\/revisions\/306"}],"wp:featuredmedia":[{"embeddable":true,"href":"https:\/\/biciurba.com\/index.php\/wp-json\/wp\/v2\/media\/304"}],"wp:attachment":[{"href":"https:\/\/biciurba.com\/index.php\/wp-json\/wp\/v2\/media?parent=303"}],"wp:term":[{"taxonomy":"category","embeddable":true,"href":"https:\/\/biciurba.com\/index.php\/wp-json\/wp\/v2\/categories?post=303"},{"taxonomy":"post_tag","embeddable":true,"href":"https:\/\/biciurba.com\/index.php\/wp-json\/wp\/v2\/tags?post=303"}],"curies":[{"name":"wp","href":"https:\/\/api.w.org\/{rel}","templated":true}]}}