{"id":307,"date":"2024-04-17T08:00:00","date_gmt":"2024-04-17T13:00:00","guid":{"rendered":"https:\/\/biciurba.com\/?p=307"},"modified":"2024-04-16T17:16:53","modified_gmt":"2024-04-16T22:16:53","slug":"sera-la-bici-ideal-para-rodar-en-la-ciudad-e-bike-plegable","status":"publish","type":"post","link":"https:\/\/biciurba.com\/index.php\/2024\/04\/17\/sera-la-bici-ideal-para-rodar-en-la-ciudad-e-bike-plegable\/","title":{"rendered":"\u00bfSer\u00e1 la bici ideal para rodar en la ciudad? E-bike plegable"},"content":{"rendered":"\n<p>Cada vez que voy en un auto en el af\u00e1n de llegar al trabajo, me encuentro con un tr\u00e1fico pesado, complicado y que te saca el alma. Estr\u00e9s, malestar y consumo de combustible y lubricantes. Esta es la imagen de muchas personas que han decidido seguir usando diariamente su veh\u00edculo particular a pesar de todo.<\/p>\n\n\n\n<p>Hay otra versi\u00f3n de esta misma escena. El colectivo. En las horas pico las estaciones est\u00e1n a full, literalmente toca lanzarse al veh\u00edculo o al vag\u00f3n del metro. Apretujado, inc\u00f3modo y con el agravante de ser robados por esos magos que te sacan el celular, la billetera o hasta el mismo almuerzo que llevas tan escondido. Se suma el costo diario tanto de ida como el regreso a casa.<\/p>\n\n\n\n<p>Quiz\u00e1s la mejor versi\u00f3n y m\u00e1s segura que las patinetas el\u00e9ctricas, son las bicicletas plegables el\u00e9ctricas. Lo primero ya no tienes el dilema del estacionamiento, bien en casa, apartamento o habitaci\u00f3n de alquiler. En el trabajo puede estar perfectamente debajo del escritorio y sin molestar a nadie. Tiene la ventaja adicional que transitan por v\u00edas dedicadas, es decir ciclorrutas. Quiz\u00e1s en tu ciudad no sean tan visibles, en ese caso el que se debe hacer visible es el ciclista, de eso hablamos un poco m\u00e1s adelante.<\/p>\n\n\n\n<p>Se agregan ventajas como la de transitar con el motor el\u00e9ctrico, no vas a tener la supervelocidad, 30 kil\u00f3metros por hora es suficiente. Puede ser de pedaleo asistido, lo que te ayuda a mover las piernas sin necesidad de sudar la camisa considerando que vas protegido frente a las inclemencias del clima. Vienen con cambios lo que facilita las subidas si se presentan y en l\u00edneas generales le puedes agragar una gran cantidad de accesorios como maletines, luces, retrovisores, portaequipaje o parrilla.<\/p>\n\n\n\n<p>Se pudiera pensar en dos temas que preocupan a los usuarios o los futuros compradores, las bater\u00edas y su duraci\u00f3n. En l\u00edneas generales son de Litio, dependiendo del recorrido digamos 15 kil\u00f3metros diarios, las cargas en promedio dan 40 kil\u00f3metros de recorrido, y por experiencia duran cerca de cuatro a\u00f1os, dependiendo del buen uso que se les de. Lo otro es la seguridad en la v\u00eda frente al robo. Casi siempre son m\u00e1s robadas las bicicletas m\u00e1s aparatosas y grandes. Estas e-bike son discretas, de peque\u00f1as ruedas y no son revendidas porque no tienen los cargadores a la mano, hay un acuerdo, por lo menos en Colombia, que estos aparatos para ser revendido deben tener la tarjeta de propiedad que lo acredita como due\u00f1o del veh\u00edculo y que fu\u00e9 comprado en un almac\u00e9n identificable. Y no hay un mercado de segunda de piezas como bater\u00edas, ser\u00eda muy tonto arriesgarse a comprar una pieza de la cual poco o nada se sabe.<\/p>\n\n\n\n<p>El tema de rodar en la ciudad implica que seas visible para los que van en la misma v\u00eda. Importante llevar luces \u00abencendidas\u00bb para ello hay una gran variedad de recargables que se hace con los cargadores de los celulares y duran un buen tiempo de servicio. Impermeables reflectivos que son muy efectivos a la noche, imposible que no te vean. Cintas reflectivas en los tobillos, que adem\u00e1s te sujetan el pantal\u00f3n, tanto para ellas como ellos, y en las \u00e9pocas de lluvia un impermeable transparente de calidad que proteja la ropa y la chompa reflectiva.<\/p>\n\n\n\n<p>Antes de comprarla, pruebe que vaya con su estatura, en estas no va agachado, m\u00e1s por el contrario bastante derecho, lo que las hace muy c\u00f3modas para transitar, adem\u00e1s de gozar de mejor \u00e1ngulo visual lo que da m\u00e1s seguridad. Y algo que no se debe pasar de largo, los retrovisores, fundamentales, son tan importantes como el casco y los guantes de protecci\u00f3n.<\/p>\n\n\n\n<p>Ya no m\u00e1s trancones terribles, ya no m\u00e1s sobrecupos en el servicio p\u00fablico, no m\u00e1s gastos diarios en taxis, rodar en libertad, ejercitarse un poco sin sentir que est\u00e1 en el gimnasio y dejar de luchar por parqueaderos y sus significativos costos por servicio. Para un mejor vivir en una ciudad sostenible donde sus habitantes somos los transformadores directos.<\/p>\n\n\n\n<p><\/p>\n","protected":false},"excerpt":{"rendered":"<p>Cada vez que voy en un auto en el af\u00e1n de llegar al trabajo, me encuentro con un tr\u00e1fico pesado, complicado y que te saca el alma. Estr\u00e9s, malestar y consumo de combustible y lubricantes. Esta es la imagen de muchas personas que han decidido seguir usando diariamente su veh\u00edculo particular a pesar de todo. [&hellip;]<\/p>\n","protected":false},"author":1,"featured_media":308,"comment_status":"open","ping_status":"open","sticky":false,"template":"","format":"standard","meta":{"footnotes":""},"categories":[49],"tags":[117,119,118],"class_list":["post-307","post","type-post","status-publish","format-standard","has-post-thumbnail","hentry","category-movilidad-urbana","tag-bicicleta-urbana","tag-e-bike","tag-plegables"],"yoast_head":"<!-- This site is optimized with the Yoast SEO plugin v23.9 - https:\/\/yoast.com\/wordpress\/plugins\/seo\/ -->\n<title>\u00bfSer\u00e1 la bici ideal para rodar en la ciudad? E-bike plegable - Biciurba<\/title>\n<meta name=\"robots\" content=\"index, follow, max-snippet:-1, max-image-preview:large, max-video-preview:-1\" \/>\n<link rel=\"canonical\" href=\"https:\/\/biciurba.com\/index.php\/2024\/04\/17\/sera-la-bici-ideal-para-rodar-en-la-ciudad-e-bike-plegable\/\" \/>\n<meta property=\"og:locale\" content=\"es_ES\" \/>\n<meta property=\"og:type\" content=\"article\" \/>\n<meta property=\"og:title\" content=\"\u00bfSer\u00e1 la bici ideal para rodar en la ciudad? E-bike plegable - Biciurba\" \/>\n<meta property=\"og:description\" content=\"Cada vez que voy en un auto en el af\u00e1n de llegar al trabajo, me encuentro con un tr\u00e1fico pesado, complicado y que te saca el alma. Estr\u00e9s, malestar y consumo de combustible y lubricantes. Esta es la imagen de muchas personas que han decidido seguir usando diariamente su veh\u00edculo particular a pesar de todo. [&hellip;]\" \/>\n<meta property=\"og:url\" content=\"https:\/\/biciurba.com\/index.php\/2024\/04\/17\/sera-la-bici-ideal-para-rodar-en-la-ciudad-e-bike-plegable\/\" \/>\n<meta property=\"og:site_name\" content=\"Biciurba\" \/>\n<meta property=\"article:published_time\" content=\"2024-04-17T13:00:00+00:00\" \/>\n<meta property=\"article:modified_time\" content=\"2024-04-16T22:16:53+00:00\" \/>\n<meta property=\"og:image\" content=\"https:\/\/biciurba.com\/wp-content\/uploads\/2024\/04\/bici-plegable.png\" \/>\n\t<meta property=\"og:image:width\" content=\"600\" \/>\n\t<meta property=\"og:image:height\" content=\"400\" \/>\n\t<meta property=\"og:image:type\" content=\"image\/png\" \/>\n<meta name=\"author\" content=\"Carlos Cantor\" \/>\n<meta name=\"twitter:card\" content=\"summary_large_image\" \/>\n<meta name=\"twitter:label1\" content=\"Escrito por\" \/>\n\t<meta name=\"twitter:data1\" content=\"Carlos Cantor\" \/>\n\t<meta name=\"twitter:label2\" content=\"Tiempo de lectura\" \/>\n\t<meta name=\"twitter:data2\" content=\"4 minutos\" \/>\n<script type=\"application\/ld+json\" class=\"yoast-schema-graph\">{\"@context\":\"https:\/\/schema.org\",\"@graph\":[{\"@type\":\"Article\",\"@id\":\"https:\/\/biciurba.com\/index.php\/2024\/04\/17\/sera-la-bici-ideal-para-rodar-en-la-ciudad-e-bike-plegable\/#article\",\"isPartOf\":{\"@id\":\"https:\/\/biciurba.com\/index.php\/2024\/04\/17\/sera-la-bici-ideal-para-rodar-en-la-ciudad-e-bike-plegable\/\"},\"author\":{\"name\":\"Carlos Cantor\",\"@id\":\"https:\/\/biciurba.com\/#\/schema\/person\/d9675ddf29ee982d268db0a3f239eced\"},\"headline\":\"\u00bfSer\u00e1 la bici ideal para rodar en la ciudad? E-bike plegable\",\"datePublished\":\"2024-04-17T13:00:00+00:00\",\"dateModified\":\"2024-04-16T22:16:53+00:00\",\"mainEntityOfPage\":{\"@id\":\"https:\/\/biciurba.com\/index.php\/2024\/04\/17\/sera-la-bici-ideal-para-rodar-en-la-ciudad-e-bike-plegable\/\"},\"wordCount\":727,\"commentCount\":1,\"publisher\":{\"@id\":\"https:\/\/biciurba.com\/#\/schema\/person\/d9675ddf29ee982d268db0a3f239eced\"},\"image\":{\"@id\":\"https:\/\/biciurba.com\/index.php\/2024\/04\/17\/sera-la-bici-ideal-para-rodar-en-la-ciudad-e-bike-plegable\/#primaryimage\"},\"thumbnailUrl\":\"https:\/\/biciurba.com\/wp-content\/uploads\/2024\/04\/bici-plegable.png\",\"keywords\":[\"bicicleta urbana\",\"E-bike\",\"plegables\"],\"articleSection\":[\"Eco-movilidad\"],\"inLanguage\":\"es\",\"potentialAction\":[{\"@type\":\"CommentAction\",\"name\":\"Comment\",\"target\":[\"https:\/\/biciurba.com\/index.php\/2024\/04\/17\/sera-la-bici-ideal-para-rodar-en-la-ciudad-e-bike-plegable\/#respond\"]}]},{\"@type\":\"WebPage\",\"@id\":\"https:\/\/biciurba.com\/index.php\/2024\/04\/17\/sera-la-bici-ideal-para-rodar-en-la-ciudad-e-bike-plegable\/\",\"url\":\"https:\/\/biciurba.com\/index.php\/2024\/04\/17\/sera-la-bici-ideal-para-rodar-en-la-ciudad-e-bike-plegable\/\",\"name\":\"\u00bfSer\u00e1 la bici ideal para rodar en la ciudad? E-bike plegable - Biciurba\",\"isPartOf\":{\"@id\":\"https:\/\/biciurba.com\/#website\"},\"primaryImageOfPage\":{\"@id\":\"https:\/\/biciurba.com\/index.php\/2024\/04\/17\/sera-la-bici-ideal-para-rodar-en-la-ciudad-e-bike-plegable\/#primaryimage\"},\"image\":{\"@id\":\"https:\/\/biciurba.com\/index.php\/2024\/04\/17\/sera-la-bici-ideal-para-rodar-en-la-ciudad-e-bike-plegable\/#primaryimage\"},\"thumbnailUrl\":\"https:\/\/biciurba.com\/wp-content\/uploads\/2024\/04\/bici-plegable.png\",\"datePublished\":\"2024-04-17T13:00:00+00:00\",\"dateModified\":\"2024-04-16T22:16:53+00:00\",\"breadcrumb\":{\"@id\":\"https:\/\/biciurba.com\/index.php\/2024\/04\/17\/sera-la-bici-ideal-para-rodar-en-la-ciudad-e-bike-plegable\/#breadcrumb\"},\"inLanguage\":\"es\",\"potentialAction\":[{\"@type\":\"ReadAction\",\"target\":[\"https:\/\/biciurba.com\/index.php\/2024\/04\/17\/sera-la-bici-ideal-para-rodar-en-la-ciudad-e-bike-plegable\/\"]}]},{\"@type\":\"ImageObject\",\"inLanguage\":\"es\",\"@id\":\"https:\/\/biciurba.com\/index.php\/2024\/04\/17\/sera-la-bici-ideal-para-rodar-en-la-ciudad-e-bike-plegable\/#primaryimage\",\"url\":\"https:\/\/biciurba.com\/wp-content\/uploads\/2024\/04\/bici-plegable.png\",\"contentUrl\":\"https:\/\/biciurba.com\/wp-content\/uploads\/2024\/04\/bici-plegable.png\",\"width\":600,\"height\":400,\"caption\":\"Plegable que cabe en cualquier lugar, por ejemplo debajo de un escritorio en el lugar del trabajo diario.\"},{\"@type\":\"BreadcrumbList\",\"@id\":\"https:\/\/biciurba.com\/index.php\/2024\/04\/17\/sera-la-bici-ideal-para-rodar-en-la-ciudad-e-bike-plegable\/#breadcrumb\",\"itemListElement\":[{\"@type\":\"ListItem\",\"position\":1,\"name\":\"Portada\",\"item\":\"https:\/\/biciurba.com\/\"},{\"@type\":\"ListItem\",\"position\":2,\"name\":\"\u00bfSer\u00e1 la bici ideal para rodar en la ciudad? E-bike plegable\"}]},{\"@type\":\"WebSite\",\"@id\":\"https:\/\/biciurba.com\/#website\",\"url\":\"https:\/\/biciurba.com\/\",\"name\":\"Biciurba\",\"description\":\"Una mejor manera de vivir\",\"publisher\":{\"@id\":\"https:\/\/biciurba.com\/#\/schema\/person\/d9675ddf29ee982d268db0a3f239eced\"},\"potentialAction\":[{\"@type\":\"SearchAction\",\"target\":{\"@type\":\"EntryPoint\",\"urlTemplate\":\"https:\/\/biciurba.com\/?s={search_term_string}\"},\"query-input\":{\"@type\":\"PropertyValueSpecification\",\"valueRequired\":true,\"valueName\":\"search_term_string\"}}],\"inLanguage\":\"es\"},{\"@type\":[\"Person\",\"Organization\"],\"@id\":\"https:\/\/biciurba.com\/#\/schema\/person\/d9675ddf29ee982d268db0a3f239eced\",\"name\":\"Carlos Cantor\",\"image\":{\"@type\":\"ImageObject\",\"inLanguage\":\"es\",\"@id\":\"https:\/\/biciurba.com\/#\/schema\/person\/image\/\",\"url\":\"https:\/\/biciurba.com\/wp-content\/uploads\/2024\/04\/cropped-logo-1.png\",\"contentUrl\":\"https:\/\/biciurba.com\/wp-content\/uploads\/2024\/04\/cropped-logo-1.png\",\"width\":512,\"height\":318,\"caption\":\"Carlos Cantor\"},\"logo\":{\"@id\":\"https:\/\/biciurba.com\/#\/schema\/person\/image\/\"},\"sameAs\":[\"https:\/\/biciurba.com\"],\"url\":\"https:\/\/biciurba.com\/index.php\/author\/ccantor\/\"}]}<\/script>\n<!-- \/ Yoast SEO plugin. -->","yoast_head_json":{"title":"\u00bfSer\u00e1 la bici ideal para rodar en la ciudad? E-bike plegable - Biciurba","robots":{"index":"index","follow":"follow","max-snippet":"max-snippet:-1","max-image-preview":"max-image-preview:large","max-video-preview":"max-video-preview:-1"},"canonical":"https:\/\/biciurba.com\/index.php\/2024\/04\/17\/sera-la-bici-ideal-para-rodar-en-la-ciudad-e-bike-plegable\/","og_locale":"es_ES","og_type":"article","og_title":"\u00bfSer\u00e1 la bici ideal para rodar en la ciudad? E-bike plegable - Biciurba","og_description":"Cada vez que voy en un auto en el af\u00e1n de llegar al trabajo, me encuentro con un tr\u00e1fico pesado, complicado y que te saca el alma. Estr\u00e9s, malestar y consumo de combustible y lubricantes. Esta es la imagen de muchas personas que han decidido seguir usando diariamente su veh\u00edculo particular a pesar de todo. [&hellip;]","og_url":"https:\/\/biciurba.com\/index.php\/2024\/04\/17\/sera-la-bici-ideal-para-rodar-en-la-ciudad-e-bike-plegable\/","og_site_name":"Biciurba","article_published_time":"2024-04-17T13:00:00+00:00","article_modified_time":"2024-04-16T22:16:53+00:00","og_image":[{"width":600,"height":400,"url":"https:\/\/biciurba.com\/wp-content\/uploads\/2024\/04\/bici-plegable.png","type":"image\/png"}],"author":"Carlos Cantor","twitter_card":"summary_large_image","twitter_misc":{"Escrito por":"Carlos Cantor","Tiempo de lectura":"4 minutos"},"schema":{"@context":"https:\/\/schema.org","@graph":[{"@type":"Article","@id":"https:\/\/biciurba.com\/index.php\/2024\/04\/17\/sera-la-bici-ideal-para-rodar-en-la-ciudad-e-bike-plegable\/#article","isPartOf":{"@id":"https:\/\/biciurba.com\/index.php\/2024\/04\/17\/sera-la-bici-ideal-para-rodar-en-la-ciudad-e-bike-plegable\/"},"author":{"name":"Carlos Cantor","@id":"https:\/\/biciurba.com\/#\/schema\/person\/d9675ddf29ee982d268db0a3f239eced"},"headline":"\u00bfSer\u00e1 la bici ideal para rodar en la ciudad? E-bike plegable","datePublished":"2024-04-17T13:00:00+00:00","dateModified":"2024-04-16T22:16:53+00:00","mainEntityOfPage":{"@id":"https:\/\/biciurba.com\/index.php\/2024\/04\/17\/sera-la-bici-ideal-para-rodar-en-la-ciudad-e-bike-plegable\/"},"wordCount":727,"commentCount":1,"publisher":{"@id":"https:\/\/biciurba.com\/#\/schema\/person\/d9675ddf29ee982d268db0a3f239eced"},"image":{"@id":"https:\/\/biciurba.com\/index.php\/2024\/04\/17\/sera-la-bici-ideal-para-rodar-en-la-ciudad-e-bike-plegable\/#primaryimage"},"thumbnailUrl":"https:\/\/biciurba.com\/wp-content\/uploads\/2024\/04\/bici-plegable.png","keywords":["bicicleta urbana","E-bike","plegables"],"articleSection":["Eco-movilidad"],"inLanguage":"es","potentialAction":[{"@type":"CommentAction","name":"Comment","target":["https:\/\/biciurba.com\/index.php\/2024\/04\/17\/sera-la-bici-ideal-para-rodar-en-la-ciudad-e-bike-plegable\/#respond"]}]},{"@type":"WebPage","@id":"https:\/\/biciurba.com\/index.php\/2024\/04\/17\/sera-la-bici-ideal-para-rodar-en-la-ciudad-e-bike-plegable\/","url":"https:\/\/biciurba.com\/index.php\/2024\/04\/17\/sera-la-bici-ideal-para-rodar-en-la-ciudad-e-bike-plegable\/","name":"\u00bfSer\u00e1 la bici ideal para rodar en la ciudad? E-bike plegable - Biciurba","isPartOf":{"@id":"https:\/\/biciurba.com\/#website"},"primaryImageOfPage":{"@id":"https:\/\/biciurba.com\/index.php\/2024\/04\/17\/sera-la-bici-ideal-para-rodar-en-la-ciudad-e-bike-plegable\/#primaryimage"},"image":{"@id":"https:\/\/biciurba.com\/index.php\/2024\/04\/17\/sera-la-bici-ideal-para-rodar-en-la-ciudad-e-bike-plegable\/#primaryimage"},"thumbnailUrl":"https:\/\/biciurba.com\/wp-content\/uploads\/2024\/04\/bici-plegable.png","datePublished":"2024-04-17T13:00:00+00:00","dateModified":"2024-04-16T22:16:53+00:00","breadcrumb":{"@id":"https:\/\/biciurba.com\/index.php\/2024\/04\/17\/sera-la-bici-ideal-para-rodar-en-la-ciudad-e-bike-plegable\/#breadcrumb"},"inLanguage":"es","potentialAction":[{"@type":"ReadAction","target":["https:\/\/biciurba.com\/index.php\/2024\/04\/17\/sera-la-bici-ideal-para-rodar-en-la-ciudad-e-bike-plegable\/"]}]},{"@type":"ImageObject","inLanguage":"es","@id":"https:\/\/biciurba.com\/index.php\/2024\/04\/17\/sera-la-bici-ideal-para-rodar-en-la-ciudad-e-bike-plegable\/#primaryimage","url":"https:\/\/biciurba.com\/wp-content\/uploads\/2024\/04\/bici-plegable.png","contentUrl":"https:\/\/biciurba.com\/wp-content\/uploads\/2024\/04\/bici-plegable.png","width":600,"height":400,"caption":"Plegable que cabe en cualquier lugar, por ejemplo debajo de un escritorio en el lugar del trabajo diario."},{"@type":"BreadcrumbList","@id":"https:\/\/biciurba.com\/index.php\/2024\/04\/17\/sera-la-bici-ideal-para-rodar-en-la-ciudad-e-bike-plegable\/#breadcrumb","itemListElement":[{"@type":"ListItem","position":1,"name":"Portada","item":"https:\/\/biciurba.com\/"},{"@type":"ListItem","position":2,"name":"\u00bfSer\u00e1 la bici ideal para rodar en la ciudad? E-bike plegable"}]},{"@type":"WebSite","@id":"https:\/\/biciurba.com\/#website","url":"https:\/\/biciurba.com\/","name":"Biciurba","description":"Una mejor manera de vivir","publisher":{"@id":"https:\/\/biciurba.com\/#\/schema\/person\/d9675ddf29ee982d268db0a3f239eced"},"potentialAction":[{"@type":"SearchAction","target":{"@type":"EntryPoint","urlTemplate":"https:\/\/biciurba.com\/?s={search_term_string}"},"query-input":{"@type":"PropertyValueSpecification","valueRequired":true,"valueName":"search_term_string"}}],"inLanguage":"es"},{"@type":["Person","Organization"],"@id":"https:\/\/biciurba.com\/#\/schema\/person\/d9675ddf29ee982d268db0a3f239eced","name":"Carlos Cantor","image":{"@type":"ImageObject","inLanguage":"es","@id":"https:\/\/biciurba.com\/#\/schema\/person\/image\/","url":"https:\/\/biciurba.com\/wp-content\/uploads\/2024\/04\/cropped-logo-1.png","contentUrl":"https:\/\/biciurba.com\/wp-content\/uploads\/2024\/04\/cropped-logo-1.png","width":512,"height":318,"caption":"Carlos Cantor"},"logo":{"@id":"https:\/\/biciurba.com\/#\/schema\/person\/image\/"},"sameAs":["https:\/\/biciurba.com"],"url":"https:\/\/biciurba.com\/index.php\/author\/ccantor\/"}]}},"_links":{"self":[{"href":"https:\/\/biciurba.com\/index.php\/wp-json\/wp\/v2\/posts\/307"}],"collection":[{"href":"https:\/\/biciurba.com\/index.php\/wp-json\/wp\/v2\/posts"}],"about":[{"href":"https:\/\/biciurba.com\/index.php\/wp-json\/wp\/v2\/types\/post"}],"author":[{"embeddable":true,"href":"https:\/\/biciurba.com\/index.php\/wp-json\/wp\/v2\/users\/1"}],"replies":[{"embeddable":true,"href":"https:\/\/biciurba.com\/index.php\/wp-json\/wp\/v2\/comments?post=307"}],"version-history":[{"count":2,"href":"https:\/\/biciurba.com\/index.php\/wp-json\/wp\/v2\/posts\/307\/revisions"}],"predecessor-version":[{"id":311,"href":"https:\/\/biciurba.com\/index.php\/wp-json\/wp\/v2\/posts\/307\/revisions\/311"}],"wp:featuredmedia":[{"embeddable":true,"href":"https:\/\/biciurba.com\/index.php\/wp-json\/wp\/v2\/media\/308"}],"wp:attachment":[{"href":"https:\/\/biciurba.com\/index.php\/wp-json\/wp\/v2\/media?parent=307"}],"wp:term":[{"taxonomy":"category","embeddable":true,"href":"https:\/\/biciurba.com\/index.php\/wp-json\/wp\/v2\/categories?post=307"},{"taxonomy":"post_tag","embeddable":true,"href":"https:\/\/biciurba.com\/index.php\/wp-json\/wp\/v2\/tags?post=307"}],"curies":[{"name":"wp","href":"https:\/\/api.w.org\/{rel}","templated":true}]}}