{"id":314,"date":"2024-04-17T13:00:00","date_gmt":"2024-04-17T18:00:00","guid":{"rendered":"https:\/\/biciurba.com\/?p=314"},"modified":"2024-04-17T11:47:37","modified_gmt":"2024-04-17T16:47:37","slug":"entre-la-sequia-y-las-lluvias-torrenciales-el-nino-y-la-nina-nos-muestran-que-no-hacemos-los-correctivos-adecuados","status":"publish","type":"post","link":"https:\/\/biciurba.com\/index.php\/2024\/04\/17\/entre-la-sequia-y-las-lluvias-torrenciales-el-nino-y-la-nina-nos-muestran-que-no-hacemos-los-correctivos-adecuados\/","title":{"rendered":"Entre la sequ\u00eda y las lluvias torrenciales, El Ni\u00f1o y La Ni\u00f1a nos muestran que no hacemos los correctivos adecuados"},"content":{"rendered":"\n<p>Cada tres o siete a\u00f1os y con una duraci\u00f3n de entre un a\u00f1o y a\u00f1o y medio buena parte de Suram\u00e9rica, Australia, el sur de \u00c1frica se enfrentan al calor y sequ\u00eda extremo y lluvias torrenciales, huracanes e intensas inundaciones, es decir a situaciones extremas de realidades climatol\u00f3gicas que se desarrollan en el centro y este del Pac\u00edfico ecuatorial.<\/p>\n\n\n\n<p>Despu\u00e9s de experimentar El Ni\u00f1o, se espera la presencia del efecto de La Ni\u00f1a que en general su duraci\u00f3n es de 9 meses a 3 a\u00f1os, siendo m\u00e1s fuerte mientras menor es su duraci\u00f3n. Aparece cuando los vientos alisios del este se refuerza, provocando el afloramiento de agua m\u00e1s fr\u00eda de las profundidades del Pac\u00edfico tropical oriental, lo que provoca un enfriamiento a gran escala de la superficie del oc\u00e9ano Pac\u00edfico oriental y central, cerca del Ecuador. <\/p>\n\n\n\n<p>Ahora bien, estos efectos se pueden literalmente pasmar. Hoy los modelos clim\u00e1ticos internacionales sugieren que El Ni\u00f1o  probablemente continuar\u00e1 siendo neutral hasta al menos julio de 2024. Si bien tres de siete modelos internacionales predicen que las Temperatura Superficial del agua del Mar (TSM), del Pac\u00edfico central alcanzar\u00e1n los umbrales de La Ni\u00f1a en julio, las predicciones de El Ni\u00f1o y La Ni\u00f1a hechas a mediados de oto\u00f1o tienden a tener menor precisi\u00f3n que las predicciones realizadas en otras \u00e9pocas del a\u00f1o. <\/p>\n\n\n\n<p>M\u00e1s all\u00e1 de los tecnicismos la realidad es que con la crisis clim\u00e1tica es muy probable que los periodos en los que se presentan estos fen\u00f3menos climatol\u00f3gicos van a ser m\u00e1s cortos e intensos, lo que repercute de forma directa en la producci\u00f3n del sector agr\u00edcola y pecuario. En el caso de las ciudades, es necesario revisar y reprogramar el gasto tanto de agua como de energ\u00eda el\u00e9ctrica domiciliaria. No de otra forma se puede enfrentar con cierto \u00e9xito estas realidades planetarias.<\/p>\n\n\n\n<p>Estos cambios clim\u00e1ticos no son nuevos, en la historia antigua de los pueblos peruanos ya se ten\u00edan referencias y se aprecia como las comunidades se enfrentan a estas condiciones. La forma de cultivar, en un pa\u00eds que tiene zona des\u00e9rtica sobre el litoral Pac\u00edfico, oblig\u00f3 a que se dieran soluciones practicables, especialmente el cuidado del agua, la forma de construir reservorios y el crecimiento urban\u00edsticos de los poblados. Eso hizo que la ingenier\u00eda precolombina desarrollara formas y t\u00e9cnicas que a\u00fan persisten en el tiempo.<\/p>\n\n\n\n<p>Hoy con toda la tecnolog\u00eda que tenemos nos atropella la presencia de las sequ\u00edas o las inundaciones, pareciera que no hay pol\u00edticas, desde el m\u00e1s alto gobierno hasta las administraciones municipales para generar acciones que ayuden a las poblaciones a enfrentar estas crisis. Y las soluciones en buena parte est\u00e1n dadas. Ya se conocen las regiones que m\u00e1s padecen las lluvias, en tiempos de sequ\u00eda perfectamente se pueden construir reservorios de capacidad adecuada para tener el agua que se necesitar\u00e1 en las \u00e9pocas de sequ\u00eda y as\u00ed proteger los cultivos y las ganader\u00edas. <\/p>\n\n\n\n<p>Si se dan tratamientos adecuados de purificaci\u00f3n de estas aguas, tambi\u00e9n se puede suplir de forma provisional, el servicio de acueducto a las poblaciones cercanas. Estas ideas los pueblos pre Incas ya los hab\u00edan dise\u00f1ado y puesto en pr\u00e1ctica.<\/p>\n\n\n\n<p>Otras de las protecciones a la poblaci\u00f3n y sus centros de vivienda y trabajo, es la necesidad de arborizar con especies nativas y propias de cada lugar, para tener bosques, solo que esta medida tarda cerca de tres d\u00e9cadas o m\u00e1s para consolidar un sistema biodiverso de naturaleza que cuida el agua y el suelo. Hoy, despu\u00e9s de grandes devastaciones de los bosques nativos, nos damos cuenta del valor de estos gigantes, desafortunadamente no son tan inmediatos como nos tienen acostumbrados la tecnolog\u00eda que hemos desarrollado a nuestro alrededor.<\/p>\n\n\n\n<p>Las ciudades en su crecimiento gigantesco pareciera que renuncian a lo verde, con lo que se genera m\u00e1s calor, se pierde la frescura de bosques, protecci\u00f3n del agua que corre de forma natural por estos territorios que el urbanismo ha encementado, dificultando a\u00fan m\u00e1s las posibilidades de protecci\u00f3n y recuperaci\u00f3n de la vida natural y de ecosistemas sostenibles que nos pueden brindar un mejor vivir.<\/p>\n\n\n\n<p>Cada vez que se presentan estas crisis se hacen declaraciones a todo nivel, en la realidad nos enfrentamos a El Ni\u00f1o y La Ni\u00f1a de la misma forma y con los mismos resultados, desastres ambientales, ruina econ\u00f3mica, p\u00e9rdida de vidas e infinidad de lamentaciones y sobre costos en los servicios p\u00fablicos domiciliarios en las ciudades.<\/p>\n\n\n\n<p>Desde el ciudadano com\u00fan y corriente la previsi\u00f3n es la clave.  Tanques para agua de reserva adecuados, uso de sistemas fotovoltaicos domiciliarios, mejor uso del agua para hacerlo de forma circular y no perder nada del preciado l\u00edquido. Entender que cada vez ser\u00e1n m\u00e1s complejos por la crisis ambiental que estamos viviendo en este Antropoceno. Tambi\u00e9n podemos hacer un aporte para superar estos fen\u00f3menos clim\u00e1ticos<\/p>\n\n\n\n<p><\/p>\n","protected":false},"excerpt":{"rendered":"<p>Cada tres o siete a\u00f1os y con una duraci\u00f3n de entre un a\u00f1o y a\u00f1o y medio buena parte de Suram\u00e9rica, Australia, el sur de \u00c1frica se enfrentan al calor y sequ\u00eda extremo y lluvias torrenciales, huracanes e intensas inundaciones, es decir a situaciones extremas de realidades climatol\u00f3gicas que se desarrollan en el centro y [&hellip;]<\/p>\n","protected":false},"author":1,"featured_media":315,"comment_status":"open","ping_status":"open","sticky":false,"template":"","format":"standard","meta":{"footnotes":""},"categories":[95],"tags":[19,121,120,123,122],"class_list":["post-314","post","type-post","status-publish","format-standard","has-post-thumbnail","hentry","category-crisis-climatica","tag-crisis-climatica","tag-efecto-de-la-nina","tag-efecto-del-el-nino","tag-inundaciones","tag-sequia"],"yoast_head":"<!-- This site is optimized with the Yoast SEO plugin v23.9 - https:\/\/yoast.com\/wordpress\/plugins\/seo\/ -->\n<title>Entre la sequ\u00eda y las lluvias torrenciales, El Ni\u00f1o y La Ni\u00f1a nos muestran que no hacemos los correctivos adecuados - Biciurba<\/title>\n<meta name=\"robots\" content=\"index, follow, max-snippet:-1, max-image-preview:large, max-video-preview:-1\" \/>\n<link rel=\"canonical\" href=\"https:\/\/biciurba.com\/index.php\/2024\/04\/17\/entre-la-sequia-y-las-lluvias-torrenciales-el-nino-y-la-nina-nos-muestran-que-no-hacemos-los-correctivos-adecuados\/\" \/>\n<meta property=\"og:locale\" content=\"es_ES\" \/>\n<meta property=\"og:type\" content=\"article\" \/>\n<meta property=\"og:title\" content=\"Entre la sequ\u00eda y las lluvias torrenciales, El Ni\u00f1o y La Ni\u00f1a nos muestran que no hacemos los correctivos adecuados - Biciurba\" \/>\n<meta property=\"og:description\" content=\"Cada tres o siete a\u00f1os y con una duraci\u00f3n de entre un a\u00f1o y a\u00f1o y medio buena parte de Suram\u00e9rica, Australia, el sur de \u00c1frica se enfrentan al calor y sequ\u00eda extremo y lluvias torrenciales, huracanes e intensas inundaciones, es decir a situaciones extremas de realidades climatol\u00f3gicas que se desarrollan en el centro y [&hellip;]\" \/>\n<meta property=\"og:url\" content=\"https:\/\/biciurba.com\/index.php\/2024\/04\/17\/entre-la-sequia-y-las-lluvias-torrenciales-el-nino-y-la-nina-nos-muestran-que-no-hacemos-los-correctivos-adecuados\/\" \/>\n<meta property=\"og:site_name\" content=\"Biciurba\" \/>\n<meta property=\"article:published_time\" content=\"2024-04-17T18:00:00+00:00\" \/>\n<meta property=\"article:modified_time\" content=\"2024-04-17T16:47:37+00:00\" \/>\n<meta property=\"og:image\" content=\"https:\/\/biciurba.com\/wp-content\/uploads\/2024\/04\/sequia.png\" \/>\n\t<meta property=\"og:image:width\" content=\"600\" \/>\n\t<meta property=\"og:image:height\" content=\"400\" \/>\n\t<meta property=\"og:image:type\" content=\"image\/png\" \/>\n<meta name=\"author\" content=\"Carlos Cantor\" \/>\n<meta name=\"twitter:card\" content=\"summary_large_image\" \/>\n<meta name=\"twitter:label1\" content=\"Escrito por\" \/>\n\t<meta name=\"twitter:data1\" content=\"Carlos Cantor\" \/>\n\t<meta name=\"twitter:label2\" content=\"Tiempo de lectura\" \/>\n\t<meta name=\"twitter:data2\" content=\"4 minutos\" \/>\n<script type=\"application\/ld+json\" class=\"yoast-schema-graph\">{\"@context\":\"https:\/\/schema.org\",\"@graph\":[{\"@type\":\"Article\",\"@id\":\"https:\/\/biciurba.com\/index.php\/2024\/04\/17\/entre-la-sequia-y-las-lluvias-torrenciales-el-nino-y-la-nina-nos-muestran-que-no-hacemos-los-correctivos-adecuados\/#article\",\"isPartOf\":{\"@id\":\"https:\/\/biciurba.com\/index.php\/2024\/04\/17\/entre-la-sequia-y-las-lluvias-torrenciales-el-nino-y-la-nina-nos-muestran-que-no-hacemos-los-correctivos-adecuados\/\"},\"author\":{\"name\":\"Carlos Cantor\",\"@id\":\"https:\/\/biciurba.com\/#\/schema\/person\/d9675ddf29ee982d268db0a3f239eced\"},\"headline\":\"Entre la sequ\u00eda y las lluvias torrenciales, El Ni\u00f1o y La Ni\u00f1a nos muestran que no hacemos los correctivos adecuados\",\"datePublished\":\"2024-04-17T18:00:00+00:00\",\"dateModified\":\"2024-04-17T16:47:37+00:00\",\"mainEntityOfPage\":{\"@id\":\"https:\/\/biciurba.com\/index.php\/2024\/04\/17\/entre-la-sequia-y-las-lluvias-torrenciales-el-nino-y-la-nina-nos-muestran-que-no-hacemos-los-correctivos-adecuados\/\"},\"wordCount\":896,\"commentCount\":0,\"publisher\":{\"@id\":\"https:\/\/biciurba.com\/#\/schema\/person\/d9675ddf29ee982d268db0a3f239eced\"},\"image\":{\"@id\":\"https:\/\/biciurba.com\/index.php\/2024\/04\/17\/entre-la-sequia-y-las-lluvias-torrenciales-el-nino-y-la-nina-nos-muestran-que-no-hacemos-los-correctivos-adecuados\/#primaryimage\"},\"thumbnailUrl\":\"https:\/\/biciurba.com\/wp-content\/uploads\/2024\/04\/sequia.png\",\"keywords\":[\"Crisis clim\u00e1tica\",\"Efecto de La Ni\u00f1a\",\"Efecto del El NI\u00f1o\",\"inundaciones\",\"sequ\u00eda\"],\"articleSection\":[\"Crisis clim\u00e1tica\"],\"inLanguage\":\"es\",\"potentialAction\":[{\"@type\":\"CommentAction\",\"name\":\"Comment\",\"target\":[\"https:\/\/biciurba.com\/index.php\/2024\/04\/17\/entre-la-sequia-y-las-lluvias-torrenciales-el-nino-y-la-nina-nos-muestran-que-no-hacemos-los-correctivos-adecuados\/#respond\"]}]},{\"@type\":\"WebPage\",\"@id\":\"https:\/\/biciurba.com\/index.php\/2024\/04\/17\/entre-la-sequia-y-las-lluvias-torrenciales-el-nino-y-la-nina-nos-muestran-que-no-hacemos-los-correctivos-adecuados\/\",\"url\":\"https:\/\/biciurba.com\/index.php\/2024\/04\/17\/entre-la-sequia-y-las-lluvias-torrenciales-el-nino-y-la-nina-nos-muestran-que-no-hacemos-los-correctivos-adecuados\/\",\"name\":\"Entre la sequ\u00eda y las lluvias torrenciales, El Ni\u00f1o y La Ni\u00f1a nos muestran que no hacemos los correctivos adecuados - Biciurba\",\"isPartOf\":{\"@id\":\"https:\/\/biciurba.com\/#website\"},\"primaryImageOfPage\":{\"@id\":\"https:\/\/biciurba.com\/index.php\/2024\/04\/17\/entre-la-sequia-y-las-lluvias-torrenciales-el-nino-y-la-nina-nos-muestran-que-no-hacemos-los-correctivos-adecuados\/#primaryimage\"},\"image\":{\"@id\":\"https:\/\/biciurba.com\/index.php\/2024\/04\/17\/entre-la-sequia-y-las-lluvias-torrenciales-el-nino-y-la-nina-nos-muestran-que-no-hacemos-los-correctivos-adecuados\/#primaryimage\"},\"thumbnailUrl\":\"https:\/\/biciurba.com\/wp-content\/uploads\/2024\/04\/sequia.png\",\"datePublished\":\"2024-04-17T18:00:00+00:00\",\"dateModified\":\"2024-04-17T16:47:37+00:00\",\"breadcrumb\":{\"@id\":\"https:\/\/biciurba.com\/index.php\/2024\/04\/17\/entre-la-sequia-y-las-lluvias-torrenciales-el-nino-y-la-nina-nos-muestran-que-no-hacemos-los-correctivos-adecuados\/#breadcrumb\"},\"inLanguage\":\"es\",\"potentialAction\":[{\"@type\":\"ReadAction\",\"target\":[\"https:\/\/biciurba.com\/index.php\/2024\/04\/17\/entre-la-sequia-y-las-lluvias-torrenciales-el-nino-y-la-nina-nos-muestran-que-no-hacemos-los-correctivos-adecuados\/\"]}]},{\"@type\":\"ImageObject\",\"inLanguage\":\"es\",\"@id\":\"https:\/\/biciurba.com\/index.php\/2024\/04\/17\/entre-la-sequia-y-las-lluvias-torrenciales-el-nino-y-la-nina-nos-muestran-que-no-hacemos-los-correctivos-adecuados\/#primaryimage\",\"url\":\"https:\/\/biciurba.com\/wp-content\/uploads\/2024\/04\/sequia.png\",\"contentUrl\":\"https:\/\/biciurba.com\/wp-content\/uploads\/2024\/04\/sequia.png\",\"width\":600,\"height\":400,\"caption\":\"Efecto de El Ni\u00f1o en el municipio de Cucunuba, sequ\u00eda prolongada.\"},{\"@type\":\"BreadcrumbList\",\"@id\":\"https:\/\/biciurba.com\/index.php\/2024\/04\/17\/entre-la-sequia-y-las-lluvias-torrenciales-el-nino-y-la-nina-nos-muestran-que-no-hacemos-los-correctivos-adecuados\/#breadcrumb\",\"itemListElement\":[{\"@type\":\"ListItem\",\"position\":1,\"name\":\"Portada\",\"item\":\"https:\/\/biciurba.com\/\"},{\"@type\":\"ListItem\",\"position\":2,\"name\":\"Entre la sequ\u00eda y las lluvias torrenciales, El Ni\u00f1o y La Ni\u00f1a nos muestran que no hacemos los correctivos adecuados\"}]},{\"@type\":\"WebSite\",\"@id\":\"https:\/\/biciurba.com\/#website\",\"url\":\"https:\/\/biciurba.com\/\",\"name\":\"Biciurba\",\"description\":\"Una mejor manera de vivir\",\"publisher\":{\"@id\":\"https:\/\/biciurba.com\/#\/schema\/person\/d9675ddf29ee982d268db0a3f239eced\"},\"potentialAction\":[{\"@type\":\"SearchAction\",\"target\":{\"@type\":\"EntryPoint\",\"urlTemplate\":\"https:\/\/biciurba.com\/?s={search_term_string}\"},\"query-input\":{\"@type\":\"PropertyValueSpecification\",\"valueRequired\":true,\"valueName\":\"search_term_string\"}}],\"inLanguage\":\"es\"},{\"@type\":[\"Person\",\"Organization\"],\"@id\":\"https:\/\/biciurba.com\/#\/schema\/person\/d9675ddf29ee982d268db0a3f239eced\",\"name\":\"Carlos Cantor\",\"image\":{\"@type\":\"ImageObject\",\"inLanguage\":\"es\",\"@id\":\"https:\/\/biciurba.com\/#\/schema\/person\/image\/\",\"url\":\"https:\/\/biciurba.com\/wp-content\/uploads\/2024\/04\/cropped-logo-1.png\",\"contentUrl\":\"https:\/\/biciurba.com\/wp-content\/uploads\/2024\/04\/cropped-logo-1.png\",\"width\":512,\"height\":318,\"caption\":\"Carlos Cantor\"},\"logo\":{\"@id\":\"https:\/\/biciurba.com\/#\/schema\/person\/image\/\"},\"sameAs\":[\"https:\/\/biciurba.com\"],\"url\":\"https:\/\/biciurba.com\/index.php\/author\/ccantor\/\"}]}<\/script>\n<!-- \/ Yoast SEO plugin. -->","yoast_head_json":{"title":"Entre la sequ\u00eda y las lluvias torrenciales, El Ni\u00f1o y La Ni\u00f1a nos muestran que no hacemos los correctivos adecuados - Biciurba","robots":{"index":"index","follow":"follow","max-snippet":"max-snippet:-1","max-image-preview":"max-image-preview:large","max-video-preview":"max-video-preview:-1"},"canonical":"https:\/\/biciurba.com\/index.php\/2024\/04\/17\/entre-la-sequia-y-las-lluvias-torrenciales-el-nino-y-la-nina-nos-muestran-que-no-hacemos-los-correctivos-adecuados\/","og_locale":"es_ES","og_type":"article","og_title":"Entre la sequ\u00eda y las lluvias torrenciales, El Ni\u00f1o y La Ni\u00f1a nos muestran que no hacemos los correctivos adecuados - Biciurba","og_description":"Cada tres o siete a\u00f1os y con una duraci\u00f3n de entre un a\u00f1o y a\u00f1o y medio buena parte de Suram\u00e9rica, Australia, el sur de \u00c1frica se enfrentan al calor y sequ\u00eda extremo y lluvias torrenciales, huracanes e intensas inundaciones, es decir a situaciones extremas de realidades climatol\u00f3gicas que se desarrollan en el centro y [&hellip;]","og_url":"https:\/\/biciurba.com\/index.php\/2024\/04\/17\/entre-la-sequia-y-las-lluvias-torrenciales-el-nino-y-la-nina-nos-muestran-que-no-hacemos-los-correctivos-adecuados\/","og_site_name":"Biciurba","article_published_time":"2024-04-17T18:00:00+00:00","article_modified_time":"2024-04-17T16:47:37+00:00","og_image":[{"width":600,"height":400,"url":"https:\/\/biciurba.com\/wp-content\/uploads\/2024\/04\/sequia.png","type":"image\/png"}],"author":"Carlos Cantor","twitter_card":"summary_large_image","twitter_misc":{"Escrito por":"Carlos Cantor","Tiempo de lectura":"4 minutos"},"schema":{"@context":"https:\/\/schema.org","@graph":[{"@type":"Article","@id":"https:\/\/biciurba.com\/index.php\/2024\/04\/17\/entre-la-sequia-y-las-lluvias-torrenciales-el-nino-y-la-nina-nos-muestran-que-no-hacemos-los-correctivos-adecuados\/#article","isPartOf":{"@id":"https:\/\/biciurba.com\/index.php\/2024\/04\/17\/entre-la-sequia-y-las-lluvias-torrenciales-el-nino-y-la-nina-nos-muestran-que-no-hacemos-los-correctivos-adecuados\/"},"author":{"name":"Carlos Cantor","@id":"https:\/\/biciurba.com\/#\/schema\/person\/d9675ddf29ee982d268db0a3f239eced"},"headline":"Entre la sequ\u00eda y las lluvias torrenciales, El Ni\u00f1o y La Ni\u00f1a nos muestran que no hacemos los correctivos adecuados","datePublished":"2024-04-17T18:00:00+00:00","dateModified":"2024-04-17T16:47:37+00:00","mainEntityOfPage":{"@id":"https:\/\/biciurba.com\/index.php\/2024\/04\/17\/entre-la-sequia-y-las-lluvias-torrenciales-el-nino-y-la-nina-nos-muestran-que-no-hacemos-los-correctivos-adecuados\/"},"wordCount":896,"commentCount":0,"publisher":{"@id":"https:\/\/biciurba.com\/#\/schema\/person\/d9675ddf29ee982d268db0a3f239eced"},"image":{"@id":"https:\/\/biciurba.com\/index.php\/2024\/04\/17\/entre-la-sequia-y-las-lluvias-torrenciales-el-nino-y-la-nina-nos-muestran-que-no-hacemos-los-correctivos-adecuados\/#primaryimage"},"thumbnailUrl":"https:\/\/biciurba.com\/wp-content\/uploads\/2024\/04\/sequia.png","keywords":["Crisis clim\u00e1tica","Efecto de La Ni\u00f1a","Efecto del El NI\u00f1o","inundaciones","sequ\u00eda"],"articleSection":["Crisis clim\u00e1tica"],"inLanguage":"es","potentialAction":[{"@type":"CommentAction","name":"Comment","target":["https:\/\/biciurba.com\/index.php\/2024\/04\/17\/entre-la-sequia-y-las-lluvias-torrenciales-el-nino-y-la-nina-nos-muestran-que-no-hacemos-los-correctivos-adecuados\/#respond"]}]},{"@type":"WebPage","@id":"https:\/\/biciurba.com\/index.php\/2024\/04\/17\/entre-la-sequia-y-las-lluvias-torrenciales-el-nino-y-la-nina-nos-muestran-que-no-hacemos-los-correctivos-adecuados\/","url":"https:\/\/biciurba.com\/index.php\/2024\/04\/17\/entre-la-sequia-y-las-lluvias-torrenciales-el-nino-y-la-nina-nos-muestran-que-no-hacemos-los-correctivos-adecuados\/","name":"Entre la sequ\u00eda y las lluvias torrenciales, El Ni\u00f1o y La Ni\u00f1a nos muestran que no hacemos los correctivos adecuados - Biciurba","isPartOf":{"@id":"https:\/\/biciurba.com\/#website"},"primaryImageOfPage":{"@id":"https:\/\/biciurba.com\/index.php\/2024\/04\/17\/entre-la-sequia-y-las-lluvias-torrenciales-el-nino-y-la-nina-nos-muestran-que-no-hacemos-los-correctivos-adecuados\/#primaryimage"},"image":{"@id":"https:\/\/biciurba.com\/index.php\/2024\/04\/17\/entre-la-sequia-y-las-lluvias-torrenciales-el-nino-y-la-nina-nos-muestran-que-no-hacemos-los-correctivos-adecuados\/#primaryimage"},"thumbnailUrl":"https:\/\/biciurba.com\/wp-content\/uploads\/2024\/04\/sequia.png","datePublished":"2024-04-17T18:00:00+00:00","dateModified":"2024-04-17T16:47:37+00:00","breadcrumb":{"@id":"https:\/\/biciurba.com\/index.php\/2024\/04\/17\/entre-la-sequia-y-las-lluvias-torrenciales-el-nino-y-la-nina-nos-muestran-que-no-hacemos-los-correctivos-adecuados\/#breadcrumb"},"inLanguage":"es","potentialAction":[{"@type":"ReadAction","target":["https:\/\/biciurba.com\/index.php\/2024\/04\/17\/entre-la-sequia-y-las-lluvias-torrenciales-el-nino-y-la-nina-nos-muestran-que-no-hacemos-los-correctivos-adecuados\/"]}]},{"@type":"ImageObject","inLanguage":"es","@id":"https:\/\/biciurba.com\/index.php\/2024\/04\/17\/entre-la-sequia-y-las-lluvias-torrenciales-el-nino-y-la-nina-nos-muestran-que-no-hacemos-los-correctivos-adecuados\/#primaryimage","url":"https:\/\/biciurba.com\/wp-content\/uploads\/2024\/04\/sequia.png","contentUrl":"https:\/\/biciurba.com\/wp-content\/uploads\/2024\/04\/sequia.png","width":600,"height":400,"caption":"Efecto de El Ni\u00f1o en el municipio de Cucunuba, sequ\u00eda prolongada."},{"@type":"BreadcrumbList","@id":"https:\/\/biciurba.com\/index.php\/2024\/04\/17\/entre-la-sequia-y-las-lluvias-torrenciales-el-nino-y-la-nina-nos-muestran-que-no-hacemos-los-correctivos-adecuados\/#breadcrumb","itemListElement":[{"@type":"ListItem","position":1,"name":"Portada","item":"https:\/\/biciurba.com\/"},{"@type":"ListItem","position":2,"name":"Entre la sequ\u00eda y las lluvias torrenciales, El Ni\u00f1o y La Ni\u00f1a nos muestran que no hacemos los correctivos adecuados"}]},{"@type":"WebSite","@id":"https:\/\/biciurba.com\/#website","url":"https:\/\/biciurba.com\/","name":"Biciurba","description":"Una mejor manera de vivir","publisher":{"@id":"https:\/\/biciurba.com\/#\/schema\/person\/d9675ddf29ee982d268db0a3f239eced"},"potentialAction":[{"@type":"SearchAction","target":{"@type":"EntryPoint","urlTemplate":"https:\/\/biciurba.com\/?s={search_term_string}"},"query-input":{"@type":"PropertyValueSpecification","valueRequired":true,"valueName":"search_term_string"}}],"inLanguage":"es"},{"@type":["Person","Organization"],"@id":"https:\/\/biciurba.com\/#\/schema\/person\/d9675ddf29ee982d268db0a3f239eced","name":"Carlos Cantor","image":{"@type":"ImageObject","inLanguage":"es","@id":"https:\/\/biciurba.com\/#\/schema\/person\/image\/","url":"https:\/\/biciurba.com\/wp-content\/uploads\/2024\/04\/cropped-logo-1.png","contentUrl":"https:\/\/biciurba.com\/wp-content\/uploads\/2024\/04\/cropped-logo-1.png","width":512,"height":318,"caption":"Carlos Cantor"},"logo":{"@id":"https:\/\/biciurba.com\/#\/schema\/person\/image\/"},"sameAs":["https:\/\/biciurba.com"],"url":"https:\/\/biciurba.com\/index.php\/author\/ccantor\/"}]}},"_links":{"self":[{"href":"https:\/\/biciurba.com\/index.php\/wp-json\/wp\/v2\/posts\/314"}],"collection":[{"href":"https:\/\/biciurba.com\/index.php\/wp-json\/wp\/v2\/posts"}],"about":[{"href":"https:\/\/biciurba.com\/index.php\/wp-json\/wp\/v2\/types\/post"}],"author":[{"embeddable":true,"href":"https:\/\/biciurba.com\/index.php\/wp-json\/wp\/v2\/users\/1"}],"replies":[{"embeddable":true,"href":"https:\/\/biciurba.com\/index.php\/wp-json\/wp\/v2\/comments?post=314"}],"version-history":[{"count":1,"href":"https:\/\/biciurba.com\/index.php\/wp-json\/wp\/v2\/posts\/314\/revisions"}],"predecessor-version":[{"id":316,"href":"https:\/\/biciurba.com\/index.php\/wp-json\/wp\/v2\/posts\/314\/revisions\/316"}],"wp:featuredmedia":[{"embeddable":true,"href":"https:\/\/biciurba.com\/index.php\/wp-json\/wp\/v2\/media\/315"}],"wp:attachment":[{"href":"https:\/\/biciurba.com\/index.php\/wp-json\/wp\/v2\/media?parent=314"}],"wp:term":[{"taxonomy":"category","embeddable":true,"href":"https:\/\/biciurba.com\/index.php\/wp-json\/wp\/v2\/categories?post=314"},{"taxonomy":"post_tag","embeddable":true,"href":"https:\/\/biciurba.com\/index.php\/wp-json\/wp\/v2\/tags?post=314"}],"curies":[{"name":"wp","href":"https:\/\/api.w.org\/{rel}","templated":true}]}}