{"id":319,"date":"2024-04-18T14:24:34","date_gmt":"2024-04-18T19:24:34","guid":{"rendered":"https:\/\/biciurba.com\/?p=319"},"modified":"2024-04-18T14:24:35","modified_gmt":"2024-04-18T19:24:35","slug":"y-cual-es-el-afan-de-consumir-cosas-que-no-son-indispensables-en-nuestras-vidas","status":"publish","type":"post","link":"https:\/\/biciurba.com\/index.php\/2024\/04\/18\/y-cual-es-el-afan-de-consumir-cosas-que-no-son-indispensables-en-nuestras-vidas\/","title":{"rendered":"Y cu\u00e1l es el af\u00e1n de consumir cosas que no son indispensables en nuestras vidas"},"content":{"rendered":"\n<p>Cu\u00e1ntas veces usted llega de forma desprevenida a ciertos comercios que ofrecen una gran cantidad de cosas que usted o su familia no necesitan y sin embargo usted sale con paquetes de compras impulsivas. Esas es una condici\u00f3n aprendida y estimulada por un arma muy interesante: la publicidad. Nos hace desear cosas que no necesitamos.<\/p>\n\n\n\n<p>Esta sociedad del consumo es el resultado de la revoluci\u00f3n del comercio que va unido a la industria y al capital, que busca no solo recuperar inversiones, fundamentalmente aumentar el capital, para que en un c\u00edrculo interminable se pueda desarrollar cosas que no requerimos como fundamentales, hacer inversiones en la industria y recoger la cosecha de dinero en las tiendas y centros comerciales.<\/p>\n\n\n\n<p>La vida urbana, que entre otras no obliga a trabajar y trabajar y seguir trabajando sin detenernos para adquirir vivienda,  electrodom\u00e9sticos, veh\u00edculos, ropa de ocasi\u00f3n y laboral, accesorios de comunicaciones y una infinita gama de aparatos, que entre otras est\u00e1n programados para dejar de funcionar, o porque el mismo mercado de productos los van sacando por ser anticuados.<\/p>\n\n\n\n<p>Esta realidad ha contribuido de forma tajante a ramas del conocimiento como el Dise\u00f1o Industrial, \u00e1reas de la ingenier\u00eda, la comunicaci\u00f3n y todo un campo dedicado al comercio, que ya no es simplemente un intercambio, tanto desde  lo local como internacional.<\/p>\n\n\n\n<p>La globalizaci\u00f3n ha hecho posible que lleguen una infinidad de productos, muchos de los cuales ni siquiera se adaptan a costumbres sociales o culturales determinadas. A\u00fan as\u00ed, la comunicaci\u00f3n hace posible que estos objetos se vean deseables, importantes y algo de lo cual no hemos podido superar desde los tiempos imperiales, lo que entendemos como civilizado, moderno y que nos estatus social.<\/p>\n\n\n\n<p>Cuando nos acercamos al tema de la Crisis Clim\u00e1tica y esa forma de consumir sin l\u00edmites, nos muestra como la destrucci\u00f3n planetaria es una realidad palpable, y con ella la de  personas que son esclavizadas por esas megaindustrias que solo quieren producir de forma imparable y vender de la misma manera.  Si bien es cierto se busca que se aplique una econom\u00eda circular,  no llega a todos los renglones de la producci\u00f3n. El desperdicio de materias primas es inmenso y la contaminaci\u00f3n se extiende.<\/p>\n\n\n\n<p>\u00bfTiene sentido ese consumo al que se nos invitan todos los d\u00edas? La principal argumentaci\u00f3n es el buen estado de la salud de la econom\u00eda, que implica competir en el mercado, generar empleos y sostener la macroeconom\u00eda. Lo que se pasa por alto es el costo real de esa forma de consumo. Es el planeta, sus biodiversidad, los esclavos actuales y los consumidores que se pasan la vida endeudados pagando cosas que en muchos casos solo hacen estorbo porque no se usan, y a la verdad no ten\u00edan objeto adquirirlo en su momento.<\/p>\n\n\n\n<p>Bien lo dice el papa Francisco \u00abEstamos saciados de tantas cosas, pero carecemos de la nostalgia por lo que nos hace falta. Nos hemos obsesionado con las necesidades, con lo que comeremos o con qu\u00e9 nos vestiremos, dejando que se volatilice el deseo de aquello que va m\u00e1s all\u00e1, la falta de deseo la que lleva a la tristeza y a la indiferencia\u00bb. Y esa nostalgia tiene que ver con una vida sencilla, mesurada, dedicada al servicio a las comunidades donde desarrollamos nuestras vidas, enmarcado en la generosidad de ser desprendido, libre sin ataduras a las cosas.<\/p>\n\n\n\n<p>Cada vez que se preocupe por adquirir algo, por crear un cr\u00e9dito y su deuda, considere si realmente es necesario para usted y su entorno familiar. Tenga en cuenta el costo real de adquirir algo que viene de las ant\u00edpodas de donde est\u00e1 usted y  tal como lo hacen los empresarios, f\u00edjese en cu\u00e1l es el retorno que proporciona esa compra. Bien complejo es cualquier cambio en el sistema econ\u00f3mico imperante, pero m\u00e1s all\u00e1 de cambios estructurales de los pa\u00edses, el cambio depende en realidad de cada uno de nosotros y de nadie m\u00e1s.<\/p>\n\n\n\n<p>No podemos ser parte de la cultura del descarte que es producto del capitalismo neoliberal y en ella todo se convierte en mercanc\u00eda, incluso la persona humana. Dentro del neoliberalismo se desacredita a todo tipo de personas y se ignora su dignidad adem\u00e1s que todo se vale para producir m\u00e1s, extender los mercados y ganar dinero por montones en las manos de los poderosos, que no son necesariamente personas como tal. Es el capital generando m\u00e1s capital. <\/p>\n\n\n\n<p><\/p>\n","protected":false},"excerpt":{"rendered":"<p>Cu\u00e1ntas veces usted llega de forma desprevenida a ciertos comercios que ofrecen una gran cantidad de cosas que usted o su familia no necesitan y sin embargo usted sale con paquetes de compras impulsivas. Esas es una condici\u00f3n aprendida y estimulada por un arma muy interesante: la publicidad. Nos hace desear cosas que no necesitamos. [&hellip;]<\/p>\n","protected":false},"author":1,"featured_media":320,"comment_status":"open","ping_status":"open","sticky":false,"template":"","format":"standard","meta":{"footnotes":""},"categories":[50],"tags":[125,127,126,124,128],"class_list":["post-319","post","type-post","status-publish","format-standard","has-post-thumbnail","hentry","category-salud-y-bienestar","tag-capitalismo-neoliberal","tag-compras-compulsivas","tag-cosas","tag-economia-del-descarte","tag-francisco"],"yoast_head":"<!-- This site is optimized with the Yoast SEO plugin v23.9 - https:\/\/yoast.com\/wordpress\/plugins\/seo\/ -->\n<title>Y cu\u00e1l es el af\u00e1n de consumir cosas que no son indispensables en nuestras vidas - Biciurba<\/title>\n<meta name=\"robots\" content=\"index, follow, max-snippet:-1, max-image-preview:large, max-video-preview:-1\" \/>\n<link rel=\"canonical\" href=\"https:\/\/biciurba.com\/index.php\/2024\/04\/18\/y-cual-es-el-afan-de-consumir-cosas-que-no-son-indispensables-en-nuestras-vidas\/\" \/>\n<meta property=\"og:locale\" content=\"es_ES\" \/>\n<meta property=\"og:type\" content=\"article\" \/>\n<meta property=\"og:title\" content=\"Y cu\u00e1l es el af\u00e1n de consumir cosas que no son indispensables en nuestras vidas - Biciurba\" \/>\n<meta property=\"og:description\" content=\"Cu\u00e1ntas veces usted llega de forma desprevenida a ciertos comercios que ofrecen una gran cantidad de cosas que usted o su familia no necesitan y sin embargo usted sale con paquetes de compras impulsivas. Esas es una condici\u00f3n aprendida y estimulada por un arma muy interesante: la publicidad. Nos hace desear cosas que no necesitamos. [&hellip;]\" \/>\n<meta property=\"og:url\" content=\"https:\/\/biciurba.com\/index.php\/2024\/04\/18\/y-cual-es-el-afan-de-consumir-cosas-que-no-son-indispensables-en-nuestras-vidas\/\" \/>\n<meta property=\"og:site_name\" content=\"Biciurba\" \/>\n<meta property=\"article:published_time\" content=\"2024-04-18T19:24:34+00:00\" \/>\n<meta property=\"article:modified_time\" content=\"2024-04-18T19:24:35+00:00\" \/>\n<meta property=\"og:image\" content=\"https:\/\/biciurba.com\/wp-content\/uploads\/2024\/04\/sociedad-de-consumo.png\" \/>\n\t<meta property=\"og:image:width\" content=\"600\" \/>\n\t<meta property=\"og:image:height\" content=\"400\" \/>\n\t<meta property=\"og:image:type\" content=\"image\/png\" \/>\n<meta name=\"author\" content=\"Carlos Cantor\" \/>\n<meta name=\"twitter:card\" content=\"summary_large_image\" \/>\n<meta name=\"twitter:label1\" content=\"Escrito por\" \/>\n\t<meta name=\"twitter:data1\" content=\"Carlos Cantor\" \/>\n\t<meta name=\"twitter:label2\" content=\"Tiempo de lectura\" \/>\n\t<meta name=\"twitter:data2\" content=\"4 minutos\" \/>\n<script type=\"application\/ld+json\" class=\"yoast-schema-graph\">{\"@context\":\"https:\/\/schema.org\",\"@graph\":[{\"@type\":\"Article\",\"@id\":\"https:\/\/biciurba.com\/index.php\/2024\/04\/18\/y-cual-es-el-afan-de-consumir-cosas-que-no-son-indispensables-en-nuestras-vidas\/#article\",\"isPartOf\":{\"@id\":\"https:\/\/biciurba.com\/index.php\/2024\/04\/18\/y-cual-es-el-afan-de-consumir-cosas-que-no-son-indispensables-en-nuestras-vidas\/\"},\"author\":{\"name\":\"Carlos Cantor\",\"@id\":\"https:\/\/biciurba.com\/#\/schema\/person\/d9675ddf29ee982d268db0a3f239eced\"},\"headline\":\"Y cu\u00e1l es el af\u00e1n de consumir cosas que no son indispensables en nuestras vidas\",\"datePublished\":\"2024-04-18T19:24:34+00:00\",\"dateModified\":\"2024-04-18T19:24:35+00:00\",\"mainEntityOfPage\":{\"@id\":\"https:\/\/biciurba.com\/index.php\/2024\/04\/18\/y-cual-es-el-afan-de-consumir-cosas-que-no-son-indispensables-en-nuestras-vidas\/\"},\"wordCount\":779,\"commentCount\":0,\"publisher\":{\"@id\":\"https:\/\/biciurba.com\/#\/schema\/person\/d9675ddf29ee982d268db0a3f239eced\"},\"image\":{\"@id\":\"https:\/\/biciurba.com\/index.php\/2024\/04\/18\/y-cual-es-el-afan-de-consumir-cosas-que-no-son-indispensables-en-nuestras-vidas\/#primaryimage\"},\"thumbnailUrl\":\"https:\/\/biciurba.com\/wp-content\/uploads\/2024\/04\/sociedad-de-consumo.png\",\"keywords\":[\"Capitalismo neoliberal\",\"compras compulsivas\",\"cosas\",\"econom\u00eda del descarte\",\"Francisco\"],\"articleSection\":[\"Vida Buena\"],\"inLanguage\":\"es\",\"potentialAction\":[{\"@type\":\"CommentAction\",\"name\":\"Comment\",\"target\":[\"https:\/\/biciurba.com\/index.php\/2024\/04\/18\/y-cual-es-el-afan-de-consumir-cosas-que-no-son-indispensables-en-nuestras-vidas\/#respond\"]}]},{\"@type\":\"WebPage\",\"@id\":\"https:\/\/biciurba.com\/index.php\/2024\/04\/18\/y-cual-es-el-afan-de-consumir-cosas-que-no-son-indispensables-en-nuestras-vidas\/\",\"url\":\"https:\/\/biciurba.com\/index.php\/2024\/04\/18\/y-cual-es-el-afan-de-consumir-cosas-que-no-son-indispensables-en-nuestras-vidas\/\",\"name\":\"Y cu\u00e1l es el af\u00e1n de consumir cosas que no son indispensables en nuestras vidas - Biciurba\",\"isPartOf\":{\"@id\":\"https:\/\/biciurba.com\/#website\"},\"primaryImageOfPage\":{\"@id\":\"https:\/\/biciurba.com\/index.php\/2024\/04\/18\/y-cual-es-el-afan-de-consumir-cosas-que-no-son-indispensables-en-nuestras-vidas\/#primaryimage\"},\"image\":{\"@id\":\"https:\/\/biciurba.com\/index.php\/2024\/04\/18\/y-cual-es-el-afan-de-consumir-cosas-que-no-son-indispensables-en-nuestras-vidas\/#primaryimage\"},\"thumbnailUrl\":\"https:\/\/biciurba.com\/wp-content\/uploads\/2024\/04\/sociedad-de-consumo.png\",\"datePublished\":\"2024-04-18T19:24:34+00:00\",\"dateModified\":\"2024-04-18T19:24:35+00:00\",\"breadcrumb\":{\"@id\":\"https:\/\/biciurba.com\/index.php\/2024\/04\/18\/y-cual-es-el-afan-de-consumir-cosas-que-no-son-indispensables-en-nuestras-vidas\/#breadcrumb\"},\"inLanguage\":\"es\",\"potentialAction\":[{\"@type\":\"ReadAction\",\"target\":[\"https:\/\/biciurba.com\/index.php\/2024\/04\/18\/y-cual-es-el-afan-de-consumir-cosas-que-no-son-indispensables-en-nuestras-vidas\/\"]}]},{\"@type\":\"ImageObject\",\"inLanguage\":\"es\",\"@id\":\"https:\/\/biciurba.com\/index.php\/2024\/04\/18\/y-cual-es-el-afan-de-consumir-cosas-que-no-son-indispensables-en-nuestras-vidas\/#primaryimage\",\"url\":\"https:\/\/biciurba.com\/wp-content\/uploads\/2024\/04\/sociedad-de-consumo.png\",\"contentUrl\":\"https:\/\/biciurba.com\/wp-content\/uploads\/2024\/04\/sociedad-de-consumo.png\",\"width\":600,\"height\":400,\"caption\":\"El sobreconsumo es el detonante de muchos de los problemas ambientales que sufrimos actualmente: sobrepesca, deforestaci\u00f3n, emisi\u00f3n de gases de efectos invernadero y cambio clim\u00e1tico, las islas de pl\u00e1stico o la p\u00e9rdida de biodiversidad. Francisco.\"},{\"@type\":\"BreadcrumbList\",\"@id\":\"https:\/\/biciurba.com\/index.php\/2024\/04\/18\/y-cual-es-el-afan-de-consumir-cosas-que-no-son-indispensables-en-nuestras-vidas\/#breadcrumb\",\"itemListElement\":[{\"@type\":\"ListItem\",\"position\":1,\"name\":\"Portada\",\"item\":\"https:\/\/biciurba.com\/\"},{\"@type\":\"ListItem\",\"position\":2,\"name\":\"Y cu\u00e1l es el af\u00e1n de consumir cosas que no son indispensables en nuestras vidas\"}]},{\"@type\":\"WebSite\",\"@id\":\"https:\/\/biciurba.com\/#website\",\"url\":\"https:\/\/biciurba.com\/\",\"name\":\"Biciurba\",\"description\":\"Una mejor manera de vivir\",\"publisher\":{\"@id\":\"https:\/\/biciurba.com\/#\/schema\/person\/d9675ddf29ee982d268db0a3f239eced\"},\"potentialAction\":[{\"@type\":\"SearchAction\",\"target\":{\"@type\":\"EntryPoint\",\"urlTemplate\":\"https:\/\/biciurba.com\/?s={search_term_string}\"},\"query-input\":{\"@type\":\"PropertyValueSpecification\",\"valueRequired\":true,\"valueName\":\"search_term_string\"}}],\"inLanguage\":\"es\"},{\"@type\":[\"Person\",\"Organization\"],\"@id\":\"https:\/\/biciurba.com\/#\/schema\/person\/d9675ddf29ee982d268db0a3f239eced\",\"name\":\"Carlos Cantor\",\"image\":{\"@type\":\"ImageObject\",\"inLanguage\":\"es\",\"@id\":\"https:\/\/biciurba.com\/#\/schema\/person\/image\/\",\"url\":\"https:\/\/biciurba.com\/wp-content\/uploads\/2024\/04\/cropped-logo-1.png\",\"contentUrl\":\"https:\/\/biciurba.com\/wp-content\/uploads\/2024\/04\/cropped-logo-1.png\",\"width\":512,\"height\":318,\"caption\":\"Carlos Cantor\"},\"logo\":{\"@id\":\"https:\/\/biciurba.com\/#\/schema\/person\/image\/\"},\"sameAs\":[\"https:\/\/biciurba.com\"],\"url\":\"https:\/\/biciurba.com\/index.php\/author\/ccantor\/\"}]}<\/script>\n<!-- \/ Yoast SEO plugin. -->","yoast_head_json":{"title":"Y cu\u00e1l es el af\u00e1n de consumir cosas que no son indispensables en nuestras vidas - Biciurba","robots":{"index":"index","follow":"follow","max-snippet":"max-snippet:-1","max-image-preview":"max-image-preview:large","max-video-preview":"max-video-preview:-1"},"canonical":"https:\/\/biciurba.com\/index.php\/2024\/04\/18\/y-cual-es-el-afan-de-consumir-cosas-que-no-son-indispensables-en-nuestras-vidas\/","og_locale":"es_ES","og_type":"article","og_title":"Y cu\u00e1l es el af\u00e1n de consumir cosas que no son indispensables en nuestras vidas - Biciurba","og_description":"Cu\u00e1ntas veces usted llega de forma desprevenida a ciertos comercios que ofrecen una gran cantidad de cosas que usted o su familia no necesitan y sin embargo usted sale con paquetes de compras impulsivas. Esas es una condici\u00f3n aprendida y estimulada por un arma muy interesante: la publicidad. Nos hace desear cosas que no necesitamos. [&hellip;]","og_url":"https:\/\/biciurba.com\/index.php\/2024\/04\/18\/y-cual-es-el-afan-de-consumir-cosas-que-no-son-indispensables-en-nuestras-vidas\/","og_site_name":"Biciurba","article_published_time":"2024-04-18T19:24:34+00:00","article_modified_time":"2024-04-18T19:24:35+00:00","og_image":[{"width":600,"height":400,"url":"https:\/\/biciurba.com\/wp-content\/uploads\/2024\/04\/sociedad-de-consumo.png","type":"image\/png"}],"author":"Carlos Cantor","twitter_card":"summary_large_image","twitter_misc":{"Escrito por":"Carlos Cantor","Tiempo de lectura":"4 minutos"},"schema":{"@context":"https:\/\/schema.org","@graph":[{"@type":"Article","@id":"https:\/\/biciurba.com\/index.php\/2024\/04\/18\/y-cual-es-el-afan-de-consumir-cosas-que-no-son-indispensables-en-nuestras-vidas\/#article","isPartOf":{"@id":"https:\/\/biciurba.com\/index.php\/2024\/04\/18\/y-cual-es-el-afan-de-consumir-cosas-que-no-son-indispensables-en-nuestras-vidas\/"},"author":{"name":"Carlos Cantor","@id":"https:\/\/biciurba.com\/#\/schema\/person\/d9675ddf29ee982d268db0a3f239eced"},"headline":"Y cu\u00e1l es el af\u00e1n de consumir cosas que no son indispensables en nuestras vidas","datePublished":"2024-04-18T19:24:34+00:00","dateModified":"2024-04-18T19:24:35+00:00","mainEntityOfPage":{"@id":"https:\/\/biciurba.com\/index.php\/2024\/04\/18\/y-cual-es-el-afan-de-consumir-cosas-que-no-son-indispensables-en-nuestras-vidas\/"},"wordCount":779,"commentCount":0,"publisher":{"@id":"https:\/\/biciurba.com\/#\/schema\/person\/d9675ddf29ee982d268db0a3f239eced"},"image":{"@id":"https:\/\/biciurba.com\/index.php\/2024\/04\/18\/y-cual-es-el-afan-de-consumir-cosas-que-no-son-indispensables-en-nuestras-vidas\/#primaryimage"},"thumbnailUrl":"https:\/\/biciurba.com\/wp-content\/uploads\/2024\/04\/sociedad-de-consumo.png","keywords":["Capitalismo neoliberal","compras compulsivas","cosas","econom\u00eda del descarte","Francisco"],"articleSection":["Vida Buena"],"inLanguage":"es","potentialAction":[{"@type":"CommentAction","name":"Comment","target":["https:\/\/biciurba.com\/index.php\/2024\/04\/18\/y-cual-es-el-afan-de-consumir-cosas-que-no-son-indispensables-en-nuestras-vidas\/#respond"]}]},{"@type":"WebPage","@id":"https:\/\/biciurba.com\/index.php\/2024\/04\/18\/y-cual-es-el-afan-de-consumir-cosas-que-no-son-indispensables-en-nuestras-vidas\/","url":"https:\/\/biciurba.com\/index.php\/2024\/04\/18\/y-cual-es-el-afan-de-consumir-cosas-que-no-son-indispensables-en-nuestras-vidas\/","name":"Y cu\u00e1l es el af\u00e1n de consumir cosas que no son indispensables en nuestras vidas - Biciurba","isPartOf":{"@id":"https:\/\/biciurba.com\/#website"},"primaryImageOfPage":{"@id":"https:\/\/biciurba.com\/index.php\/2024\/04\/18\/y-cual-es-el-afan-de-consumir-cosas-que-no-son-indispensables-en-nuestras-vidas\/#primaryimage"},"image":{"@id":"https:\/\/biciurba.com\/index.php\/2024\/04\/18\/y-cual-es-el-afan-de-consumir-cosas-que-no-son-indispensables-en-nuestras-vidas\/#primaryimage"},"thumbnailUrl":"https:\/\/biciurba.com\/wp-content\/uploads\/2024\/04\/sociedad-de-consumo.png","datePublished":"2024-04-18T19:24:34+00:00","dateModified":"2024-04-18T19:24:35+00:00","breadcrumb":{"@id":"https:\/\/biciurba.com\/index.php\/2024\/04\/18\/y-cual-es-el-afan-de-consumir-cosas-que-no-son-indispensables-en-nuestras-vidas\/#breadcrumb"},"inLanguage":"es","potentialAction":[{"@type":"ReadAction","target":["https:\/\/biciurba.com\/index.php\/2024\/04\/18\/y-cual-es-el-afan-de-consumir-cosas-que-no-son-indispensables-en-nuestras-vidas\/"]}]},{"@type":"ImageObject","inLanguage":"es","@id":"https:\/\/biciurba.com\/index.php\/2024\/04\/18\/y-cual-es-el-afan-de-consumir-cosas-que-no-son-indispensables-en-nuestras-vidas\/#primaryimage","url":"https:\/\/biciurba.com\/wp-content\/uploads\/2024\/04\/sociedad-de-consumo.png","contentUrl":"https:\/\/biciurba.com\/wp-content\/uploads\/2024\/04\/sociedad-de-consumo.png","width":600,"height":400,"caption":"El sobreconsumo es el detonante de muchos de los problemas ambientales que sufrimos actualmente: sobrepesca, deforestaci\u00f3n, emisi\u00f3n de gases de efectos invernadero y cambio clim\u00e1tico, las islas de pl\u00e1stico o la p\u00e9rdida de biodiversidad. Francisco."},{"@type":"BreadcrumbList","@id":"https:\/\/biciurba.com\/index.php\/2024\/04\/18\/y-cual-es-el-afan-de-consumir-cosas-que-no-son-indispensables-en-nuestras-vidas\/#breadcrumb","itemListElement":[{"@type":"ListItem","position":1,"name":"Portada","item":"https:\/\/biciurba.com\/"},{"@type":"ListItem","position":2,"name":"Y cu\u00e1l es el af\u00e1n de consumir cosas que no son indispensables en nuestras vidas"}]},{"@type":"WebSite","@id":"https:\/\/biciurba.com\/#website","url":"https:\/\/biciurba.com\/","name":"Biciurba","description":"Una mejor manera de vivir","publisher":{"@id":"https:\/\/biciurba.com\/#\/schema\/person\/d9675ddf29ee982d268db0a3f239eced"},"potentialAction":[{"@type":"SearchAction","target":{"@type":"EntryPoint","urlTemplate":"https:\/\/biciurba.com\/?s={search_term_string}"},"query-input":{"@type":"PropertyValueSpecification","valueRequired":true,"valueName":"search_term_string"}}],"inLanguage":"es"},{"@type":["Person","Organization"],"@id":"https:\/\/biciurba.com\/#\/schema\/person\/d9675ddf29ee982d268db0a3f239eced","name":"Carlos Cantor","image":{"@type":"ImageObject","inLanguage":"es","@id":"https:\/\/biciurba.com\/#\/schema\/person\/image\/","url":"https:\/\/biciurba.com\/wp-content\/uploads\/2024\/04\/cropped-logo-1.png","contentUrl":"https:\/\/biciurba.com\/wp-content\/uploads\/2024\/04\/cropped-logo-1.png","width":512,"height":318,"caption":"Carlos Cantor"},"logo":{"@id":"https:\/\/biciurba.com\/#\/schema\/person\/image\/"},"sameAs":["https:\/\/biciurba.com"],"url":"https:\/\/biciurba.com\/index.php\/author\/ccantor\/"}]}},"_links":{"self":[{"href":"https:\/\/biciurba.com\/index.php\/wp-json\/wp\/v2\/posts\/319"}],"collection":[{"href":"https:\/\/biciurba.com\/index.php\/wp-json\/wp\/v2\/posts"}],"about":[{"href":"https:\/\/biciurba.com\/index.php\/wp-json\/wp\/v2\/types\/post"}],"author":[{"embeddable":true,"href":"https:\/\/biciurba.com\/index.php\/wp-json\/wp\/v2\/users\/1"}],"replies":[{"embeddable":true,"href":"https:\/\/biciurba.com\/index.php\/wp-json\/wp\/v2\/comments?post=319"}],"version-history":[{"count":1,"href":"https:\/\/biciurba.com\/index.php\/wp-json\/wp\/v2\/posts\/319\/revisions"}],"predecessor-version":[{"id":321,"href":"https:\/\/biciurba.com\/index.php\/wp-json\/wp\/v2\/posts\/319\/revisions\/321"}],"wp:featuredmedia":[{"embeddable":true,"href":"https:\/\/biciurba.com\/index.php\/wp-json\/wp\/v2\/media\/320"}],"wp:attachment":[{"href":"https:\/\/biciurba.com\/index.php\/wp-json\/wp\/v2\/media?parent=319"}],"wp:term":[{"taxonomy":"category","embeddable":true,"href":"https:\/\/biciurba.com\/index.php\/wp-json\/wp\/v2\/categories?post=319"},{"taxonomy":"post_tag","embeddable":true,"href":"https:\/\/biciurba.com\/index.php\/wp-json\/wp\/v2\/tags?post=319"}],"curies":[{"name":"wp","href":"https:\/\/api.w.org\/{rel}","templated":true}]}}