{"id":324,"date":"2024-04-19T10:00:00","date_gmt":"2024-04-19T15:00:00","guid":{"rendered":"https:\/\/biciurba.com\/?p=324"},"modified":"2024-04-19T14:44:50","modified_gmt":"2024-04-19T19:44:50","slug":"cuando-el-agua-se-vuelve-un-bien-escaso-y-la-electricidad-otro-tanto","status":"publish","type":"post","link":"https:\/\/biciurba.com\/index.php\/2024\/04\/19\/cuando-el-agua-se-vuelve-un-bien-escaso-y-la-electricidad-otro-tanto\/","title":{"rendered":"Cuando el agua se vuelve un bien escaso y la electricidad otro tanto"},"content":{"rendered":"\n<p>En l\u00edneas generales Suram\u00e9rica es un continente verde, claro con las excepciones de Per\u00fa, Chile, una parte de Bolivia y Argentina, pero de alguna forma logran adaptarse a esas zonas des\u00e9rticas en donde o bien hay oasis o la cordillera de Los Andes les procura agua a trav\u00e9s de las nieves y glaciares.<\/p>\n\n\n\n<p>La zona ecuatorial de nuestro continente, que no tiene estaciones, s\u00ed ciclos de mayor o menor pluviosidad, est\u00e1 cambiando de forma dr\u00e1stica ocasionada por la crisis clim\u00e1tica que altera la fuerza de los efectos del El Ni\u00f1o y de La Ni\u00f1a. Se suma la inclemente deforestaci\u00f3n y destrucci\u00f3n del sistema amaz\u00f3nico que no solo se da en Brasil, tambi\u00e9n en Venezuela, Colombia, Ecuador, Per\u00fa y Bolivia, lo que est\u00e1 alterando de forma vital la realidad de estos bosques y sus ecosistemas, que se han catalogado como los pulmones del mundo.<\/p>\n\n\n\n<p>Hoy, cuando se publican posibles recortes de energ\u00eda el\u00e9ctrica y de agua potable domiciliaria, nos damos cuenta de que durante d\u00e9cadas hemos atentado y destruido todo un ecosistema que nos permit\u00eda literalmente desperdiciar agua y energ\u00eda en cantidades representativas. Nadie en nuestras ciudades se preocupaba por evitar el despilfarro, hasta fiesta con el l\u00edquido en los carnavales como sucede en el Caribe colombiano.<\/p>\n\n\n\n<p>Ya Colombia lo hab\u00eda experimentado en 1992 a causa del fen\u00f3meno de El Ni\u00f1o y como siempre se prometieron reformas y pol\u00edticas de producci\u00f3n energ\u00e9tica. Lo complejo es que se hicieron a partir de formas que a la larga no dan mejores resultados. Las hidroel\u00e9ctricas dependen del agua y ya sabemos lo que est\u00e1 sucediendo hoy. Las termoel\u00e9ctricas funcionan con combustibles f\u00f3siles y carb\u00f3n que son costosos y altamente contaminantes. No se vislumbr\u00f3 el cambio que se requer\u00eda desde ese momento hasta hoy.<\/p>\n\n\n\n<p>En el caso de la Costa Atl\u00e1ntica, donde el servicio de energ\u00eda el\u00e9ctrica es una necesidad innegable por las altas temperaturas que se viven all\u00ed, es adem\u00e1s de extremadamente costosa, ineficiente y un atentado a la seguridad por la cantidad de tomas fraudulentas que se hacen a la red por parte de inescrupulosos usuarios. En esta zona se tienen dos fuentes b\u00e1sicas de energ\u00edas verdes: el sol que es igual todo el a\u00f1o y el viento que es m\u00e1s o menos fuerte en algunos meses, pero igual hay corrientes todo el a\u00f1o.<\/p>\n\n\n\n<p>La soluci\u00f3n est\u00e1 a la vista, pero su desarrollo se ha enfrentado a otros planteamientos e intereses pol\u00edticos y empresariales. Solo se han desarrollado t\u00edmidas acciones, casi de emergencia, en los dos \u00faltimos gobiernos. La burocracia, las poblaciones raizales y en general todo un sistema paquid\u00e9rmico y saboteador de s\u00ed mismo, no han entendido ni ayudado a que las energ\u00edas fotovoltaicas sean una realidad en ciudades capitales como Riohacha, Santa Marta, Barranquilla, Cartagena y eso sin contar con las poblaciones de lo que se denomina el Caribe Sabanero.<\/p>\n\n\n\n<p>El tema energ\u00e9tico es solucionable en un pa\u00eds con sol todo el a\u00f1o, a\u00fan en las ciudades ubicadas en las cordilleras, all\u00ed brilla a\u00fan en tiempos de lluvias, porque en esta parte del planeta no sucede como en los pa\u00edses del norte de Europa, o el mismo Canad\u00e1 que oscurece m\u00e1s temprano, hay meses de verdadera penumbra y la temperatura lum\u00ednica es menor.<\/p>\n\n\n\n<p>\u00bfQu\u00e9 hacer ahora? La respuesta est\u00e1 en los mismos ciudadanos. Hoy la tecnolog\u00eda fotovoltaica ofrece muchos productos dise\u00f1ados para proporcionar iluminaci\u00f3n sin necesidad de inmensos paneles, m\u00e1s por el contrario, se ofrecen formatos m\u00e1s peque\u00f1os, eficientes y con los bombillos led la apuesta se cumple: energ\u00eda solar en casa o en apartamentos.<\/p>\n\n\n\n<p>Si quiere suplir la energ\u00eda de electrodom\u00e9sticos como refrigeradores, lavadoras, hornos microondas y cuanta olla o parrilla el\u00e9ctrica se le ocurra, aqu\u00ed el tema es potencia, eso implica paneles m\u00e1s grandes, acumuladores o unirse al sistema el\u00e9ctrico ya estable . Por ahora, la urgencia es no quedarnos a oscuras, y no solo en casa. En las zonas comunes de conjuntos residenciales es la oportunidad para cambiar luminarias convencionales por aquellas que tienen su propia celda, y que en algunos lugares de nuestras ciudades se est\u00e1n implementando.<\/p>\n\n\n\n<p>Quiz\u00e1s esta emergencia nos pueda ayudar, desde la ciudadan\u00eda, a dar un salto adelante, acci\u00f3n que las administraciones, tanto anteriores como las presentes, no lo hacen de forma eficiente y eficaz. Se mueven entre medio muchos intereses, la energ\u00eda finalmente es dinero manejado por multinacionales o entidades gubernamentales. Esto es igual en cualquier pa\u00eds en nuestro continente.<\/p>\n\n\n\n<p>La opci\u00f3n, como siempre, se enmarca en dos variantes b\u00e1sicas: voluntad y dinero. Si hace c\u00e1lculos de cu\u00e1nto puede bajar su factura del servicio el\u00e9ctrico domiciliario, se dar\u00e1 cuenta de que los fotovoltaicos hacen lo suyo a favor de su econom\u00eda.<\/p>\n","protected":false},"excerpt":{"rendered":"<p>En l\u00edneas generales Suram\u00e9rica es un continente verde, claro con las excepciones de Per\u00fa, Chile, una parte de Bolivia y Argentina, pero de alguna forma logran adaptarse a esas zonas des\u00e9rticas en donde o bien hay oasis o la cordillera de Los Andes les procura agua a trav\u00e9s de las nieves y glaciares. La zona [&hellip;]<\/p>\n","protected":false},"author":1,"featured_media":325,"comment_status":"open","ping_status":"open","sticky":false,"template":"","format":"standard","meta":{"footnotes":""},"categories":[95],"tags":[109,19,130,131,132,129],"class_list":["post-324","post","type-post","status-publish","format-standard","has-post-thumbnail","hentry","category-crisis-climatica","tag-apagon","tag-crisis-climatica","tag-economia-personal","tag-electricidad","tag-energias-verdes","tag-fotovoltaicos"],"yoast_head":"<!-- This site is optimized with the Yoast SEO plugin v23.9 - https:\/\/yoast.com\/wordpress\/plugins\/seo\/ -->\n<title>Cuando el agua se vuelve un bien escaso y la electricidad otro tanto - Biciurba<\/title>\n<meta name=\"robots\" content=\"index, follow, max-snippet:-1, max-image-preview:large, max-video-preview:-1\" \/>\n<link rel=\"canonical\" href=\"https:\/\/biciurba.com\/index.php\/2024\/04\/19\/cuando-el-agua-se-vuelve-un-bien-escaso-y-la-electricidad-otro-tanto\/\" \/>\n<meta property=\"og:locale\" content=\"es_ES\" \/>\n<meta property=\"og:type\" content=\"article\" \/>\n<meta property=\"og:title\" content=\"Cuando el agua se vuelve un bien escaso y la electricidad otro tanto - Biciurba\" \/>\n<meta property=\"og:description\" content=\"En l\u00edneas generales Suram\u00e9rica es un continente verde, claro con las excepciones de Per\u00fa, Chile, una parte de Bolivia y Argentina, pero de alguna forma logran adaptarse a esas zonas des\u00e9rticas en donde o bien hay oasis o la cordillera de Los Andes les procura agua a trav\u00e9s de las nieves y glaciares. La zona [&hellip;]\" \/>\n<meta property=\"og:url\" content=\"https:\/\/biciurba.com\/index.php\/2024\/04\/19\/cuando-el-agua-se-vuelve-un-bien-escaso-y-la-electricidad-otro-tanto\/\" \/>\n<meta property=\"og:site_name\" content=\"Biciurba\" \/>\n<meta property=\"article:published_time\" content=\"2024-04-19T15:00:00+00:00\" \/>\n<meta property=\"article:modified_time\" content=\"2024-04-19T19:44:50+00:00\" \/>\n<meta property=\"og:image\" content=\"https:\/\/biciurba.com\/wp-content\/uploads\/2024\/04\/apagon.png\" \/>\n\t<meta property=\"og:image:width\" content=\"600\" \/>\n\t<meta property=\"og:image:height\" content=\"400\" \/>\n\t<meta property=\"og:image:type\" content=\"image\/png\" \/>\n<meta name=\"author\" content=\"Carlos Cantor\" \/>\n<meta name=\"twitter:card\" content=\"summary_large_image\" \/>\n<meta name=\"twitter:label1\" content=\"Escrito por\" \/>\n\t<meta name=\"twitter:data1\" content=\"Carlos Cantor\" \/>\n\t<meta name=\"twitter:label2\" content=\"Tiempo de lectura\" \/>\n\t<meta name=\"twitter:data2\" content=\"4 minutos\" \/>\n<script type=\"application\/ld+json\" class=\"yoast-schema-graph\">{\"@context\":\"https:\/\/schema.org\",\"@graph\":[{\"@type\":\"Article\",\"@id\":\"https:\/\/biciurba.com\/index.php\/2024\/04\/19\/cuando-el-agua-se-vuelve-un-bien-escaso-y-la-electricidad-otro-tanto\/#article\",\"isPartOf\":{\"@id\":\"https:\/\/biciurba.com\/index.php\/2024\/04\/19\/cuando-el-agua-se-vuelve-un-bien-escaso-y-la-electricidad-otro-tanto\/\"},\"author\":{\"name\":\"Carlos Cantor\",\"@id\":\"https:\/\/biciurba.com\/#\/schema\/person\/d9675ddf29ee982d268db0a3f239eced\"},\"headline\":\"Cuando el agua se vuelve un bien escaso y la electricidad otro tanto\",\"datePublished\":\"2024-04-19T15:00:00+00:00\",\"dateModified\":\"2024-04-19T19:44:50+00:00\",\"mainEntityOfPage\":{\"@id\":\"https:\/\/biciurba.com\/index.php\/2024\/04\/19\/cuando-el-agua-se-vuelve-un-bien-escaso-y-la-electricidad-otro-tanto\/\"},\"wordCount\":854,\"commentCount\":0,\"publisher\":{\"@id\":\"https:\/\/biciurba.com\/#\/schema\/person\/d9675ddf29ee982d268db0a3f239eced\"},\"image\":{\"@id\":\"https:\/\/biciurba.com\/index.php\/2024\/04\/19\/cuando-el-agua-se-vuelve-un-bien-escaso-y-la-electricidad-otro-tanto\/#primaryimage\"},\"thumbnailUrl\":\"https:\/\/biciurba.com\/wp-content\/uploads\/2024\/04\/apagon.png\",\"keywords\":[\"apag\u00f3n\",\"Crisis clim\u00e1tica\",\"econom\u00eda personal\",\"electricidad\",\"energ\u00edas verdes\",\"fotovoltaicos\"],\"articleSection\":[\"Crisis clim\u00e1tica\"],\"inLanguage\":\"es\",\"potentialAction\":[{\"@type\":\"CommentAction\",\"name\":\"Comment\",\"target\":[\"https:\/\/biciurba.com\/index.php\/2024\/04\/19\/cuando-el-agua-se-vuelve-un-bien-escaso-y-la-electricidad-otro-tanto\/#respond\"]}]},{\"@type\":\"WebPage\",\"@id\":\"https:\/\/biciurba.com\/index.php\/2024\/04\/19\/cuando-el-agua-se-vuelve-un-bien-escaso-y-la-electricidad-otro-tanto\/\",\"url\":\"https:\/\/biciurba.com\/index.php\/2024\/04\/19\/cuando-el-agua-se-vuelve-un-bien-escaso-y-la-electricidad-otro-tanto\/\",\"name\":\"Cuando el agua se vuelve un bien escaso y la electricidad otro tanto - Biciurba\",\"isPartOf\":{\"@id\":\"https:\/\/biciurba.com\/#website\"},\"primaryImageOfPage\":{\"@id\":\"https:\/\/biciurba.com\/index.php\/2024\/04\/19\/cuando-el-agua-se-vuelve-un-bien-escaso-y-la-electricidad-otro-tanto\/#primaryimage\"},\"image\":{\"@id\":\"https:\/\/biciurba.com\/index.php\/2024\/04\/19\/cuando-el-agua-se-vuelve-un-bien-escaso-y-la-electricidad-otro-tanto\/#primaryimage\"},\"thumbnailUrl\":\"https:\/\/biciurba.com\/wp-content\/uploads\/2024\/04\/apagon.png\",\"datePublished\":\"2024-04-19T15:00:00+00:00\",\"dateModified\":\"2024-04-19T19:44:50+00:00\",\"breadcrumb\":{\"@id\":\"https:\/\/biciurba.com\/index.php\/2024\/04\/19\/cuando-el-agua-se-vuelve-un-bien-escaso-y-la-electricidad-otro-tanto\/#breadcrumb\"},\"inLanguage\":\"es\",\"potentialAction\":[{\"@type\":\"ReadAction\",\"target\":[\"https:\/\/biciurba.com\/index.php\/2024\/04\/19\/cuando-el-agua-se-vuelve-un-bien-escaso-y-la-electricidad-otro-tanto\/\"]}]},{\"@type\":\"ImageObject\",\"inLanguage\":\"es\",\"@id\":\"https:\/\/biciurba.com\/index.php\/2024\/04\/19\/cuando-el-agua-se-vuelve-un-bien-escaso-y-la-electricidad-otro-tanto\/#primaryimage\",\"url\":\"https:\/\/biciurba.com\/wp-content\/uploads\/2024\/04\/apagon.png\",\"contentUrl\":\"https:\/\/biciurba.com\/wp-content\/uploads\/2024\/04\/apagon.png\",\"width\":600,\"height\":400,\"caption\":\"Lo hemos vivido en varias ocasiones y en todo el continente, la soluci\u00f3n est\u00e1 en las manos de los ciudadanos, los gobiernos siempre llegan demasiado tarde.\"},{\"@type\":\"BreadcrumbList\",\"@id\":\"https:\/\/biciurba.com\/index.php\/2024\/04\/19\/cuando-el-agua-se-vuelve-un-bien-escaso-y-la-electricidad-otro-tanto\/#breadcrumb\",\"itemListElement\":[{\"@type\":\"ListItem\",\"position\":1,\"name\":\"Portada\",\"item\":\"https:\/\/biciurba.com\/\"},{\"@type\":\"ListItem\",\"position\":2,\"name\":\"Cuando el agua se vuelve un bien escaso y la electricidad otro tanto\"}]},{\"@type\":\"WebSite\",\"@id\":\"https:\/\/biciurba.com\/#website\",\"url\":\"https:\/\/biciurba.com\/\",\"name\":\"Biciurba\",\"description\":\"Una mejor manera de vivir\",\"publisher\":{\"@id\":\"https:\/\/biciurba.com\/#\/schema\/person\/d9675ddf29ee982d268db0a3f239eced\"},\"potentialAction\":[{\"@type\":\"SearchAction\",\"target\":{\"@type\":\"EntryPoint\",\"urlTemplate\":\"https:\/\/biciurba.com\/?s={search_term_string}\"},\"query-input\":{\"@type\":\"PropertyValueSpecification\",\"valueRequired\":true,\"valueName\":\"search_term_string\"}}],\"inLanguage\":\"es\"},{\"@type\":[\"Person\",\"Organization\"],\"@id\":\"https:\/\/biciurba.com\/#\/schema\/person\/d9675ddf29ee982d268db0a3f239eced\",\"name\":\"Carlos Cantor\",\"image\":{\"@type\":\"ImageObject\",\"inLanguage\":\"es\",\"@id\":\"https:\/\/biciurba.com\/#\/schema\/person\/image\/\",\"url\":\"https:\/\/biciurba.com\/wp-content\/uploads\/2024\/04\/cropped-logo-1.png\",\"contentUrl\":\"https:\/\/biciurba.com\/wp-content\/uploads\/2024\/04\/cropped-logo-1.png\",\"width\":512,\"height\":318,\"caption\":\"Carlos Cantor\"},\"logo\":{\"@id\":\"https:\/\/biciurba.com\/#\/schema\/person\/image\/\"},\"sameAs\":[\"https:\/\/biciurba.com\"],\"url\":\"https:\/\/biciurba.com\/index.php\/author\/ccantor\/\"}]}<\/script>\n<!-- \/ Yoast SEO plugin. -->","yoast_head_json":{"title":"Cuando el agua se vuelve un bien escaso y la electricidad otro tanto - Biciurba","robots":{"index":"index","follow":"follow","max-snippet":"max-snippet:-1","max-image-preview":"max-image-preview:large","max-video-preview":"max-video-preview:-1"},"canonical":"https:\/\/biciurba.com\/index.php\/2024\/04\/19\/cuando-el-agua-se-vuelve-un-bien-escaso-y-la-electricidad-otro-tanto\/","og_locale":"es_ES","og_type":"article","og_title":"Cuando el agua se vuelve un bien escaso y la electricidad otro tanto - Biciurba","og_description":"En l\u00edneas generales Suram\u00e9rica es un continente verde, claro con las excepciones de Per\u00fa, Chile, una parte de Bolivia y Argentina, pero de alguna forma logran adaptarse a esas zonas des\u00e9rticas en donde o bien hay oasis o la cordillera de Los Andes les procura agua a trav\u00e9s de las nieves y glaciares. La zona [&hellip;]","og_url":"https:\/\/biciurba.com\/index.php\/2024\/04\/19\/cuando-el-agua-se-vuelve-un-bien-escaso-y-la-electricidad-otro-tanto\/","og_site_name":"Biciurba","article_published_time":"2024-04-19T15:00:00+00:00","article_modified_time":"2024-04-19T19:44:50+00:00","og_image":[{"width":600,"height":400,"url":"https:\/\/biciurba.com\/wp-content\/uploads\/2024\/04\/apagon.png","type":"image\/png"}],"author":"Carlos Cantor","twitter_card":"summary_large_image","twitter_misc":{"Escrito por":"Carlos Cantor","Tiempo de lectura":"4 minutos"},"schema":{"@context":"https:\/\/schema.org","@graph":[{"@type":"Article","@id":"https:\/\/biciurba.com\/index.php\/2024\/04\/19\/cuando-el-agua-se-vuelve-un-bien-escaso-y-la-electricidad-otro-tanto\/#article","isPartOf":{"@id":"https:\/\/biciurba.com\/index.php\/2024\/04\/19\/cuando-el-agua-se-vuelve-un-bien-escaso-y-la-electricidad-otro-tanto\/"},"author":{"name":"Carlos Cantor","@id":"https:\/\/biciurba.com\/#\/schema\/person\/d9675ddf29ee982d268db0a3f239eced"},"headline":"Cuando el agua se vuelve un bien escaso y la electricidad otro tanto","datePublished":"2024-04-19T15:00:00+00:00","dateModified":"2024-04-19T19:44:50+00:00","mainEntityOfPage":{"@id":"https:\/\/biciurba.com\/index.php\/2024\/04\/19\/cuando-el-agua-se-vuelve-un-bien-escaso-y-la-electricidad-otro-tanto\/"},"wordCount":854,"commentCount":0,"publisher":{"@id":"https:\/\/biciurba.com\/#\/schema\/person\/d9675ddf29ee982d268db0a3f239eced"},"image":{"@id":"https:\/\/biciurba.com\/index.php\/2024\/04\/19\/cuando-el-agua-se-vuelve-un-bien-escaso-y-la-electricidad-otro-tanto\/#primaryimage"},"thumbnailUrl":"https:\/\/biciurba.com\/wp-content\/uploads\/2024\/04\/apagon.png","keywords":["apag\u00f3n","Crisis clim\u00e1tica","econom\u00eda personal","electricidad","energ\u00edas verdes","fotovoltaicos"],"articleSection":["Crisis clim\u00e1tica"],"inLanguage":"es","potentialAction":[{"@type":"CommentAction","name":"Comment","target":["https:\/\/biciurba.com\/index.php\/2024\/04\/19\/cuando-el-agua-se-vuelve-un-bien-escaso-y-la-electricidad-otro-tanto\/#respond"]}]},{"@type":"WebPage","@id":"https:\/\/biciurba.com\/index.php\/2024\/04\/19\/cuando-el-agua-se-vuelve-un-bien-escaso-y-la-electricidad-otro-tanto\/","url":"https:\/\/biciurba.com\/index.php\/2024\/04\/19\/cuando-el-agua-se-vuelve-un-bien-escaso-y-la-electricidad-otro-tanto\/","name":"Cuando el agua se vuelve un bien escaso y la electricidad otro tanto - Biciurba","isPartOf":{"@id":"https:\/\/biciurba.com\/#website"},"primaryImageOfPage":{"@id":"https:\/\/biciurba.com\/index.php\/2024\/04\/19\/cuando-el-agua-se-vuelve-un-bien-escaso-y-la-electricidad-otro-tanto\/#primaryimage"},"image":{"@id":"https:\/\/biciurba.com\/index.php\/2024\/04\/19\/cuando-el-agua-se-vuelve-un-bien-escaso-y-la-electricidad-otro-tanto\/#primaryimage"},"thumbnailUrl":"https:\/\/biciurba.com\/wp-content\/uploads\/2024\/04\/apagon.png","datePublished":"2024-04-19T15:00:00+00:00","dateModified":"2024-04-19T19:44:50+00:00","breadcrumb":{"@id":"https:\/\/biciurba.com\/index.php\/2024\/04\/19\/cuando-el-agua-se-vuelve-un-bien-escaso-y-la-electricidad-otro-tanto\/#breadcrumb"},"inLanguage":"es","potentialAction":[{"@type":"ReadAction","target":["https:\/\/biciurba.com\/index.php\/2024\/04\/19\/cuando-el-agua-se-vuelve-un-bien-escaso-y-la-electricidad-otro-tanto\/"]}]},{"@type":"ImageObject","inLanguage":"es","@id":"https:\/\/biciurba.com\/index.php\/2024\/04\/19\/cuando-el-agua-se-vuelve-un-bien-escaso-y-la-electricidad-otro-tanto\/#primaryimage","url":"https:\/\/biciurba.com\/wp-content\/uploads\/2024\/04\/apagon.png","contentUrl":"https:\/\/biciurba.com\/wp-content\/uploads\/2024\/04\/apagon.png","width":600,"height":400,"caption":"Lo hemos vivido en varias ocasiones y en todo el continente, la soluci\u00f3n est\u00e1 en las manos de los ciudadanos, los gobiernos siempre llegan demasiado tarde."},{"@type":"BreadcrumbList","@id":"https:\/\/biciurba.com\/index.php\/2024\/04\/19\/cuando-el-agua-se-vuelve-un-bien-escaso-y-la-electricidad-otro-tanto\/#breadcrumb","itemListElement":[{"@type":"ListItem","position":1,"name":"Portada","item":"https:\/\/biciurba.com\/"},{"@type":"ListItem","position":2,"name":"Cuando el agua se vuelve un bien escaso y la electricidad otro tanto"}]},{"@type":"WebSite","@id":"https:\/\/biciurba.com\/#website","url":"https:\/\/biciurba.com\/","name":"Biciurba","description":"Una mejor manera de vivir","publisher":{"@id":"https:\/\/biciurba.com\/#\/schema\/person\/d9675ddf29ee982d268db0a3f239eced"},"potentialAction":[{"@type":"SearchAction","target":{"@type":"EntryPoint","urlTemplate":"https:\/\/biciurba.com\/?s={search_term_string}"},"query-input":{"@type":"PropertyValueSpecification","valueRequired":true,"valueName":"search_term_string"}}],"inLanguage":"es"},{"@type":["Person","Organization"],"@id":"https:\/\/biciurba.com\/#\/schema\/person\/d9675ddf29ee982d268db0a3f239eced","name":"Carlos Cantor","image":{"@type":"ImageObject","inLanguage":"es","@id":"https:\/\/biciurba.com\/#\/schema\/person\/image\/","url":"https:\/\/biciurba.com\/wp-content\/uploads\/2024\/04\/cropped-logo-1.png","contentUrl":"https:\/\/biciurba.com\/wp-content\/uploads\/2024\/04\/cropped-logo-1.png","width":512,"height":318,"caption":"Carlos Cantor"},"logo":{"@id":"https:\/\/biciurba.com\/#\/schema\/person\/image\/"},"sameAs":["https:\/\/biciurba.com"],"url":"https:\/\/biciurba.com\/index.php\/author\/ccantor\/"}]}},"_links":{"self":[{"href":"https:\/\/biciurba.com\/index.php\/wp-json\/wp\/v2\/posts\/324"}],"collection":[{"href":"https:\/\/biciurba.com\/index.php\/wp-json\/wp\/v2\/posts"}],"about":[{"href":"https:\/\/biciurba.com\/index.php\/wp-json\/wp\/v2\/types\/post"}],"author":[{"embeddable":true,"href":"https:\/\/biciurba.com\/index.php\/wp-json\/wp\/v2\/users\/1"}],"replies":[{"embeddable":true,"href":"https:\/\/biciurba.com\/index.php\/wp-json\/wp\/v2\/comments?post=324"}],"version-history":[{"count":5,"href":"https:\/\/biciurba.com\/index.php\/wp-json\/wp\/v2\/posts\/324\/revisions"}],"predecessor-version":[{"id":333,"href":"https:\/\/biciurba.com\/index.php\/wp-json\/wp\/v2\/posts\/324\/revisions\/333"}],"wp:featuredmedia":[{"embeddable":true,"href":"https:\/\/biciurba.com\/index.php\/wp-json\/wp\/v2\/media\/325"}],"wp:attachment":[{"href":"https:\/\/biciurba.com\/index.php\/wp-json\/wp\/v2\/media?parent=324"}],"wp:term":[{"taxonomy":"category","embeddable":true,"href":"https:\/\/biciurba.com\/index.php\/wp-json\/wp\/v2\/categories?post=324"},{"taxonomy":"post_tag","embeddable":true,"href":"https:\/\/biciurba.com\/index.php\/wp-json\/wp\/v2\/tags?post=324"}],"curies":[{"name":"wp","href":"https:\/\/api.w.org\/{rel}","templated":true}]}}