{"id":337,"date":"2024-04-20T09:00:00","date_gmt":"2024-04-20T14:00:00","guid":{"rendered":"https:\/\/biciurba.com\/?p=337"},"modified":"2024-04-20T08:29:03","modified_gmt":"2024-04-20T13:29:03","slug":"el-tema-no-es-esperar-a-que-se-llenan-los-embalses-es-prevenir-y-hacer-los-correctivos-necesarias-en-sequia-y-en-inundaciones","status":"publish","type":"post","link":"https:\/\/biciurba.com\/index.php\/2024\/04\/20\/el-tema-no-es-esperar-a-que-se-llenan-los-embalses-es-prevenir-y-hacer-los-correctivos-necesarias-en-sequia-y-en-inundaciones\/","title":{"rendered":"El tema no es esperar a que se llenan los embalses, es prevenir y hacer los correctivos necesarias en sequ\u00eda y en inundaciones"},"content":{"rendered":"\n<p>Los fen\u00f3menos clim\u00e1ticos de El Ni\u00f1o y La Ni\u00f1a son recurrentes en la historia climatol\u00f3gica del oc\u00e9ano Pac\u00edfico, pero cada vez que se presentan los pa\u00edses afectados, especialmente suramericanos presentan los mismos titulares, fuertes sequ\u00edas, falta de agua para el consumo humano, el sector agropecuario, y en el caso de la producci\u00f3n de energ\u00eda el\u00e9ctrica por las hidroel\u00e9ctricas, crisis total. <\/p>\n\n\n\n<p>Ahora ya se aproxima el tiempo de lluvias y con ello grandes tragedias b\u00e1sicamente por los da\u00f1os asociados a las cuencas de los r\u00edos, deforestaci\u00f3n a todo nivel, construcci\u00f3n de viviendas en tierras ganadas a las cuencas y en general a la mala disposici\u00f3n que se hace de la naturaleza, que en el caso de Colombia se multiplica por tres, gracias a las cordilleras que se generan de la gran Cordillera de Los Andes.<\/p>\n\n\n\n<p>Un reconocido especialista en temas del clima, Max Henr\u00edquez, en entrevista con Uniminuto Radio, nos hace una perfecta descripci\u00f3n de una realidad que no se afronta de forma t\u00e9cnica, cient\u00edfica, m\u00e1s por el contrario, siempre de af\u00e1n y creando m\u00e1s problemas a la poblaci\u00f3n en general, aumentando da\u00f1os ambientales casi irrecuperables, finalmente para tener un bosque sano se requiere m\u00e1s de cincuenta a\u00f1os de su presencia en cualquier regi\u00f3n y con ello todo lo que se deriva en biodiversidad. Y recuperar una cuenca h\u00eddrica son d\u00e9cadas de dejarlas sin intervenci\u00f3n para que se puedan restablecer.<\/p>\n\n\n\n<figure class=\"wp-block-audio\"><audio controls src=\"https:\/\/biciurba.com\/wp-content\/uploads\/2024\/04\/Entrevista-a-Max-Enriquez.mp3\"><\/audio><figcaption class=\"wp-element-caption\">Max Henriquez, meteor\u00f3logo.<\/figcaption><\/figure>\n","protected":false},"excerpt":{"rendered":"<p>Los fen\u00f3menos clim\u00e1ticos de El Ni\u00f1o y La Ni\u00f1a son recurrentes en la historia climatol\u00f3gica del oc\u00e9ano Pac\u00edfico, pero cada vez que se presentan los pa\u00edses afectados, especialmente suramericanos presentan los mismos titulares, fuertes sequ\u00edas, falta de agua para el consumo humano, el sector agropecuario, y en el caso de la producci\u00f3n de energ\u00eda el\u00e9ctrica [&hellip;]<\/p>\n","protected":false},"author":1,"featured_media":339,"comment_status":"open","ping_status":"open","sticky":false,"template":"","format":"standard","meta":{"footnotes":""},"categories":[95],"tags":[133,123,134,135,122],"class_list":["post-337","post","type-post","status-publish","format-standard","has-post-thumbnail","hentry","category-crisis-climatica","tag-el-nino","tag-inundaciones","tag-la-nina","tag-max-henriquez","tag-sequia"],"yoast_head":"<!-- This site is optimized with the Yoast SEO plugin v23.9 - https:\/\/yoast.com\/wordpress\/plugins\/seo\/ -->\n<title>El tema no es esperar a que se llenan los embalses, es prevenir y hacer los correctivos necesarias en sequ\u00eda y en inundaciones - Biciurba<\/title>\n<meta name=\"robots\" content=\"index, follow, max-snippet:-1, max-image-preview:large, max-video-preview:-1\" \/>\n<link rel=\"canonical\" href=\"https:\/\/biciurba.com\/index.php\/2024\/04\/20\/el-tema-no-es-esperar-a-que-se-llenan-los-embalses-es-prevenir-y-hacer-los-correctivos-necesarias-en-sequia-y-en-inundaciones\/\" \/>\n<meta property=\"og:locale\" content=\"es_ES\" \/>\n<meta property=\"og:type\" content=\"article\" \/>\n<meta property=\"og:title\" content=\"El tema no es esperar a que se llenan los embalses, es prevenir y hacer los correctivos necesarias en sequ\u00eda y en inundaciones - Biciurba\" \/>\n<meta property=\"og:description\" content=\"Los fen\u00f3menos clim\u00e1ticos de El Ni\u00f1o y La Ni\u00f1a son recurrentes en la historia climatol\u00f3gica del oc\u00e9ano Pac\u00edfico, pero cada vez que se presentan los pa\u00edses afectados, especialmente suramericanos presentan los mismos titulares, fuertes sequ\u00edas, falta de agua para el consumo humano, el sector agropecuario, y en el caso de la producci\u00f3n de energ\u00eda el\u00e9ctrica [&hellip;]\" \/>\n<meta property=\"og:url\" content=\"https:\/\/biciurba.com\/index.php\/2024\/04\/20\/el-tema-no-es-esperar-a-que-se-llenan-los-embalses-es-prevenir-y-hacer-los-correctivos-necesarias-en-sequia-y-en-inundaciones\/\" \/>\n<meta property=\"og:site_name\" content=\"Biciurba\" \/>\n<meta property=\"article:published_time\" content=\"2024-04-20T14:00:00+00:00\" \/>\n<meta property=\"article:modified_time\" content=\"2024-04-20T13:29:03+00:00\" \/>\n<meta property=\"og:image\" content=\"https:\/\/biciurba.com\/wp-content\/uploads\/2024\/04\/aguacero.png\" \/>\n\t<meta property=\"og:image:width\" content=\"600\" \/>\n\t<meta property=\"og:image:height\" content=\"400\" \/>\n\t<meta property=\"og:image:type\" content=\"image\/png\" \/>\n<meta name=\"author\" content=\"Carlos Cantor\" \/>\n<meta name=\"twitter:card\" content=\"summary_large_image\" \/>\n<meta name=\"twitter:label1\" content=\"Escrito por\" \/>\n\t<meta name=\"twitter:data1\" content=\"Carlos Cantor\" \/>\n\t<meta name=\"twitter:label2\" content=\"Tiempo de lectura\" \/>\n\t<meta name=\"twitter:data2\" content=\"2 minutos\" \/>\n<script type=\"application\/ld+json\" class=\"yoast-schema-graph\">{\"@context\":\"https:\/\/schema.org\",\"@graph\":[{\"@type\":\"Article\",\"@id\":\"https:\/\/biciurba.com\/index.php\/2024\/04\/20\/el-tema-no-es-esperar-a-que-se-llenan-los-embalses-es-prevenir-y-hacer-los-correctivos-necesarias-en-sequia-y-en-inundaciones\/#article\",\"isPartOf\":{\"@id\":\"https:\/\/biciurba.com\/index.php\/2024\/04\/20\/el-tema-no-es-esperar-a-que-se-llenan-los-embalses-es-prevenir-y-hacer-los-correctivos-necesarias-en-sequia-y-en-inundaciones\/\"},\"author\":{\"name\":\"Carlos Cantor\",\"@id\":\"https:\/\/biciurba.com\/#\/schema\/person\/d9675ddf29ee982d268db0a3f239eced\"},\"headline\":\"El tema no es esperar a que se llenan los embalses, es prevenir y hacer los correctivos necesarias en sequ\u00eda y en inundaciones\",\"datePublished\":\"2024-04-20T14:00:00+00:00\",\"dateModified\":\"2024-04-20T13:29:03+00:00\",\"mainEntityOfPage\":{\"@id\":\"https:\/\/biciurba.com\/index.php\/2024\/04\/20\/el-tema-no-es-esperar-a-que-se-llenan-los-embalses-es-prevenir-y-hacer-los-correctivos-necesarias-en-sequia-y-en-inundaciones\/\"},\"wordCount\":291,\"commentCount\":2,\"publisher\":{\"@id\":\"https:\/\/biciurba.com\/#\/schema\/person\/d9675ddf29ee982d268db0a3f239eced\"},\"image\":{\"@id\":\"https:\/\/biciurba.com\/index.php\/2024\/04\/20\/el-tema-no-es-esperar-a-que-se-llenan-los-embalses-es-prevenir-y-hacer-los-correctivos-necesarias-en-sequia-y-en-inundaciones\/#primaryimage\"},\"thumbnailUrl\":\"https:\/\/biciurba.com\/wp-content\/uploads\/2024\/04\/aguacero.png\",\"keywords\":[\"El Ni\u00f1o\",\"inundaciones\",\"La Ni\u00f1a\",\"Max Henriquez\",\"sequ\u00eda\"],\"articleSection\":[\"Crisis clim\u00e1tica\"],\"inLanguage\":\"es\",\"potentialAction\":[{\"@type\":\"CommentAction\",\"name\":\"Comment\",\"target\":[\"https:\/\/biciurba.com\/index.php\/2024\/04\/20\/el-tema-no-es-esperar-a-que-se-llenan-los-embalses-es-prevenir-y-hacer-los-correctivos-necesarias-en-sequia-y-en-inundaciones\/#respond\"]}]},{\"@type\":\"WebPage\",\"@id\":\"https:\/\/biciurba.com\/index.php\/2024\/04\/20\/el-tema-no-es-esperar-a-que-se-llenan-los-embalses-es-prevenir-y-hacer-los-correctivos-necesarias-en-sequia-y-en-inundaciones\/\",\"url\":\"https:\/\/biciurba.com\/index.php\/2024\/04\/20\/el-tema-no-es-esperar-a-que-se-llenan-los-embalses-es-prevenir-y-hacer-los-correctivos-necesarias-en-sequia-y-en-inundaciones\/\",\"name\":\"El tema no es esperar a que se llenan los embalses, es prevenir y hacer los correctivos necesarias en sequ\u00eda y en inundaciones - Biciurba\",\"isPartOf\":{\"@id\":\"https:\/\/biciurba.com\/#website\"},\"primaryImageOfPage\":{\"@id\":\"https:\/\/biciurba.com\/index.php\/2024\/04\/20\/el-tema-no-es-esperar-a-que-se-llenan-los-embalses-es-prevenir-y-hacer-los-correctivos-necesarias-en-sequia-y-en-inundaciones\/#primaryimage\"},\"image\":{\"@id\":\"https:\/\/biciurba.com\/index.php\/2024\/04\/20\/el-tema-no-es-esperar-a-que-se-llenan-los-embalses-es-prevenir-y-hacer-los-correctivos-necesarias-en-sequia-y-en-inundaciones\/#primaryimage\"},\"thumbnailUrl\":\"https:\/\/biciurba.com\/wp-content\/uploads\/2024\/04\/aguacero.png\",\"datePublished\":\"2024-04-20T14:00:00+00:00\",\"dateModified\":\"2024-04-20T13:29:03+00:00\",\"breadcrumb\":{\"@id\":\"https:\/\/biciurba.com\/index.php\/2024\/04\/20\/el-tema-no-es-esperar-a-que-se-llenan-los-embalses-es-prevenir-y-hacer-los-correctivos-necesarias-en-sequia-y-en-inundaciones\/#breadcrumb\"},\"inLanguage\":\"es\",\"potentialAction\":[{\"@type\":\"ReadAction\",\"target\":[\"https:\/\/biciurba.com\/index.php\/2024\/04\/20\/el-tema-no-es-esperar-a-que-se-llenan-los-embalses-es-prevenir-y-hacer-los-correctivos-necesarias-en-sequia-y-en-inundaciones\/\"]}]},{\"@type\":\"ImageObject\",\"inLanguage\":\"es\",\"@id\":\"https:\/\/biciurba.com\/index.php\/2024\/04\/20\/el-tema-no-es-esperar-a-que-se-llenan-los-embalses-es-prevenir-y-hacer-los-correctivos-necesarias-en-sequia-y-en-inundaciones\/#primaryimage\",\"url\":\"https:\/\/biciurba.com\/wp-content\/uploads\/2024\/04\/aguacero.png\",\"contentUrl\":\"https:\/\/biciurba.com\/wp-content\/uploads\/2024\/04\/aguacero.png\",\"width\":600,\"height\":400,\"caption\":\"Ya llega el fen\u00f3meno de La Ni\u00f1a, con inundaciones y tragedias, una vez m\u00e1s se ve la improvisaci\u00f3n gubernamental frente a estos temas\"},{\"@type\":\"BreadcrumbList\",\"@id\":\"https:\/\/biciurba.com\/index.php\/2024\/04\/20\/el-tema-no-es-esperar-a-que-se-llenan-los-embalses-es-prevenir-y-hacer-los-correctivos-necesarias-en-sequia-y-en-inundaciones\/#breadcrumb\",\"itemListElement\":[{\"@type\":\"ListItem\",\"position\":1,\"name\":\"Portada\",\"item\":\"https:\/\/biciurba.com\/\"},{\"@type\":\"ListItem\",\"position\":2,\"name\":\"El tema no es esperar a que se llenan los embalses, es prevenir y hacer los correctivos necesarias en sequ\u00eda y en inundaciones\"}]},{\"@type\":\"WebSite\",\"@id\":\"https:\/\/biciurba.com\/#website\",\"url\":\"https:\/\/biciurba.com\/\",\"name\":\"Biciurba\",\"description\":\"Una mejor manera de vivir\",\"publisher\":{\"@id\":\"https:\/\/biciurba.com\/#\/schema\/person\/d9675ddf29ee982d268db0a3f239eced\"},\"potentialAction\":[{\"@type\":\"SearchAction\",\"target\":{\"@type\":\"EntryPoint\",\"urlTemplate\":\"https:\/\/biciurba.com\/?s={search_term_string}\"},\"query-input\":{\"@type\":\"PropertyValueSpecification\",\"valueRequired\":true,\"valueName\":\"search_term_string\"}}],\"inLanguage\":\"es\"},{\"@type\":[\"Person\",\"Organization\"],\"@id\":\"https:\/\/biciurba.com\/#\/schema\/person\/d9675ddf29ee982d268db0a3f239eced\",\"name\":\"Carlos Cantor\",\"image\":{\"@type\":\"ImageObject\",\"inLanguage\":\"es\",\"@id\":\"https:\/\/biciurba.com\/#\/schema\/person\/image\/\",\"url\":\"https:\/\/biciurba.com\/wp-content\/uploads\/2024\/04\/cropped-logo-1.png\",\"contentUrl\":\"https:\/\/biciurba.com\/wp-content\/uploads\/2024\/04\/cropped-logo-1.png\",\"width\":512,\"height\":318,\"caption\":\"Carlos Cantor\"},\"logo\":{\"@id\":\"https:\/\/biciurba.com\/#\/schema\/person\/image\/\"},\"sameAs\":[\"https:\/\/biciurba.com\"],\"url\":\"https:\/\/biciurba.com\/index.php\/author\/ccantor\/\"}]}<\/script>\n<!-- \/ Yoast SEO plugin. -->","yoast_head_json":{"title":"El tema no es esperar a que se llenan los embalses, es prevenir y hacer los correctivos necesarias en sequ\u00eda y en inundaciones - Biciurba","robots":{"index":"index","follow":"follow","max-snippet":"max-snippet:-1","max-image-preview":"max-image-preview:large","max-video-preview":"max-video-preview:-1"},"canonical":"https:\/\/biciurba.com\/index.php\/2024\/04\/20\/el-tema-no-es-esperar-a-que-se-llenan-los-embalses-es-prevenir-y-hacer-los-correctivos-necesarias-en-sequia-y-en-inundaciones\/","og_locale":"es_ES","og_type":"article","og_title":"El tema no es esperar a que se llenan los embalses, es prevenir y hacer los correctivos necesarias en sequ\u00eda y en inundaciones - Biciurba","og_description":"Los fen\u00f3menos clim\u00e1ticos de El Ni\u00f1o y La Ni\u00f1a son recurrentes en la historia climatol\u00f3gica del oc\u00e9ano Pac\u00edfico, pero cada vez que se presentan los pa\u00edses afectados, especialmente suramericanos presentan los mismos titulares, fuertes sequ\u00edas, falta de agua para el consumo humano, el sector agropecuario, y en el caso de la producci\u00f3n de energ\u00eda el\u00e9ctrica [&hellip;]","og_url":"https:\/\/biciurba.com\/index.php\/2024\/04\/20\/el-tema-no-es-esperar-a-que-se-llenan-los-embalses-es-prevenir-y-hacer-los-correctivos-necesarias-en-sequia-y-en-inundaciones\/","og_site_name":"Biciurba","article_published_time":"2024-04-20T14:00:00+00:00","article_modified_time":"2024-04-20T13:29:03+00:00","og_image":[{"width":600,"height":400,"url":"https:\/\/biciurba.com\/wp-content\/uploads\/2024\/04\/aguacero.png","type":"image\/png"}],"author":"Carlos Cantor","twitter_card":"summary_large_image","twitter_misc":{"Escrito por":"Carlos Cantor","Tiempo de lectura":"2 minutos"},"schema":{"@context":"https:\/\/schema.org","@graph":[{"@type":"Article","@id":"https:\/\/biciurba.com\/index.php\/2024\/04\/20\/el-tema-no-es-esperar-a-que-se-llenan-los-embalses-es-prevenir-y-hacer-los-correctivos-necesarias-en-sequia-y-en-inundaciones\/#article","isPartOf":{"@id":"https:\/\/biciurba.com\/index.php\/2024\/04\/20\/el-tema-no-es-esperar-a-que-se-llenan-los-embalses-es-prevenir-y-hacer-los-correctivos-necesarias-en-sequia-y-en-inundaciones\/"},"author":{"name":"Carlos Cantor","@id":"https:\/\/biciurba.com\/#\/schema\/person\/d9675ddf29ee982d268db0a3f239eced"},"headline":"El tema no es esperar a que se llenan los embalses, es prevenir y hacer los correctivos necesarias en sequ\u00eda y en inundaciones","datePublished":"2024-04-20T14:00:00+00:00","dateModified":"2024-04-20T13:29:03+00:00","mainEntityOfPage":{"@id":"https:\/\/biciurba.com\/index.php\/2024\/04\/20\/el-tema-no-es-esperar-a-que-se-llenan-los-embalses-es-prevenir-y-hacer-los-correctivos-necesarias-en-sequia-y-en-inundaciones\/"},"wordCount":291,"commentCount":2,"publisher":{"@id":"https:\/\/biciurba.com\/#\/schema\/person\/d9675ddf29ee982d268db0a3f239eced"},"image":{"@id":"https:\/\/biciurba.com\/index.php\/2024\/04\/20\/el-tema-no-es-esperar-a-que-se-llenan-los-embalses-es-prevenir-y-hacer-los-correctivos-necesarias-en-sequia-y-en-inundaciones\/#primaryimage"},"thumbnailUrl":"https:\/\/biciurba.com\/wp-content\/uploads\/2024\/04\/aguacero.png","keywords":["El Ni\u00f1o","inundaciones","La Ni\u00f1a","Max Henriquez","sequ\u00eda"],"articleSection":["Crisis clim\u00e1tica"],"inLanguage":"es","potentialAction":[{"@type":"CommentAction","name":"Comment","target":["https:\/\/biciurba.com\/index.php\/2024\/04\/20\/el-tema-no-es-esperar-a-que-se-llenan-los-embalses-es-prevenir-y-hacer-los-correctivos-necesarias-en-sequia-y-en-inundaciones\/#respond"]}]},{"@type":"WebPage","@id":"https:\/\/biciurba.com\/index.php\/2024\/04\/20\/el-tema-no-es-esperar-a-que-se-llenan-los-embalses-es-prevenir-y-hacer-los-correctivos-necesarias-en-sequia-y-en-inundaciones\/","url":"https:\/\/biciurba.com\/index.php\/2024\/04\/20\/el-tema-no-es-esperar-a-que-se-llenan-los-embalses-es-prevenir-y-hacer-los-correctivos-necesarias-en-sequia-y-en-inundaciones\/","name":"El tema no es esperar a que se llenan los embalses, es prevenir y hacer los correctivos necesarias en sequ\u00eda y en inundaciones - Biciurba","isPartOf":{"@id":"https:\/\/biciurba.com\/#website"},"primaryImageOfPage":{"@id":"https:\/\/biciurba.com\/index.php\/2024\/04\/20\/el-tema-no-es-esperar-a-que-se-llenan-los-embalses-es-prevenir-y-hacer-los-correctivos-necesarias-en-sequia-y-en-inundaciones\/#primaryimage"},"image":{"@id":"https:\/\/biciurba.com\/index.php\/2024\/04\/20\/el-tema-no-es-esperar-a-que-se-llenan-los-embalses-es-prevenir-y-hacer-los-correctivos-necesarias-en-sequia-y-en-inundaciones\/#primaryimage"},"thumbnailUrl":"https:\/\/biciurba.com\/wp-content\/uploads\/2024\/04\/aguacero.png","datePublished":"2024-04-20T14:00:00+00:00","dateModified":"2024-04-20T13:29:03+00:00","breadcrumb":{"@id":"https:\/\/biciurba.com\/index.php\/2024\/04\/20\/el-tema-no-es-esperar-a-que-se-llenan-los-embalses-es-prevenir-y-hacer-los-correctivos-necesarias-en-sequia-y-en-inundaciones\/#breadcrumb"},"inLanguage":"es","potentialAction":[{"@type":"ReadAction","target":["https:\/\/biciurba.com\/index.php\/2024\/04\/20\/el-tema-no-es-esperar-a-que-se-llenan-los-embalses-es-prevenir-y-hacer-los-correctivos-necesarias-en-sequia-y-en-inundaciones\/"]}]},{"@type":"ImageObject","inLanguage":"es","@id":"https:\/\/biciurba.com\/index.php\/2024\/04\/20\/el-tema-no-es-esperar-a-que-se-llenan-los-embalses-es-prevenir-y-hacer-los-correctivos-necesarias-en-sequia-y-en-inundaciones\/#primaryimage","url":"https:\/\/biciurba.com\/wp-content\/uploads\/2024\/04\/aguacero.png","contentUrl":"https:\/\/biciurba.com\/wp-content\/uploads\/2024\/04\/aguacero.png","width":600,"height":400,"caption":"Ya llega el fen\u00f3meno de La Ni\u00f1a, con inundaciones y tragedias, una vez m\u00e1s se ve la improvisaci\u00f3n gubernamental frente a estos temas"},{"@type":"BreadcrumbList","@id":"https:\/\/biciurba.com\/index.php\/2024\/04\/20\/el-tema-no-es-esperar-a-que-se-llenan-los-embalses-es-prevenir-y-hacer-los-correctivos-necesarias-en-sequia-y-en-inundaciones\/#breadcrumb","itemListElement":[{"@type":"ListItem","position":1,"name":"Portada","item":"https:\/\/biciurba.com\/"},{"@type":"ListItem","position":2,"name":"El tema no es esperar a que se llenan los embalses, es prevenir y hacer los correctivos necesarias en sequ\u00eda y en inundaciones"}]},{"@type":"WebSite","@id":"https:\/\/biciurba.com\/#website","url":"https:\/\/biciurba.com\/","name":"Biciurba","description":"Una mejor manera de vivir","publisher":{"@id":"https:\/\/biciurba.com\/#\/schema\/person\/d9675ddf29ee982d268db0a3f239eced"},"potentialAction":[{"@type":"SearchAction","target":{"@type":"EntryPoint","urlTemplate":"https:\/\/biciurba.com\/?s={search_term_string}"},"query-input":{"@type":"PropertyValueSpecification","valueRequired":true,"valueName":"search_term_string"}}],"inLanguage":"es"},{"@type":["Person","Organization"],"@id":"https:\/\/biciurba.com\/#\/schema\/person\/d9675ddf29ee982d268db0a3f239eced","name":"Carlos Cantor","image":{"@type":"ImageObject","inLanguage":"es","@id":"https:\/\/biciurba.com\/#\/schema\/person\/image\/","url":"https:\/\/biciurba.com\/wp-content\/uploads\/2024\/04\/cropped-logo-1.png","contentUrl":"https:\/\/biciurba.com\/wp-content\/uploads\/2024\/04\/cropped-logo-1.png","width":512,"height":318,"caption":"Carlos Cantor"},"logo":{"@id":"https:\/\/biciurba.com\/#\/schema\/person\/image\/"},"sameAs":["https:\/\/biciurba.com"],"url":"https:\/\/biciurba.com\/index.php\/author\/ccantor\/"}]}},"_links":{"self":[{"href":"https:\/\/biciurba.com\/index.php\/wp-json\/wp\/v2\/posts\/337"}],"collection":[{"href":"https:\/\/biciurba.com\/index.php\/wp-json\/wp\/v2\/posts"}],"about":[{"href":"https:\/\/biciurba.com\/index.php\/wp-json\/wp\/v2\/types\/post"}],"author":[{"embeddable":true,"href":"https:\/\/biciurba.com\/index.php\/wp-json\/wp\/v2\/users\/1"}],"replies":[{"embeddable":true,"href":"https:\/\/biciurba.com\/index.php\/wp-json\/wp\/v2\/comments?post=337"}],"version-history":[{"count":2,"href":"https:\/\/biciurba.com\/index.php\/wp-json\/wp\/v2\/posts\/337\/revisions"}],"predecessor-version":[{"id":342,"href":"https:\/\/biciurba.com\/index.php\/wp-json\/wp\/v2\/posts\/337\/revisions\/342"}],"wp:featuredmedia":[{"embeddable":true,"href":"https:\/\/biciurba.com\/index.php\/wp-json\/wp\/v2\/media\/339"}],"wp:attachment":[{"href":"https:\/\/biciurba.com\/index.php\/wp-json\/wp\/v2\/media?parent=337"}],"wp:term":[{"taxonomy":"category","embeddable":true,"href":"https:\/\/biciurba.com\/index.php\/wp-json\/wp\/v2\/categories?post=337"},{"taxonomy":"post_tag","embeddable":true,"href":"https:\/\/biciurba.com\/index.php\/wp-json\/wp\/v2\/tags?post=337"}],"curies":[{"name":"wp","href":"https:\/\/api.w.org\/{rel}","templated":true}]}}