{"id":353,"date":"2024-04-22T10:00:00","date_gmt":"2024-04-22T15:00:00","guid":{"rendered":"https:\/\/biciurba.com\/?p=353"},"modified":"2024-04-22T08:43:51","modified_gmt":"2024-04-22T13:43:51","slug":"es-posible-tener-energia-fotovoltaica-en-tu-vivienda-urbana-o-rural","status":"publish","type":"post","link":"https:\/\/biciurba.com\/index.php\/2024\/04\/22\/es-posible-tener-energia-fotovoltaica-en-tu-vivienda-urbana-o-rural\/","title":{"rendered":"Es posible tener energ\u00eda fotovoltaica en tu vivienda urbana o rural"},"content":{"rendered":"\n<p>La respuesta es que si, pero&#8230;una cosa es ayudarte con algunas l\u00e1mparas y otra cosa es transformar todo el sistema el\u00e9ctrico  donde se considera refrigeradora, lavadora, quiz\u00e1s una estufa y en el caso de poblaciones de clima c\u00e1lido ventiladores y aire acondicionado, y si ya est\u00e1 en la electromovilidad, bueno eso es otra cosa.<\/p>\n\n\n\n<p>Un proyecto de magnitudes debe requerir permisos si es en propiedad horizontal y ciertamente no puede recurrir a un aficionado al tema, aqu\u00ed se requiere conocimiento y experticia que garanticen un trabajo de calidad y que no genere problemas ahora y en el futuro.<\/p>\n\n\n\n<p>En nuestra caso la situaci\u00f3n es much\u00edsima m\u00e1s sencilla, la idea es hacer uso de la energ\u00eda fotovoltaica a precios posibles y sin demasiada parafernalia, reemplazando luminarias en habitaciones, cocina y \u00e1rea social. Existen en el mercado una gran variedad de l\u00e1mparas con su respectiva celda solar, sus bater\u00edas, que son reemplazables en el tiempo, lo que hace que el sistema pueda prestarnos servicio por largos a\u00f1os. Los paneles que son relativamente peque\u00f1os, de 23 por 35 cent\u00edmetros, se colocan en las ventanas de las habitaciones. En el caso de Bogot\u00e1 no se requiere colocarlos por fuera y en \u00e1ngulo buscando el sol, la radiaci\u00f3n lum\u00ednica es suficiente para activarlos y que cumplan con su misi\u00f3n.<\/p>\n\n\n\n<p>Las l\u00e1mparas pueden ir en varios niveles de luminosidad, 50 watts son suficientes para  una habitaci\u00f3n convencional, o puede subir el nivel de iluminaci\u00f3n con una l\u00e1mpara con m\u00e1s vatiaje, pero recuerde, entre m\u00e1s intensidad de luz, el panel muy probablemente ser\u00e1 m\u00e1s grande lo que necesariamente se vuelve muy estorboso, considerando que esta sobrepuesto en el vidrio de la ventana.<\/p>\n\n\n\n<p>Cualquiera pensar\u00eda que es un gasto in\u00fatil considerando el precio del equipo, que ronda hoy por los 80 a  90 mil pesos, comparados con la tarifa y el servicio, pero la verdad es que los servicios p\u00fablicos de energ\u00eda suben de forma constante y m\u00e1s ahora que tenemos cierto nivel de crisis energ\u00e9tica. Como siempre, el ahorro en tarifa solo se ver\u00e1 un poco m\u00e1s tarde, no de forma inmediata lo va a encontrar en su recibo.<\/p>\n\n\n\n<p>Si adem\u00e1s de entusiasta usted le gusta hacer cables, puede fabricar extensiones para llevar las luminaria a ba\u00f1os, armarios y otros lugares separados de las ventanas. En poblaciones afectadas por los sobre costos de energ\u00eda, como es el caso de la Costa Atl\u00e1ntica en Colombia, es una soluci\u00f3n posible, dejando el servicio para casos muy concretos como el aire acondicionado.<\/p>\n\n\n\n<p>Los paneles se pueden colocar de forma seriada generando una mayor \u00e1rea de captaci\u00f3n lum\u00ednica y por consiguiente de poder para alimentar equipos como port\u00e1tiles, televisores Led, peque\u00f1os equipos de sonido y en la medida que va experimentando se dar\u00e1 cuenta que esas peque\u00f1as inversiones ser\u00e1 ganancia frente a un servicio p\u00fablico que seguir\u00e1 increment\u00e1ndose por las realidades clim\u00e1ticas que afectan las fuentes hidroel\u00e9ctricas, o las que se genera con combustibles f\u00f3siles y las ganancias que esperan recabar las empresas, algunas de las cuales son capitales extranjeros que buscan recuperar la inversi\u00f3n y mejorar sus ganancias.<\/p>\n\n\n\n<p>Pruebe durante un tiempo estas l\u00e1mparas, evite el uso de equipos de sonido de alto poder, quiz\u00e1s una unidad de parlantes recargables y conexi\u00f3n por bluetooth con su celular es una econom\u00eda forma para escuchar m\u00fasica o su estaci\u00f3n de radio favorita. Otra opci\u00f3n son l\u00e1mparas recargables, que ahora tienen muy bonitos dise\u00f1os y que su carga dura bastante horas y que las puede usar en su mesa de noche o en el cabecero de la cama, especiales para leer, adem\u00e1s que manejan intensidades y de su pueden orientar de diferentes formas.<\/p>\n\n\n\n<p>Siempre hay un opci\u00f3n posible, que vaya con su presupuesto y necesidad. Queda claro que deben ser equipos que ofrecen largo tiempo de servicio, reciclables o que se les puedan cambiar las bater\u00edas recargables cuando estas se agoten. Tecnolog\u00eda hay, solo basta curiosear un poco, ajustar un presupuesto y ponerse en la tarea de economizar energ\u00eda el\u00e9ctrica, quiz\u00e1s si hace un fondo con el ahorro pueda llegar a instalar un sistema total de energ\u00eda fotovoltaica. Todo es posible.<\/p>\n\n\n\n<p><\/p>\n","protected":false},"excerpt":{"rendered":"<p>La respuesta es que si, pero&#8230;una cosa es ayudarte con algunas l\u00e1mparas y otra cosa es transformar todo el sistema el\u00e9ctrico donde se considera refrigeradora, lavadora, quiz\u00e1s una estufa y en el caso de poblaciones de clima c\u00e1lido ventiladores y aire acondicionado, y si ya est\u00e1 en la electromovilidad, bueno eso es otra cosa. Un [&hellip;]<\/p>\n","protected":false},"author":1,"featured_media":354,"comment_status":"open","ping_status":"open","sticky":false,"template":"","format":"standard","meta":{"footnotes":""},"categories":[95],"tags":[141,19,140,139,112],"class_list":["post-353","post","type-post","status-publish","format-standard","has-post-thumbnail","hentry","category-crisis-climatica","tag-costos-de-energia","tag-crisis-climatica","tag-economia-energetica","tag-energia-fotovoltaica","tag-paneles-solares"],"yoast_head":"<!-- This site is optimized with the Yoast SEO plugin v23.9 - https:\/\/yoast.com\/wordpress\/plugins\/seo\/ -->\n<title>Es posible tener energ\u00eda fotovoltaica en tu vivienda urbana o rural - Biciurba<\/title>\n<meta name=\"robots\" content=\"index, follow, max-snippet:-1, max-image-preview:large, max-video-preview:-1\" \/>\n<link rel=\"canonical\" href=\"https:\/\/biciurba.com\/index.php\/2024\/04\/22\/es-posible-tener-energia-fotovoltaica-en-tu-vivienda-urbana-o-rural\/\" \/>\n<meta property=\"og:locale\" content=\"es_ES\" \/>\n<meta property=\"og:type\" content=\"article\" \/>\n<meta property=\"og:title\" content=\"Es posible tener energ\u00eda fotovoltaica en tu vivienda urbana o rural - Biciurba\" \/>\n<meta property=\"og:description\" content=\"La respuesta es que si, pero&#8230;una cosa es ayudarte con algunas l\u00e1mparas y otra cosa es transformar todo el sistema el\u00e9ctrico donde se considera refrigeradora, lavadora, quiz\u00e1s una estufa y en el caso de poblaciones de clima c\u00e1lido ventiladores y aire acondicionado, y si ya est\u00e1 en la electromovilidad, bueno eso es otra cosa. Un [&hellip;]\" \/>\n<meta property=\"og:url\" content=\"https:\/\/biciurba.com\/index.php\/2024\/04\/22\/es-posible-tener-energia-fotovoltaica-en-tu-vivienda-urbana-o-rural\/\" \/>\n<meta property=\"og:site_name\" content=\"Biciurba\" \/>\n<meta property=\"article:published_time\" content=\"2024-04-22T15:00:00+00:00\" \/>\n<meta property=\"article:modified_time\" content=\"2024-04-22T13:43:51+00:00\" \/>\n<meta property=\"og:image\" content=\"https:\/\/biciurba.com\/wp-content\/uploads\/2024\/04\/energia-solar.gif\" \/>\n\t<meta property=\"og:image:width\" content=\"679\" \/>\n\t<meta property=\"og:image:height\" content=\"418\" \/>\n\t<meta property=\"og:image:type\" content=\"image\/gif\" \/>\n<meta name=\"author\" content=\"Carlos Cantor\" \/>\n<meta name=\"twitter:card\" content=\"summary_large_image\" \/>\n<meta name=\"twitter:label1\" content=\"Escrito por\" \/>\n\t<meta name=\"twitter:data1\" content=\"Carlos Cantor\" \/>\n\t<meta name=\"twitter:label2\" content=\"Tiempo de lectura\" \/>\n\t<meta name=\"twitter:data2\" content=\"4 minutos\" \/>\n<script type=\"application\/ld+json\" class=\"yoast-schema-graph\">{\"@context\":\"https:\/\/schema.org\",\"@graph\":[{\"@type\":\"Article\",\"@id\":\"https:\/\/biciurba.com\/index.php\/2024\/04\/22\/es-posible-tener-energia-fotovoltaica-en-tu-vivienda-urbana-o-rural\/#article\",\"isPartOf\":{\"@id\":\"https:\/\/biciurba.com\/index.php\/2024\/04\/22\/es-posible-tener-energia-fotovoltaica-en-tu-vivienda-urbana-o-rural\/\"},\"author\":{\"name\":\"Carlos Cantor\",\"@id\":\"https:\/\/biciurba.com\/#\/schema\/person\/d9675ddf29ee982d268db0a3f239eced\"},\"headline\":\"Es posible tener energ\u00eda fotovoltaica en tu vivienda urbana o rural\",\"datePublished\":\"2024-04-22T15:00:00+00:00\",\"dateModified\":\"2024-04-22T13:43:51+00:00\",\"mainEntityOfPage\":{\"@id\":\"https:\/\/biciurba.com\/index.php\/2024\/04\/22\/es-posible-tener-energia-fotovoltaica-en-tu-vivienda-urbana-o-rural\/\"},\"wordCount\":749,\"commentCount\":0,\"publisher\":{\"@id\":\"https:\/\/biciurba.com\/#\/schema\/person\/d9675ddf29ee982d268db0a3f239eced\"},\"image\":{\"@id\":\"https:\/\/biciurba.com\/index.php\/2024\/04\/22\/es-posible-tener-energia-fotovoltaica-en-tu-vivienda-urbana-o-rural\/#primaryimage\"},\"thumbnailUrl\":\"https:\/\/biciurba.com\/wp-content\/uploads\/2024\/04\/energia-solar.gif\",\"keywords\":[\"Costos de energ\u00eda\",\"Crisis clim\u00e1tica\",\"econom\u00eda energ\u00e9tica\",\"energ\u00eda fotovoltaica\",\"paneles solares\"],\"articleSection\":[\"Crisis clim\u00e1tica\"],\"inLanguage\":\"es\",\"potentialAction\":[{\"@type\":\"CommentAction\",\"name\":\"Comment\",\"target\":[\"https:\/\/biciurba.com\/index.php\/2024\/04\/22\/es-posible-tener-energia-fotovoltaica-en-tu-vivienda-urbana-o-rural\/#respond\"]}]},{\"@type\":\"WebPage\",\"@id\":\"https:\/\/biciurba.com\/index.php\/2024\/04\/22\/es-posible-tener-energia-fotovoltaica-en-tu-vivienda-urbana-o-rural\/\",\"url\":\"https:\/\/biciurba.com\/index.php\/2024\/04\/22\/es-posible-tener-energia-fotovoltaica-en-tu-vivienda-urbana-o-rural\/\",\"name\":\"Es posible tener energ\u00eda fotovoltaica en tu vivienda urbana o rural - Biciurba\",\"isPartOf\":{\"@id\":\"https:\/\/biciurba.com\/#website\"},\"primaryImageOfPage\":{\"@id\":\"https:\/\/biciurba.com\/index.php\/2024\/04\/22\/es-posible-tener-energia-fotovoltaica-en-tu-vivienda-urbana-o-rural\/#primaryimage\"},\"image\":{\"@id\":\"https:\/\/biciurba.com\/index.php\/2024\/04\/22\/es-posible-tener-energia-fotovoltaica-en-tu-vivienda-urbana-o-rural\/#primaryimage\"},\"thumbnailUrl\":\"https:\/\/biciurba.com\/wp-content\/uploads\/2024\/04\/energia-solar.gif\",\"datePublished\":\"2024-04-22T15:00:00+00:00\",\"dateModified\":\"2024-04-22T13:43:51+00:00\",\"breadcrumb\":{\"@id\":\"https:\/\/biciurba.com\/index.php\/2024\/04\/22\/es-posible-tener-energia-fotovoltaica-en-tu-vivienda-urbana-o-rural\/#breadcrumb\"},\"inLanguage\":\"es\",\"potentialAction\":[{\"@type\":\"ReadAction\",\"target\":[\"https:\/\/biciurba.com\/index.php\/2024\/04\/22\/es-posible-tener-energia-fotovoltaica-en-tu-vivienda-urbana-o-rural\/\"]}]},{\"@type\":\"ImageObject\",\"inLanguage\":\"es\",\"@id\":\"https:\/\/biciurba.com\/index.php\/2024\/04\/22\/es-posible-tener-energia-fotovoltaica-en-tu-vivienda-urbana-o-rural\/#primaryimage\",\"url\":\"https:\/\/biciurba.com\/wp-content\/uploads\/2024\/04\/energia-solar.gif\",\"contentUrl\":\"https:\/\/biciurba.com\/wp-content\/uploads\/2024\/04\/energia-solar.gif\",\"width\":679,\"height\":418,\"caption\":\"Una manera econ\u00f3mica de tener energ\u00eda fotovoltaica en casa.\"},{\"@type\":\"BreadcrumbList\",\"@id\":\"https:\/\/biciurba.com\/index.php\/2024\/04\/22\/es-posible-tener-energia-fotovoltaica-en-tu-vivienda-urbana-o-rural\/#breadcrumb\",\"itemListElement\":[{\"@type\":\"ListItem\",\"position\":1,\"name\":\"Portada\",\"item\":\"https:\/\/biciurba.com\/\"},{\"@type\":\"ListItem\",\"position\":2,\"name\":\"Es posible tener energ\u00eda fotovoltaica en tu vivienda urbana o rural\"}]},{\"@type\":\"WebSite\",\"@id\":\"https:\/\/biciurba.com\/#website\",\"url\":\"https:\/\/biciurba.com\/\",\"name\":\"Biciurba\",\"description\":\"Una mejor manera de vivir\",\"publisher\":{\"@id\":\"https:\/\/biciurba.com\/#\/schema\/person\/d9675ddf29ee982d268db0a3f239eced\"},\"potentialAction\":[{\"@type\":\"SearchAction\",\"target\":{\"@type\":\"EntryPoint\",\"urlTemplate\":\"https:\/\/biciurba.com\/?s={search_term_string}\"},\"query-input\":{\"@type\":\"PropertyValueSpecification\",\"valueRequired\":true,\"valueName\":\"search_term_string\"}}],\"inLanguage\":\"es\"},{\"@type\":[\"Person\",\"Organization\"],\"@id\":\"https:\/\/biciurba.com\/#\/schema\/person\/d9675ddf29ee982d268db0a3f239eced\",\"name\":\"Carlos Cantor\",\"image\":{\"@type\":\"ImageObject\",\"inLanguage\":\"es\",\"@id\":\"https:\/\/biciurba.com\/#\/schema\/person\/image\/\",\"url\":\"https:\/\/biciurba.com\/wp-content\/uploads\/2024\/04\/cropped-logo-1.png\",\"contentUrl\":\"https:\/\/biciurba.com\/wp-content\/uploads\/2024\/04\/cropped-logo-1.png\",\"width\":512,\"height\":318,\"caption\":\"Carlos Cantor\"},\"logo\":{\"@id\":\"https:\/\/biciurba.com\/#\/schema\/person\/image\/\"},\"sameAs\":[\"https:\/\/biciurba.com\"],\"url\":\"https:\/\/biciurba.com\/index.php\/author\/ccantor\/\"}]}<\/script>\n<!-- \/ Yoast SEO plugin. -->","yoast_head_json":{"title":"Es posible tener energ\u00eda fotovoltaica en tu vivienda urbana o rural - Biciurba","robots":{"index":"index","follow":"follow","max-snippet":"max-snippet:-1","max-image-preview":"max-image-preview:large","max-video-preview":"max-video-preview:-1"},"canonical":"https:\/\/biciurba.com\/index.php\/2024\/04\/22\/es-posible-tener-energia-fotovoltaica-en-tu-vivienda-urbana-o-rural\/","og_locale":"es_ES","og_type":"article","og_title":"Es posible tener energ\u00eda fotovoltaica en tu vivienda urbana o rural - Biciurba","og_description":"La respuesta es que si, pero&#8230;una cosa es ayudarte con algunas l\u00e1mparas y otra cosa es transformar todo el sistema el\u00e9ctrico donde se considera refrigeradora, lavadora, quiz\u00e1s una estufa y en el caso de poblaciones de clima c\u00e1lido ventiladores y aire acondicionado, y si ya est\u00e1 en la electromovilidad, bueno eso es otra cosa. Un [&hellip;]","og_url":"https:\/\/biciurba.com\/index.php\/2024\/04\/22\/es-posible-tener-energia-fotovoltaica-en-tu-vivienda-urbana-o-rural\/","og_site_name":"Biciurba","article_published_time":"2024-04-22T15:00:00+00:00","article_modified_time":"2024-04-22T13:43:51+00:00","og_image":[{"width":679,"height":418,"url":"https:\/\/biciurba.com\/wp-content\/uploads\/2024\/04\/energia-solar.gif","type":"image\/gif"}],"author":"Carlos Cantor","twitter_card":"summary_large_image","twitter_misc":{"Escrito por":"Carlos Cantor","Tiempo de lectura":"4 minutos"},"schema":{"@context":"https:\/\/schema.org","@graph":[{"@type":"Article","@id":"https:\/\/biciurba.com\/index.php\/2024\/04\/22\/es-posible-tener-energia-fotovoltaica-en-tu-vivienda-urbana-o-rural\/#article","isPartOf":{"@id":"https:\/\/biciurba.com\/index.php\/2024\/04\/22\/es-posible-tener-energia-fotovoltaica-en-tu-vivienda-urbana-o-rural\/"},"author":{"name":"Carlos Cantor","@id":"https:\/\/biciurba.com\/#\/schema\/person\/d9675ddf29ee982d268db0a3f239eced"},"headline":"Es posible tener energ\u00eda fotovoltaica en tu vivienda urbana o rural","datePublished":"2024-04-22T15:00:00+00:00","dateModified":"2024-04-22T13:43:51+00:00","mainEntityOfPage":{"@id":"https:\/\/biciurba.com\/index.php\/2024\/04\/22\/es-posible-tener-energia-fotovoltaica-en-tu-vivienda-urbana-o-rural\/"},"wordCount":749,"commentCount":0,"publisher":{"@id":"https:\/\/biciurba.com\/#\/schema\/person\/d9675ddf29ee982d268db0a3f239eced"},"image":{"@id":"https:\/\/biciurba.com\/index.php\/2024\/04\/22\/es-posible-tener-energia-fotovoltaica-en-tu-vivienda-urbana-o-rural\/#primaryimage"},"thumbnailUrl":"https:\/\/biciurba.com\/wp-content\/uploads\/2024\/04\/energia-solar.gif","keywords":["Costos de energ\u00eda","Crisis clim\u00e1tica","econom\u00eda energ\u00e9tica","energ\u00eda fotovoltaica","paneles solares"],"articleSection":["Crisis clim\u00e1tica"],"inLanguage":"es","potentialAction":[{"@type":"CommentAction","name":"Comment","target":["https:\/\/biciurba.com\/index.php\/2024\/04\/22\/es-posible-tener-energia-fotovoltaica-en-tu-vivienda-urbana-o-rural\/#respond"]}]},{"@type":"WebPage","@id":"https:\/\/biciurba.com\/index.php\/2024\/04\/22\/es-posible-tener-energia-fotovoltaica-en-tu-vivienda-urbana-o-rural\/","url":"https:\/\/biciurba.com\/index.php\/2024\/04\/22\/es-posible-tener-energia-fotovoltaica-en-tu-vivienda-urbana-o-rural\/","name":"Es posible tener energ\u00eda fotovoltaica en tu vivienda urbana o rural - Biciurba","isPartOf":{"@id":"https:\/\/biciurba.com\/#website"},"primaryImageOfPage":{"@id":"https:\/\/biciurba.com\/index.php\/2024\/04\/22\/es-posible-tener-energia-fotovoltaica-en-tu-vivienda-urbana-o-rural\/#primaryimage"},"image":{"@id":"https:\/\/biciurba.com\/index.php\/2024\/04\/22\/es-posible-tener-energia-fotovoltaica-en-tu-vivienda-urbana-o-rural\/#primaryimage"},"thumbnailUrl":"https:\/\/biciurba.com\/wp-content\/uploads\/2024\/04\/energia-solar.gif","datePublished":"2024-04-22T15:00:00+00:00","dateModified":"2024-04-22T13:43:51+00:00","breadcrumb":{"@id":"https:\/\/biciurba.com\/index.php\/2024\/04\/22\/es-posible-tener-energia-fotovoltaica-en-tu-vivienda-urbana-o-rural\/#breadcrumb"},"inLanguage":"es","potentialAction":[{"@type":"ReadAction","target":["https:\/\/biciurba.com\/index.php\/2024\/04\/22\/es-posible-tener-energia-fotovoltaica-en-tu-vivienda-urbana-o-rural\/"]}]},{"@type":"ImageObject","inLanguage":"es","@id":"https:\/\/biciurba.com\/index.php\/2024\/04\/22\/es-posible-tener-energia-fotovoltaica-en-tu-vivienda-urbana-o-rural\/#primaryimage","url":"https:\/\/biciurba.com\/wp-content\/uploads\/2024\/04\/energia-solar.gif","contentUrl":"https:\/\/biciurba.com\/wp-content\/uploads\/2024\/04\/energia-solar.gif","width":679,"height":418,"caption":"Una manera econ\u00f3mica de tener energ\u00eda fotovoltaica en casa."},{"@type":"BreadcrumbList","@id":"https:\/\/biciurba.com\/index.php\/2024\/04\/22\/es-posible-tener-energia-fotovoltaica-en-tu-vivienda-urbana-o-rural\/#breadcrumb","itemListElement":[{"@type":"ListItem","position":1,"name":"Portada","item":"https:\/\/biciurba.com\/"},{"@type":"ListItem","position":2,"name":"Es posible tener energ\u00eda fotovoltaica en tu vivienda urbana o rural"}]},{"@type":"WebSite","@id":"https:\/\/biciurba.com\/#website","url":"https:\/\/biciurba.com\/","name":"Biciurba","description":"Una mejor manera de vivir","publisher":{"@id":"https:\/\/biciurba.com\/#\/schema\/person\/d9675ddf29ee982d268db0a3f239eced"},"potentialAction":[{"@type":"SearchAction","target":{"@type":"EntryPoint","urlTemplate":"https:\/\/biciurba.com\/?s={search_term_string}"},"query-input":{"@type":"PropertyValueSpecification","valueRequired":true,"valueName":"search_term_string"}}],"inLanguage":"es"},{"@type":["Person","Organization"],"@id":"https:\/\/biciurba.com\/#\/schema\/person\/d9675ddf29ee982d268db0a3f239eced","name":"Carlos Cantor","image":{"@type":"ImageObject","inLanguage":"es","@id":"https:\/\/biciurba.com\/#\/schema\/person\/image\/","url":"https:\/\/biciurba.com\/wp-content\/uploads\/2024\/04\/cropped-logo-1.png","contentUrl":"https:\/\/biciurba.com\/wp-content\/uploads\/2024\/04\/cropped-logo-1.png","width":512,"height":318,"caption":"Carlos Cantor"},"logo":{"@id":"https:\/\/biciurba.com\/#\/schema\/person\/image\/"},"sameAs":["https:\/\/biciurba.com"],"url":"https:\/\/biciurba.com\/index.php\/author\/ccantor\/"}]}},"_links":{"self":[{"href":"https:\/\/biciurba.com\/index.php\/wp-json\/wp\/v2\/posts\/353"}],"collection":[{"href":"https:\/\/biciurba.com\/index.php\/wp-json\/wp\/v2\/posts"}],"about":[{"href":"https:\/\/biciurba.com\/index.php\/wp-json\/wp\/v2\/types\/post"}],"author":[{"embeddable":true,"href":"https:\/\/biciurba.com\/index.php\/wp-json\/wp\/v2\/users\/1"}],"replies":[{"embeddable":true,"href":"https:\/\/biciurba.com\/index.php\/wp-json\/wp\/v2\/comments?post=353"}],"version-history":[{"count":1,"href":"https:\/\/biciurba.com\/index.php\/wp-json\/wp\/v2\/posts\/353\/revisions"}],"predecessor-version":[{"id":355,"href":"https:\/\/biciurba.com\/index.php\/wp-json\/wp\/v2\/posts\/353\/revisions\/355"}],"wp:featuredmedia":[{"embeddable":true,"href":"https:\/\/biciurba.com\/index.php\/wp-json\/wp\/v2\/media\/354"}],"wp:attachment":[{"href":"https:\/\/biciurba.com\/index.php\/wp-json\/wp\/v2\/media?parent=353"}],"wp:term":[{"taxonomy":"category","embeddable":true,"href":"https:\/\/biciurba.com\/index.php\/wp-json\/wp\/v2\/categories?post=353"},{"taxonomy":"post_tag","embeddable":true,"href":"https:\/\/biciurba.com\/index.php\/wp-json\/wp\/v2\/tags?post=353"}],"curies":[{"name":"wp","href":"https:\/\/api.w.org\/{rel}","templated":true}]}}