{"id":356,"date":"2024-04-22T14:00:00","date_gmt":"2024-04-22T19:00:00","guid":{"rendered":"https:\/\/biciurba.com\/?p=356"},"modified":"2024-04-22T10:57:45","modified_gmt":"2024-04-22T15:57:45","slug":"transitar-de-forma-sostenible-en-las-ciudades-implica-mucho-mas-que-un-medio-de-movilidad","status":"publish","type":"post","link":"https:\/\/biciurba.com\/index.php\/2024\/04\/22\/transitar-de-forma-sostenible-en-las-ciudades-implica-mucho-mas-que-un-medio-de-movilidad\/","title":{"rendered":"Transitar de forma sostenible en las ciudades implica mucho m\u00e1s que un medio de movilidad"},"content":{"rendered":"\n<p>No basta con preocuparse por la contaminaci\u00f3n que se genera en el movimiento de veh\u00edculos en la ciudad. La contaminaci\u00f3n no es solo es la del aire, tambi\u00e9n el ruido que generan los veh\u00edculos cualquiera sea su modalidad, tambi\u00e9n la contaminaci\u00f3n visual y la sensaci\u00f3n de crisis que genera tanto movimiento. Quiz\u00e1s usted dir\u00e1 este texto describe una persona con problemas de adaptaci\u00f3n de comportamiento, en l\u00edneas generales una personas con man\u00edas y ansiedades fuera de lo normal.<\/p>\n\n\n\n<p>La realidad es que movilizarse en cualquier ciudad genera estas mismas condiciones, y m\u00e1s a\u00fan en ciertos lugares o modas que genera gran ansiedad, basta escuchar el ruido de cierto tipo de motocicletas que da la impresi\u00f3n que est\u00e1n en una pista de carreras. La estrechez de ciertas calzadas tambi\u00e9n generan molestia tanto para conductores como para peatones que se sienten literalmente invadidos y apretujados.<\/p>\n\n\n\n<p>Hay ciudades que por el contrario han logrado cierto equilibrio, donde los \u00e1rboles est\u00e1n presente enmarcando las calles, los aromas que estos generan y la variedad de p\u00e1jaros que literalmente residen en sus ramas, hacen m\u00e1s llevadera la vida de la ciudad. Parques generosos con gran variedad de espacios hacen la diferencia de ciudades ape\u00f1uscadas entre ladrillo, cemento, concreto, pavimento, vidrio, tr\u00e1nsito ruidoso y aprensivo.<\/p>\n\n\n\n<p>Y no es casual la presencia de parques y espacios verdes en ciudades bien dise\u00f1adas, con infinidad de circuitos enmarcados en variedad de dise\u00f1os paisaj\u00edsticos para caminar que ayudan a la emocionalidad de las personas y sentirse agradables y serenas, porque la presencia de la naturaleza nos conecta nuevamente a la fuerza vital de ella misma  y que nos hace sentir parte de la belleza natural que nos brinda el planeta.<\/p>\n\n\n\n<p>Las ciudades son una creaci\u00f3n humana y se les conforma seg\u00fan la idea que tenemos de la sociedad, la econom\u00eda y de la vida. Muchas solo son sitios de supervivencia laboral donde no hay belleza, solo trabajadores y no en las mejores condiciones. Otras ampliamente industrializadas en las que la producci\u00f3n, el movimiento de mercanc\u00edas lo determinan todo. En esas ciudades las oportunidades de una vida serena, en contacto con la naturaleza no est\u00e1 al alcance de todos sus habitantes. Es un lujo de unos pocos, que en algunos casos son una afrenta al resto de la sociedad.<\/p>\n\n\n\n<p>As\u00ed las cosas ciudades bien dise\u00f1adas donde se tiene en cuenta espacios verdes, arboledas cuidadas, v\u00edas por donde es posible andar en bicicleta o patineta diariamente rodeados de parques, jardines, fuentes de agua y sardineles bien organizados, construidos para caminar con seguridad hacen una inmensa diferencia en la felicidad de sus habitantes. Sentirse seguro, valorado, con verdadera libertad y con una constante educaci\u00f3n social hacen la diferencia entre  habitar y vivir en la ciudad.<\/p>\n\n\n\n<p>Nuestras ciudades, en el caso de Colombia se anarquizan con el tiempo. El descuido en mantenimientos, el abuso del uso del espacio p\u00fablico con ventas informales, el ruido de altavoces, la suciedad, la destrucci\u00f3n de plantas y jardines sumado al movimiento de la calle hace que la tranquilidad desaparezca y transitar sea una verdadera tortura.<\/p>\n\n\n\n<p>As\u00ed la ecomovilidad va m\u00e1s all\u00e1 de vehiculos el\u00e9ctricos, bicicletas, patinetas o un par de zapatillas deportivas para caminar. Es todo el contexto que hace posible un bien vivir fuera de casa, en una ciudad realmente humanizante, que nos alegre la existencia y que nos permita ir un poco m\u00e1s all\u00e1 de simplemente sobrevivir. Y la tarea no es solo de la administraci\u00f3n, es tambi\u00e9n nuestra en cada acci\u00f3n que hagamos, por peque\u00f1a que sea, eso hace la diferencia. El solo hecho de movilizarse en bici, ya es una contribuci\u00f3n a un mejor estar, o quiz\u00e1s cuidar un jard\u00edn o un parque. Ser parte de la soluci\u00f3n y no solo protagonistas y v\u00edctimas del caos urbano.<\/p>\n\n\n\n<p><\/p>\n","protected":false},"excerpt":{"rendered":"<p>No basta con preocuparse por la contaminaci\u00f3n que se genera en el movimiento de veh\u00edculos en la ciudad. La contaminaci\u00f3n no es solo es la del aire, tambi\u00e9n el ruido que generan los veh\u00edculos cualquiera sea su modalidad, tambi\u00e9n la contaminaci\u00f3n visual y la sensaci\u00f3n de crisis que genera tanto movimiento. Quiz\u00e1s usted dir\u00e1 este [&hellip;]<\/p>\n","protected":false},"author":1,"featured_media":357,"comment_status":"open","ping_status":"open","sticky":false,"template":"","format":"standard","meta":{"footnotes":""},"categories":[49],"tags":[90,142,144,143],"class_list":["post-356","post","type-post","status-publish","format-standard","has-post-thumbnail","hentry","category-movilidad-urbana","tag-ciudades","tag-humanizacion-urbana","tag-jardines-y-parques","tag-sostenibilidad"],"yoast_head":"<!-- This site is optimized with the Yoast SEO plugin v23.9 - https:\/\/yoast.com\/wordpress\/plugins\/seo\/ -->\n<title>Transitar de forma sostenible en las ciudades implica mucho m\u00e1s que un medio de movilidad - Biciurba<\/title>\n<meta name=\"robots\" content=\"index, follow, max-snippet:-1, max-image-preview:large, max-video-preview:-1\" \/>\n<link rel=\"canonical\" href=\"https:\/\/biciurba.com\/index.php\/2024\/04\/22\/transitar-de-forma-sostenible-en-las-ciudades-implica-mucho-mas-que-un-medio-de-movilidad\/\" \/>\n<meta property=\"og:locale\" content=\"es_ES\" \/>\n<meta property=\"og:type\" content=\"article\" \/>\n<meta property=\"og:title\" content=\"Transitar de forma sostenible en las ciudades implica mucho m\u00e1s que un medio de movilidad - Biciurba\" \/>\n<meta property=\"og:description\" content=\"No basta con preocuparse por la contaminaci\u00f3n que se genera en el movimiento de veh\u00edculos en la ciudad. La contaminaci\u00f3n no es solo es la del aire, tambi\u00e9n el ruido que generan los veh\u00edculos cualquiera sea su modalidad, tambi\u00e9n la contaminaci\u00f3n visual y la sensaci\u00f3n de crisis que genera tanto movimiento. Quiz\u00e1s usted dir\u00e1 este [&hellip;]\" \/>\n<meta property=\"og:url\" content=\"https:\/\/biciurba.com\/index.php\/2024\/04\/22\/transitar-de-forma-sostenible-en-las-ciudades-implica-mucho-mas-que-un-medio-de-movilidad\/\" \/>\n<meta property=\"og:site_name\" content=\"Biciurba\" \/>\n<meta property=\"article:published_time\" content=\"2024-04-22T19:00:00+00:00\" \/>\n<meta property=\"article:modified_time\" content=\"2024-04-22T15:57:45+00:00\" \/>\n<meta property=\"og:image\" content=\"https:\/\/biciurba.com\/wp-content\/uploads\/2024\/04\/ciudad-NY.png\" \/>\n\t<meta property=\"og:image:width\" content=\"600\" \/>\n\t<meta property=\"og:image:height\" content=\"400\" \/>\n\t<meta property=\"og:image:type\" content=\"image\/png\" \/>\n<meta name=\"author\" content=\"Carlos Cantor\" \/>\n<meta name=\"twitter:card\" content=\"summary_large_image\" \/>\n<meta name=\"twitter:label1\" content=\"Escrito por\" \/>\n\t<meta name=\"twitter:data1\" content=\"Carlos Cantor\" \/>\n\t<meta name=\"twitter:label2\" content=\"Tiempo de lectura\" \/>\n\t<meta name=\"twitter:data2\" content=\"4 minutos\" \/>\n<script type=\"application\/ld+json\" class=\"yoast-schema-graph\">{\"@context\":\"https:\/\/schema.org\",\"@graph\":[{\"@type\":\"Article\",\"@id\":\"https:\/\/biciurba.com\/index.php\/2024\/04\/22\/transitar-de-forma-sostenible-en-las-ciudades-implica-mucho-mas-que-un-medio-de-movilidad\/#article\",\"isPartOf\":{\"@id\":\"https:\/\/biciurba.com\/index.php\/2024\/04\/22\/transitar-de-forma-sostenible-en-las-ciudades-implica-mucho-mas-que-un-medio-de-movilidad\/\"},\"author\":{\"name\":\"Carlos Cantor\",\"@id\":\"https:\/\/biciurba.com\/#\/schema\/person\/d9675ddf29ee982d268db0a3f239eced\"},\"headline\":\"Transitar de forma sostenible en las ciudades implica mucho m\u00e1s que un medio de movilidad\",\"datePublished\":\"2024-04-22T19:00:00+00:00\",\"dateModified\":\"2024-04-22T15:57:45+00:00\",\"mainEntityOfPage\":{\"@id\":\"https:\/\/biciurba.com\/index.php\/2024\/04\/22\/transitar-de-forma-sostenible-en-las-ciudades-implica-mucho-mas-que-un-medio-de-movilidad\/\"},\"wordCount\":685,\"commentCount\":0,\"publisher\":{\"@id\":\"https:\/\/biciurba.com\/#\/schema\/person\/d9675ddf29ee982d268db0a3f239eced\"},\"image\":{\"@id\":\"https:\/\/biciurba.com\/index.php\/2024\/04\/22\/transitar-de-forma-sostenible-en-las-ciudades-implica-mucho-mas-que-un-medio-de-movilidad\/#primaryimage\"},\"thumbnailUrl\":\"https:\/\/biciurba.com\/wp-content\/uploads\/2024\/04\/ciudad-NY.png\",\"keywords\":[\"ciudades\",\"humanizaci\u00f3n urbana\",\"jardines y parques\",\"sostenibilidad\"],\"articleSection\":[\"Eco-movilidad\"],\"inLanguage\":\"es\",\"potentialAction\":[{\"@type\":\"CommentAction\",\"name\":\"Comment\",\"target\":[\"https:\/\/biciurba.com\/index.php\/2024\/04\/22\/transitar-de-forma-sostenible-en-las-ciudades-implica-mucho-mas-que-un-medio-de-movilidad\/#respond\"]}]},{\"@type\":\"WebPage\",\"@id\":\"https:\/\/biciurba.com\/index.php\/2024\/04\/22\/transitar-de-forma-sostenible-en-las-ciudades-implica-mucho-mas-que-un-medio-de-movilidad\/\",\"url\":\"https:\/\/biciurba.com\/index.php\/2024\/04\/22\/transitar-de-forma-sostenible-en-las-ciudades-implica-mucho-mas-que-un-medio-de-movilidad\/\",\"name\":\"Transitar de forma sostenible en las ciudades implica mucho m\u00e1s que un medio de movilidad - Biciurba\",\"isPartOf\":{\"@id\":\"https:\/\/biciurba.com\/#website\"},\"primaryImageOfPage\":{\"@id\":\"https:\/\/biciurba.com\/index.php\/2024\/04\/22\/transitar-de-forma-sostenible-en-las-ciudades-implica-mucho-mas-que-un-medio-de-movilidad\/#primaryimage\"},\"image\":{\"@id\":\"https:\/\/biciurba.com\/index.php\/2024\/04\/22\/transitar-de-forma-sostenible-en-las-ciudades-implica-mucho-mas-que-un-medio-de-movilidad\/#primaryimage\"},\"thumbnailUrl\":\"https:\/\/biciurba.com\/wp-content\/uploads\/2024\/04\/ciudad-NY.png\",\"datePublished\":\"2024-04-22T19:00:00+00:00\",\"dateModified\":\"2024-04-22T15:57:45+00:00\",\"breadcrumb\":{\"@id\":\"https:\/\/biciurba.com\/index.php\/2024\/04\/22\/transitar-de-forma-sostenible-en-las-ciudades-implica-mucho-mas-que-un-medio-de-movilidad\/#breadcrumb\"},\"inLanguage\":\"es\",\"potentialAction\":[{\"@type\":\"ReadAction\",\"target\":[\"https:\/\/biciurba.com\/index.php\/2024\/04\/22\/transitar-de-forma-sostenible-en-las-ciudades-implica-mucho-mas-que-un-medio-de-movilidad\/\"]}]},{\"@type\":\"ImageObject\",\"inLanguage\":\"es\",\"@id\":\"https:\/\/biciurba.com\/index.php\/2024\/04\/22\/transitar-de-forma-sostenible-en-las-ciudades-implica-mucho-mas-que-un-medio-de-movilidad\/#primaryimage\",\"url\":\"https:\/\/biciurba.com\/wp-content\/uploads\/2024\/04\/ciudad-NY.png\",\"contentUrl\":\"https:\/\/biciurba.com\/wp-content\/uploads\/2024\/04\/ciudad-NY.png\",\"width\":600,\"height\":400,\"caption\":\"La ciudad verde, urbe humanizante\"},{\"@type\":\"BreadcrumbList\",\"@id\":\"https:\/\/biciurba.com\/index.php\/2024\/04\/22\/transitar-de-forma-sostenible-en-las-ciudades-implica-mucho-mas-que-un-medio-de-movilidad\/#breadcrumb\",\"itemListElement\":[{\"@type\":\"ListItem\",\"position\":1,\"name\":\"Portada\",\"item\":\"https:\/\/biciurba.com\/\"},{\"@type\":\"ListItem\",\"position\":2,\"name\":\"Transitar de forma sostenible en las ciudades implica mucho m\u00e1s que un medio de movilidad\"}]},{\"@type\":\"WebSite\",\"@id\":\"https:\/\/biciurba.com\/#website\",\"url\":\"https:\/\/biciurba.com\/\",\"name\":\"Biciurba\",\"description\":\"Una mejor manera de vivir\",\"publisher\":{\"@id\":\"https:\/\/biciurba.com\/#\/schema\/person\/d9675ddf29ee982d268db0a3f239eced\"},\"potentialAction\":[{\"@type\":\"SearchAction\",\"target\":{\"@type\":\"EntryPoint\",\"urlTemplate\":\"https:\/\/biciurba.com\/?s={search_term_string}\"},\"query-input\":{\"@type\":\"PropertyValueSpecification\",\"valueRequired\":true,\"valueName\":\"search_term_string\"}}],\"inLanguage\":\"es\"},{\"@type\":[\"Person\",\"Organization\"],\"@id\":\"https:\/\/biciurba.com\/#\/schema\/person\/d9675ddf29ee982d268db0a3f239eced\",\"name\":\"Carlos Cantor\",\"image\":{\"@type\":\"ImageObject\",\"inLanguage\":\"es\",\"@id\":\"https:\/\/biciurba.com\/#\/schema\/person\/image\/\",\"url\":\"https:\/\/biciurba.com\/wp-content\/uploads\/2024\/04\/cropped-logo-1.png\",\"contentUrl\":\"https:\/\/biciurba.com\/wp-content\/uploads\/2024\/04\/cropped-logo-1.png\",\"width\":512,\"height\":318,\"caption\":\"Carlos Cantor\"},\"logo\":{\"@id\":\"https:\/\/biciurba.com\/#\/schema\/person\/image\/\"},\"sameAs\":[\"https:\/\/biciurba.com\"],\"url\":\"https:\/\/biciurba.com\/index.php\/author\/ccantor\/\"}]}<\/script>\n<!-- \/ Yoast SEO plugin. -->","yoast_head_json":{"title":"Transitar de forma sostenible en las ciudades implica mucho m\u00e1s que un medio de movilidad - Biciurba","robots":{"index":"index","follow":"follow","max-snippet":"max-snippet:-1","max-image-preview":"max-image-preview:large","max-video-preview":"max-video-preview:-1"},"canonical":"https:\/\/biciurba.com\/index.php\/2024\/04\/22\/transitar-de-forma-sostenible-en-las-ciudades-implica-mucho-mas-que-un-medio-de-movilidad\/","og_locale":"es_ES","og_type":"article","og_title":"Transitar de forma sostenible en las ciudades implica mucho m\u00e1s que un medio de movilidad - Biciurba","og_description":"No basta con preocuparse por la contaminaci\u00f3n que se genera en el movimiento de veh\u00edculos en la ciudad. La contaminaci\u00f3n no es solo es la del aire, tambi\u00e9n el ruido que generan los veh\u00edculos cualquiera sea su modalidad, tambi\u00e9n la contaminaci\u00f3n visual y la sensaci\u00f3n de crisis que genera tanto movimiento. Quiz\u00e1s usted dir\u00e1 este [&hellip;]","og_url":"https:\/\/biciurba.com\/index.php\/2024\/04\/22\/transitar-de-forma-sostenible-en-las-ciudades-implica-mucho-mas-que-un-medio-de-movilidad\/","og_site_name":"Biciurba","article_published_time":"2024-04-22T19:00:00+00:00","article_modified_time":"2024-04-22T15:57:45+00:00","og_image":[{"width":600,"height":400,"url":"https:\/\/biciurba.com\/wp-content\/uploads\/2024\/04\/ciudad-NY.png","type":"image\/png"}],"author":"Carlos Cantor","twitter_card":"summary_large_image","twitter_misc":{"Escrito por":"Carlos Cantor","Tiempo de lectura":"4 minutos"},"schema":{"@context":"https:\/\/schema.org","@graph":[{"@type":"Article","@id":"https:\/\/biciurba.com\/index.php\/2024\/04\/22\/transitar-de-forma-sostenible-en-las-ciudades-implica-mucho-mas-que-un-medio-de-movilidad\/#article","isPartOf":{"@id":"https:\/\/biciurba.com\/index.php\/2024\/04\/22\/transitar-de-forma-sostenible-en-las-ciudades-implica-mucho-mas-que-un-medio-de-movilidad\/"},"author":{"name":"Carlos Cantor","@id":"https:\/\/biciurba.com\/#\/schema\/person\/d9675ddf29ee982d268db0a3f239eced"},"headline":"Transitar de forma sostenible en las ciudades implica mucho m\u00e1s que un medio de movilidad","datePublished":"2024-04-22T19:00:00+00:00","dateModified":"2024-04-22T15:57:45+00:00","mainEntityOfPage":{"@id":"https:\/\/biciurba.com\/index.php\/2024\/04\/22\/transitar-de-forma-sostenible-en-las-ciudades-implica-mucho-mas-que-un-medio-de-movilidad\/"},"wordCount":685,"commentCount":0,"publisher":{"@id":"https:\/\/biciurba.com\/#\/schema\/person\/d9675ddf29ee982d268db0a3f239eced"},"image":{"@id":"https:\/\/biciurba.com\/index.php\/2024\/04\/22\/transitar-de-forma-sostenible-en-las-ciudades-implica-mucho-mas-que-un-medio-de-movilidad\/#primaryimage"},"thumbnailUrl":"https:\/\/biciurba.com\/wp-content\/uploads\/2024\/04\/ciudad-NY.png","keywords":["ciudades","humanizaci\u00f3n urbana","jardines y parques","sostenibilidad"],"articleSection":["Eco-movilidad"],"inLanguage":"es","potentialAction":[{"@type":"CommentAction","name":"Comment","target":["https:\/\/biciurba.com\/index.php\/2024\/04\/22\/transitar-de-forma-sostenible-en-las-ciudades-implica-mucho-mas-que-un-medio-de-movilidad\/#respond"]}]},{"@type":"WebPage","@id":"https:\/\/biciurba.com\/index.php\/2024\/04\/22\/transitar-de-forma-sostenible-en-las-ciudades-implica-mucho-mas-que-un-medio-de-movilidad\/","url":"https:\/\/biciurba.com\/index.php\/2024\/04\/22\/transitar-de-forma-sostenible-en-las-ciudades-implica-mucho-mas-que-un-medio-de-movilidad\/","name":"Transitar de forma sostenible en las ciudades implica mucho m\u00e1s que un medio de movilidad - Biciurba","isPartOf":{"@id":"https:\/\/biciurba.com\/#website"},"primaryImageOfPage":{"@id":"https:\/\/biciurba.com\/index.php\/2024\/04\/22\/transitar-de-forma-sostenible-en-las-ciudades-implica-mucho-mas-que-un-medio-de-movilidad\/#primaryimage"},"image":{"@id":"https:\/\/biciurba.com\/index.php\/2024\/04\/22\/transitar-de-forma-sostenible-en-las-ciudades-implica-mucho-mas-que-un-medio-de-movilidad\/#primaryimage"},"thumbnailUrl":"https:\/\/biciurba.com\/wp-content\/uploads\/2024\/04\/ciudad-NY.png","datePublished":"2024-04-22T19:00:00+00:00","dateModified":"2024-04-22T15:57:45+00:00","breadcrumb":{"@id":"https:\/\/biciurba.com\/index.php\/2024\/04\/22\/transitar-de-forma-sostenible-en-las-ciudades-implica-mucho-mas-que-un-medio-de-movilidad\/#breadcrumb"},"inLanguage":"es","potentialAction":[{"@type":"ReadAction","target":["https:\/\/biciurba.com\/index.php\/2024\/04\/22\/transitar-de-forma-sostenible-en-las-ciudades-implica-mucho-mas-que-un-medio-de-movilidad\/"]}]},{"@type":"ImageObject","inLanguage":"es","@id":"https:\/\/biciurba.com\/index.php\/2024\/04\/22\/transitar-de-forma-sostenible-en-las-ciudades-implica-mucho-mas-que-un-medio-de-movilidad\/#primaryimage","url":"https:\/\/biciurba.com\/wp-content\/uploads\/2024\/04\/ciudad-NY.png","contentUrl":"https:\/\/biciurba.com\/wp-content\/uploads\/2024\/04\/ciudad-NY.png","width":600,"height":400,"caption":"La ciudad verde, urbe humanizante"},{"@type":"BreadcrumbList","@id":"https:\/\/biciurba.com\/index.php\/2024\/04\/22\/transitar-de-forma-sostenible-en-las-ciudades-implica-mucho-mas-que-un-medio-de-movilidad\/#breadcrumb","itemListElement":[{"@type":"ListItem","position":1,"name":"Portada","item":"https:\/\/biciurba.com\/"},{"@type":"ListItem","position":2,"name":"Transitar de forma sostenible en las ciudades implica mucho m\u00e1s que un medio de movilidad"}]},{"@type":"WebSite","@id":"https:\/\/biciurba.com\/#website","url":"https:\/\/biciurba.com\/","name":"Biciurba","description":"Una mejor manera de vivir","publisher":{"@id":"https:\/\/biciurba.com\/#\/schema\/person\/d9675ddf29ee982d268db0a3f239eced"},"potentialAction":[{"@type":"SearchAction","target":{"@type":"EntryPoint","urlTemplate":"https:\/\/biciurba.com\/?s={search_term_string}"},"query-input":{"@type":"PropertyValueSpecification","valueRequired":true,"valueName":"search_term_string"}}],"inLanguage":"es"},{"@type":["Person","Organization"],"@id":"https:\/\/biciurba.com\/#\/schema\/person\/d9675ddf29ee982d268db0a3f239eced","name":"Carlos Cantor","image":{"@type":"ImageObject","inLanguage":"es","@id":"https:\/\/biciurba.com\/#\/schema\/person\/image\/","url":"https:\/\/biciurba.com\/wp-content\/uploads\/2024\/04\/cropped-logo-1.png","contentUrl":"https:\/\/biciurba.com\/wp-content\/uploads\/2024\/04\/cropped-logo-1.png","width":512,"height":318,"caption":"Carlos Cantor"},"logo":{"@id":"https:\/\/biciurba.com\/#\/schema\/person\/image\/"},"sameAs":["https:\/\/biciurba.com"],"url":"https:\/\/biciurba.com\/index.php\/author\/ccantor\/"}]}},"_links":{"self":[{"href":"https:\/\/biciurba.com\/index.php\/wp-json\/wp\/v2\/posts\/356"}],"collection":[{"href":"https:\/\/biciurba.com\/index.php\/wp-json\/wp\/v2\/posts"}],"about":[{"href":"https:\/\/biciurba.com\/index.php\/wp-json\/wp\/v2\/types\/post"}],"author":[{"embeddable":true,"href":"https:\/\/biciurba.com\/index.php\/wp-json\/wp\/v2\/users\/1"}],"replies":[{"embeddable":true,"href":"https:\/\/biciurba.com\/index.php\/wp-json\/wp\/v2\/comments?post=356"}],"version-history":[{"count":1,"href":"https:\/\/biciurba.com\/index.php\/wp-json\/wp\/v2\/posts\/356\/revisions"}],"predecessor-version":[{"id":358,"href":"https:\/\/biciurba.com\/index.php\/wp-json\/wp\/v2\/posts\/356\/revisions\/358"}],"wp:featuredmedia":[{"embeddable":true,"href":"https:\/\/biciurba.com\/index.php\/wp-json\/wp\/v2\/media\/357"}],"wp:attachment":[{"href":"https:\/\/biciurba.com\/index.php\/wp-json\/wp\/v2\/media?parent=356"}],"wp:term":[{"taxonomy":"category","embeddable":true,"href":"https:\/\/biciurba.com\/index.php\/wp-json\/wp\/v2\/categories?post=356"},{"taxonomy":"post_tag","embeddable":true,"href":"https:\/\/biciurba.com\/index.php\/wp-json\/wp\/v2\/tags?post=356"}],"curies":[{"name":"wp","href":"https:\/\/api.w.org\/{rel}","templated":true}]}}