{"id":361,"date":"2024-04-23T11:30:38","date_gmt":"2024-04-23T16:30:38","guid":{"rendered":"https:\/\/biciurba.com\/?p=361"},"modified":"2024-04-23T11:30:39","modified_gmt":"2024-04-23T16:30:39","slug":"un-idioma-vivo-que-evoluciona-y-es-considerado-la-segunda-lengua-mas-usada-en-el-planeta","status":"publish","type":"post","link":"https:\/\/biciurba.com\/index.php\/2024\/04\/23\/un-idioma-vivo-que-evoluciona-y-es-considerado-la-segunda-lengua-mas-usada-en-el-planeta\/","title":{"rendered":"Un idioma vivo que evoluciona y es considerado la segunda lengua m\u00e1s usada en el planeta"},"content":{"rendered":"\n<p>Cuando se le pregunta al buscador m\u00e1s reconocido de la internet sobre el idioma espa\u00f1ol, esto nos dice: \u00abEl espa\u00f1ol es el segundo idioma materno m\u00e1s hablado del mundo. Seg\u00fan el \u00faltimo informe del Instituto Cervantes &#8216;El espa\u00f1ol: una lengua viva&#8217;, cuenta con m\u00e1s de 477 millones de personas, y el n\u00famero asciende a 572 millones si se suman los hispanohablantes que utilizan el espa\u00f1ol como segunda lengua o extranjera\u00bb<\/p>\n\n\n\n<p>De hermosa cadencia y sonoridad, este idioma que aglutina ra\u00edces \u00e1rabes y latinas es el testimonio vivo de lo que fue en su momento el imperio m\u00e1s importante del planeta. Una pen\u00ednsula que logra aglutinar alrededor de los reyes durante los siglos XVI y XIX y que al igual que otros imperios desaparecen en las sombras de la historia de otro m\u00e1s fuerte, con mejor manejo de la econom\u00eda y del comercio global que suman otra cultura social, cultural y religiosa para hacer un punto de inflexi\u00f3n en la historia de la humanidad.<\/p>\n\n\n\n<p>La Espa\u00f1a Imperial cae frente al Imperio Brit\u00e1nico, el m\u00e1s grande de nuestra historia y que existi\u00f3 entre los siglos XVI y XX, y que finalmente cae durante la Segunda Guerra Mundial, pasando el poder hegem\u00f3nico a la USA. Todos estos imperios llevan consigo su lengua y su religi\u00f3n. En el caso espa\u00f1ol el castellano se extendi\u00f3 por las Am\u00e9ricas, \u00c1frica y Asia. La religi\u00f3n cat\u00f3lica hizo lo propio junto a los protagonistas de atrocidades al igual de contribuciones cient\u00edficas al mundo, como La Expedici\u00f3n Bot\u00e1nica dirigida por el sacerdote cat\u00f3lico y cient\u00edfico Jos\u00e9 Celestino Mutis, labor que comenz\u00f3 en el a\u00f1o de 1783 y terminar\u00eda en el a\u00f1o 1810. y ordenada por el virrey Antonio Caballero y G\u00f3ngora.<\/p>\n\n\n\n<p>La colonizaci\u00f3n espa\u00f1ola hizo del idioma una mezcla muy interesante de modismo regionales y al d\u00eda de hoy se distingue perfectamente, no solo por el acento, tambi\u00e9n por las palabras y los distintos modos de usar nuestro idioma. No solo palabras de origen \u00e1rabe, la riqueza de los idiomas ancestrales tambi\u00e9n hacen sus aportes para expresar realidades regionales, en algunos casos muy espec\u00edficas y que no tendr\u00edan otra forma de ser comunicadas.<\/p>\n\n\n\n<p>Cuando se estudia la gram\u00e1tica, sintaxis y morfolog\u00eda del castellano, nos damos cuenta de su riqueza en las formas posibles de usarlo, en la gran cantidad de palabras, algunas de las cuales no son adaptables a otras lenguas. Su riqueza en vocabulario lo hace exquisito, y solo en la medida que se estudie, pero, principalmente se lea y escriba, nuestro idioma seguir\u00e1 en los principales formas de expresi\u00f3n escrita y hablada del mundo.<\/p>\n\n\n\n<p>Cada tiempo tiene sus locuras idiom\u00e1ticas y una de ellas son las formas inclusivas, donde el masculino, femenino y neutro se trastocan da\u00f1ando el idioma. Y as\u00ed lo explica Alicia Mar\u00eda Zorrilla, presidenta de la Academia Argentina de Letras y Miembro Correspondiente Hispanoamericana de la Real Academia Espa\u00f1ola.  <\/p>\n\n\n\n<p>\u00abEl llamado \u00ablenguaje inclusivo\u00bb ni construye ni destruye. Est\u00e1 fuera del sistema gramatical del espa\u00f1ol y, como ling\u00fcista, me atengo a este sistema rigurosamente. Una lengua, un cuerpo ling\u00fc\u00edstico, no puede inventarse o reinventarse conscientemente de la noche a la ma\u00f1ana. No pueden reemplazarse las letras a y o, que diferencian el g\u00e9nero, con la arroba, el asterisco, la e o la x porque se tiene la voluntad de hacerlo en contra del androcentrismo o de reflejar con ello una realidad sociopol\u00edtica. \u200bEsa sustituci\u00f3n es ajena a la morfolog\u00eda del espa\u00f1ol e innecesaria, pues el masculino gen\u00e9rico o masculino gramatical ya es inclusivo, ya cumple esa funci\u00f3n como t\u00e9rmino no marcado de la oposici\u00f3n de g\u00e9nero porque se emplea en contextos gen\u00e9ricos e incluye en su significado a los individuos del sexo masculino y a toda la especie humana sin distinci\u00f3n de sexos (Los ciudadanos tienen derechos y obligaciones), y el g\u00e9nero marcado es el femenino, que solo designa a ese g\u00e9nero tanto en singular como en plural. Modificar una lengua milenaria como la nuestra no significa transformar la sociedad, que necesita estar cada vez m\u00e1s unida por el respeto, la verdad y las certezas. Considero, pues, que no deben forzarse las estructuras ling\u00fc\u00edsticas del espa\u00f1ol para que se conviertan en espejo de una ideolog\u00eda, pues la gram\u00e1tica espa\u00f1ola que estudiamos no coarta la libertad de expresarnos o de interpretar lo que expresan los dem\u00e1s. Lo afirmo con la convicci\u00f3n de que una lengua que interrelaciona nunca excluye\u00bb.<\/p>\n\n\n\n<p>Otro indicador importante del peso de un idioma, actualmente, es Internet. El espa\u00f1ol ocupa el tercer puesto como la lengua m\u00e1s utilizada en la Red, tras el ingl\u00e9s y el chino y el segundo utilizado en las principales redes sociales.<\/p>\n\n\n\n<p>As\u00ed las cosas, m\u00e1s all\u00e1 de planteamientos pol\u00edticos, reaccionarios, o de protesta, nuestra lengua est\u00e1 viva y hay que conocerla a profundidad, m\u00e1s all\u00e1 de estudios acad\u00e9micos especializados, el tema es leerlo, escribirlo y en textos m\u00e1s all\u00e1 de lo que se pueda usar en un mensaje de Whatsapp o en cualquier otra plataforma digital. El tema es conocerlo, aprovecharlo y disfrutar los textos que tantos escritores hacen de esta herramienta humana una eficiente forma de transmitir el pensamiento y nuestra experiencia de vida en el tiempo que nos ha tocado.<\/p>\n\n\n\n<p>La acad\u00e9mica argentina agrega  \u00abYa lo hablan 585 millones de personas. Lo estudian por su riqueza l\u00e9xica, porque es una lengua vigorosa y porque ya est\u00e1 tan difundida en el mundo. Ense\u00f1arles espa\u00f1ol a extranjeros significa deslumbrarlos con el asombro y el descubrimiento. Cada palabra los conduce a un nuevo lugar de caminos infinitos\u00bb. Es una labor de casa, del sistema educativo en todos sus niveles  para conocer, usar y cuidar nuestro idioma  porque no es solo palabras, es el mundo que se ha construido con esta lengua que aglutina nuestras ra\u00edces y las del mundo \u00e1rabe m\u00e1s all\u00e1 de un imperio que como todos, van pasando a la historia en bibliotecas, monumentos y museos. El idioma por el contrario sigue vivo y con buena salud.<\/p>\n\n\n\n<p><\/p>\n","protected":false},"excerpt":{"rendered":"<p>Cuando se le pregunta al buscador m\u00e1s reconocido de la internet sobre el idioma espa\u00f1ol, esto nos dice: \u00abEl espa\u00f1ol es el segundo idioma materno m\u00e1s hablado del mundo. Seg\u00fan el \u00faltimo informe del Instituto Cervantes &#8216;El espa\u00f1ol: una lengua viva&#8217;, cuenta con m\u00e1s de 477 millones de personas, y el n\u00famero asciende a 572 [&hellip;]<\/p>\n","protected":false},"author":1,"featured_media":362,"comment_status":"open","ping_status":"open","sticky":false,"template":"","format":"standard","meta":{"footnotes":""},"categories":[50],"tags":[146,145,147],"class_list":{"0":"post-361","1":"post","2":"type-post","3":"status-publish","4":"format-standard","5":"has-post-thumbnail","6":"hentry","7":"category-salud-y-bienestar","8":"tag-dia-del-idioma","10":"tag-lengua-castellana"},"yoast_head":"<!-- This site is optimized with the Yoast SEO plugin v23.9 - https:\/\/yoast.com\/wordpress\/plugins\/seo\/ -->\n<title>Un idioma vivo que evoluciona y es considerado la segunda lengua m\u00e1s usada en el planeta - Biciurba<\/title>\n<meta name=\"robots\" content=\"index, follow, max-snippet:-1, max-image-preview:large, max-video-preview:-1\" \/>\n<link rel=\"canonical\" href=\"https:\/\/biciurba.com\/index.php\/2024\/04\/23\/un-idioma-vivo-que-evoluciona-y-es-considerado-la-segunda-lengua-mas-usada-en-el-planeta\/\" \/>\n<meta property=\"og:locale\" content=\"es_ES\" \/>\n<meta property=\"og:type\" content=\"article\" \/>\n<meta property=\"og:title\" content=\"Un idioma vivo que evoluciona y es considerado la segunda lengua m\u00e1s usada en el planeta - Biciurba\" \/>\n<meta property=\"og:description\" content=\"Cuando se le pregunta al buscador m\u00e1s reconocido de la internet sobre el idioma espa\u00f1ol, esto nos dice: \u00abEl espa\u00f1ol es el segundo idioma materno m\u00e1s hablado del mundo. Seg\u00fan el \u00faltimo informe del Instituto Cervantes &#8216;El espa\u00f1ol: una lengua viva&#8217;, cuenta con m\u00e1s de 477 millones de personas, y el n\u00famero asciende a 572 [&hellip;]\" \/>\n<meta property=\"og:url\" content=\"https:\/\/biciurba.com\/index.php\/2024\/04\/23\/un-idioma-vivo-que-evoluciona-y-es-considerado-la-segunda-lengua-mas-usada-en-el-planeta\/\" \/>\n<meta property=\"og:site_name\" content=\"Biciurba\" \/>\n<meta property=\"article:published_time\" content=\"2024-04-23T16:30:38+00:00\" \/>\n<meta property=\"article:modified_time\" content=\"2024-04-23T16:30:39+00:00\" \/>\n<meta property=\"og:image\" content=\"https:\/\/biciurba.com\/wp-content\/uploads\/2024\/04\/hablamos-espanol.png\" \/>\n\t<meta property=\"og:image:width\" content=\"600\" \/>\n\t<meta property=\"og:image:height\" content=\"400\" \/>\n\t<meta property=\"og:image:type\" content=\"image\/png\" \/>\n<meta name=\"author\" content=\"Carlos Cantor\" \/>\n<meta name=\"twitter:card\" content=\"summary_large_image\" \/>\n<meta name=\"twitter:label1\" content=\"Escrito por\" \/>\n\t<meta name=\"twitter:data1\" content=\"Carlos Cantor\" \/>\n\t<meta name=\"twitter:label2\" content=\"Tiempo de lectura\" \/>\n\t<meta name=\"twitter:data2\" content=\"5 minutos\" \/>\n<script type=\"application\/ld+json\" class=\"yoast-schema-graph\">{\"@context\":\"https:\/\/schema.org\",\"@graph\":[{\"@type\":\"Article\",\"@id\":\"https:\/\/biciurba.com\/index.php\/2024\/04\/23\/un-idioma-vivo-que-evoluciona-y-es-considerado-la-segunda-lengua-mas-usada-en-el-planeta\/#article\",\"isPartOf\":{\"@id\":\"https:\/\/biciurba.com\/index.php\/2024\/04\/23\/un-idioma-vivo-que-evoluciona-y-es-considerado-la-segunda-lengua-mas-usada-en-el-planeta\/\"},\"author\":{\"name\":\"Carlos Cantor\",\"@id\":\"https:\/\/biciurba.com\/#\/schema\/person\/d9675ddf29ee982d268db0a3f239eced\"},\"headline\":\"Un idioma vivo que evoluciona y es considerado la segunda lengua m\u00e1s usada en el planeta\",\"datePublished\":\"2024-04-23T16:30:38+00:00\",\"dateModified\":\"2024-04-23T16:30:39+00:00\",\"mainEntityOfPage\":{\"@id\":\"https:\/\/biciurba.com\/index.php\/2024\/04\/23\/un-idioma-vivo-que-evoluciona-y-es-considerado-la-segunda-lengua-mas-usada-en-el-planeta\/\"},\"wordCount\":1079,\"commentCount\":1,\"publisher\":{\"@id\":\"https:\/\/biciurba.com\/#\/schema\/person\/d9675ddf29ee982d268db0a3f239eced\"},\"image\":{\"@id\":\"https:\/\/biciurba.com\/index.php\/2024\/04\/23\/un-idioma-vivo-que-evoluciona-y-es-considerado-la-segunda-lengua-mas-usada-en-el-planeta\/#primaryimage\"},\"thumbnailUrl\":\"https:\/\/biciurba.com\/wp-content\/uploads\/2024\/04\/hablamos-espanol.png\",\"keywords\":[\"D\u00eda del idioma\",\"Imperio Espa\u00f1ol\",\"Lengua castellana\"],\"articleSection\":[\"Vida Buena\"],\"inLanguage\":\"es\",\"potentialAction\":[{\"@type\":\"CommentAction\",\"name\":\"Comment\",\"target\":[\"https:\/\/biciurba.com\/index.php\/2024\/04\/23\/un-idioma-vivo-que-evoluciona-y-es-considerado-la-segunda-lengua-mas-usada-en-el-planeta\/#respond\"]}]},{\"@type\":\"WebPage\",\"@id\":\"https:\/\/biciurba.com\/index.php\/2024\/04\/23\/un-idioma-vivo-que-evoluciona-y-es-considerado-la-segunda-lengua-mas-usada-en-el-planeta\/\",\"url\":\"https:\/\/biciurba.com\/index.php\/2024\/04\/23\/un-idioma-vivo-que-evoluciona-y-es-considerado-la-segunda-lengua-mas-usada-en-el-planeta\/\",\"name\":\"Un idioma vivo que evoluciona y es considerado la segunda lengua m\u00e1s usada en el planeta - Biciurba\",\"isPartOf\":{\"@id\":\"https:\/\/biciurba.com\/#website\"},\"primaryImageOfPage\":{\"@id\":\"https:\/\/biciurba.com\/index.php\/2024\/04\/23\/un-idioma-vivo-que-evoluciona-y-es-considerado-la-segunda-lengua-mas-usada-en-el-planeta\/#primaryimage\"},\"image\":{\"@id\":\"https:\/\/biciurba.com\/index.php\/2024\/04\/23\/un-idioma-vivo-que-evoluciona-y-es-considerado-la-segunda-lengua-mas-usada-en-el-planeta\/#primaryimage\"},\"thumbnailUrl\":\"https:\/\/biciurba.com\/wp-content\/uploads\/2024\/04\/hablamos-espanol.png\",\"datePublished\":\"2024-04-23T16:30:38+00:00\",\"dateModified\":\"2024-04-23T16:30:39+00:00\",\"breadcrumb\":{\"@id\":\"https:\/\/biciurba.com\/index.php\/2024\/04\/23\/un-idioma-vivo-que-evoluciona-y-es-considerado-la-segunda-lengua-mas-usada-en-el-planeta\/#breadcrumb\"},\"inLanguage\":\"es\",\"potentialAction\":[{\"@type\":\"ReadAction\",\"target\":[\"https:\/\/biciurba.com\/index.php\/2024\/04\/23\/un-idioma-vivo-que-evoluciona-y-es-considerado-la-segunda-lengua-mas-usada-en-el-planeta\/\"]}]},{\"@type\":\"ImageObject\",\"inLanguage\":\"es\",\"@id\":\"https:\/\/biciurba.com\/index.php\/2024\/04\/23\/un-idioma-vivo-que-evoluciona-y-es-considerado-la-segunda-lengua-mas-usada-en-el-planeta\/#primaryimage\",\"url\":\"https:\/\/biciurba.com\/wp-content\/uploads\/2024\/04\/hablamos-espanol.png\",\"contentUrl\":\"https:\/\/biciurba.com\/wp-content\/uploads\/2024\/04\/hablamos-espanol.png\",\"width\":600,\"height\":400,\"caption\":\"Las palabras nos habitan, y habitamos las palabras. Que el espa\u00f1ol sea nuestra lengua materna no significa que sepamos hablarlo bien y, menos a\u00fan, escribirlo bien.\"},{\"@type\":\"BreadcrumbList\",\"@id\":\"https:\/\/biciurba.com\/index.php\/2024\/04\/23\/un-idioma-vivo-que-evoluciona-y-es-considerado-la-segunda-lengua-mas-usada-en-el-planeta\/#breadcrumb\",\"itemListElement\":[{\"@type\":\"ListItem\",\"position\":1,\"name\":\"Portada\",\"item\":\"https:\/\/biciurba.com\/\"},{\"@type\":\"ListItem\",\"position\":2,\"name\":\"Un idioma vivo que evoluciona y es considerado la segunda lengua m\u00e1s usada en el planeta\"}]},{\"@type\":\"WebSite\",\"@id\":\"https:\/\/biciurba.com\/#website\",\"url\":\"https:\/\/biciurba.com\/\",\"name\":\"Biciurba\",\"description\":\"Una mejor manera de vivir\",\"publisher\":{\"@id\":\"https:\/\/biciurba.com\/#\/schema\/person\/d9675ddf29ee982d268db0a3f239eced\"},\"potentialAction\":[{\"@type\":\"SearchAction\",\"target\":{\"@type\":\"EntryPoint\",\"urlTemplate\":\"https:\/\/biciurba.com\/?s={search_term_string}\"},\"query-input\":{\"@type\":\"PropertyValueSpecification\",\"valueRequired\":true,\"valueName\":\"search_term_string\"}}],\"inLanguage\":\"es\"},{\"@type\":[\"Person\",\"Organization\"],\"@id\":\"https:\/\/biciurba.com\/#\/schema\/person\/d9675ddf29ee982d268db0a3f239eced\",\"name\":\"Carlos Cantor\",\"image\":{\"@type\":\"ImageObject\",\"inLanguage\":\"es\",\"@id\":\"https:\/\/biciurba.com\/#\/schema\/person\/image\/\",\"url\":\"https:\/\/biciurba.com\/wp-content\/uploads\/2024\/04\/cropped-logo-1.png\",\"contentUrl\":\"https:\/\/biciurba.com\/wp-content\/uploads\/2024\/04\/cropped-logo-1.png\",\"width\":512,\"height\":318,\"caption\":\"Carlos Cantor\"},\"logo\":{\"@id\":\"https:\/\/biciurba.com\/#\/schema\/person\/image\/\"},\"sameAs\":[\"https:\/\/biciurba.com\"],\"url\":\"https:\/\/biciurba.com\/index.php\/author\/ccantor\/\"}]}<\/script>\n<!-- \/ Yoast SEO plugin. -->","yoast_head_json":{"title":"Un idioma vivo que evoluciona y es considerado la segunda lengua m\u00e1s usada en el planeta - Biciurba","robots":{"index":"index","follow":"follow","max-snippet":"max-snippet:-1","max-image-preview":"max-image-preview:large","max-video-preview":"max-video-preview:-1"},"canonical":"https:\/\/biciurba.com\/index.php\/2024\/04\/23\/un-idioma-vivo-que-evoluciona-y-es-considerado-la-segunda-lengua-mas-usada-en-el-planeta\/","og_locale":"es_ES","og_type":"article","og_title":"Un idioma vivo que evoluciona y es considerado la segunda lengua m\u00e1s usada en el planeta - Biciurba","og_description":"Cuando se le pregunta al buscador m\u00e1s reconocido de la internet sobre el idioma espa\u00f1ol, esto nos dice: \u00abEl espa\u00f1ol es el segundo idioma materno m\u00e1s hablado del mundo. Seg\u00fan el \u00faltimo informe del Instituto Cervantes &#8216;El espa\u00f1ol: una lengua viva&#8217;, cuenta con m\u00e1s de 477 millones de personas, y el n\u00famero asciende a 572 [&hellip;]","og_url":"https:\/\/biciurba.com\/index.php\/2024\/04\/23\/un-idioma-vivo-que-evoluciona-y-es-considerado-la-segunda-lengua-mas-usada-en-el-planeta\/","og_site_name":"Biciurba","article_published_time":"2024-04-23T16:30:38+00:00","article_modified_time":"2024-04-23T16:30:39+00:00","og_image":[{"width":600,"height":400,"url":"https:\/\/biciurba.com\/wp-content\/uploads\/2024\/04\/hablamos-espanol.png","type":"image\/png"}],"author":"Carlos Cantor","twitter_card":"summary_large_image","twitter_misc":{"Escrito por":"Carlos Cantor","Tiempo de lectura":"5 minutos"},"schema":{"@context":"https:\/\/schema.org","@graph":[{"@type":"Article","@id":"https:\/\/biciurba.com\/index.php\/2024\/04\/23\/un-idioma-vivo-que-evoluciona-y-es-considerado-la-segunda-lengua-mas-usada-en-el-planeta\/#article","isPartOf":{"@id":"https:\/\/biciurba.com\/index.php\/2024\/04\/23\/un-idioma-vivo-que-evoluciona-y-es-considerado-la-segunda-lengua-mas-usada-en-el-planeta\/"},"author":{"name":"Carlos Cantor","@id":"https:\/\/biciurba.com\/#\/schema\/person\/d9675ddf29ee982d268db0a3f239eced"},"headline":"Un idioma vivo que evoluciona y es considerado la segunda lengua m\u00e1s usada en el planeta","datePublished":"2024-04-23T16:30:38+00:00","dateModified":"2024-04-23T16:30:39+00:00","mainEntityOfPage":{"@id":"https:\/\/biciurba.com\/index.php\/2024\/04\/23\/un-idioma-vivo-que-evoluciona-y-es-considerado-la-segunda-lengua-mas-usada-en-el-planeta\/"},"wordCount":1079,"commentCount":1,"publisher":{"@id":"https:\/\/biciurba.com\/#\/schema\/person\/d9675ddf29ee982d268db0a3f239eced"},"image":{"@id":"https:\/\/biciurba.com\/index.php\/2024\/04\/23\/un-idioma-vivo-que-evoluciona-y-es-considerado-la-segunda-lengua-mas-usada-en-el-planeta\/#primaryimage"},"thumbnailUrl":"https:\/\/biciurba.com\/wp-content\/uploads\/2024\/04\/hablamos-espanol.png","keywords":["D\u00eda del idioma","Imperio Espa\u00f1ol","Lengua castellana"],"articleSection":["Vida Buena"],"inLanguage":"es","potentialAction":[{"@type":"CommentAction","name":"Comment","target":["https:\/\/biciurba.com\/index.php\/2024\/04\/23\/un-idioma-vivo-que-evoluciona-y-es-considerado-la-segunda-lengua-mas-usada-en-el-planeta\/#respond"]}]},{"@type":"WebPage","@id":"https:\/\/biciurba.com\/index.php\/2024\/04\/23\/un-idioma-vivo-que-evoluciona-y-es-considerado-la-segunda-lengua-mas-usada-en-el-planeta\/","url":"https:\/\/biciurba.com\/index.php\/2024\/04\/23\/un-idioma-vivo-que-evoluciona-y-es-considerado-la-segunda-lengua-mas-usada-en-el-planeta\/","name":"Un idioma vivo que evoluciona y es considerado la segunda lengua m\u00e1s usada en el planeta - Biciurba","isPartOf":{"@id":"https:\/\/biciurba.com\/#website"},"primaryImageOfPage":{"@id":"https:\/\/biciurba.com\/index.php\/2024\/04\/23\/un-idioma-vivo-que-evoluciona-y-es-considerado-la-segunda-lengua-mas-usada-en-el-planeta\/#primaryimage"},"image":{"@id":"https:\/\/biciurba.com\/index.php\/2024\/04\/23\/un-idioma-vivo-que-evoluciona-y-es-considerado-la-segunda-lengua-mas-usada-en-el-planeta\/#primaryimage"},"thumbnailUrl":"https:\/\/biciurba.com\/wp-content\/uploads\/2024\/04\/hablamos-espanol.png","datePublished":"2024-04-23T16:30:38+00:00","dateModified":"2024-04-23T16:30:39+00:00","breadcrumb":{"@id":"https:\/\/biciurba.com\/index.php\/2024\/04\/23\/un-idioma-vivo-que-evoluciona-y-es-considerado-la-segunda-lengua-mas-usada-en-el-planeta\/#breadcrumb"},"inLanguage":"es","potentialAction":[{"@type":"ReadAction","target":["https:\/\/biciurba.com\/index.php\/2024\/04\/23\/un-idioma-vivo-que-evoluciona-y-es-considerado-la-segunda-lengua-mas-usada-en-el-planeta\/"]}]},{"@type":"ImageObject","inLanguage":"es","@id":"https:\/\/biciurba.com\/index.php\/2024\/04\/23\/un-idioma-vivo-que-evoluciona-y-es-considerado-la-segunda-lengua-mas-usada-en-el-planeta\/#primaryimage","url":"https:\/\/biciurba.com\/wp-content\/uploads\/2024\/04\/hablamos-espanol.png","contentUrl":"https:\/\/biciurba.com\/wp-content\/uploads\/2024\/04\/hablamos-espanol.png","width":600,"height":400,"caption":"Las palabras nos habitan, y habitamos las palabras. Que el espa\u00f1ol sea nuestra lengua materna no significa que sepamos hablarlo bien y, menos a\u00fan, escribirlo bien."},{"@type":"BreadcrumbList","@id":"https:\/\/biciurba.com\/index.php\/2024\/04\/23\/un-idioma-vivo-que-evoluciona-y-es-considerado-la-segunda-lengua-mas-usada-en-el-planeta\/#breadcrumb","itemListElement":[{"@type":"ListItem","position":1,"name":"Portada","item":"https:\/\/biciurba.com\/"},{"@type":"ListItem","position":2,"name":"Un idioma vivo que evoluciona y es considerado la segunda lengua m\u00e1s usada en el planeta"}]},{"@type":"WebSite","@id":"https:\/\/biciurba.com\/#website","url":"https:\/\/biciurba.com\/","name":"Biciurba","description":"Una mejor manera de vivir","publisher":{"@id":"https:\/\/biciurba.com\/#\/schema\/person\/d9675ddf29ee982d268db0a3f239eced"},"potentialAction":[{"@type":"SearchAction","target":{"@type":"EntryPoint","urlTemplate":"https:\/\/biciurba.com\/?s={search_term_string}"},"query-input":{"@type":"PropertyValueSpecification","valueRequired":true,"valueName":"search_term_string"}}],"inLanguage":"es"},{"@type":["Person","Organization"],"@id":"https:\/\/biciurba.com\/#\/schema\/person\/d9675ddf29ee982d268db0a3f239eced","name":"Carlos Cantor","image":{"@type":"ImageObject","inLanguage":"es","@id":"https:\/\/biciurba.com\/#\/schema\/person\/image\/","url":"https:\/\/biciurba.com\/wp-content\/uploads\/2024\/04\/cropped-logo-1.png","contentUrl":"https:\/\/biciurba.com\/wp-content\/uploads\/2024\/04\/cropped-logo-1.png","width":512,"height":318,"caption":"Carlos Cantor"},"logo":{"@id":"https:\/\/biciurba.com\/#\/schema\/person\/image\/"},"sameAs":["https:\/\/biciurba.com"],"url":"https:\/\/biciurba.com\/index.php\/author\/ccantor\/"}]}},"_links":{"self":[{"href":"https:\/\/biciurba.com\/index.php\/wp-json\/wp\/v2\/posts\/361"}],"collection":[{"href":"https:\/\/biciurba.com\/index.php\/wp-json\/wp\/v2\/posts"}],"about":[{"href":"https:\/\/biciurba.com\/index.php\/wp-json\/wp\/v2\/types\/post"}],"author":[{"embeddable":true,"href":"https:\/\/biciurba.com\/index.php\/wp-json\/wp\/v2\/users\/1"}],"replies":[{"embeddable":true,"href":"https:\/\/biciurba.com\/index.php\/wp-json\/wp\/v2\/comments?post=361"}],"version-history":[{"count":1,"href":"https:\/\/biciurba.com\/index.php\/wp-json\/wp\/v2\/posts\/361\/revisions"}],"predecessor-version":[{"id":363,"href":"https:\/\/biciurba.com\/index.php\/wp-json\/wp\/v2\/posts\/361\/revisions\/363"}],"wp:featuredmedia":[{"embeddable":true,"href":"https:\/\/biciurba.com\/index.php\/wp-json\/wp\/v2\/media\/362"}],"wp:attachment":[{"href":"https:\/\/biciurba.com\/index.php\/wp-json\/wp\/v2\/media?parent=361"}],"wp:term":[{"taxonomy":"category","embeddable":true,"href":"https:\/\/biciurba.com\/index.php\/wp-json\/wp\/v2\/categories?post=361"},{"taxonomy":"post_tag","embeddable":true,"href":"https:\/\/biciurba.com\/index.php\/wp-json\/wp\/v2\/tags?post=361"}],"curies":[{"name":"wp","href":"https:\/\/api.w.org\/{rel}","templated":true}]}}