{"id":364,"date":"2024-04-23T18:13:35","date_gmt":"2024-04-23T23:13:35","guid":{"rendered":"https:\/\/biciurba.com\/?p=364"},"modified":"2024-04-23T18:13:36","modified_gmt":"2024-04-23T23:13:36","slug":"europa-es-el-continente-que-mas-rapidamente-se-esta-calentando","status":"publish","type":"post","link":"https:\/\/biciurba.com\/index.php\/2024\/04\/23\/europa-es-el-continente-que-mas-rapidamente-se-esta-calentando\/","title":{"rendered":"Europa es el continente que m\u00e1s r\u00e1pidamente se est\u00e1 calentando"},"content":{"rendered":"\n<p>La Organizaci\u00f3n Meteorol\u00f3gica Mundial (OMM) y el Servicio de Cambio Clim\u00e1tico Copernicus ha publica los datos sobre lo que fue el 2023 como un a\u00f1o de extremos, entre el calor sofocante, lluvias torrenciales y bajo nivel de las nevadas.<\/p>\n\n\n\n<p>En t\u00e9rminos sencillos, esto condujo a un n\u00famero r\u00e9cord de d\u00edas con \u00abestr\u00e9s t\u00e9rmico extremo\u00bb y \u00abuna tendencia creciente\u00bb en el continente, con un \u00abverano prolongado\u00bb de junio a septiembre, marcado por olas de calor, incendios forestales, sequ\u00edas e inundaciones.<\/p>\n\n\n\n<p>\u00abDependiendo de los datos, 2023 fue el a\u00f1o m\u00e1s c\u00e1lido o el segundo m\u00e1s c\u00e1lido registrado\u00bb, seg\u00fan la OMM, que destaca que \u00abla mortalidad relacionada con el calor ha aumentado alrededor de un 30% en los \u00faltimos 20 a\u00f1os y se estima que las muertes relacionadas con el calor han aumentado en el 94% de las regiones europeas monitoreadas\u201d, se estima que entre 55.000 y 72.000 personas murieron por las olas de calor en 2003, 2010 y 2022.<\/p>\n\n\n\n<p>Seg\u00fan la agencia de la ONU, las temperaturas terrestres en Europa fueron superiores a la media durante 11 meses del a\u00f1o en 2023, incluido el septiembre m\u00e1s c\u00e1lido jam\u00e1s registrado. Las precipitaciones tambi\u00e9n fueron un 7% superiores a la media, y el caudal de los r\u00edos europeos alcanz\u00f3 niveles r\u00e9cord en diciembre, con caudales \u00abexcepcionalmente altos\u00bb en casi una cuarta parte de la red fluvial.<\/p>\n\n\n\n<p>Esto signific\u00f3 que durante 2023 se superaron los umbrales de crecida \u00abalta\u00bb en un tercio de la red fluvial europea, mientras que cerca de uno de cada siete super\u00f3 los umbrales de crecida \u00abgrave\u00bb.<\/p>\n\n\n\n<p>Las conclusiones del informe sobre el estado del clima en Europa en el 2023 reflejan el aumento de las perturbaciones del cambio clim\u00e1tico a escala mundial, pero son especialmente significativas porque el continente es el que m\u00e1s r\u00e1pidamente se est\u00e1 calentando.<\/p>\n\n\n\n<p>Las temperaturas r\u00e9cord de la superficie del mar en toda Europa tambi\u00e9n reflejaron la tendencia al calentamiento profundamente preocupante en tierra, con una alarmante \u00abola de calor marina\u00bb presente en junio, en el Oc\u00e9ano Atl\u00e1ntico al oeste de Irlanda y alrededor del Reino Unido. Seg\u00fan la OMM, el fen\u00f3meno se clasific\u00f3 como \u00abextremo\u00bb y en algunas zonas \u00abm\u00e1s all\u00e1 de lo extremo\u00bb, con temperaturas de la superficie del mar de hasta 5 grados cent\u00edgrados por encima de la media.<\/p>\n\n\n\n<p>\u00abEn el conjunto del a\u00f1o, la temperatura media de la superficie del mar en los oc\u00e9anos de Europa fue la m\u00e1s c\u00e1lida jam\u00e1s registrada\u00bb, declar\u00f3 la OMM. \u00abEn algunas partes del mar Mediterr\u00e1neo y del noreste del oc\u00e9ano Atl\u00e1ntico se registr\u00f3 la temperatura media anual de la superficie del mar m\u00e1s alta de la historia\u201d.<\/p>\n\n\n\n<p>Centr\u00e1ndose en la sostenibilidad y la resistencia a las perturbaciones del cambio clim\u00e1tico, el informe de la organizaci\u00f3n de la ONU subray\u00f3 un aumento r\u00e9cord de la generaci\u00f3n de electricidad mediante tecnolog\u00edas renovables en Europa.<\/p>\n\n\n\n<p>Ello se debi\u00f3 a una actividad tormentosa de octubre a diciembre superior a la normal, que se tradujo en una producci\u00f3n de energ\u00eda e\u00f3lica superior a la media. Tambi\u00e9n fue significativa la generaci\u00f3n de energ\u00eda hidroel\u00e9ctrica por encima de la media en gran parte de Europa durante 2023, vinculada a precipitaciones y caudales fluviales superiores a la media.<\/p>\n\n\n\n<p>Por otro lado, la generaci\u00f3n de energ\u00eda mediante paneles solares fue inferior a la media en el noroeste y el centro de Europa, pero superior a la media en el suroeste, el sur y Escandinavia.<\/p>\n\n\n\n<p>La Organizaci\u00f3n Meteorol\u00f3gica Mundial tambi\u00e9n confirm\u00f3 que en gran parte de Europa hubo menos d\u00edas de nieve que la media, sobre todo en Europa central y los Alpes durante el invierno y la primavera.<br>Esto provoc\u00f3 una p\u00e9rdida excepcional de hielo glaciar en los Alpes, agravada por el fuerte deshielo estival provocado por las olas de calor, con lo que los glaciares perdieron alrededor del 10% de su volumen en 2022 y 2023.<\/p>\n\n\n\n<p>Con respecto a los polos de la Tierra las temperaturas en el \u00c1rtico fueron las sextas m\u00e1s c\u00e1lidas jam\u00e1s registradas. \u00abLos cinco a\u00f1os m\u00e1s c\u00e1lidos registrados en las tierras \u00e1rticas se han producido todos desde 2016\u00bb, se\u00f1al\u00f3 la OMM.<\/p>\n\n\n\n<p>La extensi\u00f3n fluctuante del mar \u00c1rtico se mantuvo por debajo de la media durante la mayor parte de 2023, inform\u00f3 tambi\u00e9n la agencia de la ONU. \u00abEn su m\u00e1ximo anual en marzo, la extensi\u00f3n mensual fue un 4% debajo del promedio, ubic\u00e1ndose en el quinto lugar m\u00e1s bajo jam\u00e1s registrado. En su m\u00ednimo anual en septiembre, la extensi\u00f3n mensual ocup\u00f3 el sexto lugar m\u00e1s bajo, un 18% por debajo del promedio\u201d.<\/p>\n\n\n\n<p>Por otro lado, las emisiones totales de carbono de los incendios forestales en las regiones sub\u00e1rticas y \u00e1rticas fueron las segundas m\u00e1s altas registradas en 2023, dijo la OMM, relacionadas con los incendios forestales en latitudes altas, la mayor\u00eda de los cuales ocurrieron en Canad\u00e1 entre mayo y septiembre.<\/p>\n\n\n\n<p>Fuente: OMM<\/p>\n","protected":false},"excerpt":{"rendered":"<p>La Organizaci\u00f3n Meteorol\u00f3gica Mundial (OMM) y el Servicio de Cambio Clim\u00e1tico Copernicus ha publica los datos sobre lo que fue el 2023 como un a\u00f1o de extremos, entre el calor sofocante, lluvias torrenciales y bajo nivel de las nevadas. En t\u00e9rminos sencillos, esto condujo a un n\u00famero r\u00e9cord de d\u00edas con \u00abestr\u00e9s t\u00e9rmico extremo\u00bb y [&hellip;]<\/p>\n","protected":false},"author":1,"featured_media":365,"comment_status":"open","ping_status":"open","sticky":false,"template":"","format":"standard","meta":{"footnotes":""},"categories":[95],"tags":[151,150,149,19,148,152],"class_list":["post-364","post","type-post","status-publish","format-standard","has-post-thumbnail","hentry","category-crisis-climatica","tag-artico","tag-calentamiento-global","tag-copernicus","tag-crisis-climatica","tag-europa-omm","tag-olas-de-calor"],"yoast_head":"<!-- This site is optimized with the Yoast SEO plugin v23.9 - https:\/\/yoast.com\/wordpress\/plugins\/seo\/ -->\n<title>Europa es el continente que m\u00e1s r\u00e1pidamente se est\u00e1 calentando - Biciurba<\/title>\n<meta name=\"robots\" content=\"index, follow, max-snippet:-1, max-image-preview:large, max-video-preview:-1\" \/>\n<link rel=\"canonical\" href=\"https:\/\/biciurba.com\/index.php\/2024\/04\/23\/europa-es-el-continente-que-mas-rapidamente-se-esta-calentando\/\" \/>\n<meta property=\"og:locale\" content=\"es_ES\" \/>\n<meta property=\"og:type\" content=\"article\" \/>\n<meta property=\"og:title\" content=\"Europa es el continente que m\u00e1s r\u00e1pidamente se est\u00e1 calentando - Biciurba\" \/>\n<meta property=\"og:description\" content=\"La Organizaci\u00f3n Meteorol\u00f3gica Mundial (OMM) y el Servicio de Cambio Clim\u00e1tico Copernicus ha publica los datos sobre lo que fue el 2023 como un a\u00f1o de extremos, entre el calor sofocante, lluvias torrenciales y bajo nivel de las nevadas. En t\u00e9rminos sencillos, esto condujo a un n\u00famero r\u00e9cord de d\u00edas con \u00abestr\u00e9s t\u00e9rmico extremo\u00bb y [&hellip;]\" \/>\n<meta property=\"og:url\" content=\"https:\/\/biciurba.com\/index.php\/2024\/04\/23\/europa-es-el-continente-que-mas-rapidamente-se-esta-calentando\/\" \/>\n<meta property=\"og:site_name\" content=\"Biciurba\" \/>\n<meta property=\"article:published_time\" content=\"2024-04-23T23:13:35+00:00\" \/>\n<meta property=\"article:modified_time\" content=\"2024-04-23T23:13:36+00:00\" \/>\n<meta property=\"og:image\" content=\"https:\/\/biciurba.com\/wp-content\/uploads\/2024\/04\/calor.png\" \/>\n\t<meta property=\"og:image:width\" content=\"600\" \/>\n\t<meta property=\"og:image:height\" content=\"400\" \/>\n\t<meta property=\"og:image:type\" content=\"image\/png\" \/>\n<meta name=\"author\" content=\"Carlos Cantor\" \/>\n<meta name=\"twitter:card\" content=\"summary_large_image\" \/>\n<meta name=\"twitter:label1\" content=\"Escrito por\" \/>\n\t<meta name=\"twitter:data1\" content=\"Carlos Cantor\" \/>\n\t<meta name=\"twitter:label2\" content=\"Tiempo de lectura\" \/>\n\t<meta name=\"twitter:data2\" content=\"4 minutos\" \/>\n<script type=\"application\/ld+json\" class=\"yoast-schema-graph\">{\"@context\":\"https:\/\/schema.org\",\"@graph\":[{\"@type\":\"Article\",\"@id\":\"https:\/\/biciurba.com\/index.php\/2024\/04\/23\/europa-es-el-continente-que-mas-rapidamente-se-esta-calentando\/#article\",\"isPartOf\":{\"@id\":\"https:\/\/biciurba.com\/index.php\/2024\/04\/23\/europa-es-el-continente-que-mas-rapidamente-se-esta-calentando\/\"},\"author\":{\"name\":\"Carlos Cantor\",\"@id\":\"https:\/\/biciurba.com\/#\/schema\/person\/d9675ddf29ee982d268db0a3f239eced\"},\"headline\":\"Europa es el continente que m\u00e1s r\u00e1pidamente se est\u00e1 calentando\",\"datePublished\":\"2024-04-23T23:13:35+00:00\",\"dateModified\":\"2024-04-23T23:13:36+00:00\",\"mainEntityOfPage\":{\"@id\":\"https:\/\/biciurba.com\/index.php\/2024\/04\/23\/europa-es-el-continente-que-mas-rapidamente-se-esta-calentando\/\"},\"wordCount\":866,\"commentCount\":0,\"publisher\":{\"@id\":\"https:\/\/biciurba.com\/#\/schema\/person\/d9675ddf29ee982d268db0a3f239eced\"},\"image\":{\"@id\":\"https:\/\/biciurba.com\/index.php\/2024\/04\/23\/europa-es-el-continente-que-mas-rapidamente-se-esta-calentando\/#primaryimage\"},\"thumbnailUrl\":\"https:\/\/biciurba.com\/wp-content\/uploads\/2024\/04\/calor.png\",\"keywords\":[\"\u00c1rtico\",\"calentamiento global\",\"Copernicus\",\"Crisis clim\u00e1tica\",\"Europa OMM\",\"Olas de calor\"],\"articleSection\":[\"Crisis clim\u00e1tica\"],\"inLanguage\":\"es\",\"potentialAction\":[{\"@type\":\"CommentAction\",\"name\":\"Comment\",\"target\":[\"https:\/\/biciurba.com\/index.php\/2024\/04\/23\/europa-es-el-continente-que-mas-rapidamente-se-esta-calentando\/#respond\"]}]},{\"@type\":\"WebPage\",\"@id\":\"https:\/\/biciurba.com\/index.php\/2024\/04\/23\/europa-es-el-continente-que-mas-rapidamente-se-esta-calentando\/\",\"url\":\"https:\/\/biciurba.com\/index.php\/2024\/04\/23\/europa-es-el-continente-que-mas-rapidamente-se-esta-calentando\/\",\"name\":\"Europa es el continente que m\u00e1s r\u00e1pidamente se est\u00e1 calentando - Biciurba\",\"isPartOf\":{\"@id\":\"https:\/\/biciurba.com\/#website\"},\"primaryImageOfPage\":{\"@id\":\"https:\/\/biciurba.com\/index.php\/2024\/04\/23\/europa-es-el-continente-que-mas-rapidamente-se-esta-calentando\/#primaryimage\"},\"image\":{\"@id\":\"https:\/\/biciurba.com\/index.php\/2024\/04\/23\/europa-es-el-continente-que-mas-rapidamente-se-esta-calentando\/#primaryimage\"},\"thumbnailUrl\":\"https:\/\/biciurba.com\/wp-content\/uploads\/2024\/04\/calor.png\",\"datePublished\":\"2024-04-23T23:13:35+00:00\",\"dateModified\":\"2024-04-23T23:13:36+00:00\",\"breadcrumb\":{\"@id\":\"https:\/\/biciurba.com\/index.php\/2024\/04\/23\/europa-es-el-continente-que-mas-rapidamente-se-esta-calentando\/#breadcrumb\"},\"inLanguage\":\"es\",\"potentialAction\":[{\"@type\":\"ReadAction\",\"target\":[\"https:\/\/biciurba.com\/index.php\/2024\/04\/23\/europa-es-el-continente-que-mas-rapidamente-se-esta-calentando\/\"]}]},{\"@type\":\"ImageObject\",\"inLanguage\":\"es\",\"@id\":\"https:\/\/biciurba.com\/index.php\/2024\/04\/23\/europa-es-el-continente-que-mas-rapidamente-se-esta-calentando\/#primaryimage\",\"url\":\"https:\/\/biciurba.com\/wp-content\/uploads\/2024\/04\/calor.png\",\"contentUrl\":\"https:\/\/biciurba.com\/wp-content\/uploads\/2024\/04\/calor.png\",\"width\":600,\"height\":400,\"caption\":\"La crisis clim\u00e1tica condujo a que 2023 fuera conjuntamente uno de los dos a\u00f1os m\u00e1s c\u00e1lidos jam\u00e1s registrado en Europa. OMM\"},{\"@type\":\"BreadcrumbList\",\"@id\":\"https:\/\/biciurba.com\/index.php\/2024\/04\/23\/europa-es-el-continente-que-mas-rapidamente-se-esta-calentando\/#breadcrumb\",\"itemListElement\":[{\"@type\":\"ListItem\",\"position\":1,\"name\":\"Portada\",\"item\":\"https:\/\/biciurba.com\/\"},{\"@type\":\"ListItem\",\"position\":2,\"name\":\"Europa es el continente que m\u00e1s r\u00e1pidamente se est\u00e1 calentando\"}]},{\"@type\":\"WebSite\",\"@id\":\"https:\/\/biciurba.com\/#website\",\"url\":\"https:\/\/biciurba.com\/\",\"name\":\"Biciurba\",\"description\":\"Una mejor manera de vivir\",\"publisher\":{\"@id\":\"https:\/\/biciurba.com\/#\/schema\/person\/d9675ddf29ee982d268db0a3f239eced\"},\"potentialAction\":[{\"@type\":\"SearchAction\",\"target\":{\"@type\":\"EntryPoint\",\"urlTemplate\":\"https:\/\/biciurba.com\/?s={search_term_string}\"},\"query-input\":{\"@type\":\"PropertyValueSpecification\",\"valueRequired\":true,\"valueName\":\"search_term_string\"}}],\"inLanguage\":\"es\"},{\"@type\":[\"Person\",\"Organization\"],\"@id\":\"https:\/\/biciurba.com\/#\/schema\/person\/d9675ddf29ee982d268db0a3f239eced\",\"name\":\"Carlos Cantor\",\"image\":{\"@type\":\"ImageObject\",\"inLanguage\":\"es\",\"@id\":\"https:\/\/biciurba.com\/#\/schema\/person\/image\/\",\"url\":\"https:\/\/biciurba.com\/wp-content\/uploads\/2024\/04\/cropped-logo-1.png\",\"contentUrl\":\"https:\/\/biciurba.com\/wp-content\/uploads\/2024\/04\/cropped-logo-1.png\",\"width\":512,\"height\":318,\"caption\":\"Carlos Cantor\"},\"logo\":{\"@id\":\"https:\/\/biciurba.com\/#\/schema\/person\/image\/\"},\"sameAs\":[\"https:\/\/biciurba.com\"],\"url\":\"https:\/\/biciurba.com\/index.php\/author\/ccantor\/\"}]}<\/script>\n<!-- \/ Yoast SEO plugin. -->","yoast_head_json":{"title":"Europa es el continente que m\u00e1s r\u00e1pidamente se est\u00e1 calentando - Biciurba","robots":{"index":"index","follow":"follow","max-snippet":"max-snippet:-1","max-image-preview":"max-image-preview:large","max-video-preview":"max-video-preview:-1"},"canonical":"https:\/\/biciurba.com\/index.php\/2024\/04\/23\/europa-es-el-continente-que-mas-rapidamente-se-esta-calentando\/","og_locale":"es_ES","og_type":"article","og_title":"Europa es el continente que m\u00e1s r\u00e1pidamente se est\u00e1 calentando - Biciurba","og_description":"La Organizaci\u00f3n Meteorol\u00f3gica Mundial (OMM) y el Servicio de Cambio Clim\u00e1tico Copernicus ha publica los datos sobre lo que fue el 2023 como un a\u00f1o de extremos, entre el calor sofocante, lluvias torrenciales y bajo nivel de las nevadas. En t\u00e9rminos sencillos, esto condujo a un n\u00famero r\u00e9cord de d\u00edas con \u00abestr\u00e9s t\u00e9rmico extremo\u00bb y [&hellip;]","og_url":"https:\/\/biciurba.com\/index.php\/2024\/04\/23\/europa-es-el-continente-que-mas-rapidamente-se-esta-calentando\/","og_site_name":"Biciurba","article_published_time":"2024-04-23T23:13:35+00:00","article_modified_time":"2024-04-23T23:13:36+00:00","og_image":[{"width":600,"height":400,"url":"https:\/\/biciurba.com\/wp-content\/uploads\/2024\/04\/calor.png","type":"image\/png"}],"author":"Carlos Cantor","twitter_card":"summary_large_image","twitter_misc":{"Escrito por":"Carlos Cantor","Tiempo de lectura":"4 minutos"},"schema":{"@context":"https:\/\/schema.org","@graph":[{"@type":"Article","@id":"https:\/\/biciurba.com\/index.php\/2024\/04\/23\/europa-es-el-continente-que-mas-rapidamente-se-esta-calentando\/#article","isPartOf":{"@id":"https:\/\/biciurba.com\/index.php\/2024\/04\/23\/europa-es-el-continente-que-mas-rapidamente-se-esta-calentando\/"},"author":{"name":"Carlos Cantor","@id":"https:\/\/biciurba.com\/#\/schema\/person\/d9675ddf29ee982d268db0a3f239eced"},"headline":"Europa es el continente que m\u00e1s r\u00e1pidamente se est\u00e1 calentando","datePublished":"2024-04-23T23:13:35+00:00","dateModified":"2024-04-23T23:13:36+00:00","mainEntityOfPage":{"@id":"https:\/\/biciurba.com\/index.php\/2024\/04\/23\/europa-es-el-continente-que-mas-rapidamente-se-esta-calentando\/"},"wordCount":866,"commentCount":0,"publisher":{"@id":"https:\/\/biciurba.com\/#\/schema\/person\/d9675ddf29ee982d268db0a3f239eced"},"image":{"@id":"https:\/\/biciurba.com\/index.php\/2024\/04\/23\/europa-es-el-continente-que-mas-rapidamente-se-esta-calentando\/#primaryimage"},"thumbnailUrl":"https:\/\/biciurba.com\/wp-content\/uploads\/2024\/04\/calor.png","keywords":["\u00c1rtico","calentamiento global","Copernicus","Crisis clim\u00e1tica","Europa OMM","Olas de calor"],"articleSection":["Crisis clim\u00e1tica"],"inLanguage":"es","potentialAction":[{"@type":"CommentAction","name":"Comment","target":["https:\/\/biciurba.com\/index.php\/2024\/04\/23\/europa-es-el-continente-que-mas-rapidamente-se-esta-calentando\/#respond"]}]},{"@type":"WebPage","@id":"https:\/\/biciurba.com\/index.php\/2024\/04\/23\/europa-es-el-continente-que-mas-rapidamente-se-esta-calentando\/","url":"https:\/\/biciurba.com\/index.php\/2024\/04\/23\/europa-es-el-continente-que-mas-rapidamente-se-esta-calentando\/","name":"Europa es el continente que m\u00e1s r\u00e1pidamente se est\u00e1 calentando - Biciurba","isPartOf":{"@id":"https:\/\/biciurba.com\/#website"},"primaryImageOfPage":{"@id":"https:\/\/biciurba.com\/index.php\/2024\/04\/23\/europa-es-el-continente-que-mas-rapidamente-se-esta-calentando\/#primaryimage"},"image":{"@id":"https:\/\/biciurba.com\/index.php\/2024\/04\/23\/europa-es-el-continente-que-mas-rapidamente-se-esta-calentando\/#primaryimage"},"thumbnailUrl":"https:\/\/biciurba.com\/wp-content\/uploads\/2024\/04\/calor.png","datePublished":"2024-04-23T23:13:35+00:00","dateModified":"2024-04-23T23:13:36+00:00","breadcrumb":{"@id":"https:\/\/biciurba.com\/index.php\/2024\/04\/23\/europa-es-el-continente-que-mas-rapidamente-se-esta-calentando\/#breadcrumb"},"inLanguage":"es","potentialAction":[{"@type":"ReadAction","target":["https:\/\/biciurba.com\/index.php\/2024\/04\/23\/europa-es-el-continente-que-mas-rapidamente-se-esta-calentando\/"]}]},{"@type":"ImageObject","inLanguage":"es","@id":"https:\/\/biciurba.com\/index.php\/2024\/04\/23\/europa-es-el-continente-que-mas-rapidamente-se-esta-calentando\/#primaryimage","url":"https:\/\/biciurba.com\/wp-content\/uploads\/2024\/04\/calor.png","contentUrl":"https:\/\/biciurba.com\/wp-content\/uploads\/2024\/04\/calor.png","width":600,"height":400,"caption":"La crisis clim\u00e1tica condujo a que 2023 fuera conjuntamente uno de los dos a\u00f1os m\u00e1s c\u00e1lidos jam\u00e1s registrado en Europa. OMM"},{"@type":"BreadcrumbList","@id":"https:\/\/biciurba.com\/index.php\/2024\/04\/23\/europa-es-el-continente-que-mas-rapidamente-se-esta-calentando\/#breadcrumb","itemListElement":[{"@type":"ListItem","position":1,"name":"Portada","item":"https:\/\/biciurba.com\/"},{"@type":"ListItem","position":2,"name":"Europa es el continente que m\u00e1s r\u00e1pidamente se est\u00e1 calentando"}]},{"@type":"WebSite","@id":"https:\/\/biciurba.com\/#website","url":"https:\/\/biciurba.com\/","name":"Biciurba","description":"Una mejor manera de vivir","publisher":{"@id":"https:\/\/biciurba.com\/#\/schema\/person\/d9675ddf29ee982d268db0a3f239eced"},"potentialAction":[{"@type":"SearchAction","target":{"@type":"EntryPoint","urlTemplate":"https:\/\/biciurba.com\/?s={search_term_string}"},"query-input":{"@type":"PropertyValueSpecification","valueRequired":true,"valueName":"search_term_string"}}],"inLanguage":"es"},{"@type":["Person","Organization"],"@id":"https:\/\/biciurba.com\/#\/schema\/person\/d9675ddf29ee982d268db0a3f239eced","name":"Carlos Cantor","image":{"@type":"ImageObject","inLanguage":"es","@id":"https:\/\/biciurba.com\/#\/schema\/person\/image\/","url":"https:\/\/biciurba.com\/wp-content\/uploads\/2024\/04\/cropped-logo-1.png","contentUrl":"https:\/\/biciurba.com\/wp-content\/uploads\/2024\/04\/cropped-logo-1.png","width":512,"height":318,"caption":"Carlos Cantor"},"logo":{"@id":"https:\/\/biciurba.com\/#\/schema\/person\/image\/"},"sameAs":["https:\/\/biciurba.com"],"url":"https:\/\/biciurba.com\/index.php\/author\/ccantor\/"}]}},"_links":{"self":[{"href":"https:\/\/biciurba.com\/index.php\/wp-json\/wp\/v2\/posts\/364"}],"collection":[{"href":"https:\/\/biciurba.com\/index.php\/wp-json\/wp\/v2\/posts"}],"about":[{"href":"https:\/\/biciurba.com\/index.php\/wp-json\/wp\/v2\/types\/post"}],"author":[{"embeddable":true,"href":"https:\/\/biciurba.com\/index.php\/wp-json\/wp\/v2\/users\/1"}],"replies":[{"embeddable":true,"href":"https:\/\/biciurba.com\/index.php\/wp-json\/wp\/v2\/comments?post=364"}],"version-history":[{"count":1,"href":"https:\/\/biciurba.com\/index.php\/wp-json\/wp\/v2\/posts\/364\/revisions"}],"predecessor-version":[{"id":366,"href":"https:\/\/biciurba.com\/index.php\/wp-json\/wp\/v2\/posts\/364\/revisions\/366"}],"wp:featuredmedia":[{"embeddable":true,"href":"https:\/\/biciurba.com\/index.php\/wp-json\/wp\/v2\/media\/365"}],"wp:attachment":[{"href":"https:\/\/biciurba.com\/index.php\/wp-json\/wp\/v2\/media?parent=364"}],"wp:term":[{"taxonomy":"category","embeddable":true,"href":"https:\/\/biciurba.com\/index.php\/wp-json\/wp\/v2\/categories?post=364"},{"taxonomy":"post_tag","embeddable":true,"href":"https:\/\/biciurba.com\/index.php\/wp-json\/wp\/v2\/tags?post=364"}],"curies":[{"name":"wp","href":"https:\/\/api.w.org\/{rel}","templated":true}]}}