{"id":375,"date":"2024-04-25T10:00:00","date_gmt":"2024-04-25T15:00:00","guid":{"rendered":"https:\/\/biciurba.com\/?p=375"},"modified":"2024-04-25T08:47:38","modified_gmt":"2024-04-25T13:47:38","slug":"inseguridad-alimentaria-la-solucion-esta-a-la-mano-en-la-ciudad-y-el-campo","status":"publish","type":"post","link":"https:\/\/biciurba.com\/index.php\/2024\/04\/25\/inseguridad-alimentaria-la-solucion-esta-a-la-mano-en-la-ciudad-y-el-campo\/","title":{"rendered":"Inseguridad alimentaria, la soluci\u00f3n est\u00e1 a la mano en la ciudad y el campo"},"content":{"rendered":"\n<p>En Am\u00e9rica Latina, casi 20 millones de personas en nueve pa\u00edses sufren inseguridad alimentaria aguda. El n\u00famero aument\u00f3 de 17,8 millones en 2022 a 19,7 millones en 2023. Colombia se suma por primera vez a la lista de pa\u00edses con inseguridad alimentaria aguda. El informe dice que solamente el 3% de la poblaci\u00f3n aut\u00f3ctona (1,6 millones de personas) se encuentra en esta situaci\u00f3n frente al 62% de los migrantes y refugiados (2,9 millones). <\/p>\n\n\n\n<p>Seg\u00fan informe del DANE  los resultados de la medici\u00f3n de la inseguridad alimentaria obtenidos en la ECV de 2022, la prevalencia de inseguridad alimentaria moderada o grave en los hogares del pa\u00eds fue del 28,1%. Es decir, 28 de cada 100 hogares tuvieron dificultades para acceder a los alimentos durante los \u00faltimos 12 meses, debido a falta de dinero y otros recursos. En el total nacional, la prevalencia de inseguridad alimentaria grave fue de 4,9%, lo que significa que en 5 de cada 100 hogares al menos una persona en los \u00faltimos 12 meses tuvo hambre y no comi\u00f3 o se qued\u00f3 sin comer durante todo un d\u00eda por falta de dinero u otros recursos. Respecto a la prevalencia de la inseguridad alimentaria en las cabeceras municipales en comparaci\u00f3n con la prevalencia en \u00e1reas rurales (centros poblados y rural disperso), los resultados indican que 27 de cada 100 hogares urbanos experimentaron inseguridad alimentaria moderada o grave, mientras que en hogares rurales la prevalencia fue mayor con 33 de cada 100 hogares en esta situaci\u00f3n. <\/p>\n\n\n\n<p>En un pa\u00eds que as\u00ed mismo se considera un gran productor de frutas, verduras, de diversas ganader\u00edas, que tiene estabilidad clim\u00e1tica, estas cifras son alarmantes considerando que en la pr\u00e1ctica los alimentos o no son suficientes, son muy costosos, o simplemente el desperdicio de los mismos por temas del comercio es una constante en nuestra sociedad. Esto se agrega a la indiferencia del ciudadano del com\u00fan que no logra percibir las realidades de sus vecinos o las realidades son tan diversas que no se logra tener una visi\u00f3n en las ciudades grandes, los pueblos y villas y las zonas rurales.<\/p>\n\n\n\n<p>De estas \u00faltimas, los cambios en la forma de la tenencia de la tierra, la presencia de monocultivos industriales, la p\u00e9rdida de la autonom\u00eda financiera del campesino, lo han convertido en empleado mal pago y convocado a dejar de lado tradiciones que aseguran su alimentaci\u00f3n con las huertas caseras y animales de corral que por siglos acompa\u00f1aron las casas campesinas. Hoy no es de extra\u00f1ar que compren productos comestibles costosos para su econom\u00eda familiar y que generan a  la larga enfermedades complejas de atender en la ruralidad.<\/p>\n\n\n\n<p>En las ciudades, el desempleo, la informalidad, la migraci\u00f3n, la inestabilidad laboral mellan cualquier econom\u00eda familiar. En el caso colombiano se suma la presencia de extranjeros que van de paso al sue\u00f1o americano y que de alguna forma aumentan las cifras de malnutrici\u00f3n y de hambre. Organizaciones como el Banco de Alimentos aportan a diversas organizaciones y parroquias mercados pero no son suficientes ante la creciente cantidad de solicitudes de asistencia social.<\/p>\n\n\n\n<p>Otro aspecto de esta realidad es la malnutrici\u00f3n. Las familias sin recursos consumen refrescos embotellados, productos comestibles, harinas procesadas y az\u00facares, realidad que destroza el crecimiento sano de los peque\u00f1os, generando en ellos potenciales enfermedades, carencia de vitaminas, minerales y prote\u00ednas necesarias para un desarrollo f\u00edsico y cerebral adecuado. Si esto no se corrige a tiempo en el futuro de sus vidas se ver\u00e1n las tr\u00e1gicas consecuencias en una sociedad que solo da espacio a la alta competencia en todos los campos de la vida.<\/p>\n\n\n\n<p>Se pueden prometer infinidad de campa\u00f1as gubernamentales, institucionales tanto locales, nacionales como del orden internacional, pero no llegar\u00e1n de forma asertiva ante las crecientes necesidades. Una forma pr\u00e1ctica y que ha demostrado ser \u00fatil son las huertas urbanas, propiciadas  y administradas por las mismas comunidades, donde en terrenos peque\u00f1os es posible cultivar en procesos agroecol\u00f3gicos que han demostrado su eficiencia.<\/p>\n\n\n\n<p>Se gana en alimentos, en construcci\u00f3n de comunidad y en la responsabilidad que implica nutrir de forma adecuada a los miembros de esas organizaciones que obedecen a la necesidad y fundamentalmente a la independencia que genera producir sus propios alimentos.<\/p>\n\n\n\n<p>El Jard\u00edn Bot\u00e1nico de Bogot\u00e1 colabora directamente con las comunidades que est\u00e1n interesadas en conformar huertas urbanas que benefician directamente a las personas que participan y que en el tiempo se van constituyendo una red de apoyo, conocimiento y de experiencias para lograr mejores cosechas urbanas. El Ingeniero Edgar Hern\u00e1n Lara Garc\u00eda nos comenta sobre esta experiencia del JBB en la ciudad.<\/p>\n\n\n\n<figure class=\"wp-block-audio\"><audio controls src=\"https:\/\/biciurba.com\/wp-content\/uploads\/2024\/04\/agricultura-urbana.mp3\"><\/audio><figcaption class=\"wp-element-caption\">Agricultura urbana y el Jard\u00edn Bot\u00e1nico de Bogot\u00e1<\/figcaption><\/figure>\n\n\n\n<p><\/p>\n\n\n\n<p><\/p>\n","protected":false},"excerpt":{"rendered":"<p>En Am\u00e9rica Latina, casi 20 millones de personas en nueve pa\u00edses sufren inseguridad alimentaria aguda. El n\u00famero aument\u00f3 de 17,8 millones en 2022 a 19,7 millones en 2023. Colombia se suma por primera vez a la lista de pa\u00edses con inseguridad alimentaria aguda. El informe dice que solamente el 3% de la poblaci\u00f3n aut\u00f3ctona (1,6 [&hellip;]<\/p>\n","protected":false},"author":1,"featured_media":377,"comment_status":"open","ping_status":"open","sticky":false,"template":"","format":"standard","meta":{"footnotes":""},"categories":[13],"tags":[159,66,162,160,161,158],"class_list":["post-375","post","type-post","status-publish","format-standard","has-post-thumbnail","hentry","category-farm","tag-agricultura-urbana","tag-agroecologia","tag-dane","tag-hambre-y-malnutricion","tag-inseguridad-alimentaria","tag-jardin-botanico-de-bogota"],"yoast_head":"<!-- This site is optimized with the Yoast SEO plugin v23.9 - https:\/\/yoast.com\/wordpress\/plugins\/seo\/ -->\n<title>Inseguridad alimentaria, la soluci\u00f3n est\u00e1 a la mano en la ciudad y el campo - Biciurba<\/title>\n<meta name=\"robots\" content=\"index, follow, max-snippet:-1, max-image-preview:large, max-video-preview:-1\" \/>\n<link rel=\"canonical\" href=\"https:\/\/biciurba.com\/index.php\/2024\/04\/25\/inseguridad-alimentaria-la-solucion-esta-a-la-mano-en-la-ciudad-y-el-campo\/\" \/>\n<meta property=\"og:locale\" content=\"es_ES\" \/>\n<meta property=\"og:type\" content=\"article\" \/>\n<meta property=\"og:title\" content=\"Inseguridad alimentaria, la soluci\u00f3n est\u00e1 a la mano en la ciudad y el campo - Biciurba\" \/>\n<meta property=\"og:description\" content=\"En Am\u00e9rica Latina, casi 20 millones de personas en nueve pa\u00edses sufren inseguridad alimentaria aguda. El n\u00famero aument\u00f3 de 17,8 millones en 2022 a 19,7 millones en 2023. Colombia se suma por primera vez a la lista de pa\u00edses con inseguridad alimentaria aguda. El informe dice que solamente el 3% de la poblaci\u00f3n aut\u00f3ctona (1,6 [&hellip;]\" \/>\n<meta property=\"og:url\" content=\"https:\/\/biciurba.com\/index.php\/2024\/04\/25\/inseguridad-alimentaria-la-solucion-esta-a-la-mano-en-la-ciudad-y-el-campo\/\" \/>\n<meta property=\"og:site_name\" content=\"Biciurba\" \/>\n<meta property=\"article:published_time\" content=\"2024-04-25T15:00:00+00:00\" \/>\n<meta property=\"article:modified_time\" content=\"2024-04-25T13:47:38+00:00\" \/>\n<meta property=\"og:image\" content=\"https:\/\/biciurba.com\/wp-content\/uploads\/2024\/04\/agricultura-urbana.png\" \/>\n\t<meta property=\"og:image:width\" content=\"600\" \/>\n\t<meta property=\"og:image:height\" content=\"400\" \/>\n\t<meta property=\"og:image:type\" content=\"image\/png\" \/>\n<meta name=\"author\" content=\"Carlos Cantor\" \/>\n<meta name=\"twitter:card\" content=\"summary_large_image\" \/>\n<meta name=\"twitter:label1\" content=\"Escrito por\" \/>\n\t<meta name=\"twitter:data1\" content=\"Carlos Cantor\" \/>\n\t<meta name=\"twitter:label2\" content=\"Tiempo de lectura\" \/>\n\t<meta name=\"twitter:data2\" content=\"4 minutos\" \/>\n<script type=\"application\/ld+json\" class=\"yoast-schema-graph\">{\"@context\":\"https:\/\/schema.org\",\"@graph\":[{\"@type\":\"Article\",\"@id\":\"https:\/\/biciurba.com\/index.php\/2024\/04\/25\/inseguridad-alimentaria-la-solucion-esta-a-la-mano-en-la-ciudad-y-el-campo\/#article\",\"isPartOf\":{\"@id\":\"https:\/\/biciurba.com\/index.php\/2024\/04\/25\/inseguridad-alimentaria-la-solucion-esta-a-la-mano-en-la-ciudad-y-el-campo\/\"},\"author\":{\"name\":\"Carlos Cantor\",\"@id\":\"https:\/\/biciurba.com\/#\/schema\/person\/d9675ddf29ee982d268db0a3f239eced\"},\"headline\":\"Inseguridad alimentaria, la soluci\u00f3n est\u00e1 a la mano en la ciudad y el campo\",\"datePublished\":\"2024-04-25T15:00:00+00:00\",\"dateModified\":\"2024-04-25T13:47:38+00:00\",\"mainEntityOfPage\":{\"@id\":\"https:\/\/biciurba.com\/index.php\/2024\/04\/25\/inseguridad-alimentaria-la-solucion-esta-a-la-mano-en-la-ciudad-y-el-campo\/\"},\"wordCount\":803,\"commentCount\":2,\"publisher\":{\"@id\":\"https:\/\/biciurba.com\/#\/schema\/person\/d9675ddf29ee982d268db0a3f239eced\"},\"image\":{\"@id\":\"https:\/\/biciurba.com\/index.php\/2024\/04\/25\/inseguridad-alimentaria-la-solucion-esta-a-la-mano-en-la-ciudad-y-el-campo\/#primaryimage\"},\"thumbnailUrl\":\"https:\/\/biciurba.com\/wp-content\/uploads\/2024\/04\/agricultura-urbana.png\",\"keywords\":[\"Agricultura urbana\",\"Agroecolog\u00eda\",\"DANE\",\"hambre y malnutrici\u00f3n\",\"Inseguridad alimentaria\",\"Jard\u00edn Bot\u00e1nico de Bogot\u00e1\"],\"articleSection\":[\"Alimentaci\u00f3n Sana\"],\"inLanguage\":\"es\",\"potentialAction\":[{\"@type\":\"CommentAction\",\"name\":\"Comment\",\"target\":[\"https:\/\/biciurba.com\/index.php\/2024\/04\/25\/inseguridad-alimentaria-la-solucion-esta-a-la-mano-en-la-ciudad-y-el-campo\/#respond\"]}]},{\"@type\":\"WebPage\",\"@id\":\"https:\/\/biciurba.com\/index.php\/2024\/04\/25\/inseguridad-alimentaria-la-solucion-esta-a-la-mano-en-la-ciudad-y-el-campo\/\",\"url\":\"https:\/\/biciurba.com\/index.php\/2024\/04\/25\/inseguridad-alimentaria-la-solucion-esta-a-la-mano-en-la-ciudad-y-el-campo\/\",\"name\":\"Inseguridad alimentaria, la soluci\u00f3n est\u00e1 a la mano en la ciudad y el campo - Biciurba\",\"isPartOf\":{\"@id\":\"https:\/\/biciurba.com\/#website\"},\"primaryImageOfPage\":{\"@id\":\"https:\/\/biciurba.com\/index.php\/2024\/04\/25\/inseguridad-alimentaria-la-solucion-esta-a-la-mano-en-la-ciudad-y-el-campo\/#primaryimage\"},\"image\":{\"@id\":\"https:\/\/biciurba.com\/index.php\/2024\/04\/25\/inseguridad-alimentaria-la-solucion-esta-a-la-mano-en-la-ciudad-y-el-campo\/#primaryimage\"},\"thumbnailUrl\":\"https:\/\/biciurba.com\/wp-content\/uploads\/2024\/04\/agricultura-urbana.png\",\"datePublished\":\"2024-04-25T15:00:00+00:00\",\"dateModified\":\"2024-04-25T13:47:38+00:00\",\"breadcrumb\":{\"@id\":\"https:\/\/biciurba.com\/index.php\/2024\/04\/25\/inseguridad-alimentaria-la-solucion-esta-a-la-mano-en-la-ciudad-y-el-campo\/#breadcrumb\"},\"inLanguage\":\"es\",\"potentialAction\":[{\"@type\":\"ReadAction\",\"target\":[\"https:\/\/biciurba.com\/index.php\/2024\/04\/25\/inseguridad-alimentaria-la-solucion-esta-a-la-mano-en-la-ciudad-y-el-campo\/\"]}]},{\"@type\":\"ImageObject\",\"inLanguage\":\"es\",\"@id\":\"https:\/\/biciurba.com\/index.php\/2024\/04\/25\/inseguridad-alimentaria-la-solucion-esta-a-la-mano-en-la-ciudad-y-el-campo\/#primaryimage\",\"url\":\"https:\/\/biciurba.com\/wp-content\/uploads\/2024\/04\/agricultura-urbana.png\",\"contentUrl\":\"https:\/\/biciurba.com\/wp-content\/uploads\/2024\/04\/agricultura-urbana.png\",\"width\":600,\"height\":400,\"caption\":\"Una opci\u00f3n de grandes repercusiones positivas para enfrentar el hambre en ciudades y campos.\"},{\"@type\":\"BreadcrumbList\",\"@id\":\"https:\/\/biciurba.com\/index.php\/2024\/04\/25\/inseguridad-alimentaria-la-solucion-esta-a-la-mano-en-la-ciudad-y-el-campo\/#breadcrumb\",\"itemListElement\":[{\"@type\":\"ListItem\",\"position\":1,\"name\":\"Portada\",\"item\":\"https:\/\/biciurba.com\/\"},{\"@type\":\"ListItem\",\"position\":2,\"name\":\"Inseguridad alimentaria, la soluci\u00f3n est\u00e1 a la mano en la ciudad y el campo\"}]},{\"@type\":\"WebSite\",\"@id\":\"https:\/\/biciurba.com\/#website\",\"url\":\"https:\/\/biciurba.com\/\",\"name\":\"Biciurba\",\"description\":\"Una mejor manera de vivir\",\"publisher\":{\"@id\":\"https:\/\/biciurba.com\/#\/schema\/person\/d9675ddf29ee982d268db0a3f239eced\"},\"potentialAction\":[{\"@type\":\"SearchAction\",\"target\":{\"@type\":\"EntryPoint\",\"urlTemplate\":\"https:\/\/biciurba.com\/?s={search_term_string}\"},\"query-input\":{\"@type\":\"PropertyValueSpecification\",\"valueRequired\":true,\"valueName\":\"search_term_string\"}}],\"inLanguage\":\"es\"},{\"@type\":[\"Person\",\"Organization\"],\"@id\":\"https:\/\/biciurba.com\/#\/schema\/person\/d9675ddf29ee982d268db0a3f239eced\",\"name\":\"Carlos Cantor\",\"image\":{\"@type\":\"ImageObject\",\"inLanguage\":\"es\",\"@id\":\"https:\/\/biciurba.com\/#\/schema\/person\/image\/\",\"url\":\"https:\/\/biciurba.com\/wp-content\/uploads\/2024\/04\/cropped-logo-1.png\",\"contentUrl\":\"https:\/\/biciurba.com\/wp-content\/uploads\/2024\/04\/cropped-logo-1.png\",\"width\":512,\"height\":318,\"caption\":\"Carlos Cantor\"},\"logo\":{\"@id\":\"https:\/\/biciurba.com\/#\/schema\/person\/image\/\"},\"sameAs\":[\"https:\/\/biciurba.com\"],\"url\":\"https:\/\/biciurba.com\/index.php\/author\/ccantor\/\"}]}<\/script>\n<!-- \/ Yoast SEO plugin. -->","yoast_head_json":{"title":"Inseguridad alimentaria, la soluci\u00f3n est\u00e1 a la mano en la ciudad y el campo - Biciurba","robots":{"index":"index","follow":"follow","max-snippet":"max-snippet:-1","max-image-preview":"max-image-preview:large","max-video-preview":"max-video-preview:-1"},"canonical":"https:\/\/biciurba.com\/index.php\/2024\/04\/25\/inseguridad-alimentaria-la-solucion-esta-a-la-mano-en-la-ciudad-y-el-campo\/","og_locale":"es_ES","og_type":"article","og_title":"Inseguridad alimentaria, la soluci\u00f3n est\u00e1 a la mano en la ciudad y el campo - Biciurba","og_description":"En Am\u00e9rica Latina, casi 20 millones de personas en nueve pa\u00edses sufren inseguridad alimentaria aguda. El n\u00famero aument\u00f3 de 17,8 millones en 2022 a 19,7 millones en 2023. Colombia se suma por primera vez a la lista de pa\u00edses con inseguridad alimentaria aguda. El informe dice que solamente el 3% de la poblaci\u00f3n aut\u00f3ctona (1,6 [&hellip;]","og_url":"https:\/\/biciurba.com\/index.php\/2024\/04\/25\/inseguridad-alimentaria-la-solucion-esta-a-la-mano-en-la-ciudad-y-el-campo\/","og_site_name":"Biciurba","article_published_time":"2024-04-25T15:00:00+00:00","article_modified_time":"2024-04-25T13:47:38+00:00","og_image":[{"width":600,"height":400,"url":"https:\/\/biciurba.com\/wp-content\/uploads\/2024\/04\/agricultura-urbana.png","type":"image\/png"}],"author":"Carlos Cantor","twitter_card":"summary_large_image","twitter_misc":{"Escrito por":"Carlos Cantor","Tiempo de lectura":"4 minutos"},"schema":{"@context":"https:\/\/schema.org","@graph":[{"@type":"Article","@id":"https:\/\/biciurba.com\/index.php\/2024\/04\/25\/inseguridad-alimentaria-la-solucion-esta-a-la-mano-en-la-ciudad-y-el-campo\/#article","isPartOf":{"@id":"https:\/\/biciurba.com\/index.php\/2024\/04\/25\/inseguridad-alimentaria-la-solucion-esta-a-la-mano-en-la-ciudad-y-el-campo\/"},"author":{"name":"Carlos Cantor","@id":"https:\/\/biciurba.com\/#\/schema\/person\/d9675ddf29ee982d268db0a3f239eced"},"headline":"Inseguridad alimentaria, la soluci\u00f3n est\u00e1 a la mano en la ciudad y el campo","datePublished":"2024-04-25T15:00:00+00:00","dateModified":"2024-04-25T13:47:38+00:00","mainEntityOfPage":{"@id":"https:\/\/biciurba.com\/index.php\/2024\/04\/25\/inseguridad-alimentaria-la-solucion-esta-a-la-mano-en-la-ciudad-y-el-campo\/"},"wordCount":803,"commentCount":2,"publisher":{"@id":"https:\/\/biciurba.com\/#\/schema\/person\/d9675ddf29ee982d268db0a3f239eced"},"image":{"@id":"https:\/\/biciurba.com\/index.php\/2024\/04\/25\/inseguridad-alimentaria-la-solucion-esta-a-la-mano-en-la-ciudad-y-el-campo\/#primaryimage"},"thumbnailUrl":"https:\/\/biciurba.com\/wp-content\/uploads\/2024\/04\/agricultura-urbana.png","keywords":["Agricultura urbana","Agroecolog\u00eda","DANE","hambre y malnutrici\u00f3n","Inseguridad alimentaria","Jard\u00edn Bot\u00e1nico de Bogot\u00e1"],"articleSection":["Alimentaci\u00f3n Sana"],"inLanguage":"es","potentialAction":[{"@type":"CommentAction","name":"Comment","target":["https:\/\/biciurba.com\/index.php\/2024\/04\/25\/inseguridad-alimentaria-la-solucion-esta-a-la-mano-en-la-ciudad-y-el-campo\/#respond"]}]},{"@type":"WebPage","@id":"https:\/\/biciurba.com\/index.php\/2024\/04\/25\/inseguridad-alimentaria-la-solucion-esta-a-la-mano-en-la-ciudad-y-el-campo\/","url":"https:\/\/biciurba.com\/index.php\/2024\/04\/25\/inseguridad-alimentaria-la-solucion-esta-a-la-mano-en-la-ciudad-y-el-campo\/","name":"Inseguridad alimentaria, la soluci\u00f3n est\u00e1 a la mano en la ciudad y el campo - Biciurba","isPartOf":{"@id":"https:\/\/biciurba.com\/#website"},"primaryImageOfPage":{"@id":"https:\/\/biciurba.com\/index.php\/2024\/04\/25\/inseguridad-alimentaria-la-solucion-esta-a-la-mano-en-la-ciudad-y-el-campo\/#primaryimage"},"image":{"@id":"https:\/\/biciurba.com\/index.php\/2024\/04\/25\/inseguridad-alimentaria-la-solucion-esta-a-la-mano-en-la-ciudad-y-el-campo\/#primaryimage"},"thumbnailUrl":"https:\/\/biciurba.com\/wp-content\/uploads\/2024\/04\/agricultura-urbana.png","datePublished":"2024-04-25T15:00:00+00:00","dateModified":"2024-04-25T13:47:38+00:00","breadcrumb":{"@id":"https:\/\/biciurba.com\/index.php\/2024\/04\/25\/inseguridad-alimentaria-la-solucion-esta-a-la-mano-en-la-ciudad-y-el-campo\/#breadcrumb"},"inLanguage":"es","potentialAction":[{"@type":"ReadAction","target":["https:\/\/biciurba.com\/index.php\/2024\/04\/25\/inseguridad-alimentaria-la-solucion-esta-a-la-mano-en-la-ciudad-y-el-campo\/"]}]},{"@type":"ImageObject","inLanguage":"es","@id":"https:\/\/biciurba.com\/index.php\/2024\/04\/25\/inseguridad-alimentaria-la-solucion-esta-a-la-mano-en-la-ciudad-y-el-campo\/#primaryimage","url":"https:\/\/biciurba.com\/wp-content\/uploads\/2024\/04\/agricultura-urbana.png","contentUrl":"https:\/\/biciurba.com\/wp-content\/uploads\/2024\/04\/agricultura-urbana.png","width":600,"height":400,"caption":"Una opci\u00f3n de grandes repercusiones positivas para enfrentar el hambre en ciudades y campos."},{"@type":"BreadcrumbList","@id":"https:\/\/biciurba.com\/index.php\/2024\/04\/25\/inseguridad-alimentaria-la-solucion-esta-a-la-mano-en-la-ciudad-y-el-campo\/#breadcrumb","itemListElement":[{"@type":"ListItem","position":1,"name":"Portada","item":"https:\/\/biciurba.com\/"},{"@type":"ListItem","position":2,"name":"Inseguridad alimentaria, la soluci\u00f3n est\u00e1 a la mano en la ciudad y el campo"}]},{"@type":"WebSite","@id":"https:\/\/biciurba.com\/#website","url":"https:\/\/biciurba.com\/","name":"Biciurba","description":"Una mejor manera de vivir","publisher":{"@id":"https:\/\/biciurba.com\/#\/schema\/person\/d9675ddf29ee982d268db0a3f239eced"},"potentialAction":[{"@type":"SearchAction","target":{"@type":"EntryPoint","urlTemplate":"https:\/\/biciurba.com\/?s={search_term_string}"},"query-input":{"@type":"PropertyValueSpecification","valueRequired":true,"valueName":"search_term_string"}}],"inLanguage":"es"},{"@type":["Person","Organization"],"@id":"https:\/\/biciurba.com\/#\/schema\/person\/d9675ddf29ee982d268db0a3f239eced","name":"Carlos Cantor","image":{"@type":"ImageObject","inLanguage":"es","@id":"https:\/\/biciurba.com\/#\/schema\/person\/image\/","url":"https:\/\/biciurba.com\/wp-content\/uploads\/2024\/04\/cropped-logo-1.png","contentUrl":"https:\/\/biciurba.com\/wp-content\/uploads\/2024\/04\/cropped-logo-1.png","width":512,"height":318,"caption":"Carlos Cantor"},"logo":{"@id":"https:\/\/biciurba.com\/#\/schema\/person\/image\/"},"sameAs":["https:\/\/biciurba.com"],"url":"https:\/\/biciurba.com\/index.php\/author\/ccantor\/"}]}},"_links":{"self":[{"href":"https:\/\/biciurba.com\/index.php\/wp-json\/wp\/v2\/posts\/375"}],"collection":[{"href":"https:\/\/biciurba.com\/index.php\/wp-json\/wp\/v2\/posts"}],"about":[{"href":"https:\/\/biciurba.com\/index.php\/wp-json\/wp\/v2\/types\/post"}],"author":[{"embeddable":true,"href":"https:\/\/biciurba.com\/index.php\/wp-json\/wp\/v2\/users\/1"}],"replies":[{"embeddable":true,"href":"https:\/\/biciurba.com\/index.php\/wp-json\/wp\/v2\/comments?post=375"}],"version-history":[{"count":1,"href":"https:\/\/biciurba.com\/index.php\/wp-json\/wp\/v2\/posts\/375\/revisions"}],"predecessor-version":[{"id":378,"href":"https:\/\/biciurba.com\/index.php\/wp-json\/wp\/v2\/posts\/375\/revisions\/378"}],"wp:featuredmedia":[{"embeddable":true,"href":"https:\/\/biciurba.com\/index.php\/wp-json\/wp\/v2\/media\/377"}],"wp:attachment":[{"href":"https:\/\/biciurba.com\/index.php\/wp-json\/wp\/v2\/media?parent=375"}],"wp:term":[{"taxonomy":"category","embeddable":true,"href":"https:\/\/biciurba.com\/index.php\/wp-json\/wp\/v2\/categories?post=375"},{"taxonomy":"post_tag","embeddable":true,"href":"https:\/\/biciurba.com\/index.php\/wp-json\/wp\/v2\/tags?post=375"}],"curies":[{"name":"wp","href":"https:\/\/api.w.org\/{rel}","templated":true}]}}