{"id":392,"date":"2024-04-30T09:35:05","date_gmt":"2024-04-30T14:35:05","guid":{"rendered":"https:\/\/biciurba.com\/?p=392"},"modified":"2024-04-30T09:36:52","modified_gmt":"2024-04-30T14:36:52","slug":"un-fenomeno-de-el-nino-permanente","status":"publish","type":"post","link":"https:\/\/biciurba.com\/index.php\/2024\/04\/30\/un-fenomeno-de-el-nino-permanente\/","title":{"rendered":"\u00bfUn fen\u00f3meno de El Ni\u00f1o permanente?"},"content":{"rendered":"\n<p>Dada la crisis clim\u00e1tica las din\u00e1micas naturales de estabilidad clim\u00e1tica tienden a alterarse de forma significativa, ya lo hab\u00eda anunciado tiempo atr\u00e1s organizaciones internacionales. Esto significa que en el tiempo los periodos de sequ\u00eda y de lluvias ser\u00e1n mayores lo que a nivel urbano significa un sobrecosto en el uso de la energ\u00eda el\u00e9ctrica y escasez de agua potable domiciliaria.<\/p>\n\n\n\n<p>En las ciudades colombianas hemos tenido momentos de escasez, pero lo cierto es que el pa\u00eds por su posici\u00f3n geogr\u00e1fica y la variedad clim\u00e1tica que genera su topograf\u00eda, nos ufanamos de ser un pa\u00eds privilegiado en agua. Hoy la crisis clim\u00e1tica global nos alerta y manifiesta que esta realidad de riqueza se puede contraer de forma importante y que a futuro determinar\u00e1 acciones y pol\u00edticas municipales y nacionales para evitar el despilfarro y el mal uso de estos servicios tan importantes en la vida urbana.<\/p>\n\n\n\n<p>Qu\u00e9 hacer entonces para enfrentar estas realidades que ya nos llegan a la puerta de nuestras viviendas. Ya lo hab\u00edamos comentado en BiciUrba la necesidad de implementar el uso de bombillas con paneles solares al interior de nuestras viviendas. Con la tecnolog\u00eda que se ha desarrollado alrededor de estos productos, solo requiere una ventana para colocar el panel a la luz d\u00eda. Con ello puede perfectamente iluminar una habitaci\u00f3n con bombillas que por lo general duran bastantes a\u00f1os de buen servicio. Es una gota de agua en el gran oc\u00e9ano de los energ\u00e9ticos, pero es algo y si se le hace una comparativa en costos contra el sistema tradicional, la amortizaci\u00f3n de las luminarias solares es muy r\u00e1pida, dando un retorno a la inversi\u00f3n de forma concreta y apreciable.<\/p>\n\n\n\n<p>El tema del agua es m\u00e1s compleja y es muy probable, por lo menos en el caso de Bogot\u00e1, que se vuelva rutinario el corte selectivo del servicio, hasta lograr que los embalses tengan niveles \u00f3ptimos, que no solo dependen de las lluvias, tambi\u00e9n y de forma determinante por el consumo que se hace en los domicilios, comercio, industrias e instituciones de diferentes \u00f3rdenes. <\/p>\n\n\n\n<p>Todo parece nuevo, pero ya lo hab\u00edamos vivido. Campa\u00f1as de cerrar la llave, no son nuevas. Calcoman\u00edas que llegaban a casa invitando a mejorar el consumo, a evitar el desperdicio fueron por varias administraciones una din\u00e1mica permanente, que con el tiempo y la creaci\u00f3n de nuevos embalses, nos olvidamos y comenz\u00f3 el mal uso del preciado l\u00edquido.<\/p>\n\n\n\n<p>El clima de alguna forma nos esta poniendo en jaque costumbres sociales, comportamientos de usuarios desatentos a los llamados a economizar y hacer buen uso de los recursos, que por dem\u00e1s son costosos y lo ser\u00e1n mucho m\u00e1s en el tiempo, considerando su escasez , el costo de nuevos montajes, sustituciones de sistema de producci\u00f3n energ\u00e9ticas por energ\u00eda verdes y renovables. Todo suma ante la resta del agua y la corriente el\u00e9ctrica, pero bien podemos hacer lo propio para minimizar consumos, usar tecnolog\u00edas accesibles y usables, e invitar de alguna forma, que las nuevas construcciones habitacionales ofrecen como parte del dise\u00f1o constructivo energ\u00eda solar, reciclaje de agua, sistemas de calefacci\u00f3n y refrigeraci\u00f3n de forma natural o fotovoltaica, y todo un sistema muy efectivo de econom\u00eda circular verdaderamente activa.<\/p>\n\n\n\n<p>Hoy hay que iniciar ese camino de economizar, adaptarnos a la escasez y proponernos a enfrentar estas realidades con peque\u00f1as acciones que hacen la diferencia. Los gobiernos a todo nivel tiene sus obligaciones de asegurar la expansi\u00f3n del sector energ\u00e9tico, pero es el ciudadano del com\u00fan el que tiene la opci\u00f3n de hacer la diferencia tanto para mejorar o empeorar las circunstancias que la crisis clim\u00e1tica nos plantee todos los d\u00edas.<\/p>\n\n\n\n<p>Hay que seguir las informaciones metereol\u00f3gicas, algo que no ten\u00eda mayor significado en un pa\u00eds donde las zonas geogr\u00e1ficas parten de la estabilidad clim\u00e1tica, considerar adem\u00e1s que el panorama es preocupante en la medida  que hoy  aumenta la demanda  pero no lo suficiente  la oferta, de cerrar la llave y apagar la luz que en la realidad no necesitamos y entender que esa tranquilidad y estabilidad clim\u00e1tica est\u00e1 variando y lo har\u00e1 cada vez m\u00e1s fuerte y en los extremos. <\/p>\n\n\n\n<p><\/p>\n","protected":false},"excerpt":{"rendered":"<p>Dada la crisis clim\u00e1tica las din\u00e1micas naturales de estabilidad clim\u00e1tica tienden a alterarse de forma significativa, ya lo hab\u00eda anunciado tiempo atr\u00e1s organizaciones internacionales. Esto significa que en el tiempo los periodos de sequ\u00eda y de lluvias ser\u00e1n mayores lo que a nivel urbano significa un sobrecosto en el uso de la energ\u00eda el\u00e9ctrica y [&hellip;]<\/p>\n","protected":false},"author":1,"featured_media":393,"comment_status":"open","ping_status":"open","sticky":false,"template":"","format":"standard","meta":{"footnotes":""},"categories":[95],"tags":[19,133,168],"class_list":["post-392","post","type-post","status-publish","format-standard","has-post-thumbnail","hentry","category-crisis-climatica","tag-crisis-climatica","tag-el-nino","tag-escacez"],"yoast_head":"<!-- This site is optimized with the Yoast SEO plugin v23.9 - https:\/\/yoast.com\/wordpress\/plugins\/seo\/ -->\n<title>\u00bfUn fen\u00f3meno de El Ni\u00f1o permanente? - Biciurba<\/title>\n<meta name=\"robots\" content=\"index, follow, max-snippet:-1, max-image-preview:large, max-video-preview:-1\" \/>\n<link rel=\"canonical\" href=\"https:\/\/biciurba.com\/index.php\/2024\/04\/30\/un-fenomeno-de-el-nino-permanente\/\" \/>\n<meta property=\"og:locale\" content=\"es_ES\" \/>\n<meta property=\"og:type\" content=\"article\" \/>\n<meta property=\"og:title\" content=\"\u00bfUn fen\u00f3meno de El Ni\u00f1o permanente? - Biciurba\" \/>\n<meta property=\"og:description\" content=\"Dada la crisis clim\u00e1tica las din\u00e1micas naturales de estabilidad clim\u00e1tica tienden a alterarse de forma significativa, ya lo hab\u00eda anunciado tiempo atr\u00e1s organizaciones internacionales. Esto significa que en el tiempo los periodos de sequ\u00eda y de lluvias ser\u00e1n mayores lo que a nivel urbano significa un sobrecosto en el uso de la energ\u00eda el\u00e9ctrica y [&hellip;]\" \/>\n<meta property=\"og:url\" content=\"https:\/\/biciurba.com\/index.php\/2024\/04\/30\/un-fenomeno-de-el-nino-permanente\/\" \/>\n<meta property=\"og:site_name\" content=\"Biciurba\" \/>\n<meta property=\"article:published_time\" content=\"2024-04-30T14:35:05+00:00\" \/>\n<meta property=\"article:modified_time\" content=\"2024-04-30T14:36:52+00:00\" \/>\n<meta property=\"og:image\" content=\"https:\/\/biciurba.com\/wp-content\/uploads\/2024\/04\/el-nino.png\" \/>\n\t<meta property=\"og:image:width\" content=\"600\" \/>\n\t<meta property=\"og:image:height\" content=\"400\" \/>\n\t<meta property=\"og:image:type\" content=\"image\/png\" \/>\n<meta name=\"author\" content=\"Carlos Cantor\" \/>\n<meta name=\"twitter:card\" content=\"summary_large_image\" \/>\n<meta name=\"twitter:label1\" content=\"Escrito por\" \/>\n\t<meta name=\"twitter:data1\" content=\"Carlos Cantor\" \/>\n\t<meta name=\"twitter:label2\" content=\"Tiempo de lectura\" \/>\n\t<meta name=\"twitter:data2\" content=\"4 minutos\" \/>\n<script type=\"application\/ld+json\" class=\"yoast-schema-graph\">{\"@context\":\"https:\/\/schema.org\",\"@graph\":[{\"@type\":\"Article\",\"@id\":\"https:\/\/biciurba.com\/index.php\/2024\/04\/30\/un-fenomeno-de-el-nino-permanente\/#article\",\"isPartOf\":{\"@id\":\"https:\/\/biciurba.com\/index.php\/2024\/04\/30\/un-fenomeno-de-el-nino-permanente\/\"},\"author\":{\"name\":\"Carlos Cantor\",\"@id\":\"https:\/\/biciurba.com\/#\/schema\/person\/d9675ddf29ee982d268db0a3f239eced\"},\"headline\":\"\u00bfUn fen\u00f3meno de El Ni\u00f1o permanente?\",\"datePublished\":\"2024-04-30T14:35:05+00:00\",\"dateModified\":\"2024-04-30T14:36:52+00:00\",\"mainEntityOfPage\":{\"@id\":\"https:\/\/biciurba.com\/index.php\/2024\/04\/30\/un-fenomeno-de-el-nino-permanente\/\"},\"wordCount\":744,\"commentCount\":0,\"publisher\":{\"@id\":\"https:\/\/biciurba.com\/#\/schema\/person\/d9675ddf29ee982d268db0a3f239eced\"},\"image\":{\"@id\":\"https:\/\/biciurba.com\/index.php\/2024\/04\/30\/un-fenomeno-de-el-nino-permanente\/#primaryimage\"},\"thumbnailUrl\":\"https:\/\/biciurba.com\/wp-content\/uploads\/2024\/04\/el-nino.png\",\"keywords\":[\"Crisis clim\u00e1tica\",\"El Ni\u00f1o\",\"escacez\"],\"articleSection\":[\"Crisis clim\u00e1tica\"],\"inLanguage\":\"es\",\"potentialAction\":[{\"@type\":\"CommentAction\",\"name\":\"Comment\",\"target\":[\"https:\/\/biciurba.com\/index.php\/2024\/04\/30\/un-fenomeno-de-el-nino-permanente\/#respond\"]}]},{\"@type\":\"WebPage\",\"@id\":\"https:\/\/biciurba.com\/index.php\/2024\/04\/30\/un-fenomeno-de-el-nino-permanente\/\",\"url\":\"https:\/\/biciurba.com\/index.php\/2024\/04\/30\/un-fenomeno-de-el-nino-permanente\/\",\"name\":\"\u00bfUn fen\u00f3meno de El Ni\u00f1o permanente? - Biciurba\",\"isPartOf\":{\"@id\":\"https:\/\/biciurba.com\/#website\"},\"primaryImageOfPage\":{\"@id\":\"https:\/\/biciurba.com\/index.php\/2024\/04\/30\/un-fenomeno-de-el-nino-permanente\/#primaryimage\"},\"image\":{\"@id\":\"https:\/\/biciurba.com\/index.php\/2024\/04\/30\/un-fenomeno-de-el-nino-permanente\/#primaryimage\"},\"thumbnailUrl\":\"https:\/\/biciurba.com\/wp-content\/uploads\/2024\/04\/el-nino.png\",\"datePublished\":\"2024-04-30T14:35:05+00:00\",\"dateModified\":\"2024-04-30T14:36:52+00:00\",\"breadcrumb\":{\"@id\":\"https:\/\/biciurba.com\/index.php\/2024\/04\/30\/un-fenomeno-de-el-nino-permanente\/#breadcrumb\"},\"inLanguage\":\"es\",\"potentialAction\":[{\"@type\":\"ReadAction\",\"target\":[\"https:\/\/biciurba.com\/index.php\/2024\/04\/30\/un-fenomeno-de-el-nino-permanente\/\"]}]},{\"@type\":\"ImageObject\",\"inLanguage\":\"es\",\"@id\":\"https:\/\/biciurba.com\/index.php\/2024\/04\/30\/un-fenomeno-de-el-nino-permanente\/#primaryimage\",\"url\":\"https:\/\/biciurba.com\/wp-content\/uploads\/2024\/04\/el-nino.png\",\"contentUrl\":\"https:\/\/biciurba.com\/wp-content\/uploads\/2024\/04\/el-nino.png\",\"width\":600,\"height\":400,\"caption\":\"De todos depende que hagamos un mejor uso de la energ\u00eda y del agua, hay tecnolog\u00edas econ\u00f3micas que nos ayudar\u00e1n a lograrlo.\"},{\"@type\":\"BreadcrumbList\",\"@id\":\"https:\/\/biciurba.com\/index.php\/2024\/04\/30\/un-fenomeno-de-el-nino-permanente\/#breadcrumb\",\"itemListElement\":[{\"@type\":\"ListItem\",\"position\":1,\"name\":\"Portada\",\"item\":\"https:\/\/biciurba.com\/\"},{\"@type\":\"ListItem\",\"position\":2,\"name\":\"\u00bfUn fen\u00f3meno de El Ni\u00f1o permanente?\"}]},{\"@type\":\"WebSite\",\"@id\":\"https:\/\/biciurba.com\/#website\",\"url\":\"https:\/\/biciurba.com\/\",\"name\":\"Biciurba\",\"description\":\"Una mejor manera de vivir\",\"publisher\":{\"@id\":\"https:\/\/biciurba.com\/#\/schema\/person\/d9675ddf29ee982d268db0a3f239eced\"},\"potentialAction\":[{\"@type\":\"SearchAction\",\"target\":{\"@type\":\"EntryPoint\",\"urlTemplate\":\"https:\/\/biciurba.com\/?s={search_term_string}\"},\"query-input\":{\"@type\":\"PropertyValueSpecification\",\"valueRequired\":true,\"valueName\":\"search_term_string\"}}],\"inLanguage\":\"es\"},{\"@type\":[\"Person\",\"Organization\"],\"@id\":\"https:\/\/biciurba.com\/#\/schema\/person\/d9675ddf29ee982d268db0a3f239eced\",\"name\":\"Carlos Cantor\",\"image\":{\"@type\":\"ImageObject\",\"inLanguage\":\"es\",\"@id\":\"https:\/\/biciurba.com\/#\/schema\/person\/image\/\",\"url\":\"https:\/\/biciurba.com\/wp-content\/uploads\/2024\/04\/cropped-logo-1.png\",\"contentUrl\":\"https:\/\/biciurba.com\/wp-content\/uploads\/2024\/04\/cropped-logo-1.png\",\"width\":512,\"height\":318,\"caption\":\"Carlos Cantor\"},\"logo\":{\"@id\":\"https:\/\/biciurba.com\/#\/schema\/person\/image\/\"},\"sameAs\":[\"https:\/\/biciurba.com\"],\"url\":\"https:\/\/biciurba.com\/index.php\/author\/ccantor\/\"}]}<\/script>\n<!-- \/ Yoast SEO plugin. -->","yoast_head_json":{"title":"\u00bfUn fen\u00f3meno de El Ni\u00f1o permanente? - Biciurba","robots":{"index":"index","follow":"follow","max-snippet":"max-snippet:-1","max-image-preview":"max-image-preview:large","max-video-preview":"max-video-preview:-1"},"canonical":"https:\/\/biciurba.com\/index.php\/2024\/04\/30\/un-fenomeno-de-el-nino-permanente\/","og_locale":"es_ES","og_type":"article","og_title":"\u00bfUn fen\u00f3meno de El Ni\u00f1o permanente? - Biciurba","og_description":"Dada la crisis clim\u00e1tica las din\u00e1micas naturales de estabilidad clim\u00e1tica tienden a alterarse de forma significativa, ya lo hab\u00eda anunciado tiempo atr\u00e1s organizaciones internacionales. Esto significa que en el tiempo los periodos de sequ\u00eda y de lluvias ser\u00e1n mayores lo que a nivel urbano significa un sobrecosto en el uso de la energ\u00eda el\u00e9ctrica y [&hellip;]","og_url":"https:\/\/biciurba.com\/index.php\/2024\/04\/30\/un-fenomeno-de-el-nino-permanente\/","og_site_name":"Biciurba","article_published_time":"2024-04-30T14:35:05+00:00","article_modified_time":"2024-04-30T14:36:52+00:00","og_image":[{"width":600,"height":400,"url":"https:\/\/biciurba.com\/wp-content\/uploads\/2024\/04\/el-nino.png","type":"image\/png"}],"author":"Carlos Cantor","twitter_card":"summary_large_image","twitter_misc":{"Escrito por":"Carlos Cantor","Tiempo de lectura":"4 minutos"},"schema":{"@context":"https:\/\/schema.org","@graph":[{"@type":"Article","@id":"https:\/\/biciurba.com\/index.php\/2024\/04\/30\/un-fenomeno-de-el-nino-permanente\/#article","isPartOf":{"@id":"https:\/\/biciurba.com\/index.php\/2024\/04\/30\/un-fenomeno-de-el-nino-permanente\/"},"author":{"name":"Carlos Cantor","@id":"https:\/\/biciurba.com\/#\/schema\/person\/d9675ddf29ee982d268db0a3f239eced"},"headline":"\u00bfUn fen\u00f3meno de El Ni\u00f1o permanente?","datePublished":"2024-04-30T14:35:05+00:00","dateModified":"2024-04-30T14:36:52+00:00","mainEntityOfPage":{"@id":"https:\/\/biciurba.com\/index.php\/2024\/04\/30\/un-fenomeno-de-el-nino-permanente\/"},"wordCount":744,"commentCount":0,"publisher":{"@id":"https:\/\/biciurba.com\/#\/schema\/person\/d9675ddf29ee982d268db0a3f239eced"},"image":{"@id":"https:\/\/biciurba.com\/index.php\/2024\/04\/30\/un-fenomeno-de-el-nino-permanente\/#primaryimage"},"thumbnailUrl":"https:\/\/biciurba.com\/wp-content\/uploads\/2024\/04\/el-nino.png","keywords":["Crisis clim\u00e1tica","El Ni\u00f1o","escacez"],"articleSection":["Crisis clim\u00e1tica"],"inLanguage":"es","potentialAction":[{"@type":"CommentAction","name":"Comment","target":["https:\/\/biciurba.com\/index.php\/2024\/04\/30\/un-fenomeno-de-el-nino-permanente\/#respond"]}]},{"@type":"WebPage","@id":"https:\/\/biciurba.com\/index.php\/2024\/04\/30\/un-fenomeno-de-el-nino-permanente\/","url":"https:\/\/biciurba.com\/index.php\/2024\/04\/30\/un-fenomeno-de-el-nino-permanente\/","name":"\u00bfUn fen\u00f3meno de El Ni\u00f1o permanente? - Biciurba","isPartOf":{"@id":"https:\/\/biciurba.com\/#website"},"primaryImageOfPage":{"@id":"https:\/\/biciurba.com\/index.php\/2024\/04\/30\/un-fenomeno-de-el-nino-permanente\/#primaryimage"},"image":{"@id":"https:\/\/biciurba.com\/index.php\/2024\/04\/30\/un-fenomeno-de-el-nino-permanente\/#primaryimage"},"thumbnailUrl":"https:\/\/biciurba.com\/wp-content\/uploads\/2024\/04\/el-nino.png","datePublished":"2024-04-30T14:35:05+00:00","dateModified":"2024-04-30T14:36:52+00:00","breadcrumb":{"@id":"https:\/\/biciurba.com\/index.php\/2024\/04\/30\/un-fenomeno-de-el-nino-permanente\/#breadcrumb"},"inLanguage":"es","potentialAction":[{"@type":"ReadAction","target":["https:\/\/biciurba.com\/index.php\/2024\/04\/30\/un-fenomeno-de-el-nino-permanente\/"]}]},{"@type":"ImageObject","inLanguage":"es","@id":"https:\/\/biciurba.com\/index.php\/2024\/04\/30\/un-fenomeno-de-el-nino-permanente\/#primaryimage","url":"https:\/\/biciurba.com\/wp-content\/uploads\/2024\/04\/el-nino.png","contentUrl":"https:\/\/biciurba.com\/wp-content\/uploads\/2024\/04\/el-nino.png","width":600,"height":400,"caption":"De todos depende que hagamos un mejor uso de la energ\u00eda y del agua, hay tecnolog\u00edas econ\u00f3micas que nos ayudar\u00e1n a lograrlo."},{"@type":"BreadcrumbList","@id":"https:\/\/biciurba.com\/index.php\/2024\/04\/30\/un-fenomeno-de-el-nino-permanente\/#breadcrumb","itemListElement":[{"@type":"ListItem","position":1,"name":"Portada","item":"https:\/\/biciurba.com\/"},{"@type":"ListItem","position":2,"name":"\u00bfUn fen\u00f3meno de El Ni\u00f1o permanente?"}]},{"@type":"WebSite","@id":"https:\/\/biciurba.com\/#website","url":"https:\/\/biciurba.com\/","name":"Biciurba","description":"Una mejor manera de vivir","publisher":{"@id":"https:\/\/biciurba.com\/#\/schema\/person\/d9675ddf29ee982d268db0a3f239eced"},"potentialAction":[{"@type":"SearchAction","target":{"@type":"EntryPoint","urlTemplate":"https:\/\/biciurba.com\/?s={search_term_string}"},"query-input":{"@type":"PropertyValueSpecification","valueRequired":true,"valueName":"search_term_string"}}],"inLanguage":"es"},{"@type":["Person","Organization"],"@id":"https:\/\/biciurba.com\/#\/schema\/person\/d9675ddf29ee982d268db0a3f239eced","name":"Carlos Cantor","image":{"@type":"ImageObject","inLanguage":"es","@id":"https:\/\/biciurba.com\/#\/schema\/person\/image\/","url":"https:\/\/biciurba.com\/wp-content\/uploads\/2024\/04\/cropped-logo-1.png","contentUrl":"https:\/\/biciurba.com\/wp-content\/uploads\/2024\/04\/cropped-logo-1.png","width":512,"height":318,"caption":"Carlos Cantor"},"logo":{"@id":"https:\/\/biciurba.com\/#\/schema\/person\/image\/"},"sameAs":["https:\/\/biciurba.com"],"url":"https:\/\/biciurba.com\/index.php\/author\/ccantor\/"}]}},"_links":{"self":[{"href":"https:\/\/biciurba.com\/index.php\/wp-json\/wp\/v2\/posts\/392"}],"collection":[{"href":"https:\/\/biciurba.com\/index.php\/wp-json\/wp\/v2\/posts"}],"about":[{"href":"https:\/\/biciurba.com\/index.php\/wp-json\/wp\/v2\/types\/post"}],"author":[{"embeddable":true,"href":"https:\/\/biciurba.com\/index.php\/wp-json\/wp\/v2\/users\/1"}],"replies":[{"embeddable":true,"href":"https:\/\/biciurba.com\/index.php\/wp-json\/wp\/v2\/comments?post=392"}],"version-history":[{"count":1,"href":"https:\/\/biciurba.com\/index.php\/wp-json\/wp\/v2\/posts\/392\/revisions"}],"predecessor-version":[{"id":394,"href":"https:\/\/biciurba.com\/index.php\/wp-json\/wp\/v2\/posts\/392\/revisions\/394"}],"wp:featuredmedia":[{"embeddable":true,"href":"https:\/\/biciurba.com\/index.php\/wp-json\/wp\/v2\/media\/393"}],"wp:attachment":[{"href":"https:\/\/biciurba.com\/index.php\/wp-json\/wp\/v2\/media?parent=392"}],"wp:term":[{"taxonomy":"category","embeddable":true,"href":"https:\/\/biciurba.com\/index.php\/wp-json\/wp\/v2\/categories?post=392"},{"taxonomy":"post_tag","embeddable":true,"href":"https:\/\/biciurba.com\/index.php\/wp-json\/wp\/v2\/tags?post=392"}],"curies":[{"name":"wp","href":"https:\/\/api.w.org\/{rel}","templated":true}]}}