{"id":397,"date":"2024-05-01T13:38:34","date_gmt":"2024-05-01T18:38:34","guid":{"rendered":"https:\/\/biciurba.com\/?p=397"},"modified":"2024-05-01T13:38:35","modified_gmt":"2024-05-01T18:38:35","slug":"se-puede-vivir-sin-automovil-particular-en-la-ciudad","status":"publish","type":"post","link":"https:\/\/biciurba.com\/index.php\/2024\/05\/01\/se-puede-vivir-sin-automovil-particular-en-la-ciudad\/","title":{"rendered":"\u00bfSe puede vivir sin autom\u00f3vil particular en la ciudad?"},"content":{"rendered":"\n<p>No necesariamente nos sorprende la salida de la GM- Colmotores en Colombia y pr\u00f3ximamente en Ecuador. Las razones son simples, mercados estrechos que no crecen lo suficiente, cambios de tecnolog\u00eda que obliga a las automotrices dejar de lado los motores de combustible f\u00f3sil, y pasar al sistema el\u00e9ctrico y en general, a una b\u00fasqueda sin tregua para optimizar propuestas como el nitr\u00f3geno verde entre otras opciones posibles.<\/p>\n\n\n\n<p>Esa estrechez del mercado muestra adem\u00e1s, que primero se prolonga mucho m\u00e1s la vida \u00fatil de los veh\u00edculos y segundo que hay una nueva generaci\u00f3n que poco o nada les interesa ser propietarios de un veh\u00edculo. As\u00ed como muchos no les interesa empleos hasta el final de sus d\u00edas, formar una familia con hijos a bordo, o tener una p\u0155opiedad en vivienda, que les genere m\u00e1s que rentabilidad problemas y sobre costos que desorganizan su vida urbana, tecnol\u00f3gica y en muchos casos n\u00f3mada.<\/p>\n\n\n\n<p>Los intereses particulares de  la nueva juventud en edad de producir, ya no se comprometen a empleos, mal pagos, con horarios terribles, y una constante incertidumbre de despido. Hoy la tecnolog\u00eda les abre otras puertas y de manera especial en un pa\u00eds como Colombia que han perdido una gran parte de su aparato productivo industrial. Hoy son m\u00e1s el segmento de servicios y venta de productos importados. \u00bfQu\u00e9 se requiere hoy? Conocer tecnolog\u00eda aplicada a procesos en internet para prestar servicios de consultor\u00eda, comunicaciones y otras acciones que no requiere estar en una oficina y cumpliendo un horario espec\u00edfico y por el cual se estima el valor del sueldo.<\/p>\n\n\n\n<p>Hoy producto terminado y operativo es la medida de un sueldo. Junto a esto la venta por internet se ha ampliado de forma fenomenal. Y hay nuevos competidores al mercado tradicional que te pueden traer lo que se quiera porque saben moverse en el mundo de las ventas en l\u00ednea de forma global. Lo que s\u00ed ha crecido son estas agencias y el servicio delivery de puerta a puerta. En este mercado la clave es oferta, promoci\u00f3n y oportunidad para comprar a buen precio y vender en el mejor precio posible para el comerciante online.<\/p>\n\n\n\n<p>Y como todo est\u00e1 cambiando, tener una propiedad implica compromisos financieros de largo aliento, que no los garantiza el tener un empleo fijo que te acompa\u00f1e por las pr\u00f3ximas tres d\u00e9cadas. Todo es inseguro, tanto de los que contratan como de los contratados. Hoy el movimiento de j\u00f3venes en el mundo, y de forma especial de suram\u00e9rica en la b\u00fasqueda de los sue\u00f1os de los pa\u00edses del primer mundo, han abierto un boquete poblacional de profesionales y t\u00e9cnicos para los que esos sue\u00f1os son m\u00e1s o menos posibles. No es la pesadilla para aquellos que llegan a buscar qu\u00e9 hacer y que terminan en niveles de indigencia iguales o peores a los afrontan en sus pa\u00edses de origen. <\/p>\n\n\n\n<p>Buena parte del mercado que busca vender autos, vivienda y una gran cantidad de objetos, ya no tiene a su alcance a esos profesionales y t\u00e9cnicos que se han ido  y que siguen saliendo del subcontinente del sur. El mercado se ha estrechado y el poder adquisitivo real es cada vez menor. No hay compradores de productos de consumo de lujo e impuestos por la sociedad de consumo. Ahora es practicidad, econom\u00eda reducida y evitar gastos innecesarios y superfluos.<\/p>\n\n\n\n<p>Desarrollar la vida en nuestras ciudades se enfrenta a costos reales  cada vez m\u00e1s altos y aunque la inflaci\u00f3n se mantiene en valores manejables, lo cierto es que el abuso del mercado tratando de no perder m\u00e1s dinero, lleva necesariamente a un aumento constante de mercader\u00edas de todos los \u00f3rdenes, se complejiza a\u00fan m\u00e1s  por la violencia e inseguridad a todos los niveles que se experimenta a diario. <\/p>\n\n\n\n<p>Todas estas realidades influyen necesariamente en las decisiones de compras y en la forma como se puede llevar la vida  o simplemente sobrevivir en la urbe. Tener un auto, sirve si produce dinero y no gastos. Muchos particulares prestan servicio de transporte p\u00fablico, a\u00fan enfrentando la guerra con los taxistas tradicionales. Si busca un medio m\u00e1s econ\u00f3mico, aunque no necesariamente muy seguro, la motocicleta es la triunfadora. De todas las gamas posibles, de peque\u00f1as a grandes cilindradas est\u00e1n copando el mercado de la movilidad. Ya no son exclusivas de ellos, las mujeres han dejado las peque\u00f1as motos por las grandes y ruedan a la par en las rutas urbanas y rurales.<\/p>\n\n\n\n<p>Los costos de operaci\u00f3n se reducen y los rendimientos en general son m\u00e1s satisfactorios. Eso s\u00ed, el riesgo de un accidente es permanente, porque la velocidad es adictiva y la forma de circular en las v\u00edas de formas agresivas hace camino en los usuarios. La situaci\u00f3n es tal que los seguros de accidente dedicados a ese segmento de movilidad son realmente costosos, precisamente por altos niveles de pagos que deben hacer las aseguradoras.<\/p>\n\n\n\n<p>Todo cambia con el tiempo, el no tener raices tambien es una forma de vivir, ser n\u00f3madas que llevan su trabajo a cualquier lugar siempre y cuando tenga una conexi\u00f3n a internet, les proporciona los medios para ser ciudadanos del mundo, due\u00f1os de nada y de todo, con una expectativa de vida muy diferente, en donde conocer, experimentar, ver culturas, otros paisajes y ganar dinero para mantenerse en viaje constante es la mejor forma de vivir y sentirse plenos.<\/p>\n\n\n\n<p>Y cabe la pregunta, \u00bfrealmente necesita el o los autos que tiene en una ciudad ca\u00f3tica, con un tr\u00e1fico imposible y donde se pierde tiempo, dinero y vida? Son miradas de un mundo que cambia y las prioridades son otras, dejar de existir como un consumista encadenado y pasar a vivir y gozar del planeta que nos alberga.<\/p>\n","protected":false},"excerpt":{"rendered":"<p>No necesariamente nos sorprende la salida de la GM- Colmotores en Colombia y pr\u00f3ximamente en Ecuador. Las razones son simples, mercados estrechos que no crecen lo suficiente, cambios de tecnolog\u00eda que obliga a las automotrices dejar de lado los motores de combustible f\u00f3sil, y pasar al sistema el\u00e9ctrico y en general, a una b\u00fasqueda sin [&hellip;]<\/p>\n","protected":false},"author":1,"featured_media":398,"comment_status":"open","ping_status":"open","sticky":false,"template":"","format":"standard","meta":{"footnotes":""},"categories":[14],"tags":[170,169,172,171],"class_list":["post-397","post","type-post","status-publish","format-standard","has-post-thumbnail","hentry","category-sostenibilidad","tag-automoviles","tag-gm-colmotores","tag-motociclistas","tag-transito-vehicular"],"yoast_head":"<!-- This site is optimized with the Yoast SEO plugin v23.9 - https:\/\/yoast.com\/wordpress\/plugins\/seo\/ -->\n<title>\u00bfSe puede vivir sin autom\u00f3vil particular en la ciudad? - Biciurba<\/title>\n<meta name=\"robots\" content=\"index, follow, max-snippet:-1, max-image-preview:large, max-video-preview:-1\" \/>\n<link rel=\"canonical\" href=\"https:\/\/biciurba.com\/index.php\/2024\/05\/01\/se-puede-vivir-sin-automovil-particular-en-la-ciudad\/\" \/>\n<meta property=\"og:locale\" content=\"es_ES\" \/>\n<meta property=\"og:type\" content=\"article\" \/>\n<meta property=\"og:title\" content=\"\u00bfSe puede vivir sin autom\u00f3vil particular en la ciudad? - Biciurba\" \/>\n<meta property=\"og:description\" content=\"No necesariamente nos sorprende la salida de la GM- Colmotores en Colombia y pr\u00f3ximamente en Ecuador. Las razones son simples, mercados estrechos que no crecen lo suficiente, cambios de tecnolog\u00eda que obliga a las automotrices dejar de lado los motores de combustible f\u00f3sil, y pasar al sistema el\u00e9ctrico y en general, a una b\u00fasqueda sin [&hellip;]\" \/>\n<meta property=\"og:url\" content=\"https:\/\/biciurba.com\/index.php\/2024\/05\/01\/se-puede-vivir-sin-automovil-particular-en-la-ciudad\/\" \/>\n<meta property=\"og:site_name\" content=\"Biciurba\" \/>\n<meta property=\"article:published_time\" content=\"2024-05-01T18:38:34+00:00\" \/>\n<meta property=\"article:modified_time\" content=\"2024-05-01T18:38:35+00:00\" \/>\n<meta property=\"og:image\" content=\"https:\/\/biciurba.com\/wp-content\/uploads\/2024\/05\/trancon.png\" \/>\n\t<meta property=\"og:image:width\" content=\"600\" \/>\n\t<meta property=\"og:image:height\" content=\"400\" \/>\n\t<meta property=\"og:image:type\" content=\"image\/png\" \/>\n<meta name=\"author\" content=\"Carlos Cantor\" \/>\n<meta name=\"twitter:card\" content=\"summary_large_image\" \/>\n<meta name=\"twitter:label1\" content=\"Escrito por\" \/>\n\t<meta name=\"twitter:data1\" content=\"Carlos Cantor\" \/>\n\t<meta name=\"twitter:label2\" content=\"Tiempo de lectura\" \/>\n\t<meta name=\"twitter:data2\" content=\"5 minutos\" \/>\n<script type=\"application\/ld+json\" class=\"yoast-schema-graph\">{\"@context\":\"https:\/\/schema.org\",\"@graph\":[{\"@type\":\"Article\",\"@id\":\"https:\/\/biciurba.com\/index.php\/2024\/05\/01\/se-puede-vivir-sin-automovil-particular-en-la-ciudad\/#article\",\"isPartOf\":{\"@id\":\"https:\/\/biciurba.com\/index.php\/2024\/05\/01\/se-puede-vivir-sin-automovil-particular-en-la-ciudad\/\"},\"author\":{\"name\":\"Carlos Cantor\",\"@id\":\"https:\/\/biciurba.com\/#\/schema\/person\/d9675ddf29ee982d268db0a3f239eced\"},\"headline\":\"\u00bfSe puede vivir sin autom\u00f3vil particular en la ciudad?\",\"datePublished\":\"2024-05-01T18:38:34+00:00\",\"dateModified\":\"2024-05-01T18:38:35+00:00\",\"mainEntityOfPage\":{\"@id\":\"https:\/\/biciurba.com\/index.php\/2024\/05\/01\/se-puede-vivir-sin-automovil-particular-en-la-ciudad\/\"},\"wordCount\":1010,\"commentCount\":0,\"publisher\":{\"@id\":\"https:\/\/biciurba.com\/#\/schema\/person\/d9675ddf29ee982d268db0a3f239eced\"},\"image\":{\"@id\":\"https:\/\/biciurba.com\/index.php\/2024\/05\/01\/se-puede-vivir-sin-automovil-particular-en-la-ciudad\/#primaryimage\"},\"thumbnailUrl\":\"https:\/\/biciurba.com\/wp-content\/uploads\/2024\/05\/trancon.png\",\"keywords\":[\"autom\u00f3viles\",\"GM Colmotores\",\"Motociclistas\",\"Tr\u00e1nsito vehicular\"],\"articleSection\":[\"Ciudad Sostenible\"],\"inLanguage\":\"es\",\"potentialAction\":[{\"@type\":\"CommentAction\",\"name\":\"Comment\",\"target\":[\"https:\/\/biciurba.com\/index.php\/2024\/05\/01\/se-puede-vivir-sin-automovil-particular-en-la-ciudad\/#respond\"]}]},{\"@type\":\"WebPage\",\"@id\":\"https:\/\/biciurba.com\/index.php\/2024\/05\/01\/se-puede-vivir-sin-automovil-particular-en-la-ciudad\/\",\"url\":\"https:\/\/biciurba.com\/index.php\/2024\/05\/01\/se-puede-vivir-sin-automovil-particular-en-la-ciudad\/\",\"name\":\"\u00bfSe puede vivir sin autom\u00f3vil particular en la ciudad? - Biciurba\",\"isPartOf\":{\"@id\":\"https:\/\/biciurba.com\/#website\"},\"primaryImageOfPage\":{\"@id\":\"https:\/\/biciurba.com\/index.php\/2024\/05\/01\/se-puede-vivir-sin-automovil-particular-en-la-ciudad\/#primaryimage\"},\"image\":{\"@id\":\"https:\/\/biciurba.com\/index.php\/2024\/05\/01\/se-puede-vivir-sin-automovil-particular-en-la-ciudad\/#primaryimage\"},\"thumbnailUrl\":\"https:\/\/biciurba.com\/wp-content\/uploads\/2024\/05\/trancon.png\",\"datePublished\":\"2024-05-01T18:38:34+00:00\",\"dateModified\":\"2024-05-01T18:38:35+00:00\",\"breadcrumb\":{\"@id\":\"https:\/\/biciurba.com\/index.php\/2024\/05\/01\/se-puede-vivir-sin-automovil-particular-en-la-ciudad\/#breadcrumb\"},\"inLanguage\":\"es\",\"potentialAction\":[{\"@type\":\"ReadAction\",\"target\":[\"https:\/\/biciurba.com\/index.php\/2024\/05\/01\/se-puede-vivir-sin-automovil-particular-en-la-ciudad\/\"]}]},{\"@type\":\"ImageObject\",\"inLanguage\":\"es\",\"@id\":\"https:\/\/biciurba.com\/index.php\/2024\/05\/01\/se-puede-vivir-sin-automovil-particular-en-la-ciudad\/#primaryimage\",\"url\":\"https:\/\/biciurba.com\/wp-content\/uploads\/2024\/05\/trancon.png\",\"contentUrl\":\"https:\/\/biciurba.com\/wp-content\/uploads\/2024\/05\/trancon.png\",\"width\":600,\"height\":400,\"caption\":\"Cada d\u00eda un embotellamiento de nunca acabar en Bogot\u00e1. Foto: Motor\"},{\"@type\":\"BreadcrumbList\",\"@id\":\"https:\/\/biciurba.com\/index.php\/2024\/05\/01\/se-puede-vivir-sin-automovil-particular-en-la-ciudad\/#breadcrumb\",\"itemListElement\":[{\"@type\":\"ListItem\",\"position\":1,\"name\":\"Portada\",\"item\":\"https:\/\/biciurba.com\/\"},{\"@type\":\"ListItem\",\"position\":2,\"name\":\"\u00bfSe puede vivir sin autom\u00f3vil particular en la ciudad?\"}]},{\"@type\":\"WebSite\",\"@id\":\"https:\/\/biciurba.com\/#website\",\"url\":\"https:\/\/biciurba.com\/\",\"name\":\"Biciurba\",\"description\":\"Una mejor manera de vivir\",\"publisher\":{\"@id\":\"https:\/\/biciurba.com\/#\/schema\/person\/d9675ddf29ee982d268db0a3f239eced\"},\"potentialAction\":[{\"@type\":\"SearchAction\",\"target\":{\"@type\":\"EntryPoint\",\"urlTemplate\":\"https:\/\/biciurba.com\/?s={search_term_string}\"},\"query-input\":{\"@type\":\"PropertyValueSpecification\",\"valueRequired\":true,\"valueName\":\"search_term_string\"}}],\"inLanguage\":\"es\"},{\"@type\":[\"Person\",\"Organization\"],\"@id\":\"https:\/\/biciurba.com\/#\/schema\/person\/d9675ddf29ee982d268db0a3f239eced\",\"name\":\"Carlos Cantor\",\"image\":{\"@type\":\"ImageObject\",\"inLanguage\":\"es\",\"@id\":\"https:\/\/biciurba.com\/#\/schema\/person\/image\/\",\"url\":\"https:\/\/biciurba.com\/wp-content\/uploads\/2024\/04\/cropped-logo-1.png\",\"contentUrl\":\"https:\/\/biciurba.com\/wp-content\/uploads\/2024\/04\/cropped-logo-1.png\",\"width\":512,\"height\":318,\"caption\":\"Carlos Cantor\"},\"logo\":{\"@id\":\"https:\/\/biciurba.com\/#\/schema\/person\/image\/\"},\"sameAs\":[\"https:\/\/biciurba.com\"],\"url\":\"https:\/\/biciurba.com\/index.php\/author\/ccantor\/\"}]}<\/script>\n<!-- \/ Yoast SEO plugin. -->","yoast_head_json":{"title":"\u00bfSe puede vivir sin autom\u00f3vil particular en la ciudad? - Biciurba","robots":{"index":"index","follow":"follow","max-snippet":"max-snippet:-1","max-image-preview":"max-image-preview:large","max-video-preview":"max-video-preview:-1"},"canonical":"https:\/\/biciurba.com\/index.php\/2024\/05\/01\/se-puede-vivir-sin-automovil-particular-en-la-ciudad\/","og_locale":"es_ES","og_type":"article","og_title":"\u00bfSe puede vivir sin autom\u00f3vil particular en la ciudad? - Biciurba","og_description":"No necesariamente nos sorprende la salida de la GM- Colmotores en Colombia y pr\u00f3ximamente en Ecuador. Las razones son simples, mercados estrechos que no crecen lo suficiente, cambios de tecnolog\u00eda que obliga a las automotrices dejar de lado los motores de combustible f\u00f3sil, y pasar al sistema el\u00e9ctrico y en general, a una b\u00fasqueda sin [&hellip;]","og_url":"https:\/\/biciurba.com\/index.php\/2024\/05\/01\/se-puede-vivir-sin-automovil-particular-en-la-ciudad\/","og_site_name":"Biciurba","article_published_time":"2024-05-01T18:38:34+00:00","article_modified_time":"2024-05-01T18:38:35+00:00","og_image":[{"width":600,"height":400,"url":"https:\/\/biciurba.com\/wp-content\/uploads\/2024\/05\/trancon.png","type":"image\/png"}],"author":"Carlos Cantor","twitter_card":"summary_large_image","twitter_misc":{"Escrito por":"Carlos Cantor","Tiempo de lectura":"5 minutos"},"schema":{"@context":"https:\/\/schema.org","@graph":[{"@type":"Article","@id":"https:\/\/biciurba.com\/index.php\/2024\/05\/01\/se-puede-vivir-sin-automovil-particular-en-la-ciudad\/#article","isPartOf":{"@id":"https:\/\/biciurba.com\/index.php\/2024\/05\/01\/se-puede-vivir-sin-automovil-particular-en-la-ciudad\/"},"author":{"name":"Carlos Cantor","@id":"https:\/\/biciurba.com\/#\/schema\/person\/d9675ddf29ee982d268db0a3f239eced"},"headline":"\u00bfSe puede vivir sin autom\u00f3vil particular en la ciudad?","datePublished":"2024-05-01T18:38:34+00:00","dateModified":"2024-05-01T18:38:35+00:00","mainEntityOfPage":{"@id":"https:\/\/biciurba.com\/index.php\/2024\/05\/01\/se-puede-vivir-sin-automovil-particular-en-la-ciudad\/"},"wordCount":1010,"commentCount":0,"publisher":{"@id":"https:\/\/biciurba.com\/#\/schema\/person\/d9675ddf29ee982d268db0a3f239eced"},"image":{"@id":"https:\/\/biciurba.com\/index.php\/2024\/05\/01\/se-puede-vivir-sin-automovil-particular-en-la-ciudad\/#primaryimage"},"thumbnailUrl":"https:\/\/biciurba.com\/wp-content\/uploads\/2024\/05\/trancon.png","keywords":["autom\u00f3viles","GM Colmotores","Motociclistas","Tr\u00e1nsito vehicular"],"articleSection":["Ciudad Sostenible"],"inLanguage":"es","potentialAction":[{"@type":"CommentAction","name":"Comment","target":["https:\/\/biciurba.com\/index.php\/2024\/05\/01\/se-puede-vivir-sin-automovil-particular-en-la-ciudad\/#respond"]}]},{"@type":"WebPage","@id":"https:\/\/biciurba.com\/index.php\/2024\/05\/01\/se-puede-vivir-sin-automovil-particular-en-la-ciudad\/","url":"https:\/\/biciurba.com\/index.php\/2024\/05\/01\/se-puede-vivir-sin-automovil-particular-en-la-ciudad\/","name":"\u00bfSe puede vivir sin autom\u00f3vil particular en la ciudad? - Biciurba","isPartOf":{"@id":"https:\/\/biciurba.com\/#website"},"primaryImageOfPage":{"@id":"https:\/\/biciurba.com\/index.php\/2024\/05\/01\/se-puede-vivir-sin-automovil-particular-en-la-ciudad\/#primaryimage"},"image":{"@id":"https:\/\/biciurba.com\/index.php\/2024\/05\/01\/se-puede-vivir-sin-automovil-particular-en-la-ciudad\/#primaryimage"},"thumbnailUrl":"https:\/\/biciurba.com\/wp-content\/uploads\/2024\/05\/trancon.png","datePublished":"2024-05-01T18:38:34+00:00","dateModified":"2024-05-01T18:38:35+00:00","breadcrumb":{"@id":"https:\/\/biciurba.com\/index.php\/2024\/05\/01\/se-puede-vivir-sin-automovil-particular-en-la-ciudad\/#breadcrumb"},"inLanguage":"es","potentialAction":[{"@type":"ReadAction","target":["https:\/\/biciurba.com\/index.php\/2024\/05\/01\/se-puede-vivir-sin-automovil-particular-en-la-ciudad\/"]}]},{"@type":"ImageObject","inLanguage":"es","@id":"https:\/\/biciurba.com\/index.php\/2024\/05\/01\/se-puede-vivir-sin-automovil-particular-en-la-ciudad\/#primaryimage","url":"https:\/\/biciurba.com\/wp-content\/uploads\/2024\/05\/trancon.png","contentUrl":"https:\/\/biciurba.com\/wp-content\/uploads\/2024\/05\/trancon.png","width":600,"height":400,"caption":"Cada d\u00eda un embotellamiento de nunca acabar en Bogot\u00e1. Foto: Motor"},{"@type":"BreadcrumbList","@id":"https:\/\/biciurba.com\/index.php\/2024\/05\/01\/se-puede-vivir-sin-automovil-particular-en-la-ciudad\/#breadcrumb","itemListElement":[{"@type":"ListItem","position":1,"name":"Portada","item":"https:\/\/biciurba.com\/"},{"@type":"ListItem","position":2,"name":"\u00bfSe puede vivir sin autom\u00f3vil particular en la ciudad?"}]},{"@type":"WebSite","@id":"https:\/\/biciurba.com\/#website","url":"https:\/\/biciurba.com\/","name":"Biciurba","description":"Una mejor manera de vivir","publisher":{"@id":"https:\/\/biciurba.com\/#\/schema\/person\/d9675ddf29ee982d268db0a3f239eced"},"potentialAction":[{"@type":"SearchAction","target":{"@type":"EntryPoint","urlTemplate":"https:\/\/biciurba.com\/?s={search_term_string}"},"query-input":{"@type":"PropertyValueSpecification","valueRequired":true,"valueName":"search_term_string"}}],"inLanguage":"es"},{"@type":["Person","Organization"],"@id":"https:\/\/biciurba.com\/#\/schema\/person\/d9675ddf29ee982d268db0a3f239eced","name":"Carlos Cantor","image":{"@type":"ImageObject","inLanguage":"es","@id":"https:\/\/biciurba.com\/#\/schema\/person\/image\/","url":"https:\/\/biciurba.com\/wp-content\/uploads\/2024\/04\/cropped-logo-1.png","contentUrl":"https:\/\/biciurba.com\/wp-content\/uploads\/2024\/04\/cropped-logo-1.png","width":512,"height":318,"caption":"Carlos Cantor"},"logo":{"@id":"https:\/\/biciurba.com\/#\/schema\/person\/image\/"},"sameAs":["https:\/\/biciurba.com"],"url":"https:\/\/biciurba.com\/index.php\/author\/ccantor\/"}]}},"_links":{"self":[{"href":"https:\/\/biciurba.com\/index.php\/wp-json\/wp\/v2\/posts\/397"}],"collection":[{"href":"https:\/\/biciurba.com\/index.php\/wp-json\/wp\/v2\/posts"}],"about":[{"href":"https:\/\/biciurba.com\/index.php\/wp-json\/wp\/v2\/types\/post"}],"author":[{"embeddable":true,"href":"https:\/\/biciurba.com\/index.php\/wp-json\/wp\/v2\/users\/1"}],"replies":[{"embeddable":true,"href":"https:\/\/biciurba.com\/index.php\/wp-json\/wp\/v2\/comments?post=397"}],"version-history":[{"count":1,"href":"https:\/\/biciurba.com\/index.php\/wp-json\/wp\/v2\/posts\/397\/revisions"}],"predecessor-version":[{"id":399,"href":"https:\/\/biciurba.com\/index.php\/wp-json\/wp\/v2\/posts\/397\/revisions\/399"}],"wp:featuredmedia":[{"embeddable":true,"href":"https:\/\/biciurba.com\/index.php\/wp-json\/wp\/v2\/media\/398"}],"wp:attachment":[{"href":"https:\/\/biciurba.com\/index.php\/wp-json\/wp\/v2\/media?parent=397"}],"wp:term":[{"taxonomy":"category","embeddable":true,"href":"https:\/\/biciurba.com\/index.php\/wp-json\/wp\/v2\/categories?post=397"},{"taxonomy":"post_tag","embeddable":true,"href":"https:\/\/biciurba.com\/index.php\/wp-json\/wp\/v2\/tags?post=397"}],"curies":[{"name":"wp","href":"https:\/\/api.w.org\/{rel}","templated":true}]}}