{"id":402,"date":"2024-05-02T15:37:09","date_gmt":"2024-05-02T20:37:09","guid":{"rendered":"https:\/\/biciurba.com\/?p=402"},"modified":"2024-05-02T15:37:10","modified_gmt":"2024-05-02T20:37:10","slug":"viviendo-el-racionamiento-del-agua-en-tiempos-de-crisis-climatica","status":"publish","type":"post","link":"https:\/\/biciurba.com\/index.php\/2024\/05\/02\/viviendo-el-racionamiento-del-agua-en-tiempos-de-crisis-climatica\/","title":{"rendered":"Viviendo el racionamiento del agua en tiempos de crisis clim\u00e1tica"},"content":{"rendered":"\n<p>Nadie sabe de lo que es capaz hasta que lo tienen que enfrentar y solucionar. As\u00ed estamos viviendo los bogotanos y en muchos otros lugares del mundo en donde el agua se va convirtiendo en una necesidad urgente e inaplazable para muchos.<\/p>\n\n\n\n<p>En el caso de este momento en la capital de Colombia, volvemos a tener escasez de agua, y no es la primera vez que esto se presenta. Ya en a\u00f1os anteriores el fen\u00f3meno de El Ni\u00f1o nos pas\u00f3 factura, y sin embargo no aprendemos la lecci\u00f3n, y el tema va entre generaciones que lo han vivido y que ahora, por primera vez lo experimentan. De esta forma el mensaje que al igual que hoy, se realiz\u00f3 ayer ya ha perdido su efecto en los habitantes de la urbe.<\/p>\n\n\n\n<p>Es aqu\u00ed donde la formaci\u00f3n ciudadana es necesaria  que sea de forma constante. La Crisis Clim\u00e1tica que comenzamos a experimentar hace necesario ser entendida por todos. Esto implica consumir menos y aprovechar m\u00e1s. Dejar de tirar y reciclar o colocar bienes en econom\u00eda circular de forma tal que podamos reutilizar esas materias primas. Esto que es tan sencillo de comprender rompe la paciencia de los industriales, comerciantes, centros comerciales y en general all\u00ed donde se vende un bien o un servicio.<\/p>\n\n\n\n<p>Son variados los movimientos minimalistas en el planeta, que lleva impl\u00edcito el mensaje que menos es m\u00e1s, que es mejor vivir ligero y que finalmente el actual sistema de consumo y de desechar no le sirve al planeta y sus habitantes, enti\u00e9ndase todos sus habitantes. La escasez nos trae necesariamente a considerar otras formas de vida, de solucionar nuestras necesidades diarias y de como vivimos la ciudad, en donde para muchas personas todo est\u00e1 solucionado. Basta girar el grifo y tenes agua fr\u00eda o caliente. Encender la estufa y cocinar sin ning\u00fan l\u00edo de medios energ\u00e9ticos para lograrlo. Luz a cualquier momento,en fin todo solucionado.<\/p>\n\n\n\n<p>Pero no siempre fue as\u00ed y tampoco lo ser\u00e1 en un futuro cercano en la medida que sigamos con nuestro estilo de vida, de consumo y en general del sistema econ\u00f3mico mundial, que existe gracias a un comercio que nace de la producci\u00f3n de bienes y servicios, los cuales no necesariamente son vida y bienestar para much\u00edsimas personas y biosistemas. La situaci\u00f3n es complicada porque cambiar implica necesariamente la p\u00e9rdida del poder en todas su instancias, y los que lo tienen hoy no lo van a soltar.<\/p>\n\n\n\n<p>Solo queda lo que estamos aprendiendo en esas semanas, no malgastar el agua. Usarla hasta el tope, recogiendo el agua de la ducha, de la lluvia cuando hay esa posibilidad, de disminuir su consumo en la lavander\u00eda de casa, olvidar lavar lo innecesario como veh\u00edculos y estar muy atento a esas fugas en tuber\u00edas que aumentan de forma considerable el derroche.<\/p>\n\n\n\n<p>En una sociedad tan rica en bienes, tecnolog\u00eda y servicios, hoy, por lo menos en estas tierras, nos recuerdan lo costoso que puede ser la falta total del agua, la energ\u00eda y de todo lo que se desprende de esos dos pilares de la vida urbana, nuestra comodidad y bien vivir.<\/p>\n","protected":false},"excerpt":{"rendered":"<p>Nadie sabe de lo que es capaz hasta que lo tienen que enfrentar y solucionar. As\u00ed estamos viviendo los bogotanos y en muchos otros lugares del mundo en donde el agua se va convirtiendo en una necesidad urgente e inaplazable para muchos. En el caso de este momento en la capital de Colombia, volvemos a [&hellip;]<\/p>\n","protected":false},"author":1,"featured_media":403,"comment_status":"open","ping_status":"open","sticky":false,"template":"","format":"standard","meta":{"footnotes":""},"categories":[95],"tags":[175,168,173,174,76],"class_list":["post-402","post","type-post","status-publish","format-standard","has-post-thumbnail","hentry","category-crisis-climatica","tag-agua-potable","tag-escacez","tag-racionamiento-de-agua","tag-sin-energia","tag-sociedad-de-consumo"],"yoast_head":"<!-- This site is optimized with the Yoast SEO plugin v23.9 - https:\/\/yoast.com\/wordpress\/plugins\/seo\/ -->\n<title>Viviendo el racionamiento del agua en tiempos de crisis clim\u00e1tica - Biciurba<\/title>\n<meta name=\"robots\" content=\"index, follow, max-snippet:-1, max-image-preview:large, max-video-preview:-1\" \/>\n<link rel=\"canonical\" href=\"https:\/\/biciurba.com\/index.php\/2024\/05\/02\/viviendo-el-racionamiento-del-agua-en-tiempos-de-crisis-climatica\/\" \/>\n<meta property=\"og:locale\" content=\"es_ES\" \/>\n<meta property=\"og:type\" content=\"article\" \/>\n<meta property=\"og:title\" content=\"Viviendo el racionamiento del agua en tiempos de crisis clim\u00e1tica - Biciurba\" \/>\n<meta property=\"og:description\" content=\"Nadie sabe de lo que es capaz hasta que lo tienen que enfrentar y solucionar. As\u00ed estamos viviendo los bogotanos y en muchos otros lugares del mundo en donde el agua se va convirtiendo en una necesidad urgente e inaplazable para muchos. En el caso de este momento en la capital de Colombia, volvemos a [&hellip;]\" \/>\n<meta property=\"og:url\" content=\"https:\/\/biciurba.com\/index.php\/2024\/05\/02\/viviendo-el-racionamiento-del-agua-en-tiempos-de-crisis-climatica\/\" \/>\n<meta property=\"og:site_name\" content=\"Biciurba\" \/>\n<meta property=\"article:published_time\" content=\"2024-05-02T20:37:09+00:00\" \/>\n<meta property=\"article:modified_time\" content=\"2024-05-02T20:37:10+00:00\" \/>\n<meta property=\"og:image\" content=\"https:\/\/biciurba.com\/wp-content\/uploads\/2024\/05\/agua.png\" \/>\n\t<meta property=\"og:image:width\" content=\"600\" \/>\n\t<meta property=\"og:image:height\" content=\"400\" \/>\n\t<meta property=\"og:image:type\" content=\"image\/png\" \/>\n<meta name=\"author\" content=\"Carlos Cantor\" \/>\n<meta name=\"twitter:card\" content=\"summary_large_image\" \/>\n<meta name=\"twitter:label1\" content=\"Escrito por\" \/>\n\t<meta name=\"twitter:data1\" content=\"Carlos Cantor\" \/>\n\t<meta name=\"twitter:label2\" content=\"Tiempo de lectura\" \/>\n\t<meta name=\"twitter:data2\" content=\"3 minutos\" \/>\n<script type=\"application\/ld+json\" class=\"yoast-schema-graph\">{\"@context\":\"https:\/\/schema.org\",\"@graph\":[{\"@type\":\"Article\",\"@id\":\"https:\/\/biciurba.com\/index.php\/2024\/05\/02\/viviendo-el-racionamiento-del-agua-en-tiempos-de-crisis-climatica\/#article\",\"isPartOf\":{\"@id\":\"https:\/\/biciurba.com\/index.php\/2024\/05\/02\/viviendo-el-racionamiento-del-agua-en-tiempos-de-crisis-climatica\/\"},\"author\":{\"name\":\"Carlos Cantor\",\"@id\":\"https:\/\/biciurba.com\/#\/schema\/person\/d9675ddf29ee982d268db0a3f239eced\"},\"headline\":\"Viviendo el racionamiento del agua en tiempos de crisis clim\u00e1tica\",\"datePublished\":\"2024-05-02T20:37:09+00:00\",\"dateModified\":\"2024-05-02T20:37:10+00:00\",\"mainEntityOfPage\":{\"@id\":\"https:\/\/biciurba.com\/index.php\/2024\/05\/02\/viviendo-el-racionamiento-del-agua-en-tiempos-de-crisis-climatica\/\"},\"wordCount\":552,\"commentCount\":0,\"publisher\":{\"@id\":\"https:\/\/biciurba.com\/#\/schema\/person\/d9675ddf29ee982d268db0a3f239eced\"},\"image\":{\"@id\":\"https:\/\/biciurba.com\/index.php\/2024\/05\/02\/viviendo-el-racionamiento-del-agua-en-tiempos-de-crisis-climatica\/#primaryimage\"},\"thumbnailUrl\":\"https:\/\/biciurba.com\/wp-content\/uploads\/2024\/05\/agua.png\",\"keywords\":[\"agua potable\",\"escacez\",\"racionamiento de agua\",\"sin energ\u00eda\",\"Sociedad de consumo\"],\"articleSection\":[\"Crisis clim\u00e1tica\"],\"inLanguage\":\"es\",\"potentialAction\":[{\"@type\":\"CommentAction\",\"name\":\"Comment\",\"target\":[\"https:\/\/biciurba.com\/index.php\/2024\/05\/02\/viviendo-el-racionamiento-del-agua-en-tiempos-de-crisis-climatica\/#respond\"]}]},{\"@type\":\"WebPage\",\"@id\":\"https:\/\/biciurba.com\/index.php\/2024\/05\/02\/viviendo-el-racionamiento-del-agua-en-tiempos-de-crisis-climatica\/\",\"url\":\"https:\/\/biciurba.com\/index.php\/2024\/05\/02\/viviendo-el-racionamiento-del-agua-en-tiempos-de-crisis-climatica\/\",\"name\":\"Viviendo el racionamiento del agua en tiempos de crisis clim\u00e1tica - Biciurba\",\"isPartOf\":{\"@id\":\"https:\/\/biciurba.com\/#website\"},\"primaryImageOfPage\":{\"@id\":\"https:\/\/biciurba.com\/index.php\/2024\/05\/02\/viviendo-el-racionamiento-del-agua-en-tiempos-de-crisis-climatica\/#primaryimage\"},\"image\":{\"@id\":\"https:\/\/biciurba.com\/index.php\/2024\/05\/02\/viviendo-el-racionamiento-del-agua-en-tiempos-de-crisis-climatica\/#primaryimage\"},\"thumbnailUrl\":\"https:\/\/biciurba.com\/wp-content\/uploads\/2024\/05\/agua.png\",\"datePublished\":\"2024-05-02T20:37:09+00:00\",\"dateModified\":\"2024-05-02T20:37:10+00:00\",\"breadcrumb\":{\"@id\":\"https:\/\/biciurba.com\/index.php\/2024\/05\/02\/viviendo-el-racionamiento-del-agua-en-tiempos-de-crisis-climatica\/#breadcrumb\"},\"inLanguage\":\"es\",\"potentialAction\":[{\"@type\":\"ReadAction\",\"target\":[\"https:\/\/biciurba.com\/index.php\/2024\/05\/02\/viviendo-el-racionamiento-del-agua-en-tiempos-de-crisis-climatica\/\"]}]},{\"@type\":\"ImageObject\",\"inLanguage\":\"es\",\"@id\":\"https:\/\/biciurba.com\/index.php\/2024\/05\/02\/viviendo-el-racionamiento-del-agua-en-tiempos-de-crisis-climatica\/#primaryimage\",\"url\":\"https:\/\/biciurba.com\/wp-content\/uploads\/2024\/05\/agua.png\",\"contentUrl\":\"https:\/\/biciurba.com\/wp-content\/uploads\/2024\/05\/agua.png\",\"width\":600,\"height\":400,\"caption\":\"Podemos vivir con menos gasto de agua y valorar m\u00e1s su presencia en la vida urbana.\"},{\"@type\":\"BreadcrumbList\",\"@id\":\"https:\/\/biciurba.com\/index.php\/2024\/05\/02\/viviendo-el-racionamiento-del-agua-en-tiempos-de-crisis-climatica\/#breadcrumb\",\"itemListElement\":[{\"@type\":\"ListItem\",\"position\":1,\"name\":\"Portada\",\"item\":\"https:\/\/biciurba.com\/\"},{\"@type\":\"ListItem\",\"position\":2,\"name\":\"Viviendo el racionamiento del agua en tiempos de crisis clim\u00e1tica\"}]},{\"@type\":\"WebSite\",\"@id\":\"https:\/\/biciurba.com\/#website\",\"url\":\"https:\/\/biciurba.com\/\",\"name\":\"Biciurba\",\"description\":\"Una mejor manera de vivir\",\"publisher\":{\"@id\":\"https:\/\/biciurba.com\/#\/schema\/person\/d9675ddf29ee982d268db0a3f239eced\"},\"potentialAction\":[{\"@type\":\"SearchAction\",\"target\":{\"@type\":\"EntryPoint\",\"urlTemplate\":\"https:\/\/biciurba.com\/?s={search_term_string}\"},\"query-input\":{\"@type\":\"PropertyValueSpecification\",\"valueRequired\":true,\"valueName\":\"search_term_string\"}}],\"inLanguage\":\"es\"},{\"@type\":[\"Person\",\"Organization\"],\"@id\":\"https:\/\/biciurba.com\/#\/schema\/person\/d9675ddf29ee982d268db0a3f239eced\",\"name\":\"Carlos Cantor\",\"image\":{\"@type\":\"ImageObject\",\"inLanguage\":\"es\",\"@id\":\"https:\/\/biciurba.com\/#\/schema\/person\/image\/\",\"url\":\"https:\/\/biciurba.com\/wp-content\/uploads\/2024\/04\/cropped-logo-1.png\",\"contentUrl\":\"https:\/\/biciurba.com\/wp-content\/uploads\/2024\/04\/cropped-logo-1.png\",\"width\":512,\"height\":318,\"caption\":\"Carlos Cantor\"},\"logo\":{\"@id\":\"https:\/\/biciurba.com\/#\/schema\/person\/image\/\"},\"sameAs\":[\"https:\/\/biciurba.com\"],\"url\":\"https:\/\/biciurba.com\/index.php\/author\/ccantor\/\"}]}<\/script>\n<!-- \/ Yoast SEO plugin. -->","yoast_head_json":{"title":"Viviendo el racionamiento del agua en tiempos de crisis clim\u00e1tica - Biciurba","robots":{"index":"index","follow":"follow","max-snippet":"max-snippet:-1","max-image-preview":"max-image-preview:large","max-video-preview":"max-video-preview:-1"},"canonical":"https:\/\/biciurba.com\/index.php\/2024\/05\/02\/viviendo-el-racionamiento-del-agua-en-tiempos-de-crisis-climatica\/","og_locale":"es_ES","og_type":"article","og_title":"Viviendo el racionamiento del agua en tiempos de crisis clim\u00e1tica - Biciurba","og_description":"Nadie sabe de lo que es capaz hasta que lo tienen que enfrentar y solucionar. As\u00ed estamos viviendo los bogotanos y en muchos otros lugares del mundo en donde el agua se va convirtiendo en una necesidad urgente e inaplazable para muchos. En el caso de este momento en la capital de Colombia, volvemos a [&hellip;]","og_url":"https:\/\/biciurba.com\/index.php\/2024\/05\/02\/viviendo-el-racionamiento-del-agua-en-tiempos-de-crisis-climatica\/","og_site_name":"Biciurba","article_published_time":"2024-05-02T20:37:09+00:00","article_modified_time":"2024-05-02T20:37:10+00:00","og_image":[{"width":600,"height":400,"url":"https:\/\/biciurba.com\/wp-content\/uploads\/2024\/05\/agua.png","type":"image\/png"}],"author":"Carlos Cantor","twitter_card":"summary_large_image","twitter_misc":{"Escrito por":"Carlos Cantor","Tiempo de lectura":"3 minutos"},"schema":{"@context":"https:\/\/schema.org","@graph":[{"@type":"Article","@id":"https:\/\/biciurba.com\/index.php\/2024\/05\/02\/viviendo-el-racionamiento-del-agua-en-tiempos-de-crisis-climatica\/#article","isPartOf":{"@id":"https:\/\/biciurba.com\/index.php\/2024\/05\/02\/viviendo-el-racionamiento-del-agua-en-tiempos-de-crisis-climatica\/"},"author":{"name":"Carlos Cantor","@id":"https:\/\/biciurba.com\/#\/schema\/person\/d9675ddf29ee982d268db0a3f239eced"},"headline":"Viviendo el racionamiento del agua en tiempos de crisis clim\u00e1tica","datePublished":"2024-05-02T20:37:09+00:00","dateModified":"2024-05-02T20:37:10+00:00","mainEntityOfPage":{"@id":"https:\/\/biciurba.com\/index.php\/2024\/05\/02\/viviendo-el-racionamiento-del-agua-en-tiempos-de-crisis-climatica\/"},"wordCount":552,"commentCount":0,"publisher":{"@id":"https:\/\/biciurba.com\/#\/schema\/person\/d9675ddf29ee982d268db0a3f239eced"},"image":{"@id":"https:\/\/biciurba.com\/index.php\/2024\/05\/02\/viviendo-el-racionamiento-del-agua-en-tiempos-de-crisis-climatica\/#primaryimage"},"thumbnailUrl":"https:\/\/biciurba.com\/wp-content\/uploads\/2024\/05\/agua.png","keywords":["agua potable","escacez","racionamiento de agua","sin energ\u00eda","Sociedad de consumo"],"articleSection":["Crisis clim\u00e1tica"],"inLanguage":"es","potentialAction":[{"@type":"CommentAction","name":"Comment","target":["https:\/\/biciurba.com\/index.php\/2024\/05\/02\/viviendo-el-racionamiento-del-agua-en-tiempos-de-crisis-climatica\/#respond"]}]},{"@type":"WebPage","@id":"https:\/\/biciurba.com\/index.php\/2024\/05\/02\/viviendo-el-racionamiento-del-agua-en-tiempos-de-crisis-climatica\/","url":"https:\/\/biciurba.com\/index.php\/2024\/05\/02\/viviendo-el-racionamiento-del-agua-en-tiempos-de-crisis-climatica\/","name":"Viviendo el racionamiento del agua en tiempos de crisis clim\u00e1tica - Biciurba","isPartOf":{"@id":"https:\/\/biciurba.com\/#website"},"primaryImageOfPage":{"@id":"https:\/\/biciurba.com\/index.php\/2024\/05\/02\/viviendo-el-racionamiento-del-agua-en-tiempos-de-crisis-climatica\/#primaryimage"},"image":{"@id":"https:\/\/biciurba.com\/index.php\/2024\/05\/02\/viviendo-el-racionamiento-del-agua-en-tiempos-de-crisis-climatica\/#primaryimage"},"thumbnailUrl":"https:\/\/biciurba.com\/wp-content\/uploads\/2024\/05\/agua.png","datePublished":"2024-05-02T20:37:09+00:00","dateModified":"2024-05-02T20:37:10+00:00","breadcrumb":{"@id":"https:\/\/biciurba.com\/index.php\/2024\/05\/02\/viviendo-el-racionamiento-del-agua-en-tiempos-de-crisis-climatica\/#breadcrumb"},"inLanguage":"es","potentialAction":[{"@type":"ReadAction","target":["https:\/\/biciurba.com\/index.php\/2024\/05\/02\/viviendo-el-racionamiento-del-agua-en-tiempos-de-crisis-climatica\/"]}]},{"@type":"ImageObject","inLanguage":"es","@id":"https:\/\/biciurba.com\/index.php\/2024\/05\/02\/viviendo-el-racionamiento-del-agua-en-tiempos-de-crisis-climatica\/#primaryimage","url":"https:\/\/biciurba.com\/wp-content\/uploads\/2024\/05\/agua.png","contentUrl":"https:\/\/biciurba.com\/wp-content\/uploads\/2024\/05\/agua.png","width":600,"height":400,"caption":"Podemos vivir con menos gasto de agua y valorar m\u00e1s su presencia en la vida urbana."},{"@type":"BreadcrumbList","@id":"https:\/\/biciurba.com\/index.php\/2024\/05\/02\/viviendo-el-racionamiento-del-agua-en-tiempos-de-crisis-climatica\/#breadcrumb","itemListElement":[{"@type":"ListItem","position":1,"name":"Portada","item":"https:\/\/biciurba.com\/"},{"@type":"ListItem","position":2,"name":"Viviendo el racionamiento del agua en tiempos de crisis clim\u00e1tica"}]},{"@type":"WebSite","@id":"https:\/\/biciurba.com\/#website","url":"https:\/\/biciurba.com\/","name":"Biciurba","description":"Una mejor manera de vivir","publisher":{"@id":"https:\/\/biciurba.com\/#\/schema\/person\/d9675ddf29ee982d268db0a3f239eced"},"potentialAction":[{"@type":"SearchAction","target":{"@type":"EntryPoint","urlTemplate":"https:\/\/biciurba.com\/?s={search_term_string}"},"query-input":{"@type":"PropertyValueSpecification","valueRequired":true,"valueName":"search_term_string"}}],"inLanguage":"es"},{"@type":["Person","Organization"],"@id":"https:\/\/biciurba.com\/#\/schema\/person\/d9675ddf29ee982d268db0a3f239eced","name":"Carlos Cantor","image":{"@type":"ImageObject","inLanguage":"es","@id":"https:\/\/biciurba.com\/#\/schema\/person\/image\/","url":"https:\/\/biciurba.com\/wp-content\/uploads\/2024\/04\/cropped-logo-1.png","contentUrl":"https:\/\/biciurba.com\/wp-content\/uploads\/2024\/04\/cropped-logo-1.png","width":512,"height":318,"caption":"Carlos Cantor"},"logo":{"@id":"https:\/\/biciurba.com\/#\/schema\/person\/image\/"},"sameAs":["https:\/\/biciurba.com"],"url":"https:\/\/biciurba.com\/index.php\/author\/ccantor\/"}]}},"_links":{"self":[{"href":"https:\/\/biciurba.com\/index.php\/wp-json\/wp\/v2\/posts\/402"}],"collection":[{"href":"https:\/\/biciurba.com\/index.php\/wp-json\/wp\/v2\/posts"}],"about":[{"href":"https:\/\/biciurba.com\/index.php\/wp-json\/wp\/v2\/types\/post"}],"author":[{"embeddable":true,"href":"https:\/\/biciurba.com\/index.php\/wp-json\/wp\/v2\/users\/1"}],"replies":[{"embeddable":true,"href":"https:\/\/biciurba.com\/index.php\/wp-json\/wp\/v2\/comments?post=402"}],"version-history":[{"count":1,"href":"https:\/\/biciurba.com\/index.php\/wp-json\/wp\/v2\/posts\/402\/revisions"}],"predecessor-version":[{"id":404,"href":"https:\/\/biciurba.com\/index.php\/wp-json\/wp\/v2\/posts\/402\/revisions\/404"}],"wp:featuredmedia":[{"embeddable":true,"href":"https:\/\/biciurba.com\/index.php\/wp-json\/wp\/v2\/media\/403"}],"wp:attachment":[{"href":"https:\/\/biciurba.com\/index.php\/wp-json\/wp\/v2\/media?parent=402"}],"wp:term":[{"taxonomy":"category","embeddable":true,"href":"https:\/\/biciurba.com\/index.php\/wp-json\/wp\/v2\/categories?post=402"},{"taxonomy":"post_tag","embeddable":true,"href":"https:\/\/biciurba.com\/index.php\/wp-json\/wp\/v2\/tags?post=402"}],"curies":[{"name":"wp","href":"https:\/\/api.w.org\/{rel}","templated":true}]}}