{"id":445,"date":"2024-05-08T14:12:38","date_gmt":"2024-05-08T19:12:38","guid":{"rendered":"https:\/\/biciurba.com\/?p=445"},"modified":"2024-08-02T11:29:50","modified_gmt":"2024-08-02T16:29:50","slug":"se-puede-realmente-vivir-con-menos-en-las-ciudades-de-hoy","status":"publish","type":"post","link":"https:\/\/biciurba.com\/index.php\/2024\/05\/08\/se-puede-realmente-vivir-con-menos-en-las-ciudades-de-hoy\/","title":{"rendered":"\u00bfSe puede realmente vivir con menos en las ciudades de hoy?"},"content":{"rendered":"\n<p>Entre los planes que nos han impuesto a trav\u00e9s de la historia de la humanidad, considerando lo econ\u00f3mico, social y cultural, vivir en la ciudad es una elecci\u00f3n siempre deseable y que merece todos nuestros esfuerzos. Junto a esto, nos han mostrado c\u00f3mo y con qu\u00e9 se debe habitar la ciudad y lo que eso representa en la autoestima de cada individuo.<\/p>\n\n\n\n<p>M\u00e1s all\u00e1 de la verdadera realizaci\u00f3n personal, que se considera integral con los talentos propios que se han ido desarrollando y perfeccionando con los a\u00f1os, la autovaloraci\u00f3n se establece en como con ese talento se puede construir sociedad y ayudar a los dem\u00e1s a lograr sus sue\u00f1os.  Esa lucha entre el ser y el tener genera muchas contradicciones y frustraciones. Por eso hay una gran cantidad de profesionales y gur\u00fas que tratan este tema desde todas las posibilidades, desde la ciencia social, m\u00e9dica y psiqui\u00e1trica, hasta vendedores de humo que nos proporcionan reglas para lograr el \u00e9xito y casi siempre son f\u00f3rmulas iguales para todo el mundo.<\/p>\n\n\n\n<p>Y estas \u00faltimas son inaplicables por factores culturales, geogr\u00e1ficas, de recursos econ\u00f3micos y f\u00edsicos que hacen imposible el modelo \u00fanico que se propone. En gran parte estas pseudociencias se mantienen porque nos cuesta mucho llegar al ideal de vida urbana en las ciudades del mundo. En la realidad las ciudades principales son costosas en todo, vivienda, transporte, servicios, comida, escolaridad, vestuario y todo lo que se nos pueda ocurrir, en realidad es costosa.<\/p>\n\n\n\n<p>Se suma a esta realidad el consumo desorbitado que nos venden a trav\u00e9s de la comunicaci\u00f3n en general, de estrategias de mercado realmente infranqueables. Basta tener un celular, una cuenta en alguna plataforma en la WEB y le llegar\u00e1 inmensos vol\u00famenes de publicidad debidamente dirigida. Ahora bien, los comercios est\u00e1n dise\u00f1ados para que usted gaste, considere esos comercios de bajos precios, promedio cinco d\u00f3lares y aunque en la realidad no necesita nada de lo que all\u00ed se ofrece, siempre sale comprando algo que se supone necesita, la verdad es que no. Igual con el vestuario, electr\u00f3nica, enseres y un mont\u00f3n de chucher\u00edas que no requerimos, que significa gastos adicionales y espacios comprometidos en las peque\u00f1as viviendas que el com\u00fan de las personas tienen en las ciudades.<\/p>\n\n\n\n<p>Hay movimientos mundiales que proponen gastar menos, consumir menos, tener menos cosas, vivir con lo necesario y dejar de acumular tantas y tantas cosas en nuestras viviendas, oficinas y en general en donde hacemos nuestra vida. Se suman movimientos de vivir m\u00e1s lento,  que nos permita disfrutar lo unico que no podemos recuperar: el tiempo, adem\u00e1s que es inexorable e inalcanzable.<\/p>\n\n\n\n<p>Al no preocuparnos de cosas que no requerimos y bajar el ritmo al agite existencial, encontramos tiempo apara muchas cosas, el solo recorrer un parque, caminar algunos sectores de la ciudad que nos conectan a los lugares que frecuentamos como colegios, oficinas y hasta f\u00e1bricas. Lentitud es un concepto imposible en las grandes urbes, all\u00ed todo es inmediato, 24 horas disponible, todo el tiempo corriendo y en esa agon\u00eda. Por eso cuando vamos de vacaciones desprendernos de ese frenes\u00ed existencial es tan complejo y casi siempre fracasamos en el intento.<\/p>\n\n\n\n<p>Si la ciudad esta construida para satisfacer las necesidades humanas contempor\u00e1neas, por qu\u00e9 es tan complejo lograrlas. Aqu\u00ed se aplica aquello que despu\u00e9s de mucho tiempo ya tengo las respuestas a las preguntas, y cuando las voy a dar, me cambian las preguntas. Y as\u00ed  pasamos todos los d\u00edas de nuestra existencia, so\u00f1ando, comprando a cr\u00e9dito, trabajando hasta m\u00e1s no poder para pagar y alimentar el sistema financiero, de la producci\u00f3n y del consumo.<\/p>\n\n\n\n<p>Si se mira objetivamente, vemos que nos calificamos por el tener, el aparentar, el deber a, y mostrar una vida que en much\u00edsimos de los casos son vac\u00edas, frustrantes, solitarias y tristes. En la realidad el tema es ser, que consiste en desarrollar nuestros talentos y capacidades para generar cambios que valen la pena porque tienen que ver con la vida misma y con el otro. En el poseer, las cosas finalmente se vuelven objetivos a lograr y una vez los tienes, la alegr\u00eda es inmediata, pero dura un instante, es ef\u00edmera. <\/p>\n\n\n\n<p>Cuando realizas servicios sociales y comunitarios, cuando eres compa\u00f1ia sincera y verdadera, cuando haces posible lo imposible a trav\u00e9s de tus cualidades, la vida cambia y comienzas un camino que no requiere llenarse de cosas, de esa inmensidad de productos y servicios que a la final agotan tu vida, tus recursos y tu tiempo. Ahora bien, un economista dir\u00eda esto es una herej\u00eda, se necesita producir, comercializar, incentivar el consumo y que la gente gaste para que la maquinaria funcione y todos vivamos felices. El sistema econ\u00f3mico debe seguir su camino, y los seres humanos no pueden no estar involucrados en el porque finalmente la energ\u00eda que lo hace posible es lo que nos gastamos todos los d\u00edas de nuestra existencia.<\/p>\n\n\n\n<p>En un planeta que est\u00e1 mostr\u00e1ndonos cambios realmente preocupantes que tienen que ver con la vida en todas sus formas y como se van destruyendo, extinguiendo  a nuestro alrededor, no podemos menos que preguntarnos cu\u00e1l es mi aporte para bien o para mal de la existencia y como la conocemos y disfrutamos o anhelamos en este tiempo. Eso tiene un costo y en muchos de los casos esta entre cajas del olvido, sin ser requeridas para un servicio, son simplemente cajas de inservibles, de abandonos,de dinero mal utilizado. Esto nos demuestra que el sistema de producir, comprar, guardar y tirar  no es la respuesta m\u00e1s adecuada para un mejor vivir en la ciudad . Y ah\u00ed est\u00e1 el dilema, gasto para que otros produzcan y a su vez esos otros sigan consumiendo en un proceso eterno? <\/p>\n\n\n\n<p>La verdad es que la ciudad ni el planeta es eterno y sus riquezas son limitadas y agotables. Lo sencillo y pr\u00e1ctico es mejor que lo rimbombante, fastuoso y ostentoso, porque a la final estan vacios, son cosas que inexorablemente se quedar\u00e1n aqu\u00ed y se transformaran, en el mejor de los casos, en otras cosas que ni siquiera veremos. Es mejor ser, que simplemente consumir, tirar y olvidar.<\/p>\n","protected":false},"excerpt":{"rendered":"<p>Entre los planes que nos han impuesto a trav\u00e9s de la historia de la humanidad, considerando lo econ\u00f3mico, social y cultural, vivir en la ciudad es una elecci\u00f3n siempre deseable y que merece todos nuestros esfuerzos. Junto a esto, nos han mostrado c\u00f3mo y con qu\u00e9 se debe habitar la ciudad y lo que eso [&hellip;]<\/p>\n","protected":false},"author":1,"featured_media":447,"comment_status":"open","ping_status":"open","sticky":false,"template":"","format":"standard","meta":{"footnotes":""},"categories":[1],"tags":[194,192,195,193],"class_list":["post-445","post","type-post","status-publish","format-standard","has-post-thumbnail","hentry","category-blog","tag-ciudad","tag-consumo","tag-economia-del-consumo","tag-sociedad-del-desperdicio"],"yoast_head":"<!-- This site is optimized with the Yoast SEO plugin v23.9 - https:\/\/yoast.com\/wordpress\/plugins\/seo\/ -->\n<title>\u00bfSe puede realmente vivir con menos en las ciudades de hoy? - Biciurba<\/title>\n<meta name=\"robots\" content=\"index, follow, max-snippet:-1, max-image-preview:large, max-video-preview:-1\" \/>\n<link rel=\"canonical\" href=\"https:\/\/biciurba.com\/index.php\/2024\/05\/08\/se-puede-realmente-vivir-con-menos-en-las-ciudades-de-hoy\/\" \/>\n<meta property=\"og:locale\" content=\"es_ES\" \/>\n<meta property=\"og:type\" content=\"article\" \/>\n<meta property=\"og:title\" content=\"\u00bfSe puede realmente vivir con menos en las ciudades de hoy? - Biciurba\" \/>\n<meta property=\"og:description\" content=\"Entre los planes que nos han impuesto a trav\u00e9s de la historia de la humanidad, considerando lo econ\u00f3mico, social y cultural, vivir en la ciudad es una elecci\u00f3n siempre deseable y que merece todos nuestros esfuerzos. Junto a esto, nos han mostrado c\u00f3mo y con qu\u00e9 se debe habitar la ciudad y lo que eso [&hellip;]\" \/>\n<meta property=\"og:url\" content=\"https:\/\/biciurba.com\/index.php\/2024\/05\/08\/se-puede-realmente-vivir-con-menos-en-las-ciudades-de-hoy\/\" \/>\n<meta property=\"og:site_name\" content=\"Biciurba\" \/>\n<meta property=\"article:published_time\" content=\"2024-05-08T19:12:38+00:00\" \/>\n<meta property=\"article:modified_time\" content=\"2024-08-02T16:29:50+00:00\" \/>\n<meta property=\"og:image\" content=\"https:\/\/biciurba.com\/wp-content\/uploads\/2024\/05\/consumo.png\" \/>\n\t<meta property=\"og:image:width\" content=\"600\" \/>\n\t<meta property=\"og:image:height\" content=\"400\" \/>\n\t<meta property=\"og:image:type\" content=\"image\/png\" \/>\n<meta name=\"author\" content=\"Carlos Cantor\" \/>\n<meta name=\"twitter:card\" content=\"summary_large_image\" \/>\n<meta name=\"twitter:label1\" content=\"Escrito por\" \/>\n\t<meta name=\"twitter:data1\" content=\"Carlos Cantor\" \/>\n\t<meta name=\"twitter:label2\" content=\"Tiempo de lectura\" \/>\n\t<meta name=\"twitter:data2\" content=\"5 minutos\" \/>\n<script type=\"application\/ld+json\" class=\"yoast-schema-graph\">{\"@context\":\"https:\/\/schema.org\",\"@graph\":[{\"@type\":\"Article\",\"@id\":\"https:\/\/biciurba.com\/index.php\/2024\/05\/08\/se-puede-realmente-vivir-con-menos-en-las-ciudades-de-hoy\/#article\",\"isPartOf\":{\"@id\":\"https:\/\/biciurba.com\/index.php\/2024\/05\/08\/se-puede-realmente-vivir-con-menos-en-las-ciudades-de-hoy\/\"},\"author\":{\"name\":\"Carlos Cantor\",\"@id\":\"https:\/\/biciurba.com\/#\/schema\/person\/d9675ddf29ee982d268db0a3f239eced\"},\"headline\":\"\u00bfSe puede realmente vivir con menos en las ciudades de hoy?\",\"datePublished\":\"2024-05-08T19:12:38+00:00\",\"dateModified\":\"2024-08-02T16:29:50+00:00\",\"mainEntityOfPage\":{\"@id\":\"https:\/\/biciurba.com\/index.php\/2024\/05\/08\/se-puede-realmente-vivir-con-menos-en-las-ciudades-de-hoy\/\"},\"wordCount\":1075,\"commentCount\":0,\"publisher\":{\"@id\":\"https:\/\/biciurba.com\/#\/schema\/person\/d9675ddf29ee982d268db0a3f239eced\"},\"image\":{\"@id\":\"https:\/\/biciurba.com\/index.php\/2024\/05\/08\/se-puede-realmente-vivir-con-menos-en-las-ciudades-de-hoy\/#primaryimage\"},\"thumbnailUrl\":\"https:\/\/biciurba.com\/wp-content\/uploads\/2024\/05\/consumo.png\",\"keywords\":[\"ciudad\",\"Consumo\",\"economia del consumo\",\"sociedad del desperdicio\"],\"articleSection\":[\"Editorial\"],\"inLanguage\":\"es\",\"potentialAction\":[{\"@type\":\"CommentAction\",\"name\":\"Comment\",\"target\":[\"https:\/\/biciurba.com\/index.php\/2024\/05\/08\/se-puede-realmente-vivir-con-menos-en-las-ciudades-de-hoy\/#respond\"]}]},{\"@type\":\"WebPage\",\"@id\":\"https:\/\/biciurba.com\/index.php\/2024\/05\/08\/se-puede-realmente-vivir-con-menos-en-las-ciudades-de-hoy\/\",\"url\":\"https:\/\/biciurba.com\/index.php\/2024\/05\/08\/se-puede-realmente-vivir-con-menos-en-las-ciudades-de-hoy\/\",\"name\":\"\u00bfSe puede realmente vivir con menos en las ciudades de hoy? - Biciurba\",\"isPartOf\":{\"@id\":\"https:\/\/biciurba.com\/#website\"},\"primaryImageOfPage\":{\"@id\":\"https:\/\/biciurba.com\/index.php\/2024\/05\/08\/se-puede-realmente-vivir-con-menos-en-las-ciudades-de-hoy\/#primaryimage\"},\"image\":{\"@id\":\"https:\/\/biciurba.com\/index.php\/2024\/05\/08\/se-puede-realmente-vivir-con-menos-en-las-ciudades-de-hoy\/#primaryimage\"},\"thumbnailUrl\":\"https:\/\/biciurba.com\/wp-content\/uploads\/2024\/05\/consumo.png\",\"datePublished\":\"2024-05-08T19:12:38+00:00\",\"dateModified\":\"2024-08-02T16:29:50+00:00\",\"breadcrumb\":{\"@id\":\"https:\/\/biciurba.com\/index.php\/2024\/05\/08\/se-puede-realmente-vivir-con-menos-en-las-ciudades-de-hoy\/#breadcrumb\"},\"inLanguage\":\"es\",\"potentialAction\":[{\"@type\":\"ReadAction\",\"target\":[\"https:\/\/biciurba.com\/index.php\/2024\/05\/08\/se-puede-realmente-vivir-con-menos-en-las-ciudades-de-hoy\/\"]}]},{\"@type\":\"ImageObject\",\"inLanguage\":\"es\",\"@id\":\"https:\/\/biciurba.com\/index.php\/2024\/05\/08\/se-puede-realmente-vivir-con-menos-en-las-ciudades-de-hoy\/#primaryimage\",\"url\":\"https:\/\/biciurba.com\/wp-content\/uploads\/2024\/05\/consumo.png\",\"contentUrl\":\"https:\/\/biciurba.com\/wp-content\/uploads\/2024\/05\/consumo.png\",\"width\":600,\"height\":400,\"caption\":\"Tomar conciencia y renunciar a la l\u00f3gica del mercado que crea un mecanismo consumista compulsivo para colocar sus productos donde las personas terminan sumergidas en la vor\u00e1gine de las compras y los gastos innecesarios. Poder consumir nos puede hacer sentir libres y contentos, pero quienes en realidad poseen la libertad son los que integran la minor\u00eda que detenta el poder econ\u00f3mico y financiero que se nutre, de cierta forma, de la inequidad de un sistema econ\u00f3mico excluyente, donde solo existen los que compran, los que gastan.\"},{\"@type\":\"BreadcrumbList\",\"@id\":\"https:\/\/biciurba.com\/index.php\/2024\/05\/08\/se-puede-realmente-vivir-con-menos-en-las-ciudades-de-hoy\/#breadcrumb\",\"itemListElement\":[{\"@type\":\"ListItem\",\"position\":1,\"name\":\"Portada\",\"item\":\"https:\/\/biciurba.com\/\"},{\"@type\":\"ListItem\",\"position\":2,\"name\":\"\u00bfSe puede realmente vivir con menos en las ciudades de hoy?\"}]},{\"@type\":\"WebSite\",\"@id\":\"https:\/\/biciurba.com\/#website\",\"url\":\"https:\/\/biciurba.com\/\",\"name\":\"Biciurba\",\"description\":\"Una mejor manera de vivir\",\"publisher\":{\"@id\":\"https:\/\/biciurba.com\/#\/schema\/person\/d9675ddf29ee982d268db0a3f239eced\"},\"potentialAction\":[{\"@type\":\"SearchAction\",\"target\":{\"@type\":\"EntryPoint\",\"urlTemplate\":\"https:\/\/biciurba.com\/?s={search_term_string}\"},\"query-input\":{\"@type\":\"PropertyValueSpecification\",\"valueRequired\":true,\"valueName\":\"search_term_string\"}}],\"inLanguage\":\"es\"},{\"@type\":[\"Person\",\"Organization\"],\"@id\":\"https:\/\/biciurba.com\/#\/schema\/person\/d9675ddf29ee982d268db0a3f239eced\",\"name\":\"Carlos Cantor\",\"image\":{\"@type\":\"ImageObject\",\"inLanguage\":\"es\",\"@id\":\"https:\/\/biciurba.com\/#\/schema\/person\/image\/\",\"url\":\"https:\/\/biciurba.com\/wp-content\/uploads\/2024\/04\/cropped-logo-1.png\",\"contentUrl\":\"https:\/\/biciurba.com\/wp-content\/uploads\/2024\/04\/cropped-logo-1.png\",\"width\":512,\"height\":318,\"caption\":\"Carlos Cantor\"},\"logo\":{\"@id\":\"https:\/\/biciurba.com\/#\/schema\/person\/image\/\"},\"sameAs\":[\"https:\/\/biciurba.com\"],\"url\":\"https:\/\/biciurba.com\/index.php\/author\/ccantor\/\"}]}<\/script>\n<!-- \/ Yoast SEO plugin. -->","yoast_head_json":{"title":"\u00bfSe puede realmente vivir con menos en las ciudades de hoy? - Biciurba","robots":{"index":"index","follow":"follow","max-snippet":"max-snippet:-1","max-image-preview":"max-image-preview:large","max-video-preview":"max-video-preview:-1"},"canonical":"https:\/\/biciurba.com\/index.php\/2024\/05\/08\/se-puede-realmente-vivir-con-menos-en-las-ciudades-de-hoy\/","og_locale":"es_ES","og_type":"article","og_title":"\u00bfSe puede realmente vivir con menos en las ciudades de hoy? - Biciurba","og_description":"Entre los planes que nos han impuesto a trav\u00e9s de la historia de la humanidad, considerando lo econ\u00f3mico, social y cultural, vivir en la ciudad es una elecci\u00f3n siempre deseable y que merece todos nuestros esfuerzos. Junto a esto, nos han mostrado c\u00f3mo y con qu\u00e9 se debe habitar la ciudad y lo que eso [&hellip;]","og_url":"https:\/\/biciurba.com\/index.php\/2024\/05\/08\/se-puede-realmente-vivir-con-menos-en-las-ciudades-de-hoy\/","og_site_name":"Biciurba","article_published_time":"2024-05-08T19:12:38+00:00","article_modified_time":"2024-08-02T16:29:50+00:00","og_image":[{"width":600,"height":400,"url":"https:\/\/biciurba.com\/wp-content\/uploads\/2024\/05\/consumo.png","type":"image\/png"}],"author":"Carlos Cantor","twitter_card":"summary_large_image","twitter_misc":{"Escrito por":"Carlos Cantor","Tiempo de lectura":"5 minutos"},"schema":{"@context":"https:\/\/schema.org","@graph":[{"@type":"Article","@id":"https:\/\/biciurba.com\/index.php\/2024\/05\/08\/se-puede-realmente-vivir-con-menos-en-las-ciudades-de-hoy\/#article","isPartOf":{"@id":"https:\/\/biciurba.com\/index.php\/2024\/05\/08\/se-puede-realmente-vivir-con-menos-en-las-ciudades-de-hoy\/"},"author":{"name":"Carlos Cantor","@id":"https:\/\/biciurba.com\/#\/schema\/person\/d9675ddf29ee982d268db0a3f239eced"},"headline":"\u00bfSe puede realmente vivir con menos en las ciudades de hoy?","datePublished":"2024-05-08T19:12:38+00:00","dateModified":"2024-08-02T16:29:50+00:00","mainEntityOfPage":{"@id":"https:\/\/biciurba.com\/index.php\/2024\/05\/08\/se-puede-realmente-vivir-con-menos-en-las-ciudades-de-hoy\/"},"wordCount":1075,"commentCount":0,"publisher":{"@id":"https:\/\/biciurba.com\/#\/schema\/person\/d9675ddf29ee982d268db0a3f239eced"},"image":{"@id":"https:\/\/biciurba.com\/index.php\/2024\/05\/08\/se-puede-realmente-vivir-con-menos-en-las-ciudades-de-hoy\/#primaryimage"},"thumbnailUrl":"https:\/\/biciurba.com\/wp-content\/uploads\/2024\/05\/consumo.png","keywords":["ciudad","Consumo","economia del consumo","sociedad del desperdicio"],"articleSection":["Editorial"],"inLanguage":"es","potentialAction":[{"@type":"CommentAction","name":"Comment","target":["https:\/\/biciurba.com\/index.php\/2024\/05\/08\/se-puede-realmente-vivir-con-menos-en-las-ciudades-de-hoy\/#respond"]}]},{"@type":"WebPage","@id":"https:\/\/biciurba.com\/index.php\/2024\/05\/08\/se-puede-realmente-vivir-con-menos-en-las-ciudades-de-hoy\/","url":"https:\/\/biciurba.com\/index.php\/2024\/05\/08\/se-puede-realmente-vivir-con-menos-en-las-ciudades-de-hoy\/","name":"\u00bfSe puede realmente vivir con menos en las ciudades de hoy? - Biciurba","isPartOf":{"@id":"https:\/\/biciurba.com\/#website"},"primaryImageOfPage":{"@id":"https:\/\/biciurba.com\/index.php\/2024\/05\/08\/se-puede-realmente-vivir-con-menos-en-las-ciudades-de-hoy\/#primaryimage"},"image":{"@id":"https:\/\/biciurba.com\/index.php\/2024\/05\/08\/se-puede-realmente-vivir-con-menos-en-las-ciudades-de-hoy\/#primaryimage"},"thumbnailUrl":"https:\/\/biciurba.com\/wp-content\/uploads\/2024\/05\/consumo.png","datePublished":"2024-05-08T19:12:38+00:00","dateModified":"2024-08-02T16:29:50+00:00","breadcrumb":{"@id":"https:\/\/biciurba.com\/index.php\/2024\/05\/08\/se-puede-realmente-vivir-con-menos-en-las-ciudades-de-hoy\/#breadcrumb"},"inLanguage":"es","potentialAction":[{"@type":"ReadAction","target":["https:\/\/biciurba.com\/index.php\/2024\/05\/08\/se-puede-realmente-vivir-con-menos-en-las-ciudades-de-hoy\/"]}]},{"@type":"ImageObject","inLanguage":"es","@id":"https:\/\/biciurba.com\/index.php\/2024\/05\/08\/se-puede-realmente-vivir-con-menos-en-las-ciudades-de-hoy\/#primaryimage","url":"https:\/\/biciurba.com\/wp-content\/uploads\/2024\/05\/consumo.png","contentUrl":"https:\/\/biciurba.com\/wp-content\/uploads\/2024\/05\/consumo.png","width":600,"height":400,"caption":"Tomar conciencia y renunciar a la l\u00f3gica del mercado que crea un mecanismo consumista compulsivo para colocar sus productos donde las personas terminan sumergidas en la vor\u00e1gine de las compras y los gastos innecesarios. Poder consumir nos puede hacer sentir libres y contentos, pero quienes en realidad poseen la libertad son los que integran la minor\u00eda que detenta el poder econ\u00f3mico y financiero que se nutre, de cierta forma, de la inequidad de un sistema econ\u00f3mico excluyente, donde solo existen los que compran, los que gastan."},{"@type":"BreadcrumbList","@id":"https:\/\/biciurba.com\/index.php\/2024\/05\/08\/se-puede-realmente-vivir-con-menos-en-las-ciudades-de-hoy\/#breadcrumb","itemListElement":[{"@type":"ListItem","position":1,"name":"Portada","item":"https:\/\/biciurba.com\/"},{"@type":"ListItem","position":2,"name":"\u00bfSe puede realmente vivir con menos en las ciudades de hoy?"}]},{"@type":"WebSite","@id":"https:\/\/biciurba.com\/#website","url":"https:\/\/biciurba.com\/","name":"Biciurba","description":"Una mejor manera de vivir","publisher":{"@id":"https:\/\/biciurba.com\/#\/schema\/person\/d9675ddf29ee982d268db0a3f239eced"},"potentialAction":[{"@type":"SearchAction","target":{"@type":"EntryPoint","urlTemplate":"https:\/\/biciurba.com\/?s={search_term_string}"},"query-input":{"@type":"PropertyValueSpecification","valueRequired":true,"valueName":"search_term_string"}}],"inLanguage":"es"},{"@type":["Person","Organization"],"@id":"https:\/\/biciurba.com\/#\/schema\/person\/d9675ddf29ee982d268db0a3f239eced","name":"Carlos Cantor","image":{"@type":"ImageObject","inLanguage":"es","@id":"https:\/\/biciurba.com\/#\/schema\/person\/image\/","url":"https:\/\/biciurba.com\/wp-content\/uploads\/2024\/04\/cropped-logo-1.png","contentUrl":"https:\/\/biciurba.com\/wp-content\/uploads\/2024\/04\/cropped-logo-1.png","width":512,"height":318,"caption":"Carlos Cantor"},"logo":{"@id":"https:\/\/biciurba.com\/#\/schema\/person\/image\/"},"sameAs":["https:\/\/biciurba.com"],"url":"https:\/\/biciurba.com\/index.php\/author\/ccantor\/"}]}},"_links":{"self":[{"href":"https:\/\/biciurba.com\/index.php\/wp-json\/wp\/v2\/posts\/445"}],"collection":[{"href":"https:\/\/biciurba.com\/index.php\/wp-json\/wp\/v2\/posts"}],"about":[{"href":"https:\/\/biciurba.com\/index.php\/wp-json\/wp\/v2\/types\/post"}],"author":[{"embeddable":true,"href":"https:\/\/biciurba.com\/index.php\/wp-json\/wp\/v2\/users\/1"}],"replies":[{"embeddable":true,"href":"https:\/\/biciurba.com\/index.php\/wp-json\/wp\/v2\/comments?post=445"}],"version-history":[{"count":2,"href":"https:\/\/biciurba.com\/index.php\/wp-json\/wp\/v2\/posts\/445\/revisions"}],"predecessor-version":[{"id":448,"href":"https:\/\/biciurba.com\/index.php\/wp-json\/wp\/v2\/posts\/445\/revisions\/448"}],"wp:featuredmedia":[{"embeddable":true,"href":"https:\/\/biciurba.com\/index.php\/wp-json\/wp\/v2\/media\/447"}],"wp:attachment":[{"href":"https:\/\/biciurba.com\/index.php\/wp-json\/wp\/v2\/media?parent=445"}],"wp:term":[{"taxonomy":"category","embeddable":true,"href":"https:\/\/biciurba.com\/index.php\/wp-json\/wp\/v2\/categories?post=445"},{"taxonomy":"post_tag","embeddable":true,"href":"https:\/\/biciurba.com\/index.php\/wp-json\/wp\/v2\/tags?post=445"}],"curies":[{"name":"wp","href":"https:\/\/api.w.org\/{rel}","templated":true}]}}