{"id":474,"date":"2024-05-13T11:02:01","date_gmt":"2024-05-13T16:02:01","guid":{"rendered":"https:\/\/biciurba.com\/?p=474"},"modified":"2024-05-13T11:02:02","modified_gmt":"2024-05-13T16:02:02","slug":"cual-debe-ser-mi-companera-ideal-para-rodar-en-la-ciudad","status":"publish","type":"post","link":"https:\/\/biciurba.com\/index.php\/2024\/05\/13\/cual-debe-ser-mi-companera-ideal-para-rodar-en-la-ciudad\/","title":{"rendered":"Cu\u00e1l debe ser mi compa\u00f1era ideal para rodar en la ciudad"},"content":{"rendered":"\n<p>Hace unos d\u00edas me preguntaron por la bicicleta m\u00e1s adecuada para usar en la ciudad. Y me pusieron a considerar una serie de factores, que m\u00e1s que la bicicleta como tal, lo determina la ciudad y su topograf\u00eda.<\/p>\n\n\n\n<p>Hay ciudades planas que no representan mayor exigencia a las piernas, las hay monta\u00f1osas con colinas que implican fuertes subidas y veloces bajadas y claro, las hay de topograf\u00edas mixtas. A esto se suma la temperatura ambiental, las de climas estables todo el a\u00f1o y las que tienen estaciones, que van de calor insoportable a fr\u00edos extremos.<\/p>\n\n\n\n<p>Hay que considerar la infraestructura de la urbe, si tienen ciclorrutas permanentes, ciclovias eventuales o definitivamente la bici no esta considerada en la malla vial. Y adem\u00e1s un factor que cada vez se agudiza en todas las ciudades, el robo y el atraco a los ciclistas. Ante estas realidades, \u00bfcu\u00e1l ser\u00eda la bici m\u00e1s adaptable?<\/p>\n\n\n\n<p>D\u00e1ndole vueltas al tema hay una serie de respuestas. Lo primero es considerar una bicicleta sencilla, nada estrafalaria en dise\u00f1o, prestaciones, colores y accesorios. Aqu\u00ed entre menos es m\u00e1s. Liviana si, pero en acero, las de fibras de carbono, aluminio y aleaciones especiales no son adecuadas, los ladrones las distinguen a leguas.<\/p>\n\n\n\n<p>Si bien el que sea plegable da facilidades para guardarla, hay que evitar que se vean muy llamativas. Igual con las el\u00e9ctricas o h\u00edbridas. Si tiene bicicletero hay que usarlo y en general los estacionamientos p\u00fablicos ofrecen espacios dedicados para resguardarlas a costos muy bajos.<\/p>\n\n\n\n<p>Como el tema es topograf\u00eda y clima, el tama\u00f1o del marco importa mucho. Este se determina por la estatura del usuario, considerando adem\u00e1s la longitud de brazos y piernas.<\/p>\n\n\n\n<p>El tubo horizontal superior del marco determina la distancia entre el asiento y el manubrio. Para una posici\u00f3n c\u00f3moda de conducci\u00f3n, su longitud debe permitir una ligera flexi\u00f3n de los codos cuando se est\u00e1 sentado en la bicicleta. Esto proporciona estabilidad y control al manejarla.<\/p>\n\n\n\n<p>Como es un veh\u00edculo urbano descarte los manubrios de las bicis de competencia. Debe estar a una altura que permita mantener una posici\u00f3n erguida, relajada, natural al conducir. Un manubrio demasiado bajo puede causar tensi\u00f3n en la espalda y los hombros, mientras que uno demasiado alto puede reducir la eficiencia de pedaleo.<\/p>\n\n\n\n<p>El \u00e1ngulo del tubo de la direcci\u00f3n, o ca\u00f1a como usualmente se denomina, afecta la altura del manubrio y la sensaci\u00f3n de manejo. Un \u00e1ngulo m\u00e1s vertical proporciona una posici\u00f3n m\u00e1s erguida, ideal para paseos urbanos y confort durante largos periodos de tiempo. Un \u00e1ngulo m\u00e1s inclinado puede ofrecer una posici\u00f3n m\u00e1s aerodin\u00e1mica y \u00e1gil, adecuada para ciclistas m\u00e1s agresivos o en terrenos m\u00e1s accidentados, pero tensiona la espalda y la cintura escapular. Al final se va cansar m\u00e1s de la espalda y brazos que de las piernas.<\/p>\n\n\n\n<p>Los cambios se determinan en funci\u00f3n del terreno y las condiciones de la ruta habitual. Las bicis urbanas suelen tener sistemas de transmisi\u00f3n de seis a siete marchas, o las internas que requieren menos mantenimiento y son ideales para desplazamientos urbanos.<\/p>\n\n\n\n<p>En cuanto a frenos las opciones comunes incluyen frenos de llanta (tipo V-brake) y frenos de disco. Los frenos de disco suelen ofrecer un mejor rendimiento de frenado, especialmente en condiciones h\u00famedas o resbaladizas. Importante que la bici los traiga de f\u00e1brica, el marco y el tenedor vienen adecuados para su montaje. Improvisar a veces no resulta tan econ\u00f3mico.<\/p>\n\n\n\n<p>Una de las experiencias traum\u00e1ticos para los ciclistas urbanos que se inician son las pinchaduras de los neum\u00e1ticos. Eso implica conocer el procedimiento para arreglarlo, y despu\u00e9s que lo hace la primera vez, se da cuenta, primero que no es indispensable sacar la ruda, y segundo que es mejor el neum\u00e1tico para inflar. Las llantas que no usan neum\u00e1tico requieren de alta presi\u00f3n de aire, un inflador com\u00fan no le va a proporcionar la presi\u00f3n suficiente.<\/p>\n\n\n\n<p>Y hablando de llantas, deben ser resistentes a pinchazos, que proporcionen un buen agarre en superficies urbanas variadas. Los neum\u00e1ticos de tama\u00f1o medio a ancho son ideales para absorber impactos y brindar estabilidad en la ciudad. Las delgadas son de competencia tanto en pista como en ruta y es mejor dejarlas en sus terrenos. Las macizas, que no se desinflan, endurecen la circulaci\u00f3n de la bici, incomodando cuando los terrenos no son totalmente pavimentados.<\/p>\n\n\n\n<p>El manubrio debe responder a una posici\u00f3n erguida, que facilite la maniobrabilidad, el uso de controles de los cambios y de los platos, que puede llevar luces, timbre, que tenga muy bueno agarre en las empu\u00f1aduras y que sea muy c\u00f3modo para las manos, mu\u00f1ecas, brazos y hombros.<\/p>\n\n\n\n<p>Todo ese conjunto, marco, manubrio, llantas debe ir acompa\u00f1ado por el exacto nivel del sill\u00edn, que debe ser c\u00f3modo, resortado y estar a la altura adecuada. El no estarlo implica desgaste de las articulaciones de la cadera, rodillas, adem\u00e1s de perdida de potencia y cansancio tanto por exceso como por defecto. La medida debe quedar a la altura de la cadera, en el punto m\u00e1s ancho de la pelvis, estando de pie junto a la bici.<\/p>\n\n\n\n<p>Como es urbana los guardabarros para protegerte de salpicaduras de agua y barro, portaequipajes para transportar carga adicional, luces delanteras y traseras para mayor visibilidad, timbres, y soportes para botellas de agua o alforjas hacen parte de ella. Y recuerde, entre m\u00e1s sencilla, entre menos vistosa, sin sacrificar lo esencial es mejor.<\/p>\n\n\n\n<p>Y la ropa, siempre liviana en ciudades de clima estable, y en las de estaciones adecuada tanto al fr\u00edo como al calor extremos. En todos los casos busque proteger todo su cuerpo en el caso de ca\u00eddas o golpes. La ropa ayuda a amortiguar por eso hay que llevar mangas largas tanto en brazos como en piernas. Calzado adecuado de buen agarre sobre el pedal, especialmente cuando hay humedad, casco, anteojos en policarbonato y guantes que cubran toda la mano.<\/p>\n\n\n\n<p>En la medida que vaya haciendo la pr\u00e1ctica diaria se podr\u00e1 dar cuenta de lo beneficioso que es usar los cambios, hasta el punto, si maneja autom\u00f3vil, que puede relacionar los cambios a usar en ambos veh\u00edculos, sacando el mejor provecho \u00aba su caja de cambios\u00bb de su bici para rodar m\u00e1s c\u00f3modo y de forma inteligente, aqu\u00ed no vale \u00abromperse las piernas\u00bb, es aprovechar las ventajas que ofrece su compa\u00f1era de ruta diaria.<\/p>\n\n\n\n<p>En el caso de Bogot\u00e1, se pueden registrar las bicis ante las autoridades de manera que son ubicables en caso de robo. Consulte: https:\/\/registrobicibogota.movilidadbogota.gov.co\/#!\/<\/p>\n","protected":false},"excerpt":{"rendered":"<p>Hace unos d\u00edas me preguntaron por la bicicleta m\u00e1s adecuada para usar en la ciudad. Y me pusieron a considerar una serie de factores, que m\u00e1s que la bicicleta como tal, lo determina la ciudad y su topograf\u00eda. Hay ciudades planas que no representan mayor exigencia a las piernas, las hay monta\u00f1osas con colinas que [&hellip;]<\/p>\n","protected":false},"author":1,"featured_media":475,"comment_status":"open","ping_status":"open","sticky":false,"template":"","format":"standard","meta":{"footnotes":""},"categories":[49],"tags":[23,216,213,214,215],"class_list":["post-474","post","type-post","status-publish","format-standard","has-post-thumbnail","hentry","category-movilidad-urbana","tag-bicicletas","tag-ciclista-urbano","tag-ciclorrutas","tag-transporte-diario","tag-urbanas"],"yoast_head":"<!-- This site is optimized with the Yoast SEO plugin v23.9 - https:\/\/yoast.com\/wordpress\/plugins\/seo\/ -->\n<title>Cu\u00e1l debe ser mi compa\u00f1era ideal para rodar en la ciudad - Biciurba<\/title>\n<meta name=\"robots\" content=\"index, follow, max-snippet:-1, max-image-preview:large, max-video-preview:-1\" \/>\n<link rel=\"canonical\" href=\"https:\/\/biciurba.com\/index.php\/2024\/05\/13\/cual-debe-ser-mi-companera-ideal-para-rodar-en-la-ciudad\/\" \/>\n<meta property=\"og:locale\" content=\"es_ES\" \/>\n<meta property=\"og:type\" content=\"article\" \/>\n<meta property=\"og:title\" content=\"Cu\u00e1l debe ser mi compa\u00f1era ideal para rodar en la ciudad - Biciurba\" \/>\n<meta property=\"og:description\" content=\"Hace unos d\u00edas me preguntaron por la bicicleta m\u00e1s adecuada para usar en la ciudad. Y me pusieron a considerar una serie de factores, que m\u00e1s que la bicicleta como tal, lo determina la ciudad y su topograf\u00eda. Hay ciudades planas que no representan mayor exigencia a las piernas, las hay monta\u00f1osas con colinas que [&hellip;]\" \/>\n<meta property=\"og:url\" content=\"https:\/\/biciurba.com\/index.php\/2024\/05\/13\/cual-debe-ser-mi-companera-ideal-para-rodar-en-la-ciudad\/\" \/>\n<meta property=\"og:site_name\" content=\"Biciurba\" \/>\n<meta property=\"article:published_time\" content=\"2024-05-13T16:02:01+00:00\" \/>\n<meta property=\"article:modified_time\" content=\"2024-05-13T16:02:02+00:00\" \/>\n<meta property=\"og:image\" content=\"https:\/\/biciurba.com\/wp-content\/uploads\/2024\/05\/biciblanca.png\" \/>\n\t<meta property=\"og:image:width\" content=\"899\" \/>\n\t<meta property=\"og:image:height\" content=\"900\" \/>\n\t<meta property=\"og:image:type\" content=\"image\/png\" \/>\n<meta name=\"author\" content=\"Carlos Cantor\" \/>\n<meta name=\"twitter:card\" content=\"summary_large_image\" \/>\n<meta name=\"twitter:label1\" content=\"Escrito por\" \/>\n\t<meta name=\"twitter:data1\" content=\"Carlos Cantor\" \/>\n\t<meta name=\"twitter:label2\" content=\"Tiempo de lectura\" \/>\n\t<meta name=\"twitter:data2\" content=\"6 minutos\" \/>\n<script type=\"application\/ld+json\" class=\"yoast-schema-graph\">{\"@context\":\"https:\/\/schema.org\",\"@graph\":[{\"@type\":\"Article\",\"@id\":\"https:\/\/biciurba.com\/index.php\/2024\/05\/13\/cual-debe-ser-mi-companera-ideal-para-rodar-en-la-ciudad\/#article\",\"isPartOf\":{\"@id\":\"https:\/\/biciurba.com\/index.php\/2024\/05\/13\/cual-debe-ser-mi-companera-ideal-para-rodar-en-la-ciudad\/\"},\"author\":{\"name\":\"Carlos Cantor\",\"@id\":\"https:\/\/biciurba.com\/#\/schema\/person\/d9675ddf29ee982d268db0a3f239eced\"},\"headline\":\"Cu\u00e1l debe ser mi compa\u00f1era ideal para rodar en la ciudad\",\"datePublished\":\"2024-05-13T16:02:01+00:00\",\"dateModified\":\"2024-05-13T16:02:02+00:00\",\"mainEntityOfPage\":{\"@id\":\"https:\/\/biciurba.com\/index.php\/2024\/05\/13\/cual-debe-ser-mi-companera-ideal-para-rodar-en-la-ciudad\/\"},\"wordCount\":1157,\"commentCount\":0,\"publisher\":{\"@id\":\"https:\/\/biciurba.com\/#\/schema\/person\/d9675ddf29ee982d268db0a3f239eced\"},\"image\":{\"@id\":\"https:\/\/biciurba.com\/index.php\/2024\/05\/13\/cual-debe-ser-mi-companera-ideal-para-rodar-en-la-ciudad\/#primaryimage\"},\"thumbnailUrl\":\"https:\/\/biciurba.com\/wp-content\/uploads\/2024\/05\/biciblanca.png\",\"keywords\":[\"Bicicletas\",\"ciclista urbano\",\"ciclorrutas\",\"transporte diario\",\"Urbanas\"],\"articleSection\":[\"Eco-movilidad\"],\"inLanguage\":\"es\",\"potentialAction\":[{\"@type\":\"CommentAction\",\"name\":\"Comment\",\"target\":[\"https:\/\/biciurba.com\/index.php\/2024\/05\/13\/cual-debe-ser-mi-companera-ideal-para-rodar-en-la-ciudad\/#respond\"]}]},{\"@type\":\"WebPage\",\"@id\":\"https:\/\/biciurba.com\/index.php\/2024\/05\/13\/cual-debe-ser-mi-companera-ideal-para-rodar-en-la-ciudad\/\",\"url\":\"https:\/\/biciurba.com\/index.php\/2024\/05\/13\/cual-debe-ser-mi-companera-ideal-para-rodar-en-la-ciudad\/\",\"name\":\"Cu\u00e1l debe ser mi compa\u00f1era ideal para rodar en la ciudad - Biciurba\",\"isPartOf\":{\"@id\":\"https:\/\/biciurba.com\/#website\"},\"primaryImageOfPage\":{\"@id\":\"https:\/\/biciurba.com\/index.php\/2024\/05\/13\/cual-debe-ser-mi-companera-ideal-para-rodar-en-la-ciudad\/#primaryimage\"},\"image\":{\"@id\":\"https:\/\/biciurba.com\/index.php\/2024\/05\/13\/cual-debe-ser-mi-companera-ideal-para-rodar-en-la-ciudad\/#primaryimage\"},\"thumbnailUrl\":\"https:\/\/biciurba.com\/wp-content\/uploads\/2024\/05\/biciblanca.png\",\"datePublished\":\"2024-05-13T16:02:01+00:00\",\"dateModified\":\"2024-05-13T16:02:02+00:00\",\"breadcrumb\":{\"@id\":\"https:\/\/biciurba.com\/index.php\/2024\/05\/13\/cual-debe-ser-mi-companera-ideal-para-rodar-en-la-ciudad\/#breadcrumb\"},\"inLanguage\":\"es\",\"potentialAction\":[{\"@type\":\"ReadAction\",\"target\":[\"https:\/\/biciurba.com\/index.php\/2024\/05\/13\/cual-debe-ser-mi-companera-ideal-para-rodar-en-la-ciudad\/\"]}]},{\"@type\":\"ImageObject\",\"inLanguage\":\"es\",\"@id\":\"https:\/\/biciurba.com\/index.php\/2024\/05\/13\/cual-debe-ser-mi-companera-ideal-para-rodar-en-la-ciudad\/#primaryimage\",\"url\":\"https:\/\/biciurba.com\/wp-content\/uploads\/2024\/05\/biciblanca.png\",\"contentUrl\":\"https:\/\/biciurba.com\/wp-content\/uploads\/2024\/05\/biciblanca.png\",\"width\":899,\"height\":900,\"caption\":\"Comodidad, liviana, con cambios y un estilo sencillo: la bici urbana.\"},{\"@type\":\"BreadcrumbList\",\"@id\":\"https:\/\/biciurba.com\/index.php\/2024\/05\/13\/cual-debe-ser-mi-companera-ideal-para-rodar-en-la-ciudad\/#breadcrumb\",\"itemListElement\":[{\"@type\":\"ListItem\",\"position\":1,\"name\":\"Portada\",\"item\":\"https:\/\/biciurba.com\/\"},{\"@type\":\"ListItem\",\"position\":2,\"name\":\"Cu\u00e1l debe ser mi compa\u00f1era ideal para rodar en la ciudad\"}]},{\"@type\":\"WebSite\",\"@id\":\"https:\/\/biciurba.com\/#website\",\"url\":\"https:\/\/biciurba.com\/\",\"name\":\"Biciurba\",\"description\":\"Una mejor manera de vivir\",\"publisher\":{\"@id\":\"https:\/\/biciurba.com\/#\/schema\/person\/d9675ddf29ee982d268db0a3f239eced\"},\"potentialAction\":[{\"@type\":\"SearchAction\",\"target\":{\"@type\":\"EntryPoint\",\"urlTemplate\":\"https:\/\/biciurba.com\/?s={search_term_string}\"},\"query-input\":{\"@type\":\"PropertyValueSpecification\",\"valueRequired\":true,\"valueName\":\"search_term_string\"}}],\"inLanguage\":\"es\"},{\"@type\":[\"Person\",\"Organization\"],\"@id\":\"https:\/\/biciurba.com\/#\/schema\/person\/d9675ddf29ee982d268db0a3f239eced\",\"name\":\"Carlos Cantor\",\"image\":{\"@type\":\"ImageObject\",\"inLanguage\":\"es\",\"@id\":\"https:\/\/biciurba.com\/#\/schema\/person\/image\/\",\"url\":\"https:\/\/biciurba.com\/wp-content\/uploads\/2024\/04\/cropped-logo-1.png\",\"contentUrl\":\"https:\/\/biciurba.com\/wp-content\/uploads\/2024\/04\/cropped-logo-1.png\",\"width\":512,\"height\":318,\"caption\":\"Carlos Cantor\"},\"logo\":{\"@id\":\"https:\/\/biciurba.com\/#\/schema\/person\/image\/\"},\"sameAs\":[\"https:\/\/biciurba.com\"],\"url\":\"https:\/\/biciurba.com\/index.php\/author\/ccantor\/\"}]}<\/script>\n<!-- \/ Yoast SEO plugin. -->","yoast_head_json":{"title":"Cu\u00e1l debe ser mi compa\u00f1era ideal para rodar en la ciudad - Biciurba","robots":{"index":"index","follow":"follow","max-snippet":"max-snippet:-1","max-image-preview":"max-image-preview:large","max-video-preview":"max-video-preview:-1"},"canonical":"https:\/\/biciurba.com\/index.php\/2024\/05\/13\/cual-debe-ser-mi-companera-ideal-para-rodar-en-la-ciudad\/","og_locale":"es_ES","og_type":"article","og_title":"Cu\u00e1l debe ser mi compa\u00f1era ideal para rodar en la ciudad - Biciurba","og_description":"Hace unos d\u00edas me preguntaron por la bicicleta m\u00e1s adecuada para usar en la ciudad. Y me pusieron a considerar una serie de factores, que m\u00e1s que la bicicleta como tal, lo determina la ciudad y su topograf\u00eda. Hay ciudades planas que no representan mayor exigencia a las piernas, las hay monta\u00f1osas con colinas que [&hellip;]","og_url":"https:\/\/biciurba.com\/index.php\/2024\/05\/13\/cual-debe-ser-mi-companera-ideal-para-rodar-en-la-ciudad\/","og_site_name":"Biciurba","article_published_time":"2024-05-13T16:02:01+00:00","article_modified_time":"2024-05-13T16:02:02+00:00","og_image":[{"width":899,"height":900,"url":"https:\/\/biciurba.com\/wp-content\/uploads\/2024\/05\/biciblanca.png","type":"image\/png"}],"author":"Carlos Cantor","twitter_card":"summary_large_image","twitter_misc":{"Escrito por":"Carlos Cantor","Tiempo de lectura":"6 minutos"},"schema":{"@context":"https:\/\/schema.org","@graph":[{"@type":"Article","@id":"https:\/\/biciurba.com\/index.php\/2024\/05\/13\/cual-debe-ser-mi-companera-ideal-para-rodar-en-la-ciudad\/#article","isPartOf":{"@id":"https:\/\/biciurba.com\/index.php\/2024\/05\/13\/cual-debe-ser-mi-companera-ideal-para-rodar-en-la-ciudad\/"},"author":{"name":"Carlos Cantor","@id":"https:\/\/biciurba.com\/#\/schema\/person\/d9675ddf29ee982d268db0a3f239eced"},"headline":"Cu\u00e1l debe ser mi compa\u00f1era ideal para rodar en la ciudad","datePublished":"2024-05-13T16:02:01+00:00","dateModified":"2024-05-13T16:02:02+00:00","mainEntityOfPage":{"@id":"https:\/\/biciurba.com\/index.php\/2024\/05\/13\/cual-debe-ser-mi-companera-ideal-para-rodar-en-la-ciudad\/"},"wordCount":1157,"commentCount":0,"publisher":{"@id":"https:\/\/biciurba.com\/#\/schema\/person\/d9675ddf29ee982d268db0a3f239eced"},"image":{"@id":"https:\/\/biciurba.com\/index.php\/2024\/05\/13\/cual-debe-ser-mi-companera-ideal-para-rodar-en-la-ciudad\/#primaryimage"},"thumbnailUrl":"https:\/\/biciurba.com\/wp-content\/uploads\/2024\/05\/biciblanca.png","keywords":["Bicicletas","ciclista urbano","ciclorrutas","transporte diario","Urbanas"],"articleSection":["Eco-movilidad"],"inLanguage":"es","potentialAction":[{"@type":"CommentAction","name":"Comment","target":["https:\/\/biciurba.com\/index.php\/2024\/05\/13\/cual-debe-ser-mi-companera-ideal-para-rodar-en-la-ciudad\/#respond"]}]},{"@type":"WebPage","@id":"https:\/\/biciurba.com\/index.php\/2024\/05\/13\/cual-debe-ser-mi-companera-ideal-para-rodar-en-la-ciudad\/","url":"https:\/\/biciurba.com\/index.php\/2024\/05\/13\/cual-debe-ser-mi-companera-ideal-para-rodar-en-la-ciudad\/","name":"Cu\u00e1l debe ser mi compa\u00f1era ideal para rodar en la ciudad - Biciurba","isPartOf":{"@id":"https:\/\/biciurba.com\/#website"},"primaryImageOfPage":{"@id":"https:\/\/biciurba.com\/index.php\/2024\/05\/13\/cual-debe-ser-mi-companera-ideal-para-rodar-en-la-ciudad\/#primaryimage"},"image":{"@id":"https:\/\/biciurba.com\/index.php\/2024\/05\/13\/cual-debe-ser-mi-companera-ideal-para-rodar-en-la-ciudad\/#primaryimage"},"thumbnailUrl":"https:\/\/biciurba.com\/wp-content\/uploads\/2024\/05\/biciblanca.png","datePublished":"2024-05-13T16:02:01+00:00","dateModified":"2024-05-13T16:02:02+00:00","breadcrumb":{"@id":"https:\/\/biciurba.com\/index.php\/2024\/05\/13\/cual-debe-ser-mi-companera-ideal-para-rodar-en-la-ciudad\/#breadcrumb"},"inLanguage":"es","potentialAction":[{"@type":"ReadAction","target":["https:\/\/biciurba.com\/index.php\/2024\/05\/13\/cual-debe-ser-mi-companera-ideal-para-rodar-en-la-ciudad\/"]}]},{"@type":"ImageObject","inLanguage":"es","@id":"https:\/\/biciurba.com\/index.php\/2024\/05\/13\/cual-debe-ser-mi-companera-ideal-para-rodar-en-la-ciudad\/#primaryimage","url":"https:\/\/biciurba.com\/wp-content\/uploads\/2024\/05\/biciblanca.png","contentUrl":"https:\/\/biciurba.com\/wp-content\/uploads\/2024\/05\/biciblanca.png","width":899,"height":900,"caption":"Comodidad, liviana, con cambios y un estilo sencillo: la bici urbana."},{"@type":"BreadcrumbList","@id":"https:\/\/biciurba.com\/index.php\/2024\/05\/13\/cual-debe-ser-mi-companera-ideal-para-rodar-en-la-ciudad\/#breadcrumb","itemListElement":[{"@type":"ListItem","position":1,"name":"Portada","item":"https:\/\/biciurba.com\/"},{"@type":"ListItem","position":2,"name":"Cu\u00e1l debe ser mi compa\u00f1era ideal para rodar en la ciudad"}]},{"@type":"WebSite","@id":"https:\/\/biciurba.com\/#website","url":"https:\/\/biciurba.com\/","name":"Biciurba","description":"Una mejor manera de vivir","publisher":{"@id":"https:\/\/biciurba.com\/#\/schema\/person\/d9675ddf29ee982d268db0a3f239eced"},"potentialAction":[{"@type":"SearchAction","target":{"@type":"EntryPoint","urlTemplate":"https:\/\/biciurba.com\/?s={search_term_string}"},"query-input":{"@type":"PropertyValueSpecification","valueRequired":true,"valueName":"search_term_string"}}],"inLanguage":"es"},{"@type":["Person","Organization"],"@id":"https:\/\/biciurba.com\/#\/schema\/person\/d9675ddf29ee982d268db0a3f239eced","name":"Carlos Cantor","image":{"@type":"ImageObject","inLanguage":"es","@id":"https:\/\/biciurba.com\/#\/schema\/person\/image\/","url":"https:\/\/biciurba.com\/wp-content\/uploads\/2024\/04\/cropped-logo-1.png","contentUrl":"https:\/\/biciurba.com\/wp-content\/uploads\/2024\/04\/cropped-logo-1.png","width":512,"height":318,"caption":"Carlos Cantor"},"logo":{"@id":"https:\/\/biciurba.com\/#\/schema\/person\/image\/"},"sameAs":["https:\/\/biciurba.com"],"url":"https:\/\/biciurba.com\/index.php\/author\/ccantor\/"}]}},"_links":{"self":[{"href":"https:\/\/biciurba.com\/index.php\/wp-json\/wp\/v2\/posts\/474"}],"collection":[{"href":"https:\/\/biciurba.com\/index.php\/wp-json\/wp\/v2\/posts"}],"about":[{"href":"https:\/\/biciurba.com\/index.php\/wp-json\/wp\/v2\/types\/post"}],"author":[{"embeddable":true,"href":"https:\/\/biciurba.com\/index.php\/wp-json\/wp\/v2\/users\/1"}],"replies":[{"embeddable":true,"href":"https:\/\/biciurba.com\/index.php\/wp-json\/wp\/v2\/comments?post=474"}],"version-history":[{"count":1,"href":"https:\/\/biciurba.com\/index.php\/wp-json\/wp\/v2\/posts\/474\/revisions"}],"predecessor-version":[{"id":476,"href":"https:\/\/biciurba.com\/index.php\/wp-json\/wp\/v2\/posts\/474\/revisions\/476"}],"wp:featuredmedia":[{"embeddable":true,"href":"https:\/\/biciurba.com\/index.php\/wp-json\/wp\/v2\/media\/475"}],"wp:attachment":[{"href":"https:\/\/biciurba.com\/index.php\/wp-json\/wp\/v2\/media?parent=474"}],"wp:term":[{"taxonomy":"category","embeddable":true,"href":"https:\/\/biciurba.com\/index.php\/wp-json\/wp\/v2\/categories?post=474"},{"taxonomy":"post_tag","embeddable":true,"href":"https:\/\/biciurba.com\/index.php\/wp-json\/wp\/v2\/tags?post=474"}],"curies":[{"name":"wp","href":"https:\/\/api.w.org\/{rel}","templated":true}]}}