{"id":522,"date":"2024-05-21T13:30:00","date_gmt":"2024-05-21T18:30:00","guid":{"rendered":"https:\/\/biciurba.com\/?p=522"},"modified":"2024-05-21T11:42:48","modified_gmt":"2024-05-21T16:42:48","slug":"resultados-de-la-investigacion-sobre-afrocolombianidad-su-salud-y-su-herencia-genetica-como-determinante","status":"publish","type":"post","link":"https:\/\/biciurba.com\/index.php\/2024\/05\/21\/resultados-de-la-investigacion-sobre-afrocolombianidad-su-salud-y-su-herencia-genetica-como-determinante\/","title":{"rendered":"Resultados de la Investigaci\u00f3n sobre Afrocolombianidad, su salud y su herencia gen\u00e9tica como determinante"},"content":{"rendered":"\n<p>Las investigaciones en salud al interior de las comunidades  afrocolombianas permiten generar conocimiento e influir en la toma de decisiones dentro de la atenci\u00f3n m\u00e9dica. El Grupo de Investigaci\u00f3n Salud de la Mujer de la Universidad de Cartagena, dirigido por el Dr. \u00c1lvaro Monterrosa Castro, profesor de esa instituci\u00f3n, y cuyos miembros son m\u00e9dicos generales y estudiantes de Medicina, viene enfatizando la importancia de la etnia como determinante del estado de salud. As\u00ed mismo, ha se\u00f1alado la necesidad de identificar problem\u00e1ticas comunitarias biol\u00f3gicas, psicol\u00f3gicas y sociales que afectan negativamente el bienestar, la percepci\u00f3n de la salud y la calidad de vida de las mujeres afrodescendientes.<\/p>\n\n\n\n<p>Mutaciones de tipo gen\u00e9tico relacionadas con la esclavitud trasatl\u00e1ntica que victimiz\u00f3 a sus ancestros, pueden explicar la elevada frecuencia y la severidad de algunas enfermedades que afectan a mujeres y a varones de comunidades afrodescendientes. No se puede dejar de lado que la pobreza, la discriminaci\u00f3n, desigualdad y las menores oportunidades educativas, econ\u00f3micas y sociales contin\u00faan afectando a muchas personas de esta etnia, y son agravantes para el deterioro de la salud.<\/p>\n\n\n\n<p>Tras estudiar mujeres menop\u00e1usicas cartageneras, bolivarenses y de otras regiones colombianas, el Grupo de Investigaci\u00f3n Salud de la Mujer ha llegado a varias conclusiones sobre mujeres afrodescendientes. Estos hallazgos, que se exponen a continuaci\u00f3n, han sido compartidos en escenarios acad\u00e9micos nacionales e internacionales.<\/p>\n\n\n\n<p>En uno de los estudios realizados se encontr\u00f3 que, en un grupo de mujeres menop\u00e1usicas afrocolombianas, hijas de padres afrodescendientes y con piel negra, comparadas con mujeres mestizas, hijas de padres no afrodescendientes, las mujeres afrocolombianas presentaron m\u00e1s s\u00edntomas f\u00edsicos y psicol\u00f3gicos relacionados con la menopausia que las mestizas, lo cual contribuye con un mayor deterioro severo de la calidad de vida. Los dolores m\u00fasculo articulares, las oleadas de calor y los trastornos del sue\u00f1o fueron las manifestaciones menop\u00e1usicas que las mujeres afrocolombianas relataron con m\u00e1s frecuencia.<\/p>\n\n\n\n<p>En otro estudio, estos investigadores de la Universidad de Cartagena encontraron que la irritaci\u00f3n de la vulva y el prurito genital fueron las dos principales manifestaciones del s\u00edndrome genitourinario de la menopausia notificados por mujeres afrodescendientes mayores de cuarenta a\u00f1os. En una tercera investigaci\u00f3n, los investigadores identificaron que el antecedente del uso de sustancias psicoactivas y la preeclampsia se relacionaron con incontinencia urinaria. Cabe mencionar que una elevada afectaci\u00f3n en la salud mental y mayores alteraciones en el sue\u00f1o se han encontrado en mujeres afrodescendiente del Caribe colombiano, regi\u00f3n Pac\u00edfica y Urab\u00e1 antioque\u00f1o.<\/p>\n\n\n\n<p>Todo no es adverso, pues en un estudio se identific\u00f3 que menos del 25% de cuatrocientas mujeres afrodescendientes menop\u00e1usicas presentaron disfunci\u00f3n sexual, cifra inferior a la observada entre mestizas (50%) y entre amerindias (80%) de Latinoam\u00e9rica. Este estudio apoya el imaginario colectivo acerca de que las afrodescendientes pudiesen tener una mejor sexualidad que otras etnias. Adem\u00e1s, recientemente el grupo de investigaci\u00f3n public\u00f3 un estudio en mujeres colombianas mayores de sesenta a\u00f1os residentes en los departamentos de Bol\u00edvar y de Santander, donde se encontr\u00f3 que las mujeres afrocolombianas tuvieron menor posibilidad de sarcopenia que las mestizas.<\/p>\n\n\n\n<p>Estos resultados son elementos que la poblaci\u00f3n debe conocer. Las afrodescendientes tienen derecho a recibir atenci\u00f3n en salud con oportunidad y eficiencia. El grupo de Investigaci\u00f3n Salud de la Mujer propone que la atenci\u00f3n m\u00e9dica de las mujeres que acuden a los programas sanitarios debe tener en cuenta lo \u00e9tnico. En muchas ocasiones la etnia, las etapas vitales y el g\u00e9nero se utilizan para fomentar desigualdades. Ser mujer, estar en menopausia y ser afrodescendiente no son razones para violentar o discriminar.<\/p>\n","protected":false},"excerpt":{"rendered":"<p>Las investigaciones en salud al interior de las comunidades afrocolombianas permiten generar conocimiento e influir en la toma de decisiones dentro de la atenci\u00f3n m\u00e9dica. El Grupo de Investigaci\u00f3n Salud de la Mujer de la Universidad de Cartagena, dirigido por el Dr. \u00c1lvaro Monterrosa Castro, profesor de esa instituci\u00f3n, y cuyos miembros son m\u00e9dicos generales [&hellip;]<\/p>\n","protected":false},"author":1,"featured_media":523,"comment_status":"open","ping_status":"open","sticky":false,"template":"","format":"standard","meta":{"footnotes":""},"categories":[98],"tags":[251,249,250,248,247],"class_list":["post-522","post","type-post","status-publish","format-standard","has-post-thumbnail","hentry","category-ciencia","tag-afrocolombianos","tag-cartagena","tag-dr-alvaro-monterrosa","tag-mujeres-afro","tag-universidad-de-cartagena"],"yoast_head":"<!-- This site is optimized with the Yoast SEO plugin v23.9 - https:\/\/yoast.com\/wordpress\/plugins\/seo\/ -->\n<title>Resultados de la Investigaci\u00f3n sobre Afrocolombianidad, su salud y su herencia gen\u00e9tica como determinante - Biciurba<\/title>\n<meta name=\"robots\" content=\"index, follow, max-snippet:-1, max-image-preview:large, max-video-preview:-1\" \/>\n<link rel=\"canonical\" href=\"https:\/\/biciurba.com\/index.php\/2024\/05\/21\/resultados-de-la-investigacion-sobre-afrocolombianidad-su-salud-y-su-herencia-genetica-como-determinante\/\" \/>\n<meta property=\"og:locale\" content=\"es_ES\" \/>\n<meta property=\"og:type\" content=\"article\" \/>\n<meta property=\"og:title\" content=\"Resultados de la Investigaci\u00f3n sobre Afrocolombianidad, su salud y su herencia gen\u00e9tica como determinante - Biciurba\" \/>\n<meta property=\"og:description\" content=\"Las investigaciones en salud al interior de las comunidades afrocolombianas permiten generar conocimiento e influir en la toma de decisiones dentro de la atenci\u00f3n m\u00e9dica. El Grupo de Investigaci\u00f3n Salud de la Mujer de la Universidad de Cartagena, dirigido por el Dr. \u00c1lvaro Monterrosa Castro, profesor de esa instituci\u00f3n, y cuyos miembros son m\u00e9dicos generales [&hellip;]\" \/>\n<meta property=\"og:url\" content=\"https:\/\/biciurba.com\/index.php\/2024\/05\/21\/resultados-de-la-investigacion-sobre-afrocolombianidad-su-salud-y-su-herencia-genetica-como-determinante\/\" \/>\n<meta property=\"og:site_name\" content=\"Biciurba\" \/>\n<meta property=\"article:published_time\" content=\"2024-05-21T18:30:00+00:00\" \/>\n<meta property=\"article:modified_time\" content=\"2024-05-21T16:42:48+00:00\" \/>\n<meta property=\"og:image\" content=\"https:\/\/biciurba.com\/wp-content\/uploads\/2024\/05\/afrocolombianas.png\" \/>\n\t<meta property=\"og:image:width\" content=\"600\" \/>\n\t<meta property=\"og:image:height\" content=\"400\" \/>\n\t<meta property=\"og:image:type\" content=\"image\/png\" \/>\n<meta name=\"author\" content=\"Carlos Cantor\" \/>\n<meta name=\"twitter:card\" content=\"summary_large_image\" \/>\n<meta name=\"twitter:label1\" content=\"Escrito por\" \/>\n\t<meta name=\"twitter:data1\" content=\"Carlos Cantor\" \/>\n\t<meta name=\"twitter:label2\" content=\"Tiempo de lectura\" \/>\n\t<meta name=\"twitter:data2\" content=\"3 minutos\" \/>\n<script type=\"application\/ld+json\" class=\"yoast-schema-graph\">{\"@context\":\"https:\/\/schema.org\",\"@graph\":[{\"@type\":\"Article\",\"@id\":\"https:\/\/biciurba.com\/index.php\/2024\/05\/21\/resultados-de-la-investigacion-sobre-afrocolombianidad-su-salud-y-su-herencia-genetica-como-determinante\/#article\",\"isPartOf\":{\"@id\":\"https:\/\/biciurba.com\/index.php\/2024\/05\/21\/resultados-de-la-investigacion-sobre-afrocolombianidad-su-salud-y-su-herencia-genetica-como-determinante\/\"},\"author\":{\"name\":\"Carlos Cantor\",\"@id\":\"https:\/\/biciurba.com\/#\/schema\/person\/d9675ddf29ee982d268db0a3f239eced\"},\"headline\":\"Resultados de la Investigaci\u00f3n sobre Afrocolombianidad, su salud y su herencia gen\u00e9tica como determinante\",\"datePublished\":\"2024-05-21T18:30:00+00:00\",\"dateModified\":\"2024-05-21T16:42:48+00:00\",\"mainEntityOfPage\":{\"@id\":\"https:\/\/biciurba.com\/index.php\/2024\/05\/21\/resultados-de-la-investigacion-sobre-afrocolombianidad-su-salud-y-su-herencia-genetica-como-determinante\/\"},\"wordCount\":639,\"commentCount\":0,\"publisher\":{\"@id\":\"https:\/\/biciurba.com\/#\/schema\/person\/d9675ddf29ee982d268db0a3f239eced\"},\"image\":{\"@id\":\"https:\/\/biciurba.com\/index.php\/2024\/05\/21\/resultados-de-la-investigacion-sobre-afrocolombianidad-su-salud-y-su-herencia-genetica-como-determinante\/#primaryimage\"},\"thumbnailUrl\":\"https:\/\/biciurba.com\/wp-content\/uploads\/2024\/05\/afrocolombianas.png\",\"keywords\":[\"Afrocolombianos\",\"Cartagena\",\"Dr. Alvaro Monterrosa\",\"Mujeres afro\",\"Universidad de Cartagena\"],\"articleSection\":[\"Ciencia\"],\"inLanguage\":\"es\",\"potentialAction\":[{\"@type\":\"CommentAction\",\"name\":\"Comment\",\"target\":[\"https:\/\/biciurba.com\/index.php\/2024\/05\/21\/resultados-de-la-investigacion-sobre-afrocolombianidad-su-salud-y-su-herencia-genetica-como-determinante\/#respond\"]}]},{\"@type\":\"WebPage\",\"@id\":\"https:\/\/biciurba.com\/index.php\/2024\/05\/21\/resultados-de-la-investigacion-sobre-afrocolombianidad-su-salud-y-su-herencia-genetica-como-determinante\/\",\"url\":\"https:\/\/biciurba.com\/index.php\/2024\/05\/21\/resultados-de-la-investigacion-sobre-afrocolombianidad-su-salud-y-su-herencia-genetica-como-determinante\/\",\"name\":\"Resultados de la Investigaci\u00f3n sobre Afrocolombianidad, su salud y su herencia gen\u00e9tica como determinante - Biciurba\",\"isPartOf\":{\"@id\":\"https:\/\/biciurba.com\/#website\"},\"primaryImageOfPage\":{\"@id\":\"https:\/\/biciurba.com\/index.php\/2024\/05\/21\/resultados-de-la-investigacion-sobre-afrocolombianidad-su-salud-y-su-herencia-genetica-como-determinante\/#primaryimage\"},\"image\":{\"@id\":\"https:\/\/biciurba.com\/index.php\/2024\/05\/21\/resultados-de-la-investigacion-sobre-afrocolombianidad-su-salud-y-su-herencia-genetica-como-determinante\/#primaryimage\"},\"thumbnailUrl\":\"https:\/\/biciurba.com\/wp-content\/uploads\/2024\/05\/afrocolombianas.png\",\"datePublished\":\"2024-05-21T18:30:00+00:00\",\"dateModified\":\"2024-05-21T16:42:48+00:00\",\"breadcrumb\":{\"@id\":\"https:\/\/biciurba.com\/index.php\/2024\/05\/21\/resultados-de-la-investigacion-sobre-afrocolombianidad-su-salud-y-su-herencia-genetica-como-determinante\/#breadcrumb\"},\"inLanguage\":\"es\",\"potentialAction\":[{\"@type\":\"ReadAction\",\"target\":[\"https:\/\/biciurba.com\/index.php\/2024\/05\/21\/resultados-de-la-investigacion-sobre-afrocolombianidad-su-salud-y-su-herencia-genetica-como-determinante\/\"]}]},{\"@type\":\"ImageObject\",\"inLanguage\":\"es\",\"@id\":\"https:\/\/biciurba.com\/index.php\/2024\/05\/21\/resultados-de-la-investigacion-sobre-afrocolombianidad-su-salud-y-su-herencia-genetica-como-determinante\/#primaryimage\",\"url\":\"https:\/\/biciurba.com\/wp-content\/uploads\/2024\/05\/afrocolombianas.png\",\"contentUrl\":\"https:\/\/biciurba.com\/wp-content\/uploads\/2024\/05\/afrocolombianas.png\",\"width\":600,\"height\":400,\"caption\":\"La etnia, las etapas vitales y el g\u00e9nero no deben ser motivos para fomentar desigualdades, sino elementos para proporcionar una atenci\u00f3n m\u00e1s equitativa y adecuada.\"},{\"@type\":\"BreadcrumbList\",\"@id\":\"https:\/\/biciurba.com\/index.php\/2024\/05\/21\/resultados-de-la-investigacion-sobre-afrocolombianidad-su-salud-y-su-herencia-genetica-como-determinante\/#breadcrumb\",\"itemListElement\":[{\"@type\":\"ListItem\",\"position\":1,\"name\":\"Portada\",\"item\":\"https:\/\/biciurba.com\/\"},{\"@type\":\"ListItem\",\"position\":2,\"name\":\"Resultados de la Investigaci\u00f3n sobre Afrocolombianidad, su salud y su herencia gen\u00e9tica como determinante\"}]},{\"@type\":\"WebSite\",\"@id\":\"https:\/\/biciurba.com\/#website\",\"url\":\"https:\/\/biciurba.com\/\",\"name\":\"Biciurba\",\"description\":\"Una mejor manera de vivir\",\"publisher\":{\"@id\":\"https:\/\/biciurba.com\/#\/schema\/person\/d9675ddf29ee982d268db0a3f239eced\"},\"potentialAction\":[{\"@type\":\"SearchAction\",\"target\":{\"@type\":\"EntryPoint\",\"urlTemplate\":\"https:\/\/biciurba.com\/?s={search_term_string}\"},\"query-input\":{\"@type\":\"PropertyValueSpecification\",\"valueRequired\":true,\"valueName\":\"search_term_string\"}}],\"inLanguage\":\"es\"},{\"@type\":[\"Person\",\"Organization\"],\"@id\":\"https:\/\/biciurba.com\/#\/schema\/person\/d9675ddf29ee982d268db0a3f239eced\",\"name\":\"Carlos Cantor\",\"image\":{\"@type\":\"ImageObject\",\"inLanguage\":\"es\",\"@id\":\"https:\/\/biciurba.com\/#\/schema\/person\/image\/\",\"url\":\"https:\/\/biciurba.com\/wp-content\/uploads\/2024\/04\/cropped-logo-1.png\",\"contentUrl\":\"https:\/\/biciurba.com\/wp-content\/uploads\/2024\/04\/cropped-logo-1.png\",\"width\":512,\"height\":318,\"caption\":\"Carlos Cantor\"},\"logo\":{\"@id\":\"https:\/\/biciurba.com\/#\/schema\/person\/image\/\"},\"sameAs\":[\"https:\/\/biciurba.com\"],\"url\":\"https:\/\/biciurba.com\/index.php\/author\/ccantor\/\"}]}<\/script>\n<!-- \/ Yoast SEO plugin. -->","yoast_head_json":{"title":"Resultados de la Investigaci\u00f3n sobre Afrocolombianidad, su salud y su herencia gen\u00e9tica como determinante - Biciurba","robots":{"index":"index","follow":"follow","max-snippet":"max-snippet:-1","max-image-preview":"max-image-preview:large","max-video-preview":"max-video-preview:-1"},"canonical":"https:\/\/biciurba.com\/index.php\/2024\/05\/21\/resultados-de-la-investigacion-sobre-afrocolombianidad-su-salud-y-su-herencia-genetica-como-determinante\/","og_locale":"es_ES","og_type":"article","og_title":"Resultados de la Investigaci\u00f3n sobre Afrocolombianidad, su salud y su herencia gen\u00e9tica como determinante - Biciurba","og_description":"Las investigaciones en salud al interior de las comunidades afrocolombianas permiten generar conocimiento e influir en la toma de decisiones dentro de la atenci\u00f3n m\u00e9dica. El Grupo de Investigaci\u00f3n Salud de la Mujer de la Universidad de Cartagena, dirigido por el Dr. \u00c1lvaro Monterrosa Castro, profesor de esa instituci\u00f3n, y cuyos miembros son m\u00e9dicos generales [&hellip;]","og_url":"https:\/\/biciurba.com\/index.php\/2024\/05\/21\/resultados-de-la-investigacion-sobre-afrocolombianidad-su-salud-y-su-herencia-genetica-como-determinante\/","og_site_name":"Biciurba","article_published_time":"2024-05-21T18:30:00+00:00","article_modified_time":"2024-05-21T16:42:48+00:00","og_image":[{"width":600,"height":400,"url":"https:\/\/biciurba.com\/wp-content\/uploads\/2024\/05\/afrocolombianas.png","type":"image\/png"}],"author":"Carlos Cantor","twitter_card":"summary_large_image","twitter_misc":{"Escrito por":"Carlos Cantor","Tiempo de lectura":"3 minutos"},"schema":{"@context":"https:\/\/schema.org","@graph":[{"@type":"Article","@id":"https:\/\/biciurba.com\/index.php\/2024\/05\/21\/resultados-de-la-investigacion-sobre-afrocolombianidad-su-salud-y-su-herencia-genetica-como-determinante\/#article","isPartOf":{"@id":"https:\/\/biciurba.com\/index.php\/2024\/05\/21\/resultados-de-la-investigacion-sobre-afrocolombianidad-su-salud-y-su-herencia-genetica-como-determinante\/"},"author":{"name":"Carlos Cantor","@id":"https:\/\/biciurba.com\/#\/schema\/person\/d9675ddf29ee982d268db0a3f239eced"},"headline":"Resultados de la Investigaci\u00f3n sobre Afrocolombianidad, su salud y su herencia gen\u00e9tica como determinante","datePublished":"2024-05-21T18:30:00+00:00","dateModified":"2024-05-21T16:42:48+00:00","mainEntityOfPage":{"@id":"https:\/\/biciurba.com\/index.php\/2024\/05\/21\/resultados-de-la-investigacion-sobre-afrocolombianidad-su-salud-y-su-herencia-genetica-como-determinante\/"},"wordCount":639,"commentCount":0,"publisher":{"@id":"https:\/\/biciurba.com\/#\/schema\/person\/d9675ddf29ee982d268db0a3f239eced"},"image":{"@id":"https:\/\/biciurba.com\/index.php\/2024\/05\/21\/resultados-de-la-investigacion-sobre-afrocolombianidad-su-salud-y-su-herencia-genetica-como-determinante\/#primaryimage"},"thumbnailUrl":"https:\/\/biciurba.com\/wp-content\/uploads\/2024\/05\/afrocolombianas.png","keywords":["Afrocolombianos","Cartagena","Dr. Alvaro Monterrosa","Mujeres afro","Universidad de Cartagena"],"articleSection":["Ciencia"],"inLanguage":"es","potentialAction":[{"@type":"CommentAction","name":"Comment","target":["https:\/\/biciurba.com\/index.php\/2024\/05\/21\/resultados-de-la-investigacion-sobre-afrocolombianidad-su-salud-y-su-herencia-genetica-como-determinante\/#respond"]}]},{"@type":"WebPage","@id":"https:\/\/biciurba.com\/index.php\/2024\/05\/21\/resultados-de-la-investigacion-sobre-afrocolombianidad-su-salud-y-su-herencia-genetica-como-determinante\/","url":"https:\/\/biciurba.com\/index.php\/2024\/05\/21\/resultados-de-la-investigacion-sobre-afrocolombianidad-su-salud-y-su-herencia-genetica-como-determinante\/","name":"Resultados de la Investigaci\u00f3n sobre Afrocolombianidad, su salud y su herencia gen\u00e9tica como determinante - Biciurba","isPartOf":{"@id":"https:\/\/biciurba.com\/#website"},"primaryImageOfPage":{"@id":"https:\/\/biciurba.com\/index.php\/2024\/05\/21\/resultados-de-la-investigacion-sobre-afrocolombianidad-su-salud-y-su-herencia-genetica-como-determinante\/#primaryimage"},"image":{"@id":"https:\/\/biciurba.com\/index.php\/2024\/05\/21\/resultados-de-la-investigacion-sobre-afrocolombianidad-su-salud-y-su-herencia-genetica-como-determinante\/#primaryimage"},"thumbnailUrl":"https:\/\/biciurba.com\/wp-content\/uploads\/2024\/05\/afrocolombianas.png","datePublished":"2024-05-21T18:30:00+00:00","dateModified":"2024-05-21T16:42:48+00:00","breadcrumb":{"@id":"https:\/\/biciurba.com\/index.php\/2024\/05\/21\/resultados-de-la-investigacion-sobre-afrocolombianidad-su-salud-y-su-herencia-genetica-como-determinante\/#breadcrumb"},"inLanguage":"es","potentialAction":[{"@type":"ReadAction","target":["https:\/\/biciurba.com\/index.php\/2024\/05\/21\/resultados-de-la-investigacion-sobre-afrocolombianidad-su-salud-y-su-herencia-genetica-como-determinante\/"]}]},{"@type":"ImageObject","inLanguage":"es","@id":"https:\/\/biciurba.com\/index.php\/2024\/05\/21\/resultados-de-la-investigacion-sobre-afrocolombianidad-su-salud-y-su-herencia-genetica-como-determinante\/#primaryimage","url":"https:\/\/biciurba.com\/wp-content\/uploads\/2024\/05\/afrocolombianas.png","contentUrl":"https:\/\/biciurba.com\/wp-content\/uploads\/2024\/05\/afrocolombianas.png","width":600,"height":400,"caption":"La etnia, las etapas vitales y el g\u00e9nero no deben ser motivos para fomentar desigualdades, sino elementos para proporcionar una atenci\u00f3n m\u00e1s equitativa y adecuada."},{"@type":"BreadcrumbList","@id":"https:\/\/biciurba.com\/index.php\/2024\/05\/21\/resultados-de-la-investigacion-sobre-afrocolombianidad-su-salud-y-su-herencia-genetica-como-determinante\/#breadcrumb","itemListElement":[{"@type":"ListItem","position":1,"name":"Portada","item":"https:\/\/biciurba.com\/"},{"@type":"ListItem","position":2,"name":"Resultados de la Investigaci\u00f3n sobre Afrocolombianidad, su salud y su herencia gen\u00e9tica como determinante"}]},{"@type":"WebSite","@id":"https:\/\/biciurba.com\/#website","url":"https:\/\/biciurba.com\/","name":"Biciurba","description":"Una mejor manera de vivir","publisher":{"@id":"https:\/\/biciurba.com\/#\/schema\/person\/d9675ddf29ee982d268db0a3f239eced"},"potentialAction":[{"@type":"SearchAction","target":{"@type":"EntryPoint","urlTemplate":"https:\/\/biciurba.com\/?s={search_term_string}"},"query-input":{"@type":"PropertyValueSpecification","valueRequired":true,"valueName":"search_term_string"}}],"inLanguage":"es"},{"@type":["Person","Organization"],"@id":"https:\/\/biciurba.com\/#\/schema\/person\/d9675ddf29ee982d268db0a3f239eced","name":"Carlos Cantor","image":{"@type":"ImageObject","inLanguage":"es","@id":"https:\/\/biciurba.com\/#\/schema\/person\/image\/","url":"https:\/\/biciurba.com\/wp-content\/uploads\/2024\/04\/cropped-logo-1.png","contentUrl":"https:\/\/biciurba.com\/wp-content\/uploads\/2024\/04\/cropped-logo-1.png","width":512,"height":318,"caption":"Carlos Cantor"},"logo":{"@id":"https:\/\/biciurba.com\/#\/schema\/person\/image\/"},"sameAs":["https:\/\/biciurba.com"],"url":"https:\/\/biciurba.com\/index.php\/author\/ccantor\/"}]}},"_links":{"self":[{"href":"https:\/\/biciurba.com\/index.php\/wp-json\/wp\/v2\/posts\/522"}],"collection":[{"href":"https:\/\/biciurba.com\/index.php\/wp-json\/wp\/v2\/posts"}],"about":[{"href":"https:\/\/biciurba.com\/index.php\/wp-json\/wp\/v2\/types\/post"}],"author":[{"embeddable":true,"href":"https:\/\/biciurba.com\/index.php\/wp-json\/wp\/v2\/users\/1"}],"replies":[{"embeddable":true,"href":"https:\/\/biciurba.com\/index.php\/wp-json\/wp\/v2\/comments?post=522"}],"version-history":[{"count":1,"href":"https:\/\/biciurba.com\/index.php\/wp-json\/wp\/v2\/posts\/522\/revisions"}],"predecessor-version":[{"id":524,"href":"https:\/\/biciurba.com\/index.php\/wp-json\/wp\/v2\/posts\/522\/revisions\/524"}],"wp:featuredmedia":[{"embeddable":true,"href":"https:\/\/biciurba.com\/index.php\/wp-json\/wp\/v2\/media\/523"}],"wp:attachment":[{"href":"https:\/\/biciurba.com\/index.php\/wp-json\/wp\/v2\/media?parent=522"}],"wp:term":[{"taxonomy":"category","embeddable":true,"href":"https:\/\/biciurba.com\/index.php\/wp-json\/wp\/v2\/categories?post=522"},{"taxonomy":"post_tag","embeddable":true,"href":"https:\/\/biciurba.com\/index.php\/wp-json\/wp\/v2\/tags?post=522"}],"curies":[{"name":"wp","href":"https:\/\/api.w.org\/{rel}","templated":true}]}}