{"id":556,"date":"2024-05-28T10:55:28","date_gmt":"2024-05-28T15:55:28","guid":{"rendered":"https:\/\/biciurba.com\/?p=556"},"modified":"2024-05-28T10:56:53","modified_gmt":"2024-05-28T15:56:53","slug":"america-latina-frente-al-tema-de-la-ia-en-un-mundo-cambiante","status":"publish","type":"post","link":"https:\/\/biciurba.com\/index.php\/2024\/05\/28\/america-latina-frente-al-tema-de-la-ia-en-un-mundo-cambiante\/","title":{"rendered":"Am\u00e9rica Latina frente al tema de la IA en un mundo cambiante"},"content":{"rendered":"\n<p>En la era contempor\u00e1nea, los sue\u00f1os tecnol\u00f3gicos han trascendido la ciencia ficci\u00f3n para convertirse en realidades tangibles. En todos los campos de la vida, desde la medicina hasta el entretenimiento, la tecnolog\u00eda est\u00e1 revolucionando nuestras existencias. Hoy se busca una relaci\u00f3n m\u00e1s personal y compleja entre la IA y las personas, especialmente en un mundo que cada vez parece m\u00e1s dist\u00f3pico, sin l\u00edmites claros en su evoluci\u00f3n, esto plantea grandes oportunidades, pero tambi\u00e9n profundas inquietudes.<\/p>\n\n\n\n<p>Este poder que se establece en todas las \u00e1reas de la cotidianidad y determina el atraso de distintas naciones en el planeta. El subcontinente Suramericano enfrenta un atraso tecnol\u00f3gico significativo en comparaci\u00f3n con otras regiones del mundo que se manifiesta en la falta de infraestructura tecnol\u00f3gica, en la escasa integraci\u00f3n de tecnolog\u00edas IA en los sistemas econ\u00f3micos y sociales. Para salir de esta situaci\u00f3n se requiere un enfoque integral desde la educaci\u00f3n que fomente el desarrollo tecnol\u00f3gico y, al mismo tiempo, proteja la privacidad y los derechos de los ciudadanos.<\/p>\n\n\n\n<p>La falta de inversi\u00f3n en investigaci\u00f3n y desarrollo (I+D), pol\u00edticas p\u00fablicas inadecuadas, y un sistema educativo que no se ha adaptado a las necesidades de la era digital acent\u00faan la situaci\u00f3n de atraso. El camino m\u00e1s seguro para lograr un mejor desempe\u00f1o latinoamericano debe partir desde la formaci\u00f3n acad\u00e9mica, de la investigaci\u00f3n y del desarrollo tecnol\u00f3gico que se desprende de las dos anteriores.<\/p>\n\n\n\n<p>La reforma curricular orientada por las corrientes cient\u00edficas de esta parte del siglo deber\u00edan integrar m\u00e1s temas y ciencias relacionadas a la programaci\u00f3n, la rob\u00f3tica y otras tecnolog\u00edas emergentes que incluye la formaci\u00f3n postgradual de los profesores en estas \u00e1reas para que puedan impartir conocimientos actualizados y relevantes.<\/p>\n\n\n\n<p>El acceso desigual a la tecnolog\u00eda es un gran obst\u00e1culo en Am\u00e9rica Latina. Muchas comunidades rurales y desfavorecidas no tienen acceso a internet de alta velocidad ni a dispositivos tecnol\u00f3gicos b\u00e1sicos. Para superar este reto, se deben invertir en la expansi\u00f3n de la infraestructura de internet y telecomunicaciones en estas \u00e1reas rurales, as\u00ed como facilitar el acceso a computadoras y otros dispositivos para estudiantes de bajos recursos, a trav\u00e9s de iniciativas gubernamentales y asociaciones p\u00fablico-privadas.<\/p>\n\n\n\n<p>Pero m\u00e1s all\u00e1 de acceder a los aparatos es necesario una profunda y extendida capacitaci\u00f3n en alfabetizaci\u00f3n digital para todas las edades, garantizando que todos los ciudadanos puedan utilizar eficazmente las tecnolog\u00edas disponibles. Ya en el campo de la formaci\u00f3n acad\u00e9mica superior abrir carreras m\u00e1s contempor\u00e1neas a estos cambios de visi\u00f3n de mundo, especialmente en las \u00e1reas de an\u00e1lisis de datos y ciberseguridad. La investigaci\u00f3n es fundamental por ello la creaci\u00f3n y desarrollo de Centros de Investigaci\u00f3n y Desarrollo I+D enfocados en la innovaci\u00f3n tecnol\u00f3gica y la \u00e9tica en el uso de la IA son necesarios en el mundo acad\u00e9mico y empresarial.<\/p>\n\n\n\n<p>A la par de estas condiciones, es urgente legislar un enfoque regulatorio robusto con leyes de protecci\u00f3n de datos que est\u00e9n en l\u00ednea con est\u00e1ndares internacionales, como el Reglamento General de Protecci\u00f3n de Datos (GDPR) de la Uni\u00f3n Europea y as\u00ed garantizar que los ciudadanos tengan el derecho a conocer qu\u00e9 datos se recopilan sobre ellos, c\u00f3mo se usan y la capacidad de corregir o eliminar esa informaci\u00f3n, adem\u00e1s de establecer comit\u00e9s \u00e9ticos para supervisar el desarrollo y uso de tecnolog\u00edas de IA para que sean transparentes y auditables.<\/p>\n\n\n\n<p>La relaci\u00f3n entre la IA y los humanos es uno de los aspectos m\u00e1s fascinantes y controvertidos de los sue\u00f1os tecnol\u00f3gicos actuales. Est\u00e1 integrada en nuestras vidas de formas cada vez m\u00e1s personales. Asistentes virtuales como Siri y Alexa ya son parte del d\u00eda a d\u00eda de millones de personas, ayudando con tareas que van desde la gesti\u00f3n de agendas hasta el control de dispositivos del hogar inteligente. Sin embargo, esta integraci\u00f3n tambi\u00e9n plantea serias preocupaciones \u00e9ticas y de privacidad. Los datos que estas m\u00e1quinas recopilan sobre nosotros pueden ser utilizados de maneras que no comprendemos completamente, y la posibilidad de un monitoreo constante es real.<\/p>\n\n\n\n<p>El sue\u00f1o tecnol\u00f3gico de un mundo sin l\u00edmites est\u00e1 impulsado por la promesa de progreso y mejora continua, pero este sue\u00f1o tambi\u00e9n viene acompa\u00f1ado de la necesidad de gestionar cuidadosamente los riesgos y las implicaciones \u00e9ticas de nuestras innovaciones. La distop\u00eda que muchos temen no es un destino inevitable, sino una posibilidad que podemos evitar mediante la toma de decisiones informadas, responsables, que tambi\u00e9n enriquezca nuestra experiencia humana, creando un mundo m\u00e1s justo, equitativo y lleno de oportunidades.<\/p>\n","protected":false},"excerpt":{"rendered":"<p>En la era contempor\u00e1nea, los sue\u00f1os tecnol\u00f3gicos han trascendido la ciencia ficci\u00f3n para convertirse en realidades tangibles. En todos los campos de la vida, desde la medicina hasta el entretenimiento, la tecnolog\u00eda est\u00e1 revolucionando nuestras existencias. Hoy se busca una relaci\u00f3n m\u00e1s personal y compleja entre la IA y las personas, especialmente en un mundo [&hellip;]<\/p>\n","protected":false},"author":1,"featured_media":557,"comment_status":"open","ping_status":"open","sticky":false,"template":"","format":"standard","meta":{"footnotes":""},"categories":[98],"tags":[268,227,266,267],"class_list":["post-556","post","type-post","status-publish","format-standard","has-post-thumbnail","hentry","category-ciencia","tag-educacion-cultura-digital","tag-ia","tag-latinoamerica","tag-tecnologia"],"yoast_head":"<!-- This site is optimized with the Yoast SEO plugin v23.9 - https:\/\/yoast.com\/wordpress\/plugins\/seo\/ -->\n<title>Am\u00e9rica Latina frente al tema de la IA en un mundo cambiante - Biciurba<\/title>\n<meta name=\"robots\" content=\"index, follow, max-snippet:-1, max-image-preview:large, max-video-preview:-1\" \/>\n<link rel=\"canonical\" href=\"https:\/\/biciurba.com\/index.php\/2024\/05\/28\/america-latina-frente-al-tema-de-la-ia-en-un-mundo-cambiante\/\" \/>\n<meta property=\"og:locale\" content=\"es_ES\" \/>\n<meta property=\"og:type\" content=\"article\" \/>\n<meta property=\"og:title\" content=\"Am\u00e9rica Latina frente al tema de la IA en un mundo cambiante - Biciurba\" \/>\n<meta property=\"og:description\" content=\"En la era contempor\u00e1nea, los sue\u00f1os tecnol\u00f3gicos han trascendido la ciencia ficci\u00f3n para convertirse en realidades tangibles. En todos los campos de la vida, desde la medicina hasta el entretenimiento, la tecnolog\u00eda est\u00e1 revolucionando nuestras existencias. Hoy se busca una relaci\u00f3n m\u00e1s personal y compleja entre la IA y las personas, especialmente en un mundo [&hellip;]\" \/>\n<meta property=\"og:url\" content=\"https:\/\/biciurba.com\/index.php\/2024\/05\/28\/america-latina-frente-al-tema-de-la-ia-en-un-mundo-cambiante\/\" \/>\n<meta property=\"og:site_name\" content=\"Biciurba\" \/>\n<meta property=\"article:published_time\" content=\"2024-05-28T15:55:28+00:00\" \/>\n<meta property=\"article:modified_time\" content=\"2024-05-28T15:56:53+00:00\" \/>\n<meta property=\"og:image\" content=\"https:\/\/biciurba.com\/wp-content\/uploads\/2024\/05\/Mafalda-y-la-IA.png\" \/>\n\t<meta property=\"og:image:width\" content=\"420\" \/>\n\t<meta property=\"og:image:height\" content=\"450\" \/>\n\t<meta property=\"og:image:type\" content=\"image\/png\" \/>\n<meta name=\"author\" content=\"Carlos Cantor\" \/>\n<meta name=\"twitter:card\" content=\"summary_large_image\" \/>\n<meta name=\"twitter:label1\" content=\"Escrito por\" \/>\n\t<meta name=\"twitter:data1\" content=\"Carlos Cantor\" \/>\n\t<meta name=\"twitter:label2\" content=\"Tiempo de lectura\" \/>\n\t<meta name=\"twitter:data2\" content=\"4 minutos\" \/>\n<script type=\"application\/ld+json\" class=\"yoast-schema-graph\">{\"@context\":\"https:\/\/schema.org\",\"@graph\":[{\"@type\":\"Article\",\"@id\":\"https:\/\/biciurba.com\/index.php\/2024\/05\/28\/america-latina-frente-al-tema-de-la-ia-en-un-mundo-cambiante\/#article\",\"isPartOf\":{\"@id\":\"https:\/\/biciurba.com\/index.php\/2024\/05\/28\/america-latina-frente-al-tema-de-la-ia-en-un-mundo-cambiante\/\"},\"author\":{\"name\":\"Carlos Cantor\",\"@id\":\"https:\/\/biciurba.com\/#\/schema\/person\/d9675ddf29ee982d268db0a3f239eced\"},\"headline\":\"Am\u00e9rica Latina frente al tema de la IA en un mundo cambiante\",\"datePublished\":\"2024-05-28T15:55:28+00:00\",\"dateModified\":\"2024-05-28T15:56:53+00:00\",\"mainEntityOfPage\":{\"@id\":\"https:\/\/biciurba.com\/index.php\/2024\/05\/28\/america-latina-frente-al-tema-de-la-ia-en-un-mundo-cambiante\/\"},\"wordCount\":836,\"commentCount\":0,\"publisher\":{\"@id\":\"https:\/\/biciurba.com\/#\/schema\/person\/d9675ddf29ee982d268db0a3f239eced\"},\"image\":{\"@id\":\"https:\/\/biciurba.com\/index.php\/2024\/05\/28\/america-latina-frente-al-tema-de-la-ia-en-un-mundo-cambiante\/#primaryimage\"},\"thumbnailUrl\":\"https:\/\/biciurba.com\/wp-content\/uploads\/2024\/05\/Mafalda-y-la-IA.png\",\"keywords\":[\"Educaci\u00f3n. Cultura digital\",\"IA\",\"Latinoam\u00e9rica\",\"Tecnolog\u00eda\"],\"articleSection\":[\"Ciencia\"],\"inLanguage\":\"es\",\"potentialAction\":[{\"@type\":\"CommentAction\",\"name\":\"Comment\",\"target\":[\"https:\/\/biciurba.com\/index.php\/2024\/05\/28\/america-latina-frente-al-tema-de-la-ia-en-un-mundo-cambiante\/#respond\"]}]},{\"@type\":\"WebPage\",\"@id\":\"https:\/\/biciurba.com\/index.php\/2024\/05\/28\/america-latina-frente-al-tema-de-la-ia-en-un-mundo-cambiante\/\",\"url\":\"https:\/\/biciurba.com\/index.php\/2024\/05\/28\/america-latina-frente-al-tema-de-la-ia-en-un-mundo-cambiante\/\",\"name\":\"Am\u00e9rica Latina frente al tema de la IA en un mundo cambiante - Biciurba\",\"isPartOf\":{\"@id\":\"https:\/\/biciurba.com\/#website\"},\"primaryImageOfPage\":{\"@id\":\"https:\/\/biciurba.com\/index.php\/2024\/05\/28\/america-latina-frente-al-tema-de-la-ia-en-un-mundo-cambiante\/#primaryimage\"},\"image\":{\"@id\":\"https:\/\/biciurba.com\/index.php\/2024\/05\/28\/america-latina-frente-al-tema-de-la-ia-en-un-mundo-cambiante\/#primaryimage\"},\"thumbnailUrl\":\"https:\/\/biciurba.com\/wp-content\/uploads\/2024\/05\/Mafalda-y-la-IA.png\",\"datePublished\":\"2024-05-28T15:55:28+00:00\",\"dateModified\":\"2024-05-28T15:56:53+00:00\",\"breadcrumb\":{\"@id\":\"https:\/\/biciurba.com\/index.php\/2024\/05\/28\/america-latina-frente-al-tema-de-la-ia-en-un-mundo-cambiante\/#breadcrumb\"},\"inLanguage\":\"es\",\"potentialAction\":[{\"@type\":\"ReadAction\",\"target\":[\"https:\/\/biciurba.com\/index.php\/2024\/05\/28\/america-latina-frente-al-tema-de-la-ia-en-un-mundo-cambiante\/\"]}]},{\"@type\":\"ImageObject\",\"inLanguage\":\"es\",\"@id\":\"https:\/\/biciurba.com\/index.php\/2024\/05\/28\/america-latina-frente-al-tema-de-la-ia-en-un-mundo-cambiante\/#primaryimage\",\"url\":\"https:\/\/biciurba.com\/wp-content\/uploads\/2024\/05\/Mafalda-y-la-IA.png\",\"contentUrl\":\"https:\/\/biciurba.com\/wp-content\/uploads\/2024\/05\/Mafalda-y-la-IA.png\",\"width\":420,\"height\":450,\"caption\":\"Una tecnolog\u00eda que lo invade todo, que hay que conocer, estudiar y hacerla propia en nuestro continente.\"},{\"@type\":\"BreadcrumbList\",\"@id\":\"https:\/\/biciurba.com\/index.php\/2024\/05\/28\/america-latina-frente-al-tema-de-la-ia-en-un-mundo-cambiante\/#breadcrumb\",\"itemListElement\":[{\"@type\":\"ListItem\",\"position\":1,\"name\":\"Portada\",\"item\":\"https:\/\/biciurba.com\/\"},{\"@type\":\"ListItem\",\"position\":2,\"name\":\"Am\u00e9rica Latina frente al tema de la IA en un mundo cambiante\"}]},{\"@type\":\"WebSite\",\"@id\":\"https:\/\/biciurba.com\/#website\",\"url\":\"https:\/\/biciurba.com\/\",\"name\":\"Biciurba\",\"description\":\"Una mejor manera de vivir\",\"publisher\":{\"@id\":\"https:\/\/biciurba.com\/#\/schema\/person\/d9675ddf29ee982d268db0a3f239eced\"},\"potentialAction\":[{\"@type\":\"SearchAction\",\"target\":{\"@type\":\"EntryPoint\",\"urlTemplate\":\"https:\/\/biciurba.com\/?s={search_term_string}\"},\"query-input\":{\"@type\":\"PropertyValueSpecification\",\"valueRequired\":true,\"valueName\":\"search_term_string\"}}],\"inLanguage\":\"es\"},{\"@type\":[\"Person\",\"Organization\"],\"@id\":\"https:\/\/biciurba.com\/#\/schema\/person\/d9675ddf29ee982d268db0a3f239eced\",\"name\":\"Carlos Cantor\",\"image\":{\"@type\":\"ImageObject\",\"inLanguage\":\"es\",\"@id\":\"https:\/\/biciurba.com\/#\/schema\/person\/image\/\",\"url\":\"https:\/\/biciurba.com\/wp-content\/uploads\/2024\/04\/cropped-logo-1.png\",\"contentUrl\":\"https:\/\/biciurba.com\/wp-content\/uploads\/2024\/04\/cropped-logo-1.png\",\"width\":512,\"height\":318,\"caption\":\"Carlos Cantor\"},\"logo\":{\"@id\":\"https:\/\/biciurba.com\/#\/schema\/person\/image\/\"},\"sameAs\":[\"https:\/\/biciurba.com\"],\"url\":\"https:\/\/biciurba.com\/index.php\/author\/ccantor\/\"}]}<\/script>\n<!-- \/ Yoast SEO plugin. -->","yoast_head_json":{"title":"Am\u00e9rica Latina frente al tema de la IA en un mundo cambiante - Biciurba","robots":{"index":"index","follow":"follow","max-snippet":"max-snippet:-1","max-image-preview":"max-image-preview:large","max-video-preview":"max-video-preview:-1"},"canonical":"https:\/\/biciurba.com\/index.php\/2024\/05\/28\/america-latina-frente-al-tema-de-la-ia-en-un-mundo-cambiante\/","og_locale":"es_ES","og_type":"article","og_title":"Am\u00e9rica Latina frente al tema de la IA en un mundo cambiante - Biciurba","og_description":"En la era contempor\u00e1nea, los sue\u00f1os tecnol\u00f3gicos han trascendido la ciencia ficci\u00f3n para convertirse en realidades tangibles. En todos los campos de la vida, desde la medicina hasta el entretenimiento, la tecnolog\u00eda est\u00e1 revolucionando nuestras existencias. Hoy se busca una relaci\u00f3n m\u00e1s personal y compleja entre la IA y las personas, especialmente en un mundo [&hellip;]","og_url":"https:\/\/biciurba.com\/index.php\/2024\/05\/28\/america-latina-frente-al-tema-de-la-ia-en-un-mundo-cambiante\/","og_site_name":"Biciurba","article_published_time":"2024-05-28T15:55:28+00:00","article_modified_time":"2024-05-28T15:56:53+00:00","og_image":[{"width":420,"height":450,"url":"https:\/\/biciurba.com\/wp-content\/uploads\/2024\/05\/Mafalda-y-la-IA.png","type":"image\/png"}],"author":"Carlos Cantor","twitter_card":"summary_large_image","twitter_misc":{"Escrito por":"Carlos Cantor","Tiempo de lectura":"4 minutos"},"schema":{"@context":"https:\/\/schema.org","@graph":[{"@type":"Article","@id":"https:\/\/biciurba.com\/index.php\/2024\/05\/28\/america-latina-frente-al-tema-de-la-ia-en-un-mundo-cambiante\/#article","isPartOf":{"@id":"https:\/\/biciurba.com\/index.php\/2024\/05\/28\/america-latina-frente-al-tema-de-la-ia-en-un-mundo-cambiante\/"},"author":{"name":"Carlos Cantor","@id":"https:\/\/biciurba.com\/#\/schema\/person\/d9675ddf29ee982d268db0a3f239eced"},"headline":"Am\u00e9rica Latina frente al tema de la IA en un mundo cambiante","datePublished":"2024-05-28T15:55:28+00:00","dateModified":"2024-05-28T15:56:53+00:00","mainEntityOfPage":{"@id":"https:\/\/biciurba.com\/index.php\/2024\/05\/28\/america-latina-frente-al-tema-de-la-ia-en-un-mundo-cambiante\/"},"wordCount":836,"commentCount":0,"publisher":{"@id":"https:\/\/biciurba.com\/#\/schema\/person\/d9675ddf29ee982d268db0a3f239eced"},"image":{"@id":"https:\/\/biciurba.com\/index.php\/2024\/05\/28\/america-latina-frente-al-tema-de-la-ia-en-un-mundo-cambiante\/#primaryimage"},"thumbnailUrl":"https:\/\/biciurba.com\/wp-content\/uploads\/2024\/05\/Mafalda-y-la-IA.png","keywords":["Educaci\u00f3n. Cultura digital","IA","Latinoam\u00e9rica","Tecnolog\u00eda"],"articleSection":["Ciencia"],"inLanguage":"es","potentialAction":[{"@type":"CommentAction","name":"Comment","target":["https:\/\/biciurba.com\/index.php\/2024\/05\/28\/america-latina-frente-al-tema-de-la-ia-en-un-mundo-cambiante\/#respond"]}]},{"@type":"WebPage","@id":"https:\/\/biciurba.com\/index.php\/2024\/05\/28\/america-latina-frente-al-tema-de-la-ia-en-un-mundo-cambiante\/","url":"https:\/\/biciurba.com\/index.php\/2024\/05\/28\/america-latina-frente-al-tema-de-la-ia-en-un-mundo-cambiante\/","name":"Am\u00e9rica Latina frente al tema de la IA en un mundo cambiante - Biciurba","isPartOf":{"@id":"https:\/\/biciurba.com\/#website"},"primaryImageOfPage":{"@id":"https:\/\/biciurba.com\/index.php\/2024\/05\/28\/america-latina-frente-al-tema-de-la-ia-en-un-mundo-cambiante\/#primaryimage"},"image":{"@id":"https:\/\/biciurba.com\/index.php\/2024\/05\/28\/america-latina-frente-al-tema-de-la-ia-en-un-mundo-cambiante\/#primaryimage"},"thumbnailUrl":"https:\/\/biciurba.com\/wp-content\/uploads\/2024\/05\/Mafalda-y-la-IA.png","datePublished":"2024-05-28T15:55:28+00:00","dateModified":"2024-05-28T15:56:53+00:00","breadcrumb":{"@id":"https:\/\/biciurba.com\/index.php\/2024\/05\/28\/america-latina-frente-al-tema-de-la-ia-en-un-mundo-cambiante\/#breadcrumb"},"inLanguage":"es","potentialAction":[{"@type":"ReadAction","target":["https:\/\/biciurba.com\/index.php\/2024\/05\/28\/america-latina-frente-al-tema-de-la-ia-en-un-mundo-cambiante\/"]}]},{"@type":"ImageObject","inLanguage":"es","@id":"https:\/\/biciurba.com\/index.php\/2024\/05\/28\/america-latina-frente-al-tema-de-la-ia-en-un-mundo-cambiante\/#primaryimage","url":"https:\/\/biciurba.com\/wp-content\/uploads\/2024\/05\/Mafalda-y-la-IA.png","contentUrl":"https:\/\/biciurba.com\/wp-content\/uploads\/2024\/05\/Mafalda-y-la-IA.png","width":420,"height":450,"caption":"Una tecnolog\u00eda que lo invade todo, que hay que conocer, estudiar y hacerla propia en nuestro continente."},{"@type":"BreadcrumbList","@id":"https:\/\/biciurba.com\/index.php\/2024\/05\/28\/america-latina-frente-al-tema-de-la-ia-en-un-mundo-cambiante\/#breadcrumb","itemListElement":[{"@type":"ListItem","position":1,"name":"Portada","item":"https:\/\/biciurba.com\/"},{"@type":"ListItem","position":2,"name":"Am\u00e9rica Latina frente al tema de la IA en un mundo cambiante"}]},{"@type":"WebSite","@id":"https:\/\/biciurba.com\/#website","url":"https:\/\/biciurba.com\/","name":"Biciurba","description":"Una mejor manera de vivir","publisher":{"@id":"https:\/\/biciurba.com\/#\/schema\/person\/d9675ddf29ee982d268db0a3f239eced"},"potentialAction":[{"@type":"SearchAction","target":{"@type":"EntryPoint","urlTemplate":"https:\/\/biciurba.com\/?s={search_term_string}"},"query-input":{"@type":"PropertyValueSpecification","valueRequired":true,"valueName":"search_term_string"}}],"inLanguage":"es"},{"@type":["Person","Organization"],"@id":"https:\/\/biciurba.com\/#\/schema\/person\/d9675ddf29ee982d268db0a3f239eced","name":"Carlos Cantor","image":{"@type":"ImageObject","inLanguage":"es","@id":"https:\/\/biciurba.com\/#\/schema\/person\/image\/","url":"https:\/\/biciurba.com\/wp-content\/uploads\/2024\/04\/cropped-logo-1.png","contentUrl":"https:\/\/biciurba.com\/wp-content\/uploads\/2024\/04\/cropped-logo-1.png","width":512,"height":318,"caption":"Carlos Cantor"},"logo":{"@id":"https:\/\/biciurba.com\/#\/schema\/person\/image\/"},"sameAs":["https:\/\/biciurba.com"],"url":"https:\/\/biciurba.com\/index.php\/author\/ccantor\/"}]}},"_links":{"self":[{"href":"https:\/\/biciurba.com\/index.php\/wp-json\/wp\/v2\/posts\/556"}],"collection":[{"href":"https:\/\/biciurba.com\/index.php\/wp-json\/wp\/v2\/posts"}],"about":[{"href":"https:\/\/biciurba.com\/index.php\/wp-json\/wp\/v2\/types\/post"}],"author":[{"embeddable":true,"href":"https:\/\/biciurba.com\/index.php\/wp-json\/wp\/v2\/users\/1"}],"replies":[{"embeddable":true,"href":"https:\/\/biciurba.com\/index.php\/wp-json\/wp\/v2\/comments?post=556"}],"version-history":[{"count":1,"href":"https:\/\/biciurba.com\/index.php\/wp-json\/wp\/v2\/posts\/556\/revisions"}],"predecessor-version":[{"id":558,"href":"https:\/\/biciurba.com\/index.php\/wp-json\/wp\/v2\/posts\/556\/revisions\/558"}],"wp:featuredmedia":[{"embeddable":true,"href":"https:\/\/biciurba.com\/index.php\/wp-json\/wp\/v2\/media\/557"}],"wp:attachment":[{"href":"https:\/\/biciurba.com\/index.php\/wp-json\/wp\/v2\/media?parent=556"}],"wp:term":[{"taxonomy":"category","embeddable":true,"href":"https:\/\/biciurba.com\/index.php\/wp-json\/wp\/v2\/categories?post=556"},{"taxonomy":"post_tag","embeddable":true,"href":"https:\/\/biciurba.com\/index.php\/wp-json\/wp\/v2\/tags?post=556"}],"curies":[{"name":"wp","href":"https:\/\/api.w.org\/{rel}","templated":true}]}}