{"id":562,"date":"2024-05-29T10:14:49","date_gmt":"2024-05-29T15:14:49","guid":{"rendered":"https:\/\/biciurba.com\/?p=562"},"modified":"2024-05-29T10:14:51","modified_gmt":"2024-05-29T15:14:51","slug":"algo-mas-de-41-millones-de-personas-en-zonas-costeras-de-america-latina-y-el-caribe-afectadas-por-crisis-climatica","status":"publish","type":"post","link":"https:\/\/biciurba.com\/index.php\/2024\/05\/29\/algo-mas-de-41-millones-de-personas-en-zonas-costeras-de-america-latina-y-el-caribe-afectadas-por-crisis-climatica\/","title":{"rendered":"Algo m\u00e1s de 41 millones de personas en zonas costeras de Am\u00e9rica Latina y el Caribe afectadas por crisis clim\u00e1tica"},"content":{"rendered":"\n<p>Decenas de millones de personas que viven en zonas costeras de baja altitud en Am\u00e9rica Latina y el Caribe se enfrentan a las consecuencias de fen\u00f3menos meteorol\u00f3gicos extremos que amenazan sus vidas y medios de subsistencia, as\u00ed como los hospitales de los que dependen, seg\u00fan un nuevo estudio del Fondo de Poblaci\u00f3n de las Naciones Unidas (UNFPA).<\/p>\n\n\n\n<p>El an\u00e1lisis revela que unos 41 millones de personas que viven en zonas costeras est\u00e1n expuestas a tormentas e inundaciones que ponen en peligro sus vidas. Esto supone el 6% de la poblaci\u00f3n de la regi\u00f3n.<\/p>\n\n\n\n<p>La agencia identific\u00f3 las comunidades costeras m\u00e1s expuestas a peligros, como huracanes y otras tormentas cada vez m\u00e1s frecuentes y graves debido al cambio clim\u00e1tico, utilizando im\u00e1genes de sat\u00e9lite, datos geoespaciales y estimaciones de poblaci\u00f3n.<\/p>\n\n\n\n<p>Las secuelas de los fen\u00f3menos meteorol\u00f3gicos extremos suelen provocar inundaciones generalizadas que destruyen viviendas y empresas e interrumpen servicios esenciales como la atenci\u00f3n sanitaria. El an\u00e1lisis tambi\u00e9n muestra que 1448 hospitales vitales para la salud materna y la planificaci\u00f3n familiar est\u00e1n situados en zonas costeras de baja altitud m\u00e1s propensas a los riesgos naturales:<\/p>\n\n\n\n<p>En Aruba y las Islas Caim\u00e1n, Surinam, Bahamas y Guyana, m\u00e1s del 80% de los hospitales se encuentran en zonas costeras bajas, en el resto del Caribe y Am\u00e9rica Latina, los pa\u00edses con mayor n\u00famero de hospitales en zonas costeras bajas son Brasil, con 519 (7,2%) instalaciones, M\u00e9xico, con 159 (5,4%) instalaciones, Hait\u00ed, con 133 (10%) instalaciones, y Ecuador, con 130 (11,9%) instalaciones.<\/p>\n\n\n\n<p>La UNFPA present\u00f3 estos datos en la conferencia de los Peque\u00f1os Estados Insulares en Desarrollo que se celebra en Antigua y Barbuda, e indic\u00f3 que pidi\u00f3 una mayor inversi\u00f3n y ayuda t\u00e9cnica para mejorar la recopilaci\u00f3n de datos sobre el impacto de la crisis clim\u00e1tica en las mujeres y las ni\u00f1as y para ayudar a los pa\u00edses vulnerables a crear sistemas de salud resistentes al clima.<\/p>\n\n\n\n<p>En este sentido, el organismo record\u00f3 que la crisis clim\u00e1tica supone una amenaza existencial para esos pa\u00edses. En varios de ellos, Bahamas, Surinam, Guyana, m\u00e1s del 80% de la poblaci\u00f3n vive en zonas costeras de baja altitud, que est\u00e1n hasta 10 metros por encima del nivel del mar.<\/p>\n\n\n\n<p>La conferencia coincide con el inicio de la temporada de huracanes en el Atl\u00e1ntico, que se prev\u00e9 \u201cextraordinaria\u201d, seg\u00fan la Administraci\u00f3n Nacional Oce\u00e1nica y Atmosf\u00e9rica de Estados Unidos.<\/p>\n\n\n\n<p>La agencia indic\u00f3, adem\u00e1s, que est\u00e1 utilizando sus datos de poblaci\u00f3n con im\u00e1genes de sat\u00e9lite y datos geoespaciales para proporcionar a los equipos de respuesta humanitaria informaci\u00f3n cr\u00edtica sobre las comunidades vulnerables, como hizo en Honduras tras el hurac\u00e1n Iota en 2020.<\/p>\n\n\n\n<p>La modelizaci\u00f3n de la poblaci\u00f3n de UNFPA tambi\u00e9n se ha utilizado para identificar a las comunidades con mayor riesgo debido a las inundaciones fluviales cerca de la frontera entre Panam\u00e1 y Costa Rica, as\u00ed como para cartografiar la exposici\u00f3n de la poblaci\u00f3n de San Vicente y las Granadinas a las erupciones volc\u00e1nicas.<\/p>\n","protected":false},"excerpt":{"rendered":"<p>Decenas de millones de personas que viven en zonas costeras de baja altitud en Am\u00e9rica Latina y el Caribe se enfrentan a las consecuencias de fen\u00f3menos meteorol\u00f3gicos extremos que amenazan sus vidas y medios de subsistencia, as\u00ed como los hospitales de los que dependen, seg\u00fan un nuevo estudio del Fondo de Poblaci\u00f3n de las Naciones [&hellip;]<\/p>\n","protected":false},"author":1,"featured_media":563,"comment_status":"open","ping_status":"open","sticky":false,"template":"","format":"standard","meta":{"footnotes":""},"categories":[95],"tags":[],"class_list":["post-562","post","type-post","status-publish","format-standard","has-post-thumbnail","hentry","category-crisis-climatica"],"yoast_head":"<!-- This site is optimized with the Yoast SEO plugin v23.9 - https:\/\/yoast.com\/wordpress\/plugins\/seo\/ -->\n<title>Algo m\u00e1s de 41 millones de personas en zonas costeras de Am\u00e9rica Latina y el Caribe afectadas por crisis clim\u00e1tica - Biciurba<\/title>\n<meta name=\"robots\" content=\"index, follow, max-snippet:-1, max-image-preview:large, max-video-preview:-1\" \/>\n<link rel=\"canonical\" href=\"https:\/\/biciurba.com\/index.php\/2024\/05\/29\/algo-mas-de-41-millones-de-personas-en-zonas-costeras-de-america-latina-y-el-caribe-afectadas-por-crisis-climatica\/\" \/>\n<meta property=\"og:locale\" content=\"es_ES\" \/>\n<meta property=\"og:type\" content=\"article\" \/>\n<meta property=\"og:title\" content=\"Algo m\u00e1s de 41 millones de personas en zonas costeras de Am\u00e9rica Latina y el Caribe afectadas por crisis clim\u00e1tica - Biciurba\" \/>\n<meta property=\"og:description\" content=\"Decenas de millones de personas que viven en zonas costeras de baja altitud en Am\u00e9rica Latina y el Caribe se enfrentan a las consecuencias de fen\u00f3menos meteorol\u00f3gicos extremos que amenazan sus vidas y medios de subsistencia, as\u00ed como los hospitales de los que dependen, seg\u00fan un nuevo estudio del Fondo de Poblaci\u00f3n de las Naciones [&hellip;]\" \/>\n<meta property=\"og:url\" content=\"https:\/\/biciurba.com\/index.php\/2024\/05\/29\/algo-mas-de-41-millones-de-personas-en-zonas-costeras-de-america-latina-y-el-caribe-afectadas-por-crisis-climatica\/\" \/>\n<meta property=\"og:site_name\" content=\"Biciurba\" \/>\n<meta property=\"article:published_time\" content=\"2024-05-29T15:14:49+00:00\" \/>\n<meta property=\"article:modified_time\" content=\"2024-05-29T15:14:51+00:00\" \/>\n<meta property=\"og:image\" content=\"https:\/\/biciurba.com\/wp-content\/uploads\/2024\/05\/cuenca-del-Caribe.png\" \/>\n\t<meta property=\"og:image:width\" content=\"600\" \/>\n\t<meta property=\"og:image:height\" content=\"400\" \/>\n\t<meta property=\"og:image:type\" content=\"image\/png\" \/>\n<meta name=\"author\" content=\"Carlos Cantor\" \/>\n<meta name=\"twitter:card\" content=\"summary_large_image\" \/>\n<meta name=\"twitter:label1\" content=\"Escrito por\" \/>\n\t<meta name=\"twitter:data1\" content=\"Carlos Cantor\" \/>\n\t<meta name=\"twitter:label2\" content=\"Tiempo de lectura\" \/>\n\t<meta name=\"twitter:data2\" content=\"3 minutos\" \/>\n<script type=\"application\/ld+json\" class=\"yoast-schema-graph\">{\"@context\":\"https:\/\/schema.org\",\"@graph\":[{\"@type\":\"Article\",\"@id\":\"https:\/\/biciurba.com\/index.php\/2024\/05\/29\/algo-mas-de-41-millones-de-personas-en-zonas-costeras-de-america-latina-y-el-caribe-afectadas-por-crisis-climatica\/#article\",\"isPartOf\":{\"@id\":\"https:\/\/biciurba.com\/index.php\/2024\/05\/29\/algo-mas-de-41-millones-de-personas-en-zonas-costeras-de-america-latina-y-el-caribe-afectadas-por-crisis-climatica\/\"},\"author\":{\"name\":\"Carlos Cantor\",\"@id\":\"https:\/\/biciurba.com\/#\/schema\/person\/d9675ddf29ee982d268db0a3f239eced\"},\"headline\":\"Algo m\u00e1s de 41 millones de personas en zonas costeras de Am\u00e9rica Latina y el Caribe afectadas por crisis clim\u00e1tica\",\"datePublished\":\"2024-05-29T15:14:49+00:00\",\"dateModified\":\"2024-05-29T15:14:51+00:00\",\"mainEntityOfPage\":{\"@id\":\"https:\/\/biciurba.com\/index.php\/2024\/05\/29\/algo-mas-de-41-millones-de-personas-en-zonas-costeras-de-america-latina-y-el-caribe-afectadas-por-crisis-climatica\/\"},\"wordCount\":547,\"commentCount\":0,\"publisher\":{\"@id\":\"https:\/\/biciurba.com\/#\/schema\/person\/d9675ddf29ee982d268db0a3f239eced\"},\"image\":{\"@id\":\"https:\/\/biciurba.com\/index.php\/2024\/05\/29\/algo-mas-de-41-millones-de-personas-en-zonas-costeras-de-america-latina-y-el-caribe-afectadas-por-crisis-climatica\/#primaryimage\"},\"thumbnailUrl\":\"https:\/\/biciurba.com\/wp-content\/uploads\/2024\/05\/cuenca-del-Caribe.png\",\"articleSection\":[\"Crisis clim\u00e1tica\"],\"inLanguage\":\"es\",\"potentialAction\":[{\"@type\":\"CommentAction\",\"name\":\"Comment\",\"target\":[\"https:\/\/biciurba.com\/index.php\/2024\/05\/29\/algo-mas-de-41-millones-de-personas-en-zonas-costeras-de-america-latina-y-el-caribe-afectadas-por-crisis-climatica\/#respond\"]}]},{\"@type\":\"WebPage\",\"@id\":\"https:\/\/biciurba.com\/index.php\/2024\/05\/29\/algo-mas-de-41-millones-de-personas-en-zonas-costeras-de-america-latina-y-el-caribe-afectadas-por-crisis-climatica\/\",\"url\":\"https:\/\/biciurba.com\/index.php\/2024\/05\/29\/algo-mas-de-41-millones-de-personas-en-zonas-costeras-de-america-latina-y-el-caribe-afectadas-por-crisis-climatica\/\",\"name\":\"Algo m\u00e1s de 41 millones de personas en zonas costeras de Am\u00e9rica Latina y el Caribe afectadas por crisis clim\u00e1tica - Biciurba\",\"isPartOf\":{\"@id\":\"https:\/\/biciurba.com\/#website\"},\"primaryImageOfPage\":{\"@id\":\"https:\/\/biciurba.com\/index.php\/2024\/05\/29\/algo-mas-de-41-millones-de-personas-en-zonas-costeras-de-america-latina-y-el-caribe-afectadas-por-crisis-climatica\/#primaryimage\"},\"image\":{\"@id\":\"https:\/\/biciurba.com\/index.php\/2024\/05\/29\/algo-mas-de-41-millones-de-personas-en-zonas-costeras-de-america-latina-y-el-caribe-afectadas-por-crisis-climatica\/#primaryimage\"},\"thumbnailUrl\":\"https:\/\/biciurba.com\/wp-content\/uploads\/2024\/05\/cuenca-del-Caribe.png\",\"datePublished\":\"2024-05-29T15:14:49+00:00\",\"dateModified\":\"2024-05-29T15:14:51+00:00\",\"breadcrumb\":{\"@id\":\"https:\/\/biciurba.com\/index.php\/2024\/05\/29\/algo-mas-de-41-millones-de-personas-en-zonas-costeras-de-america-latina-y-el-caribe-afectadas-por-crisis-climatica\/#breadcrumb\"},\"inLanguage\":\"es\",\"potentialAction\":[{\"@type\":\"ReadAction\",\"target\":[\"https:\/\/biciurba.com\/index.php\/2024\/05\/29\/algo-mas-de-41-millones-de-personas-en-zonas-costeras-de-america-latina-y-el-caribe-afectadas-por-crisis-climatica\/\"]}]},{\"@type\":\"ImageObject\",\"inLanguage\":\"es\",\"@id\":\"https:\/\/biciurba.com\/index.php\/2024\/05\/29\/algo-mas-de-41-millones-de-personas-en-zonas-costeras-de-america-latina-y-el-caribe-afectadas-por-crisis-climatica\/#primaryimage\",\"url\":\"https:\/\/biciurba.com\/wp-content\/uploads\/2024\/05\/cuenca-del-Caribe.png\",\"contentUrl\":\"https:\/\/biciurba.com\/wp-content\/uploads\/2024\/05\/cuenca-del-Caribe.png\",\"width\":600,\"height\":400,\"caption\":\"Crisis clim\u00e1tica que afecta de forma especial a las islas de la cuenca del Caribe, y en todo el planeta.\"},{\"@type\":\"BreadcrumbList\",\"@id\":\"https:\/\/biciurba.com\/index.php\/2024\/05\/29\/algo-mas-de-41-millones-de-personas-en-zonas-costeras-de-america-latina-y-el-caribe-afectadas-por-crisis-climatica\/#breadcrumb\",\"itemListElement\":[{\"@type\":\"ListItem\",\"position\":1,\"name\":\"Portada\",\"item\":\"https:\/\/biciurba.com\/\"},{\"@type\":\"ListItem\",\"position\":2,\"name\":\"Algo m\u00e1s de 41 millones de personas en zonas costeras de Am\u00e9rica Latina y el Caribe afectadas por crisis clim\u00e1tica\"}]},{\"@type\":\"WebSite\",\"@id\":\"https:\/\/biciurba.com\/#website\",\"url\":\"https:\/\/biciurba.com\/\",\"name\":\"Biciurba\",\"description\":\"Una mejor manera de vivir\",\"publisher\":{\"@id\":\"https:\/\/biciurba.com\/#\/schema\/person\/d9675ddf29ee982d268db0a3f239eced\"},\"potentialAction\":[{\"@type\":\"SearchAction\",\"target\":{\"@type\":\"EntryPoint\",\"urlTemplate\":\"https:\/\/biciurba.com\/?s={search_term_string}\"},\"query-input\":{\"@type\":\"PropertyValueSpecification\",\"valueRequired\":true,\"valueName\":\"search_term_string\"}}],\"inLanguage\":\"es\"},{\"@type\":[\"Person\",\"Organization\"],\"@id\":\"https:\/\/biciurba.com\/#\/schema\/person\/d9675ddf29ee982d268db0a3f239eced\",\"name\":\"Carlos Cantor\",\"image\":{\"@type\":\"ImageObject\",\"inLanguage\":\"es\",\"@id\":\"https:\/\/biciurba.com\/#\/schema\/person\/image\/\",\"url\":\"https:\/\/biciurba.com\/wp-content\/uploads\/2024\/04\/cropped-logo-1.png\",\"contentUrl\":\"https:\/\/biciurba.com\/wp-content\/uploads\/2024\/04\/cropped-logo-1.png\",\"width\":512,\"height\":318,\"caption\":\"Carlos Cantor\"},\"logo\":{\"@id\":\"https:\/\/biciurba.com\/#\/schema\/person\/image\/\"},\"sameAs\":[\"https:\/\/biciurba.com\"],\"url\":\"https:\/\/biciurba.com\/index.php\/author\/ccantor\/\"}]}<\/script>\n<!-- \/ Yoast SEO plugin. -->","yoast_head_json":{"title":"Algo m\u00e1s de 41 millones de personas en zonas costeras de Am\u00e9rica Latina y el Caribe afectadas por crisis clim\u00e1tica - Biciurba","robots":{"index":"index","follow":"follow","max-snippet":"max-snippet:-1","max-image-preview":"max-image-preview:large","max-video-preview":"max-video-preview:-1"},"canonical":"https:\/\/biciurba.com\/index.php\/2024\/05\/29\/algo-mas-de-41-millones-de-personas-en-zonas-costeras-de-america-latina-y-el-caribe-afectadas-por-crisis-climatica\/","og_locale":"es_ES","og_type":"article","og_title":"Algo m\u00e1s de 41 millones de personas en zonas costeras de Am\u00e9rica Latina y el Caribe afectadas por crisis clim\u00e1tica - Biciurba","og_description":"Decenas de millones de personas que viven en zonas costeras de baja altitud en Am\u00e9rica Latina y el Caribe se enfrentan a las consecuencias de fen\u00f3menos meteorol\u00f3gicos extremos que amenazan sus vidas y medios de subsistencia, as\u00ed como los hospitales de los que dependen, seg\u00fan un nuevo estudio del Fondo de Poblaci\u00f3n de las Naciones [&hellip;]","og_url":"https:\/\/biciurba.com\/index.php\/2024\/05\/29\/algo-mas-de-41-millones-de-personas-en-zonas-costeras-de-america-latina-y-el-caribe-afectadas-por-crisis-climatica\/","og_site_name":"Biciurba","article_published_time":"2024-05-29T15:14:49+00:00","article_modified_time":"2024-05-29T15:14:51+00:00","og_image":[{"width":600,"height":400,"url":"https:\/\/biciurba.com\/wp-content\/uploads\/2024\/05\/cuenca-del-Caribe.png","type":"image\/png"}],"author":"Carlos Cantor","twitter_card":"summary_large_image","twitter_misc":{"Escrito por":"Carlos Cantor","Tiempo de lectura":"3 minutos"},"schema":{"@context":"https:\/\/schema.org","@graph":[{"@type":"Article","@id":"https:\/\/biciurba.com\/index.php\/2024\/05\/29\/algo-mas-de-41-millones-de-personas-en-zonas-costeras-de-america-latina-y-el-caribe-afectadas-por-crisis-climatica\/#article","isPartOf":{"@id":"https:\/\/biciurba.com\/index.php\/2024\/05\/29\/algo-mas-de-41-millones-de-personas-en-zonas-costeras-de-america-latina-y-el-caribe-afectadas-por-crisis-climatica\/"},"author":{"name":"Carlos Cantor","@id":"https:\/\/biciurba.com\/#\/schema\/person\/d9675ddf29ee982d268db0a3f239eced"},"headline":"Algo m\u00e1s de 41 millones de personas en zonas costeras de Am\u00e9rica Latina y el Caribe afectadas por crisis clim\u00e1tica","datePublished":"2024-05-29T15:14:49+00:00","dateModified":"2024-05-29T15:14:51+00:00","mainEntityOfPage":{"@id":"https:\/\/biciurba.com\/index.php\/2024\/05\/29\/algo-mas-de-41-millones-de-personas-en-zonas-costeras-de-america-latina-y-el-caribe-afectadas-por-crisis-climatica\/"},"wordCount":547,"commentCount":0,"publisher":{"@id":"https:\/\/biciurba.com\/#\/schema\/person\/d9675ddf29ee982d268db0a3f239eced"},"image":{"@id":"https:\/\/biciurba.com\/index.php\/2024\/05\/29\/algo-mas-de-41-millones-de-personas-en-zonas-costeras-de-america-latina-y-el-caribe-afectadas-por-crisis-climatica\/#primaryimage"},"thumbnailUrl":"https:\/\/biciurba.com\/wp-content\/uploads\/2024\/05\/cuenca-del-Caribe.png","articleSection":["Crisis clim\u00e1tica"],"inLanguage":"es","potentialAction":[{"@type":"CommentAction","name":"Comment","target":["https:\/\/biciurba.com\/index.php\/2024\/05\/29\/algo-mas-de-41-millones-de-personas-en-zonas-costeras-de-america-latina-y-el-caribe-afectadas-por-crisis-climatica\/#respond"]}]},{"@type":"WebPage","@id":"https:\/\/biciurba.com\/index.php\/2024\/05\/29\/algo-mas-de-41-millones-de-personas-en-zonas-costeras-de-america-latina-y-el-caribe-afectadas-por-crisis-climatica\/","url":"https:\/\/biciurba.com\/index.php\/2024\/05\/29\/algo-mas-de-41-millones-de-personas-en-zonas-costeras-de-america-latina-y-el-caribe-afectadas-por-crisis-climatica\/","name":"Algo m\u00e1s de 41 millones de personas en zonas costeras de Am\u00e9rica Latina y el Caribe afectadas por crisis clim\u00e1tica - Biciurba","isPartOf":{"@id":"https:\/\/biciurba.com\/#website"},"primaryImageOfPage":{"@id":"https:\/\/biciurba.com\/index.php\/2024\/05\/29\/algo-mas-de-41-millones-de-personas-en-zonas-costeras-de-america-latina-y-el-caribe-afectadas-por-crisis-climatica\/#primaryimage"},"image":{"@id":"https:\/\/biciurba.com\/index.php\/2024\/05\/29\/algo-mas-de-41-millones-de-personas-en-zonas-costeras-de-america-latina-y-el-caribe-afectadas-por-crisis-climatica\/#primaryimage"},"thumbnailUrl":"https:\/\/biciurba.com\/wp-content\/uploads\/2024\/05\/cuenca-del-Caribe.png","datePublished":"2024-05-29T15:14:49+00:00","dateModified":"2024-05-29T15:14:51+00:00","breadcrumb":{"@id":"https:\/\/biciurba.com\/index.php\/2024\/05\/29\/algo-mas-de-41-millones-de-personas-en-zonas-costeras-de-america-latina-y-el-caribe-afectadas-por-crisis-climatica\/#breadcrumb"},"inLanguage":"es","potentialAction":[{"@type":"ReadAction","target":["https:\/\/biciurba.com\/index.php\/2024\/05\/29\/algo-mas-de-41-millones-de-personas-en-zonas-costeras-de-america-latina-y-el-caribe-afectadas-por-crisis-climatica\/"]}]},{"@type":"ImageObject","inLanguage":"es","@id":"https:\/\/biciurba.com\/index.php\/2024\/05\/29\/algo-mas-de-41-millones-de-personas-en-zonas-costeras-de-america-latina-y-el-caribe-afectadas-por-crisis-climatica\/#primaryimage","url":"https:\/\/biciurba.com\/wp-content\/uploads\/2024\/05\/cuenca-del-Caribe.png","contentUrl":"https:\/\/biciurba.com\/wp-content\/uploads\/2024\/05\/cuenca-del-Caribe.png","width":600,"height":400,"caption":"Crisis clim\u00e1tica que afecta de forma especial a las islas de la cuenca del Caribe, y en todo el planeta."},{"@type":"BreadcrumbList","@id":"https:\/\/biciurba.com\/index.php\/2024\/05\/29\/algo-mas-de-41-millones-de-personas-en-zonas-costeras-de-america-latina-y-el-caribe-afectadas-por-crisis-climatica\/#breadcrumb","itemListElement":[{"@type":"ListItem","position":1,"name":"Portada","item":"https:\/\/biciurba.com\/"},{"@type":"ListItem","position":2,"name":"Algo m\u00e1s de 41 millones de personas en zonas costeras de Am\u00e9rica Latina y el Caribe afectadas por crisis clim\u00e1tica"}]},{"@type":"WebSite","@id":"https:\/\/biciurba.com\/#website","url":"https:\/\/biciurba.com\/","name":"Biciurba","description":"Una mejor manera de vivir","publisher":{"@id":"https:\/\/biciurba.com\/#\/schema\/person\/d9675ddf29ee982d268db0a3f239eced"},"potentialAction":[{"@type":"SearchAction","target":{"@type":"EntryPoint","urlTemplate":"https:\/\/biciurba.com\/?s={search_term_string}"},"query-input":{"@type":"PropertyValueSpecification","valueRequired":true,"valueName":"search_term_string"}}],"inLanguage":"es"},{"@type":["Person","Organization"],"@id":"https:\/\/biciurba.com\/#\/schema\/person\/d9675ddf29ee982d268db0a3f239eced","name":"Carlos Cantor","image":{"@type":"ImageObject","inLanguage":"es","@id":"https:\/\/biciurba.com\/#\/schema\/person\/image\/","url":"https:\/\/biciurba.com\/wp-content\/uploads\/2024\/04\/cropped-logo-1.png","contentUrl":"https:\/\/biciurba.com\/wp-content\/uploads\/2024\/04\/cropped-logo-1.png","width":512,"height":318,"caption":"Carlos Cantor"},"logo":{"@id":"https:\/\/biciurba.com\/#\/schema\/person\/image\/"},"sameAs":["https:\/\/biciurba.com"],"url":"https:\/\/biciurba.com\/index.php\/author\/ccantor\/"}]}},"_links":{"self":[{"href":"https:\/\/biciurba.com\/index.php\/wp-json\/wp\/v2\/posts\/562"}],"collection":[{"href":"https:\/\/biciurba.com\/index.php\/wp-json\/wp\/v2\/posts"}],"about":[{"href":"https:\/\/biciurba.com\/index.php\/wp-json\/wp\/v2\/types\/post"}],"author":[{"embeddable":true,"href":"https:\/\/biciurba.com\/index.php\/wp-json\/wp\/v2\/users\/1"}],"replies":[{"embeddable":true,"href":"https:\/\/biciurba.com\/index.php\/wp-json\/wp\/v2\/comments?post=562"}],"version-history":[{"count":1,"href":"https:\/\/biciurba.com\/index.php\/wp-json\/wp\/v2\/posts\/562\/revisions"}],"predecessor-version":[{"id":564,"href":"https:\/\/biciurba.com\/index.php\/wp-json\/wp\/v2\/posts\/562\/revisions\/564"}],"wp:featuredmedia":[{"embeddable":true,"href":"https:\/\/biciurba.com\/index.php\/wp-json\/wp\/v2\/media\/563"}],"wp:attachment":[{"href":"https:\/\/biciurba.com\/index.php\/wp-json\/wp\/v2\/media?parent=562"}],"wp:term":[{"taxonomy":"category","embeddable":true,"href":"https:\/\/biciurba.com\/index.php\/wp-json\/wp\/v2\/categories?post=562"},{"taxonomy":"post_tag","embeddable":true,"href":"https:\/\/biciurba.com\/index.php\/wp-json\/wp\/v2\/tags?post=562"}],"curies":[{"name":"wp","href":"https:\/\/api.w.org\/{rel}","templated":true}]}}