{"id":568,"date":"2024-05-30T11:26:36","date_gmt":"2024-05-30T16:26:36","guid":{"rendered":"https:\/\/biciurba.com\/?p=568"},"modified":"2024-06-27T15:01:33","modified_gmt":"2024-06-27T20:01:33","slug":"agricultura-urbana-respuestas-a-la-crisis-climatica-alimentaria-y-social","status":"publish","type":"post","link":"https:\/\/biciurba.com\/index.php\/2024\/05\/30\/agricultura-urbana-respuestas-a-la-crisis-climatica-alimentaria-y-social\/","title":{"rendered":"Agricultura urbana, respuestas a la crisis clim\u00e1tica, alimentaria y social"},"content":{"rendered":"\n<p>Siempre es mejor conversar cuando lo hacemos alrededor de una buena mesa, y es all\u00ed donde entendemos que para disfrutar la vida en plenitud es mejor hacerlo con otros.  Desde esa perspectiva la Agricultura Urbana rompe esquemas de individualismo y fomenta la cercan\u00eda, amistad y la vida representada en las plantas que se cultivan y despu\u00e9s se disfrutan en la mesa.<\/p>\n\n\n\n<p>Con el  Ing. Edgar Hern\u00e1n Lara conversamos   sobre este escenario social muy interesante y flexible donde podemos encontrar caminos de integraci\u00f3n y que modifican conductas radicalmente individualistas, por otras m\u00e1s humanas, cercanas y todo alrededor de cultivos comestibles. Bienvenidos a este Podcasts en BiciUrba<\/p>\n\n\n\n<figure class=\"wp-block-embed is-type-rich is-provider-spotify wp-block-embed-spotify wp-embed-aspect-21-9 wp-has-aspect-ratio\"><div class=\"wp-block-embed__wrapper\">\n<iframe title=\"Spotify Embed: Cap\u00edtulo 2: Agricultura urbana, respuestas a la crisis clim\u00e1tica, alimentaria y social\" style=\"border-radius: 12px\" width=\"100%\" height=\"152\" frameborder=\"0\" allowfullscreen allow=\"autoplay; clipboard-write; encrypted-media; fullscreen; picture-in-picture\" loading=\"lazy\" src=\"https:\/\/open.spotify.com\/embed\/episode\/6E34UsP9kt2EyjUzqTUtIR?si=xLUDMEQrQfCFkKHvWNlItQ&#038;utm_source=oembed\"><\/iframe>\n<\/div><\/figure>\n","protected":false},"excerpt":{"rendered":"<p>Siempre es mejor conversar cuando lo hacemos alrededor de una buena mesa, y es all\u00ed donde entendemos que para disfrutar la vida en plenitud es mejor hacerlo con otros. Desde esa perspectiva la Agricultura Urbana rompe esquemas de individualismo y fomenta la cercan\u00eda, amistad y la vida representada en las plantas que se cultivan y [&hellip;]<\/p>\n","protected":false},"author":1,"featured_media":542,"comment_status":"open","ping_status":"open","sticky":false,"template":"","format":"standard","meta":{"footnotes":""},"categories":[51],"tags":[],"class_list":["post-568","post","type-post","status-publish","format-standard","has-post-thumbnail","hentry","category-podcast-biciurba"],"yoast_head":"<!-- This site is optimized with the Yoast SEO plugin v23.9 - https:\/\/yoast.com\/wordpress\/plugins\/seo\/ -->\n<title>Agricultura urbana, respuestas a la crisis clim\u00e1tica, alimentaria y social - Biciurba<\/title>\n<meta name=\"robots\" content=\"index, follow, max-snippet:-1, max-image-preview:large, max-video-preview:-1\" \/>\n<link rel=\"canonical\" href=\"https:\/\/biciurba.com\/index.php\/2024\/05\/30\/agricultura-urbana-respuestas-a-la-crisis-climatica-alimentaria-y-social\/\" \/>\n<meta property=\"og:locale\" content=\"es_ES\" \/>\n<meta property=\"og:type\" content=\"article\" \/>\n<meta property=\"og:title\" content=\"Agricultura urbana, respuestas a la crisis clim\u00e1tica, alimentaria y social - Biciurba\" \/>\n<meta property=\"og:description\" content=\"Siempre es mejor conversar cuando lo hacemos alrededor de una buena mesa, y es all\u00ed donde entendemos que para disfrutar la vida en plenitud es mejor hacerlo con otros. Desde esa perspectiva la Agricultura Urbana rompe esquemas de individualismo y fomenta la cercan\u00eda, amistad y la vida representada en las plantas que se cultivan y [&hellip;]\" \/>\n<meta property=\"og:url\" content=\"https:\/\/biciurba.com\/index.php\/2024\/05\/30\/agricultura-urbana-respuestas-a-la-crisis-climatica-alimentaria-y-social\/\" \/>\n<meta property=\"og:site_name\" content=\"Biciurba\" \/>\n<meta property=\"article:published_time\" content=\"2024-05-30T16:26:36+00:00\" \/>\n<meta property=\"article:modified_time\" content=\"2024-06-27T20:01:33+00:00\" \/>\n<meta property=\"og:image\" content=\"https:\/\/biciurba.com\/wp-content\/uploads\/2024\/05\/podcast-logo.png\" \/>\n\t<meta property=\"og:image:width\" content=\"600\" \/>\n\t<meta property=\"og:image:height\" content=\"400\" \/>\n\t<meta property=\"og:image:type\" content=\"image\/png\" \/>\n<meta name=\"author\" content=\"Carlos Cantor\" \/>\n<meta name=\"twitter:card\" content=\"summary_large_image\" \/>\n<meta name=\"twitter:label1\" content=\"Escrito por\" \/>\n\t<meta name=\"twitter:data1\" content=\"Carlos Cantor\" \/>\n\t<meta name=\"twitter:label2\" content=\"Tiempo de lectura\" \/>\n\t<meta name=\"twitter:data2\" content=\"1 minuto\" \/>\n<script type=\"application\/ld+json\" class=\"yoast-schema-graph\">{\"@context\":\"https:\/\/schema.org\",\"@graph\":[{\"@type\":\"Article\",\"@id\":\"https:\/\/biciurba.com\/index.php\/2024\/05\/30\/agricultura-urbana-respuestas-a-la-crisis-climatica-alimentaria-y-social\/#article\",\"isPartOf\":{\"@id\":\"https:\/\/biciurba.com\/index.php\/2024\/05\/30\/agricultura-urbana-respuestas-a-la-crisis-climatica-alimentaria-y-social\/\"},\"author\":{\"name\":\"Carlos Cantor\",\"@id\":\"https:\/\/biciurba.com\/#\/schema\/person\/d9675ddf29ee982d268db0a3f239eced\"},\"headline\":\"Agricultura urbana, respuestas a la crisis clim\u00e1tica, alimentaria y social\",\"datePublished\":\"2024-05-30T16:26:36+00:00\",\"dateModified\":\"2024-06-27T20:01:33+00:00\",\"mainEntityOfPage\":{\"@id\":\"https:\/\/biciurba.com\/index.php\/2024\/05\/30\/agricultura-urbana-respuestas-a-la-crisis-climatica-alimentaria-y-social\/\"},\"wordCount\":132,\"commentCount\":1,\"publisher\":{\"@id\":\"https:\/\/biciurba.com\/#\/schema\/person\/d9675ddf29ee982d268db0a3f239eced\"},\"image\":{\"@id\":\"https:\/\/biciurba.com\/index.php\/2024\/05\/30\/agricultura-urbana-respuestas-a-la-crisis-climatica-alimentaria-y-social\/#primaryimage\"},\"thumbnailUrl\":\"https:\/\/biciurba.com\/wp-content\/uploads\/2024\/05\/podcast-logo.png\",\"articleSection\":[\"Podcast\"],\"inLanguage\":\"es\",\"potentialAction\":[{\"@type\":\"CommentAction\",\"name\":\"Comment\",\"target\":[\"https:\/\/biciurba.com\/index.php\/2024\/05\/30\/agricultura-urbana-respuestas-a-la-crisis-climatica-alimentaria-y-social\/#respond\"]}]},{\"@type\":\"WebPage\",\"@id\":\"https:\/\/biciurba.com\/index.php\/2024\/05\/30\/agricultura-urbana-respuestas-a-la-crisis-climatica-alimentaria-y-social\/\",\"url\":\"https:\/\/biciurba.com\/index.php\/2024\/05\/30\/agricultura-urbana-respuestas-a-la-crisis-climatica-alimentaria-y-social\/\",\"name\":\"Agricultura urbana, respuestas a la crisis clim\u00e1tica, alimentaria y social - Biciurba\",\"isPartOf\":{\"@id\":\"https:\/\/biciurba.com\/#website\"},\"primaryImageOfPage\":{\"@id\":\"https:\/\/biciurba.com\/index.php\/2024\/05\/30\/agricultura-urbana-respuestas-a-la-crisis-climatica-alimentaria-y-social\/#primaryimage\"},\"image\":{\"@id\":\"https:\/\/biciurba.com\/index.php\/2024\/05\/30\/agricultura-urbana-respuestas-a-la-crisis-climatica-alimentaria-y-social\/#primaryimage\"},\"thumbnailUrl\":\"https:\/\/biciurba.com\/wp-content\/uploads\/2024\/05\/podcast-logo.png\",\"datePublished\":\"2024-05-30T16:26:36+00:00\",\"dateModified\":\"2024-06-27T20:01:33+00:00\",\"breadcrumb\":{\"@id\":\"https:\/\/biciurba.com\/index.php\/2024\/05\/30\/agricultura-urbana-respuestas-a-la-crisis-climatica-alimentaria-y-social\/#breadcrumb\"},\"inLanguage\":\"es\",\"potentialAction\":[{\"@type\":\"ReadAction\",\"target\":[\"https:\/\/biciurba.com\/index.php\/2024\/05\/30\/agricultura-urbana-respuestas-a-la-crisis-climatica-alimentaria-y-social\/\"]}]},{\"@type\":\"ImageObject\",\"inLanguage\":\"es\",\"@id\":\"https:\/\/biciurba.com\/index.php\/2024\/05\/30\/agricultura-urbana-respuestas-a-la-crisis-climatica-alimentaria-y-social\/#primaryimage\",\"url\":\"https:\/\/biciurba.com\/wp-content\/uploads\/2024\/05\/podcast-logo.png\",\"contentUrl\":\"https:\/\/biciurba.com\/wp-content\/uploads\/2024\/05\/podcast-logo.png\",\"width\":600,\"height\":400},{\"@type\":\"BreadcrumbList\",\"@id\":\"https:\/\/biciurba.com\/index.php\/2024\/05\/30\/agricultura-urbana-respuestas-a-la-crisis-climatica-alimentaria-y-social\/#breadcrumb\",\"itemListElement\":[{\"@type\":\"ListItem\",\"position\":1,\"name\":\"Portada\",\"item\":\"https:\/\/biciurba.com\/\"},{\"@type\":\"ListItem\",\"position\":2,\"name\":\"Agricultura urbana, respuestas a la crisis clim\u00e1tica, alimentaria y social\"}]},{\"@type\":\"WebSite\",\"@id\":\"https:\/\/biciurba.com\/#website\",\"url\":\"https:\/\/biciurba.com\/\",\"name\":\"Biciurba\",\"description\":\"Una mejor manera de vivir\",\"publisher\":{\"@id\":\"https:\/\/biciurba.com\/#\/schema\/person\/d9675ddf29ee982d268db0a3f239eced\"},\"potentialAction\":[{\"@type\":\"SearchAction\",\"target\":{\"@type\":\"EntryPoint\",\"urlTemplate\":\"https:\/\/biciurba.com\/?s={search_term_string}\"},\"query-input\":{\"@type\":\"PropertyValueSpecification\",\"valueRequired\":true,\"valueName\":\"search_term_string\"}}],\"inLanguage\":\"es\"},{\"@type\":[\"Person\",\"Organization\"],\"@id\":\"https:\/\/biciurba.com\/#\/schema\/person\/d9675ddf29ee982d268db0a3f239eced\",\"name\":\"Carlos Cantor\",\"image\":{\"@type\":\"ImageObject\",\"inLanguage\":\"es\",\"@id\":\"https:\/\/biciurba.com\/#\/schema\/person\/image\/\",\"url\":\"https:\/\/biciurba.com\/wp-content\/uploads\/2024\/04\/cropped-logo-1.png\",\"contentUrl\":\"https:\/\/biciurba.com\/wp-content\/uploads\/2024\/04\/cropped-logo-1.png\",\"width\":512,\"height\":318,\"caption\":\"Carlos Cantor\"},\"logo\":{\"@id\":\"https:\/\/biciurba.com\/#\/schema\/person\/image\/\"},\"sameAs\":[\"https:\/\/biciurba.com\"],\"url\":\"https:\/\/biciurba.com\/index.php\/author\/ccantor\/\"}]}<\/script>\n<!-- \/ Yoast SEO plugin. -->","yoast_head_json":{"title":"Agricultura urbana, respuestas a la crisis clim\u00e1tica, alimentaria y social - Biciurba","robots":{"index":"index","follow":"follow","max-snippet":"max-snippet:-1","max-image-preview":"max-image-preview:large","max-video-preview":"max-video-preview:-1"},"canonical":"https:\/\/biciurba.com\/index.php\/2024\/05\/30\/agricultura-urbana-respuestas-a-la-crisis-climatica-alimentaria-y-social\/","og_locale":"es_ES","og_type":"article","og_title":"Agricultura urbana, respuestas a la crisis clim\u00e1tica, alimentaria y social - Biciurba","og_description":"Siempre es mejor conversar cuando lo hacemos alrededor de una buena mesa, y es all\u00ed donde entendemos que para disfrutar la vida en plenitud es mejor hacerlo con otros. Desde esa perspectiva la Agricultura Urbana rompe esquemas de individualismo y fomenta la cercan\u00eda, amistad y la vida representada en las plantas que se cultivan y [&hellip;]","og_url":"https:\/\/biciurba.com\/index.php\/2024\/05\/30\/agricultura-urbana-respuestas-a-la-crisis-climatica-alimentaria-y-social\/","og_site_name":"Biciurba","article_published_time":"2024-05-30T16:26:36+00:00","article_modified_time":"2024-06-27T20:01:33+00:00","og_image":[{"width":600,"height":400,"url":"https:\/\/biciurba.com\/wp-content\/uploads\/2024\/05\/podcast-logo.png","type":"image\/png"}],"author":"Carlos Cantor","twitter_card":"summary_large_image","twitter_misc":{"Escrito por":"Carlos Cantor","Tiempo de lectura":"1 minuto"},"schema":{"@context":"https:\/\/schema.org","@graph":[{"@type":"Article","@id":"https:\/\/biciurba.com\/index.php\/2024\/05\/30\/agricultura-urbana-respuestas-a-la-crisis-climatica-alimentaria-y-social\/#article","isPartOf":{"@id":"https:\/\/biciurba.com\/index.php\/2024\/05\/30\/agricultura-urbana-respuestas-a-la-crisis-climatica-alimentaria-y-social\/"},"author":{"name":"Carlos Cantor","@id":"https:\/\/biciurba.com\/#\/schema\/person\/d9675ddf29ee982d268db0a3f239eced"},"headline":"Agricultura urbana, respuestas a la crisis clim\u00e1tica, alimentaria y social","datePublished":"2024-05-30T16:26:36+00:00","dateModified":"2024-06-27T20:01:33+00:00","mainEntityOfPage":{"@id":"https:\/\/biciurba.com\/index.php\/2024\/05\/30\/agricultura-urbana-respuestas-a-la-crisis-climatica-alimentaria-y-social\/"},"wordCount":132,"commentCount":1,"publisher":{"@id":"https:\/\/biciurba.com\/#\/schema\/person\/d9675ddf29ee982d268db0a3f239eced"},"image":{"@id":"https:\/\/biciurba.com\/index.php\/2024\/05\/30\/agricultura-urbana-respuestas-a-la-crisis-climatica-alimentaria-y-social\/#primaryimage"},"thumbnailUrl":"https:\/\/biciurba.com\/wp-content\/uploads\/2024\/05\/podcast-logo.png","articleSection":["Podcast"],"inLanguage":"es","potentialAction":[{"@type":"CommentAction","name":"Comment","target":["https:\/\/biciurba.com\/index.php\/2024\/05\/30\/agricultura-urbana-respuestas-a-la-crisis-climatica-alimentaria-y-social\/#respond"]}]},{"@type":"WebPage","@id":"https:\/\/biciurba.com\/index.php\/2024\/05\/30\/agricultura-urbana-respuestas-a-la-crisis-climatica-alimentaria-y-social\/","url":"https:\/\/biciurba.com\/index.php\/2024\/05\/30\/agricultura-urbana-respuestas-a-la-crisis-climatica-alimentaria-y-social\/","name":"Agricultura urbana, respuestas a la crisis clim\u00e1tica, alimentaria y social - Biciurba","isPartOf":{"@id":"https:\/\/biciurba.com\/#website"},"primaryImageOfPage":{"@id":"https:\/\/biciurba.com\/index.php\/2024\/05\/30\/agricultura-urbana-respuestas-a-la-crisis-climatica-alimentaria-y-social\/#primaryimage"},"image":{"@id":"https:\/\/biciurba.com\/index.php\/2024\/05\/30\/agricultura-urbana-respuestas-a-la-crisis-climatica-alimentaria-y-social\/#primaryimage"},"thumbnailUrl":"https:\/\/biciurba.com\/wp-content\/uploads\/2024\/05\/podcast-logo.png","datePublished":"2024-05-30T16:26:36+00:00","dateModified":"2024-06-27T20:01:33+00:00","breadcrumb":{"@id":"https:\/\/biciurba.com\/index.php\/2024\/05\/30\/agricultura-urbana-respuestas-a-la-crisis-climatica-alimentaria-y-social\/#breadcrumb"},"inLanguage":"es","potentialAction":[{"@type":"ReadAction","target":["https:\/\/biciurba.com\/index.php\/2024\/05\/30\/agricultura-urbana-respuestas-a-la-crisis-climatica-alimentaria-y-social\/"]}]},{"@type":"ImageObject","inLanguage":"es","@id":"https:\/\/biciurba.com\/index.php\/2024\/05\/30\/agricultura-urbana-respuestas-a-la-crisis-climatica-alimentaria-y-social\/#primaryimage","url":"https:\/\/biciurba.com\/wp-content\/uploads\/2024\/05\/podcast-logo.png","contentUrl":"https:\/\/biciurba.com\/wp-content\/uploads\/2024\/05\/podcast-logo.png","width":600,"height":400},{"@type":"BreadcrumbList","@id":"https:\/\/biciurba.com\/index.php\/2024\/05\/30\/agricultura-urbana-respuestas-a-la-crisis-climatica-alimentaria-y-social\/#breadcrumb","itemListElement":[{"@type":"ListItem","position":1,"name":"Portada","item":"https:\/\/biciurba.com\/"},{"@type":"ListItem","position":2,"name":"Agricultura urbana, respuestas a la crisis clim\u00e1tica, alimentaria y social"}]},{"@type":"WebSite","@id":"https:\/\/biciurba.com\/#website","url":"https:\/\/biciurba.com\/","name":"Biciurba","description":"Una mejor manera de vivir","publisher":{"@id":"https:\/\/biciurba.com\/#\/schema\/person\/d9675ddf29ee982d268db0a3f239eced"},"potentialAction":[{"@type":"SearchAction","target":{"@type":"EntryPoint","urlTemplate":"https:\/\/biciurba.com\/?s={search_term_string}"},"query-input":{"@type":"PropertyValueSpecification","valueRequired":true,"valueName":"search_term_string"}}],"inLanguage":"es"},{"@type":["Person","Organization"],"@id":"https:\/\/biciurba.com\/#\/schema\/person\/d9675ddf29ee982d268db0a3f239eced","name":"Carlos Cantor","image":{"@type":"ImageObject","inLanguage":"es","@id":"https:\/\/biciurba.com\/#\/schema\/person\/image\/","url":"https:\/\/biciurba.com\/wp-content\/uploads\/2024\/04\/cropped-logo-1.png","contentUrl":"https:\/\/biciurba.com\/wp-content\/uploads\/2024\/04\/cropped-logo-1.png","width":512,"height":318,"caption":"Carlos Cantor"},"logo":{"@id":"https:\/\/biciurba.com\/#\/schema\/person\/image\/"},"sameAs":["https:\/\/biciurba.com"],"url":"https:\/\/biciurba.com\/index.php\/author\/ccantor\/"}]}},"_links":{"self":[{"href":"https:\/\/biciurba.com\/index.php\/wp-json\/wp\/v2\/posts\/568"}],"collection":[{"href":"https:\/\/biciurba.com\/index.php\/wp-json\/wp\/v2\/posts"}],"about":[{"href":"https:\/\/biciurba.com\/index.php\/wp-json\/wp\/v2\/types\/post"}],"author":[{"embeddable":true,"href":"https:\/\/biciurba.com\/index.php\/wp-json\/wp\/v2\/users\/1"}],"replies":[{"embeddable":true,"href":"https:\/\/biciurba.com\/index.php\/wp-json\/wp\/v2\/comments?post=568"}],"version-history":[{"count":3,"href":"https:\/\/biciurba.com\/index.php\/wp-json\/wp\/v2\/posts\/568\/revisions"}],"predecessor-version":[{"id":741,"href":"https:\/\/biciurba.com\/index.php\/wp-json\/wp\/v2\/posts\/568\/revisions\/741"}],"wp:featuredmedia":[{"embeddable":true,"href":"https:\/\/biciurba.com\/index.php\/wp-json\/wp\/v2\/media\/542"}],"wp:attachment":[{"href":"https:\/\/biciurba.com\/index.php\/wp-json\/wp\/v2\/media?parent=568"}],"wp:term":[{"taxonomy":"category","embeddable":true,"href":"https:\/\/biciurba.com\/index.php\/wp-json\/wp\/v2\/categories?post=568"},{"taxonomy":"post_tag","embeddable":true,"href":"https:\/\/biciurba.com\/index.php\/wp-json\/wp\/v2\/tags?post=568"}],"curies":[{"name":"wp","href":"https:\/\/api.w.org\/{rel}","templated":true}]}}