{"id":573,"date":"2024-05-31T10:02:26","date_gmt":"2024-05-31T15:02:26","guid":{"rendered":"https:\/\/biciurba.com\/?p=573"},"modified":"2024-05-31T10:02:28","modified_gmt":"2024-05-31T15:02:28","slug":"un-cafe-es-mucho-mas-que-una-deliciosa-bebida-mundial","status":"publish","type":"post","link":"https:\/\/biciurba.com\/index.php\/2024\/05\/31\/un-cafe-es-mucho-mas-que-una-deliciosa-bebida-mundial\/","title":{"rendered":"Un caf\u00e9 es mucho m\u00e1s que una deliciosa bebida mundial"},"content":{"rendered":"\n<p>Hace unos d\u00edas me encontr\u00e9 con una amiga muy querida, argentina por dem\u00e1s. La invite a disfrutar un caf\u00e9 colombiano  en un delicioso lugar que te lleva al gusto del aroma, del sabor, del dise\u00f1o que encierra una taza de caf\u00e9 negro.<\/p>\n\n\n\n<p>Y es que las cafeter\u00edas, como las denominamos en Colombia, el pa\u00eds cafetero por excelencia, se han transformado en lugares cosmopolitas en donde es posible  disfrutar de m\u00fasica en vivo rodeado de belleza, dise\u00f1os que van desde lo minimalista a lo vintage, y con el tiempo, se van distinguiendo por una oferta gastron\u00f3mica interesante, pero el eje sigue siendo el caf\u00e9.<\/p>\n\n\n\n<p>El lugar en cuesti\u00f3n ofrece una m\u00fasica espectacular, suave, a penas te toca y permite la conversaci\u00f3n sin interrupciones. La oferta de caf\u00e9, indescriptible. Del b\u00e1sico del Eje Cafetero a especiales de Cundinamarca, Tolima, Sierra Nevada y del sur del pa\u00eds. Cada grado del tostao nos lleva a placeres del paladar como nunca hab\u00eda disfrutado. Y el aroma, o el bouquet como dir\u00edan los especialistas en los vinos, mi acompa\u00f1ante lo es y se intriga a\u00fan m\u00e1s, si bien es cierto Buenos Aires, Mendoza o C\u00f3rdoba tienen lugares reconocidos para un buen caf\u00e9, en este caso el barista del lugar le dio otra dimensi\u00f3n a la bebida que disfrutaba.<\/p>\n\n\n\n<p>Y son ellos, los especialistas en preparar, mezclar, descubrir nuevas alternativas a nuestro caf\u00e9 los que logran un sello muy personal a la oferta y al lugar. Se podr\u00edan comparar con un chef. Un barista debe dominar una variedad de m\u00e9todos de preparaci\u00f3n, desde el espresso hasta el pour-over, la prensa francesa, el aeropress, entre otros. Sabe operar y mantener equipos como m\u00e1quinas de espresso, molinos y otros accesorios cruciales  para asegurar la calidad constante del caf\u00e9, adem\u00e1s es un conocedor sobre los diferentes tipos de granos de caf\u00e9, sus or\u00edgenes y c\u00f3mo estos factores afectan el sabor.<\/p>\n\n\n\n<p>Entender c\u00f3mo el proceso de tostado afecta el sabor y el color del caf\u00e9 y poder explicar estas diferencias a los clientes es una habilidad valiosa. Adem\u00e1s son maestros  para crear una microespuma perfecta, que es esencial para el espresso. Crear dise\u00f1os atractivos en la superficie de las bebidas no solo muestra habilidad t\u00e9cnica sino que tambi\u00e9n  es alegr\u00eda y sorpresa en la experiencia del cliente. Y en nuestro caso, no fue un personaje alejado por un mostrador, estuvo con nosotros y nos sugiri\u00f3 combinaciones basadas en nuestros gustos individuales  al igual que nos invit\u00f3 a explorar la maravilla de sabores y aromas.<\/p>\n\n\n\n<p>Todos bebemos caf\u00e9 al d\u00eda, pero cu\u00e1ntas veces nos ponemos realmente a deleitarnos con esta bebida. Muchas veces lo hacemos mec\u00e1nicamente, especialmente en el trabajo, de carreras sin siquiera apreciar las diferencias de sabores y hasta texturas porque no es simplemente agua caliente.<\/p>\n\n\n\n<p>Volviendo al lugar, ya no son esas cafeter\u00edas de af\u00e1n, ahora se crean ambientes donde puedes pasar horas y horas, porque para las nuevos profesionales el coworking genera espacios para que la gente pueda trabajar remotamente, convirti\u00e9ndose en oficinas improvisadas. Y junto al caf\u00e9, la oferta de acompa\u00f1antes es infinita. Del simple emparedado de queso, a exquisiteces de bizcocher\u00eda y panader\u00eda. Del m\u00e1s refinado paladar a la persona desprevenida que solo entra, precisamente en esas carreras del d\u00eda a d\u00eda, y se lleva en un vaso reciclable su bebida. Ahora estos sitios son otra cosa, m\u00e1s cosmopolitas, m\u00e1s urbanos, m\u00e1s necesarios para tomar una pausa, compartir una conversaci\u00f3n  o trabajar.<\/p>\n\n\n\n<p>Y ella me pregunta c\u00f3mo se debe beber un buen caf\u00e9. En mi experiencia de a\u00f1os, lo primero tomarlo tibio, que te permite saborearlo, pasarlo por toda la boca, las papilas gustativas , y antes y despu\u00e9s, apreciar su aroma. Eso s\u00ed, jam\u00e1s, jam\u00e1s agregarle az\u00facar o endulzantes, eso es un pecado capital, porque esconde el verdadero sabor y aroma del caf\u00e9. Con el tiempo encontrar\u00e1 que no viene solo, trae rasgos del sitio donde lo cultivaron, del tipo de planta, para mi el mejor el cl\u00e1sico ar\u00e1bigo, que ha estado sombreado por c\u00edtricos, en lugares monta\u00f1osos, por ejemplo, en la regi\u00f3n de Viot\u00e1 en Cundinamarca, es un delicia. <\/p>\n\n\n\n<p>Algunos llegar a tener sugerentes sabores de flores, y en general los que han sido cultivados en sombr\u00edo con otras plantas que ofrecen sus frutos le dan un toque espectacular. Mi amiga  me comentaba que son como los vinos, todo depende de lo que acompa\u00f1e el vi\u00f1edo, las barricas de maduraci\u00f3n y el tiempo, adem\u00e1s que los hay de reserva o de consumo inmediato, est\u015b \u00faltimos no dan m\u00e1s y ya de por si estan bien para beber.<\/p>\n\n\n\n<p>Con el caf\u00e9 pasa algo parecido. No hay necesidad de\u00bba\u00f1ejar\u00bb los granos tostados y molidos, m\u00e1s por el contrario se disfruta de una buena vez. Por ahora seguiremos gozando del lugar, de los aromas cafeteros, de la bizcocher\u00eda, de la decoraci\u00f3n y de la m\u00fasica, que para que se den idea les dejo esta hermosa canci\u00f3n que escuchamos en el lugar. Por ahora los invito a disfrutar de esa maravillosa bebida universal, que en nuestro pa\u00eds es m\u00e1s que una tradici\u00f3n, es nuestro orgullo en sabor y placer al paladar.<\/p>\n\n\n\n<figure class=\"wp-block-audio\"><audio controls src=\"https:\/\/biciurba.com\/wp-content\/uploads\/2024\/05\/Baubles-Bangles-And-Beads-Eliane-Elias.mp3\"><\/audio><\/figure>\n","protected":false},"excerpt":{"rendered":"<p>Hace unos d\u00edas me encontr\u00e9 con una amiga muy querida, argentina por dem\u00e1s. La invite a disfrutar un caf\u00e9 colombiano en un delicioso lugar que te lleva al gusto del aroma, del sabor, del dise\u00f1o que encierra una taza de caf\u00e9 negro. Y es que las cafeter\u00edas, como las denominamos en Colombia, el pa\u00eds cafetero [&hellip;]<\/p>\n","protected":false},"author":1,"featured_media":575,"comment_status":"open","ping_status":"open","sticky":false,"template":"","format":"standard","meta":{"footnotes":""},"categories":[50],"tags":[276,274,275,277],"class_list":["post-573","post","type-post","status-publish","format-standard","has-post-thumbnail","hentry","category-salud-y-bienestar","tag-baristas","tag-cafe-de-colombia","tag-cafeterias","tag-coworking"],"yoast_head":"<!-- This site is optimized with the Yoast SEO plugin v23.9 - https:\/\/yoast.com\/wordpress\/plugins\/seo\/ -->\n<title>Un caf\u00e9 es mucho m\u00e1s que una deliciosa bebida mundial - Biciurba<\/title>\n<meta name=\"robots\" content=\"index, follow, max-snippet:-1, max-image-preview:large, max-video-preview:-1\" \/>\n<link rel=\"canonical\" href=\"https:\/\/biciurba.com\/index.php\/2024\/05\/31\/un-cafe-es-mucho-mas-que-una-deliciosa-bebida-mundial\/\" \/>\n<meta property=\"og:locale\" content=\"es_ES\" \/>\n<meta property=\"og:type\" content=\"article\" \/>\n<meta property=\"og:title\" content=\"Un caf\u00e9 es mucho m\u00e1s que una deliciosa bebida mundial - Biciurba\" \/>\n<meta property=\"og:description\" content=\"Hace unos d\u00edas me encontr\u00e9 con una amiga muy querida, argentina por dem\u00e1s. La invite a disfrutar un caf\u00e9 colombiano en un delicioso lugar que te lleva al gusto del aroma, del sabor, del dise\u00f1o que encierra una taza de caf\u00e9 negro. Y es que las cafeter\u00edas, como las denominamos en Colombia, el pa\u00eds cafetero [&hellip;]\" \/>\n<meta property=\"og:url\" content=\"https:\/\/biciurba.com\/index.php\/2024\/05\/31\/un-cafe-es-mucho-mas-que-una-deliciosa-bebida-mundial\/\" \/>\n<meta property=\"og:site_name\" content=\"Biciurba\" \/>\n<meta property=\"article:published_time\" content=\"2024-05-31T15:02:26+00:00\" \/>\n<meta property=\"article:modified_time\" content=\"2024-05-31T15:02:28+00:00\" \/>\n<meta property=\"og:image\" content=\"https:\/\/biciurba.com\/wp-content\/uploads\/2024\/05\/cafeteria.png\" \/>\n\t<meta property=\"og:image:width\" content=\"600\" \/>\n\t<meta property=\"og:image:height\" content=\"400\" \/>\n\t<meta property=\"og:image:type\" content=\"image\/png\" \/>\n<meta name=\"author\" content=\"Carlos Cantor\" \/>\n<meta name=\"twitter:card\" content=\"summary_large_image\" \/>\n<meta name=\"twitter:label1\" content=\"Escrito por\" \/>\n\t<meta name=\"twitter:data1\" content=\"Carlos Cantor\" \/>\n\t<meta name=\"twitter:label2\" content=\"Tiempo de lectura\" \/>\n\t<meta name=\"twitter:data2\" content=\"5 minutos\" \/>\n<script type=\"application\/ld+json\" class=\"yoast-schema-graph\">{\"@context\":\"https:\/\/schema.org\",\"@graph\":[{\"@type\":\"Article\",\"@id\":\"https:\/\/biciurba.com\/index.php\/2024\/05\/31\/un-cafe-es-mucho-mas-que-una-deliciosa-bebida-mundial\/#article\",\"isPartOf\":{\"@id\":\"https:\/\/biciurba.com\/index.php\/2024\/05\/31\/un-cafe-es-mucho-mas-que-una-deliciosa-bebida-mundial\/\"},\"author\":{\"name\":\"Carlos Cantor\",\"@id\":\"https:\/\/biciurba.com\/#\/schema\/person\/d9675ddf29ee982d268db0a3f239eced\"},\"headline\":\"Un caf\u00e9 es mucho m\u00e1s que una deliciosa bebida mundial\",\"datePublished\":\"2024-05-31T15:02:26+00:00\",\"dateModified\":\"2024-05-31T15:02:28+00:00\",\"mainEntityOfPage\":{\"@id\":\"https:\/\/biciurba.com\/index.php\/2024\/05\/31\/un-cafe-es-mucho-mas-que-una-deliciosa-bebida-mundial\/\"},\"wordCount\":929,\"commentCount\":1,\"publisher\":{\"@id\":\"https:\/\/biciurba.com\/#\/schema\/person\/d9675ddf29ee982d268db0a3f239eced\"},\"image\":{\"@id\":\"https:\/\/biciurba.com\/index.php\/2024\/05\/31\/un-cafe-es-mucho-mas-que-una-deliciosa-bebida-mundial\/#primaryimage\"},\"thumbnailUrl\":\"https:\/\/biciurba.com\/wp-content\/uploads\/2024\/05\/cafeteria.png\",\"keywords\":[\"Baristas\",\"caf\u00e9 de Colombia\",\"Cafeterias\",\"Coworking\"],\"articleSection\":[\"Vida Buena\"],\"inLanguage\":\"es\",\"potentialAction\":[{\"@type\":\"CommentAction\",\"name\":\"Comment\",\"target\":[\"https:\/\/biciurba.com\/index.php\/2024\/05\/31\/un-cafe-es-mucho-mas-que-una-deliciosa-bebida-mundial\/#respond\"]}]},{\"@type\":\"WebPage\",\"@id\":\"https:\/\/biciurba.com\/index.php\/2024\/05\/31\/un-cafe-es-mucho-mas-que-una-deliciosa-bebida-mundial\/\",\"url\":\"https:\/\/biciurba.com\/index.php\/2024\/05\/31\/un-cafe-es-mucho-mas-que-una-deliciosa-bebida-mundial\/\",\"name\":\"Un caf\u00e9 es mucho m\u00e1s que una deliciosa bebida mundial - Biciurba\",\"isPartOf\":{\"@id\":\"https:\/\/biciurba.com\/#website\"},\"primaryImageOfPage\":{\"@id\":\"https:\/\/biciurba.com\/index.php\/2024\/05\/31\/un-cafe-es-mucho-mas-que-una-deliciosa-bebida-mundial\/#primaryimage\"},\"image\":{\"@id\":\"https:\/\/biciurba.com\/index.php\/2024\/05\/31\/un-cafe-es-mucho-mas-que-una-deliciosa-bebida-mundial\/#primaryimage\"},\"thumbnailUrl\":\"https:\/\/biciurba.com\/wp-content\/uploads\/2024\/05\/cafeteria.png\",\"datePublished\":\"2024-05-31T15:02:26+00:00\",\"dateModified\":\"2024-05-31T15:02:28+00:00\",\"breadcrumb\":{\"@id\":\"https:\/\/biciurba.com\/index.php\/2024\/05\/31\/un-cafe-es-mucho-mas-que-una-deliciosa-bebida-mundial\/#breadcrumb\"},\"inLanguage\":\"es\",\"potentialAction\":[{\"@type\":\"ReadAction\",\"target\":[\"https:\/\/biciurba.com\/index.php\/2024\/05\/31\/un-cafe-es-mucho-mas-que-una-deliciosa-bebida-mundial\/\"]}]},{\"@type\":\"ImageObject\",\"inLanguage\":\"es\",\"@id\":\"https:\/\/biciurba.com\/index.php\/2024\/05\/31\/un-cafe-es-mucho-mas-que-una-deliciosa-bebida-mundial\/#primaryimage\",\"url\":\"https:\/\/biciurba.com\/wp-content\/uploads\/2024\/05\/cafeteria.png\",\"contentUrl\":\"https:\/\/biciurba.com\/wp-content\/uploads\/2024\/05\/cafeteria.png\",\"width\":600,\"height\":400,\"caption\":\"Dicen los que saben, que el caf\u00e9 es el n\u00e9ctar de los dioses.\"},{\"@type\":\"BreadcrumbList\",\"@id\":\"https:\/\/biciurba.com\/index.php\/2024\/05\/31\/un-cafe-es-mucho-mas-que-una-deliciosa-bebida-mundial\/#breadcrumb\",\"itemListElement\":[{\"@type\":\"ListItem\",\"position\":1,\"name\":\"Portada\",\"item\":\"https:\/\/biciurba.com\/\"},{\"@type\":\"ListItem\",\"position\":2,\"name\":\"Un caf\u00e9 es mucho m\u00e1s que una deliciosa bebida mundial\"}]},{\"@type\":\"WebSite\",\"@id\":\"https:\/\/biciurba.com\/#website\",\"url\":\"https:\/\/biciurba.com\/\",\"name\":\"Biciurba\",\"description\":\"Una mejor manera de vivir\",\"publisher\":{\"@id\":\"https:\/\/biciurba.com\/#\/schema\/person\/d9675ddf29ee982d268db0a3f239eced\"},\"potentialAction\":[{\"@type\":\"SearchAction\",\"target\":{\"@type\":\"EntryPoint\",\"urlTemplate\":\"https:\/\/biciurba.com\/?s={search_term_string}\"},\"query-input\":{\"@type\":\"PropertyValueSpecification\",\"valueRequired\":true,\"valueName\":\"search_term_string\"}}],\"inLanguage\":\"es\"},{\"@type\":[\"Person\",\"Organization\"],\"@id\":\"https:\/\/biciurba.com\/#\/schema\/person\/d9675ddf29ee982d268db0a3f239eced\",\"name\":\"Carlos Cantor\",\"image\":{\"@type\":\"ImageObject\",\"inLanguage\":\"es\",\"@id\":\"https:\/\/biciurba.com\/#\/schema\/person\/image\/\",\"url\":\"https:\/\/biciurba.com\/wp-content\/uploads\/2024\/04\/cropped-logo-1.png\",\"contentUrl\":\"https:\/\/biciurba.com\/wp-content\/uploads\/2024\/04\/cropped-logo-1.png\",\"width\":512,\"height\":318,\"caption\":\"Carlos Cantor\"},\"logo\":{\"@id\":\"https:\/\/biciurba.com\/#\/schema\/person\/image\/\"},\"sameAs\":[\"https:\/\/biciurba.com\"],\"url\":\"https:\/\/biciurba.com\/index.php\/author\/ccantor\/\"}]}<\/script>\n<!-- \/ Yoast SEO plugin. -->","yoast_head_json":{"title":"Un caf\u00e9 es mucho m\u00e1s que una deliciosa bebida mundial - Biciurba","robots":{"index":"index","follow":"follow","max-snippet":"max-snippet:-1","max-image-preview":"max-image-preview:large","max-video-preview":"max-video-preview:-1"},"canonical":"https:\/\/biciurba.com\/index.php\/2024\/05\/31\/un-cafe-es-mucho-mas-que-una-deliciosa-bebida-mundial\/","og_locale":"es_ES","og_type":"article","og_title":"Un caf\u00e9 es mucho m\u00e1s que una deliciosa bebida mundial - Biciurba","og_description":"Hace unos d\u00edas me encontr\u00e9 con una amiga muy querida, argentina por dem\u00e1s. La invite a disfrutar un caf\u00e9 colombiano en un delicioso lugar que te lleva al gusto del aroma, del sabor, del dise\u00f1o que encierra una taza de caf\u00e9 negro. Y es que las cafeter\u00edas, como las denominamos en Colombia, el pa\u00eds cafetero [&hellip;]","og_url":"https:\/\/biciurba.com\/index.php\/2024\/05\/31\/un-cafe-es-mucho-mas-que-una-deliciosa-bebida-mundial\/","og_site_name":"Biciurba","article_published_time":"2024-05-31T15:02:26+00:00","article_modified_time":"2024-05-31T15:02:28+00:00","og_image":[{"width":600,"height":400,"url":"https:\/\/biciurba.com\/wp-content\/uploads\/2024\/05\/cafeteria.png","type":"image\/png"}],"author":"Carlos Cantor","twitter_card":"summary_large_image","twitter_misc":{"Escrito por":"Carlos Cantor","Tiempo de lectura":"5 minutos"},"schema":{"@context":"https:\/\/schema.org","@graph":[{"@type":"Article","@id":"https:\/\/biciurba.com\/index.php\/2024\/05\/31\/un-cafe-es-mucho-mas-que-una-deliciosa-bebida-mundial\/#article","isPartOf":{"@id":"https:\/\/biciurba.com\/index.php\/2024\/05\/31\/un-cafe-es-mucho-mas-que-una-deliciosa-bebida-mundial\/"},"author":{"name":"Carlos Cantor","@id":"https:\/\/biciurba.com\/#\/schema\/person\/d9675ddf29ee982d268db0a3f239eced"},"headline":"Un caf\u00e9 es mucho m\u00e1s que una deliciosa bebida mundial","datePublished":"2024-05-31T15:02:26+00:00","dateModified":"2024-05-31T15:02:28+00:00","mainEntityOfPage":{"@id":"https:\/\/biciurba.com\/index.php\/2024\/05\/31\/un-cafe-es-mucho-mas-que-una-deliciosa-bebida-mundial\/"},"wordCount":929,"commentCount":1,"publisher":{"@id":"https:\/\/biciurba.com\/#\/schema\/person\/d9675ddf29ee982d268db0a3f239eced"},"image":{"@id":"https:\/\/biciurba.com\/index.php\/2024\/05\/31\/un-cafe-es-mucho-mas-que-una-deliciosa-bebida-mundial\/#primaryimage"},"thumbnailUrl":"https:\/\/biciurba.com\/wp-content\/uploads\/2024\/05\/cafeteria.png","keywords":["Baristas","caf\u00e9 de Colombia","Cafeterias","Coworking"],"articleSection":["Vida Buena"],"inLanguage":"es","potentialAction":[{"@type":"CommentAction","name":"Comment","target":["https:\/\/biciurba.com\/index.php\/2024\/05\/31\/un-cafe-es-mucho-mas-que-una-deliciosa-bebida-mundial\/#respond"]}]},{"@type":"WebPage","@id":"https:\/\/biciurba.com\/index.php\/2024\/05\/31\/un-cafe-es-mucho-mas-que-una-deliciosa-bebida-mundial\/","url":"https:\/\/biciurba.com\/index.php\/2024\/05\/31\/un-cafe-es-mucho-mas-que-una-deliciosa-bebida-mundial\/","name":"Un caf\u00e9 es mucho m\u00e1s que una deliciosa bebida mundial - Biciurba","isPartOf":{"@id":"https:\/\/biciurba.com\/#website"},"primaryImageOfPage":{"@id":"https:\/\/biciurba.com\/index.php\/2024\/05\/31\/un-cafe-es-mucho-mas-que-una-deliciosa-bebida-mundial\/#primaryimage"},"image":{"@id":"https:\/\/biciurba.com\/index.php\/2024\/05\/31\/un-cafe-es-mucho-mas-que-una-deliciosa-bebida-mundial\/#primaryimage"},"thumbnailUrl":"https:\/\/biciurba.com\/wp-content\/uploads\/2024\/05\/cafeteria.png","datePublished":"2024-05-31T15:02:26+00:00","dateModified":"2024-05-31T15:02:28+00:00","breadcrumb":{"@id":"https:\/\/biciurba.com\/index.php\/2024\/05\/31\/un-cafe-es-mucho-mas-que-una-deliciosa-bebida-mundial\/#breadcrumb"},"inLanguage":"es","potentialAction":[{"@type":"ReadAction","target":["https:\/\/biciurba.com\/index.php\/2024\/05\/31\/un-cafe-es-mucho-mas-que-una-deliciosa-bebida-mundial\/"]}]},{"@type":"ImageObject","inLanguage":"es","@id":"https:\/\/biciurba.com\/index.php\/2024\/05\/31\/un-cafe-es-mucho-mas-que-una-deliciosa-bebida-mundial\/#primaryimage","url":"https:\/\/biciurba.com\/wp-content\/uploads\/2024\/05\/cafeteria.png","contentUrl":"https:\/\/biciurba.com\/wp-content\/uploads\/2024\/05\/cafeteria.png","width":600,"height":400,"caption":"Dicen los que saben, que el caf\u00e9 es el n\u00e9ctar de los dioses."},{"@type":"BreadcrumbList","@id":"https:\/\/biciurba.com\/index.php\/2024\/05\/31\/un-cafe-es-mucho-mas-que-una-deliciosa-bebida-mundial\/#breadcrumb","itemListElement":[{"@type":"ListItem","position":1,"name":"Portada","item":"https:\/\/biciurba.com\/"},{"@type":"ListItem","position":2,"name":"Un caf\u00e9 es mucho m\u00e1s que una deliciosa bebida mundial"}]},{"@type":"WebSite","@id":"https:\/\/biciurba.com\/#website","url":"https:\/\/biciurba.com\/","name":"Biciurba","description":"Una mejor manera de vivir","publisher":{"@id":"https:\/\/biciurba.com\/#\/schema\/person\/d9675ddf29ee982d268db0a3f239eced"},"potentialAction":[{"@type":"SearchAction","target":{"@type":"EntryPoint","urlTemplate":"https:\/\/biciurba.com\/?s={search_term_string}"},"query-input":{"@type":"PropertyValueSpecification","valueRequired":true,"valueName":"search_term_string"}}],"inLanguage":"es"},{"@type":["Person","Organization"],"@id":"https:\/\/biciurba.com\/#\/schema\/person\/d9675ddf29ee982d268db0a3f239eced","name":"Carlos Cantor","image":{"@type":"ImageObject","inLanguage":"es","@id":"https:\/\/biciurba.com\/#\/schema\/person\/image\/","url":"https:\/\/biciurba.com\/wp-content\/uploads\/2024\/04\/cropped-logo-1.png","contentUrl":"https:\/\/biciurba.com\/wp-content\/uploads\/2024\/04\/cropped-logo-1.png","width":512,"height":318,"caption":"Carlos Cantor"},"logo":{"@id":"https:\/\/biciurba.com\/#\/schema\/person\/image\/"},"sameAs":["https:\/\/biciurba.com"],"url":"https:\/\/biciurba.com\/index.php\/author\/ccantor\/"}]}},"_links":{"self":[{"href":"https:\/\/biciurba.com\/index.php\/wp-json\/wp\/v2\/posts\/573"}],"collection":[{"href":"https:\/\/biciurba.com\/index.php\/wp-json\/wp\/v2\/posts"}],"about":[{"href":"https:\/\/biciurba.com\/index.php\/wp-json\/wp\/v2\/types\/post"}],"author":[{"embeddable":true,"href":"https:\/\/biciurba.com\/index.php\/wp-json\/wp\/v2\/users\/1"}],"replies":[{"embeddable":true,"href":"https:\/\/biciurba.com\/index.php\/wp-json\/wp\/v2\/comments?post=573"}],"version-history":[{"count":1,"href":"https:\/\/biciurba.com\/index.php\/wp-json\/wp\/v2\/posts\/573\/revisions"}],"predecessor-version":[{"id":576,"href":"https:\/\/biciurba.com\/index.php\/wp-json\/wp\/v2\/posts\/573\/revisions\/576"}],"wp:featuredmedia":[{"embeddable":true,"href":"https:\/\/biciurba.com\/index.php\/wp-json\/wp\/v2\/media\/575"}],"wp:attachment":[{"href":"https:\/\/biciurba.com\/index.php\/wp-json\/wp\/v2\/media?parent=573"}],"wp:term":[{"taxonomy":"category","embeddable":true,"href":"https:\/\/biciurba.com\/index.php\/wp-json\/wp\/v2\/categories?post=573"},{"taxonomy":"post_tag","embeddable":true,"href":"https:\/\/biciurba.com\/index.php\/wp-json\/wp\/v2\/tags?post=573"}],"curies":[{"name":"wp","href":"https:\/\/api.w.org\/{rel}","templated":true}]}}