{"id":589,"date":"2024-06-04T15:36:49","date_gmt":"2024-06-04T20:36:49","guid":{"rendered":"https:\/\/biciurba.com\/?p=589"},"modified":"2024-06-04T15:37:58","modified_gmt":"2024-06-04T20:37:58","slug":"un-gasto-imperceptible-para-el-usuario-pero-no-para-el-planeta","status":"publish","type":"post","link":"https:\/\/biciurba.com\/index.php\/2024\/06\/04\/un-gasto-imperceptible-para-el-usuario-pero-no-para-el-planeta\/","title":{"rendered":"Un gasto imperceptible para el usuario, pero no para el planeta"},"content":{"rendered":"\n<p>La tecnolog\u00eda que est\u00e1 utilizando para leer este texto implica mucho m\u00e1s que una direcci\u00f3n en internet, tres clicks en el rat\u00f3n de su PC o en su celular, es tan cotidiano y tan naturalizado que ya no nos inquieta saber c\u00f3mo funciona el sistema, solo confiamos que haga lo que esperamos, de forma veloz, precisa y bajo nuestras prioridades.<\/p>\n\n\n\n<p>Pero algo que suena tan sencillo no lo es para nada e implica un monumental gasto de energ\u00eda el\u00e9ctrica, tanto para activar los equipos, las redes y permitir que reciba o suba un material, que va desde un emotic\u00f3n hasta libros, pel\u00edculas y cuanta cosa se le pueda ocurrir. Es m\u00e1s, el gasto se incrementa por la Internet de las cosas tan en boga por estos d\u00edas. Su aspiradora, o su refrigerador inteligente, o su auto con su computador a bordo, navegador y hasta con su piloto aut\u00f3nomo, tes un gasto energ\u00e9tico el\u00e9ctrico.<\/p>\n\n\n\n<p>Sume aviones, barcos, trenes, camiones, en fin todo lo que se desplaza en rutas de carga o de pasajeros. Es m\u00e1s, cada vez que accede para cualquier consulta en el medio digital que tenga a la mano, eso son gastos en electricidad. La comodidad que encierra lo digital, lo interconectado, lo m\u00f3vil, implica microchips y centros de c\u00f3mputo gigantescos ubicados en diversos lugares del planeta. Los servidores y centros de datos, que son el coraz\u00f3n de la infraestructura de Internet, consumen energ\u00eda para su funcionamiento, para la refrigeraci\u00f3n y su mantenimiento.<\/p>\n\n\n\n<p>Cada acci\u00f3n realizada en un celular, desde enviar un mensaje hasta realizar una b\u00fasqueda en la web, tiene una huella energ\u00e9tica que se suma a la carga global de los centros de datos. Los autos inteligentes, con sus sistemas de navegaci\u00f3n y sensores en tiempo real, tambi\u00e9n contribuyen significativamente a esta demanda energ\u00e9tica.<\/p>\n\n\n\n<p>Esta realidad que va en constante crecimiento, considerando la cantidad de celulares funcionando al tiempo, sistemas de c\u00f3mputo aplicados a infinidad de servicios, implica un uso muy considerable de la producci\u00f3n el\u00e9ctrica global, que para el caso sea hidroel\u00e9ctrica o producida a partir de combustibles f\u00f3siles, sigue en aumento, pero no as\u00ed las infraestructuras de producci\u00f3n en el planeta.<\/p>\n\n\n\n<p>Nuestras formas de trabajo diario conectados a terminales de computaci\u00f3n en todos los niveles del quehacer nos obliga a considerar nuestra huella en el sistema y vislumbrar lo cr\u00edtico que se puede volver con el tiempo. La Crisis Clim\u00e1tica, que es una realidad, nos est\u00e1 mostrando sequ\u00edas en diversas regiones del planeta. A su vez en otras, las lluvias torrenciales y temporales de dimensiones catastr\u00f3ficas, poco ayudan en la realidad a mantener y permitir crecer al sistema el\u00e9ctrico en general. Queda la posibilidad de la energ\u00eda at\u00f3mica, un lujo para pocos y un peligro para muchos como ya se ha podido demostrar a trav\u00e9s de los accidentes y fallos en estas plantas.<\/p>\n\n\n\n<p>Se estima que los centros de datos a nivel mundial consumen entre 200 y 250 teravatios-hora (TWh) al a\u00f1o y aproximadamente entre 22,831 y 28,539 megavatios de energ\u00eda de forma continua. Y para la refrigeraci\u00f3n se estima que entre el 30% y el 50% del consumo total de energ\u00eda de los cuales aproximadamente 9,132 a 11,416 megavatios se destinan espec\u00edficamente para tal fin. Quiz\u00e1s las cifras no le signifiquen nada, pero una ciudad como Buenos Aires consume 133.800 gigavatios hora. El consumo es alto y lo m\u00e1s preocupante es que va en ascenso permanente.<\/p>\n\n\n\n<p>Por ser niveles tan considerables, producir esos megavatios desde las energ\u00edas renovables no es nada f\u00e1cil. Y as\u00ed como hemos vivido en los \u00faltimos a\u00f1os sequ\u00edas acuciantes en todo el planeta, la posibilidad de un apag\u00f3n en la red y todos sus servicios no es descartable, es m\u00e1s probable que ocurra hacia adelante con consecuencias muy complicadas, que van m\u00e1s all\u00e1 de la incomodidad de no poder usar su celular y sus servicios a los que accedemos en todo momento.<\/p>\n\n\n\n<p>\u00bfQu\u00e9 hacer? Desde el ciudadano, bajar el consumo de horas en la internet y en los consumos de electricidad en casa, el trabajo y en todas nuestras actividades diarias. Considerar no adquirir tanto aparato, veh\u00edculos y accesorios de toda \u00edndole que consumen energ\u00eda el\u00e9ctrica. Usar bombillos led con su panel solar y en lo posible usar esta tecnolog\u00eda fotovoltaica en casa. Considere por un instante lo que significa en nuestra cotidianidad la dependencia a lo digital interconectado y que se apagara de un momento a otro, con la posibilidad cierta, que no se reconecte inmediatamente, m\u00e1s por el contrario, quiz\u00e1s puedan transcurrir alguna horas para que el sistema global vuelva a funcionar tal y como lo usamos hoy en d\u00eda.<\/p>\n\n\n\n<p>Y si finalmente no se pudiera reactivar, \u00bfc\u00f3mo ser\u00eda nuestra existencia en esos d\u00edas? Hay que dejar de ser tan dependientes de algo que a la final, puede dejar de funcionar.<\/p>\n","protected":false},"excerpt":{"rendered":"<p>La tecnolog\u00eda que est\u00e1 utilizando para leer este texto implica mucho m\u00e1s que una direcci\u00f3n en internet, tres clicks en el rat\u00f3n de su PC o en su celular, es tan cotidiano y tan naturalizado que ya no nos inquieta saber c\u00f3mo funciona el sistema, solo confiamos que haga lo que esperamos, de forma veloz, [&hellip;]<\/p>\n","protected":false},"author":1,"featured_media":590,"comment_status":"open","ping_status":"open","sticky":false,"template":"","format":"standard","meta":{"footnotes":""},"categories":[95],"tags":[19,280,131,278,279],"class_list":["post-589","post","type-post","status-publish","format-standard","has-post-thumbnail","hentry","category-crisis-climatica","tag-crisis-climatica","tag-digital","tag-electricidad","tag-sequias","tag-servidores"],"yoast_head":"<!-- This site is optimized with the Yoast SEO plugin v23.9 - https:\/\/yoast.com\/wordpress\/plugins\/seo\/ -->\n<title>Un gasto imperceptible para el usuario, pero no para el planeta - Biciurba<\/title>\n<meta name=\"robots\" content=\"index, follow, max-snippet:-1, max-image-preview:large, max-video-preview:-1\" \/>\n<link rel=\"canonical\" href=\"https:\/\/biciurba.com\/index.php\/2024\/06\/04\/un-gasto-imperceptible-para-el-usuario-pero-no-para-el-planeta\/\" \/>\n<meta property=\"og:locale\" content=\"es_ES\" \/>\n<meta property=\"og:type\" content=\"article\" \/>\n<meta property=\"og:title\" content=\"Un gasto imperceptible para el usuario, pero no para el planeta - Biciurba\" \/>\n<meta property=\"og:description\" content=\"La tecnolog\u00eda que est\u00e1 utilizando para leer este texto implica mucho m\u00e1s que una direcci\u00f3n en internet, tres clicks en el rat\u00f3n de su PC o en su celular, es tan cotidiano y tan naturalizado que ya no nos inquieta saber c\u00f3mo funciona el sistema, solo confiamos que haga lo que esperamos, de forma veloz, [&hellip;]\" \/>\n<meta property=\"og:url\" content=\"https:\/\/biciurba.com\/index.php\/2024\/06\/04\/un-gasto-imperceptible-para-el-usuario-pero-no-para-el-planeta\/\" \/>\n<meta property=\"og:site_name\" content=\"Biciurba\" \/>\n<meta property=\"article:published_time\" content=\"2024-06-04T20:36:49+00:00\" \/>\n<meta property=\"article:modified_time\" content=\"2024-06-04T20:37:58+00:00\" \/>\n<meta property=\"og:image\" content=\"https:\/\/biciurba.com\/wp-content\/uploads\/2024\/06\/centro-de-computo.png\" \/>\n\t<meta property=\"og:image:width\" content=\"600\" \/>\n\t<meta property=\"og:image:height\" content=\"400\" \/>\n\t<meta property=\"og:image:type\" content=\"image\/png\" \/>\n<meta name=\"author\" content=\"Carlos Cantor\" \/>\n<meta name=\"twitter:card\" content=\"summary_large_image\" \/>\n<meta name=\"twitter:label1\" content=\"Escrito por\" \/>\n\t<meta name=\"twitter:data1\" content=\"Carlos Cantor\" \/>\n\t<meta name=\"twitter:label2\" content=\"Tiempo de lectura\" \/>\n\t<meta name=\"twitter:data2\" content=\"4 minutos\" \/>\n<script type=\"application\/ld+json\" class=\"yoast-schema-graph\">{\"@context\":\"https:\/\/schema.org\",\"@graph\":[{\"@type\":\"Article\",\"@id\":\"https:\/\/biciurba.com\/index.php\/2024\/06\/04\/un-gasto-imperceptible-para-el-usuario-pero-no-para-el-planeta\/#article\",\"isPartOf\":{\"@id\":\"https:\/\/biciurba.com\/index.php\/2024\/06\/04\/un-gasto-imperceptible-para-el-usuario-pero-no-para-el-planeta\/\"},\"author\":{\"name\":\"Carlos Cantor\",\"@id\":\"https:\/\/biciurba.com\/#\/schema\/person\/d9675ddf29ee982d268db0a3f239eced\"},\"headline\":\"Un gasto imperceptible para el usuario, pero no para el planeta\",\"datePublished\":\"2024-06-04T20:36:49+00:00\",\"dateModified\":\"2024-06-04T20:37:58+00:00\",\"mainEntityOfPage\":{\"@id\":\"https:\/\/biciurba.com\/index.php\/2024\/06\/04\/un-gasto-imperceptible-para-el-usuario-pero-no-para-el-planeta\/\"},\"wordCount\":860,\"commentCount\":2,\"publisher\":{\"@id\":\"https:\/\/biciurba.com\/#\/schema\/person\/d9675ddf29ee982d268db0a3f239eced\"},\"image\":{\"@id\":\"https:\/\/biciurba.com\/index.php\/2024\/06\/04\/un-gasto-imperceptible-para-el-usuario-pero-no-para-el-planeta\/#primaryimage\"},\"thumbnailUrl\":\"https:\/\/biciurba.com\/wp-content\/uploads\/2024\/06\/centro-de-computo.png\",\"keywords\":[\"Crisis clim\u00e1tica\",\"Digital\",\"electricidad\",\"sequias\",\"servidores\"],\"articleSection\":[\"Crisis clim\u00e1tica\"],\"inLanguage\":\"es\",\"potentialAction\":[{\"@type\":\"CommentAction\",\"name\":\"Comment\",\"target\":[\"https:\/\/biciurba.com\/index.php\/2024\/06\/04\/un-gasto-imperceptible-para-el-usuario-pero-no-para-el-planeta\/#respond\"]}]},{\"@type\":\"WebPage\",\"@id\":\"https:\/\/biciurba.com\/index.php\/2024\/06\/04\/un-gasto-imperceptible-para-el-usuario-pero-no-para-el-planeta\/\",\"url\":\"https:\/\/biciurba.com\/index.php\/2024\/06\/04\/un-gasto-imperceptible-para-el-usuario-pero-no-para-el-planeta\/\",\"name\":\"Un gasto imperceptible para el usuario, pero no para el planeta - Biciurba\",\"isPartOf\":{\"@id\":\"https:\/\/biciurba.com\/#website\"},\"primaryImageOfPage\":{\"@id\":\"https:\/\/biciurba.com\/index.php\/2024\/06\/04\/un-gasto-imperceptible-para-el-usuario-pero-no-para-el-planeta\/#primaryimage\"},\"image\":{\"@id\":\"https:\/\/biciurba.com\/index.php\/2024\/06\/04\/un-gasto-imperceptible-para-el-usuario-pero-no-para-el-planeta\/#primaryimage\"},\"thumbnailUrl\":\"https:\/\/biciurba.com\/wp-content\/uploads\/2024\/06\/centro-de-computo.png\",\"datePublished\":\"2024-06-04T20:36:49+00:00\",\"dateModified\":\"2024-06-04T20:37:58+00:00\",\"breadcrumb\":{\"@id\":\"https:\/\/biciurba.com\/index.php\/2024\/06\/04\/un-gasto-imperceptible-para-el-usuario-pero-no-para-el-planeta\/#breadcrumb\"},\"inLanguage\":\"es\",\"potentialAction\":[{\"@type\":\"ReadAction\",\"target\":[\"https:\/\/biciurba.com\/index.php\/2024\/06\/04\/un-gasto-imperceptible-para-el-usuario-pero-no-para-el-planeta\/\"]}]},{\"@type\":\"ImageObject\",\"inLanguage\":\"es\",\"@id\":\"https:\/\/biciurba.com\/index.php\/2024\/06\/04\/un-gasto-imperceptible-para-el-usuario-pero-no-para-el-planeta\/#primaryimage\",\"url\":\"https:\/\/biciurba.com\/wp-content\/uploads\/2024\/06\/centro-de-computo.png\",\"contentUrl\":\"https:\/\/biciurba.com\/wp-content\/uploads\/2024\/06\/centro-de-computo.png\",\"width\":600,\"height\":400,\"caption\":\"M\u00e1quinas prodigiosas pero de alto consumo el\u00e9ctrico en un planeta en medio de la crisis clim\u00e1tica\"},{\"@type\":\"BreadcrumbList\",\"@id\":\"https:\/\/biciurba.com\/index.php\/2024\/06\/04\/un-gasto-imperceptible-para-el-usuario-pero-no-para-el-planeta\/#breadcrumb\",\"itemListElement\":[{\"@type\":\"ListItem\",\"position\":1,\"name\":\"Portada\",\"item\":\"https:\/\/biciurba.com\/\"},{\"@type\":\"ListItem\",\"position\":2,\"name\":\"Un gasto imperceptible para el usuario, pero no para el planeta\"}]},{\"@type\":\"WebSite\",\"@id\":\"https:\/\/biciurba.com\/#website\",\"url\":\"https:\/\/biciurba.com\/\",\"name\":\"Biciurba\",\"description\":\"Una mejor manera de vivir\",\"publisher\":{\"@id\":\"https:\/\/biciurba.com\/#\/schema\/person\/d9675ddf29ee982d268db0a3f239eced\"},\"potentialAction\":[{\"@type\":\"SearchAction\",\"target\":{\"@type\":\"EntryPoint\",\"urlTemplate\":\"https:\/\/biciurba.com\/?s={search_term_string}\"},\"query-input\":{\"@type\":\"PropertyValueSpecification\",\"valueRequired\":true,\"valueName\":\"search_term_string\"}}],\"inLanguage\":\"es\"},{\"@type\":[\"Person\",\"Organization\"],\"@id\":\"https:\/\/biciurba.com\/#\/schema\/person\/d9675ddf29ee982d268db0a3f239eced\",\"name\":\"Carlos Cantor\",\"image\":{\"@type\":\"ImageObject\",\"inLanguage\":\"es\",\"@id\":\"https:\/\/biciurba.com\/#\/schema\/person\/image\/\",\"url\":\"https:\/\/biciurba.com\/wp-content\/uploads\/2024\/04\/cropped-logo-1.png\",\"contentUrl\":\"https:\/\/biciurba.com\/wp-content\/uploads\/2024\/04\/cropped-logo-1.png\",\"width\":512,\"height\":318,\"caption\":\"Carlos Cantor\"},\"logo\":{\"@id\":\"https:\/\/biciurba.com\/#\/schema\/person\/image\/\"},\"sameAs\":[\"https:\/\/biciurba.com\"],\"url\":\"https:\/\/biciurba.com\/index.php\/author\/ccantor\/\"}]}<\/script>\n<!-- \/ Yoast SEO plugin. -->","yoast_head_json":{"title":"Un gasto imperceptible para el usuario, pero no para el planeta - Biciurba","robots":{"index":"index","follow":"follow","max-snippet":"max-snippet:-1","max-image-preview":"max-image-preview:large","max-video-preview":"max-video-preview:-1"},"canonical":"https:\/\/biciurba.com\/index.php\/2024\/06\/04\/un-gasto-imperceptible-para-el-usuario-pero-no-para-el-planeta\/","og_locale":"es_ES","og_type":"article","og_title":"Un gasto imperceptible para el usuario, pero no para el planeta - Biciurba","og_description":"La tecnolog\u00eda que est\u00e1 utilizando para leer este texto implica mucho m\u00e1s que una direcci\u00f3n en internet, tres clicks en el rat\u00f3n de su PC o en su celular, es tan cotidiano y tan naturalizado que ya no nos inquieta saber c\u00f3mo funciona el sistema, solo confiamos que haga lo que esperamos, de forma veloz, [&hellip;]","og_url":"https:\/\/biciurba.com\/index.php\/2024\/06\/04\/un-gasto-imperceptible-para-el-usuario-pero-no-para-el-planeta\/","og_site_name":"Biciurba","article_published_time":"2024-06-04T20:36:49+00:00","article_modified_time":"2024-06-04T20:37:58+00:00","og_image":[{"width":600,"height":400,"url":"https:\/\/biciurba.com\/wp-content\/uploads\/2024\/06\/centro-de-computo.png","type":"image\/png"}],"author":"Carlos Cantor","twitter_card":"summary_large_image","twitter_misc":{"Escrito por":"Carlos Cantor","Tiempo de lectura":"4 minutos"},"schema":{"@context":"https:\/\/schema.org","@graph":[{"@type":"Article","@id":"https:\/\/biciurba.com\/index.php\/2024\/06\/04\/un-gasto-imperceptible-para-el-usuario-pero-no-para-el-planeta\/#article","isPartOf":{"@id":"https:\/\/biciurba.com\/index.php\/2024\/06\/04\/un-gasto-imperceptible-para-el-usuario-pero-no-para-el-planeta\/"},"author":{"name":"Carlos Cantor","@id":"https:\/\/biciurba.com\/#\/schema\/person\/d9675ddf29ee982d268db0a3f239eced"},"headline":"Un gasto imperceptible para el usuario, pero no para el planeta","datePublished":"2024-06-04T20:36:49+00:00","dateModified":"2024-06-04T20:37:58+00:00","mainEntityOfPage":{"@id":"https:\/\/biciurba.com\/index.php\/2024\/06\/04\/un-gasto-imperceptible-para-el-usuario-pero-no-para-el-planeta\/"},"wordCount":860,"commentCount":2,"publisher":{"@id":"https:\/\/biciurba.com\/#\/schema\/person\/d9675ddf29ee982d268db0a3f239eced"},"image":{"@id":"https:\/\/biciurba.com\/index.php\/2024\/06\/04\/un-gasto-imperceptible-para-el-usuario-pero-no-para-el-planeta\/#primaryimage"},"thumbnailUrl":"https:\/\/biciurba.com\/wp-content\/uploads\/2024\/06\/centro-de-computo.png","keywords":["Crisis clim\u00e1tica","Digital","electricidad","sequias","servidores"],"articleSection":["Crisis clim\u00e1tica"],"inLanguage":"es","potentialAction":[{"@type":"CommentAction","name":"Comment","target":["https:\/\/biciurba.com\/index.php\/2024\/06\/04\/un-gasto-imperceptible-para-el-usuario-pero-no-para-el-planeta\/#respond"]}]},{"@type":"WebPage","@id":"https:\/\/biciurba.com\/index.php\/2024\/06\/04\/un-gasto-imperceptible-para-el-usuario-pero-no-para-el-planeta\/","url":"https:\/\/biciurba.com\/index.php\/2024\/06\/04\/un-gasto-imperceptible-para-el-usuario-pero-no-para-el-planeta\/","name":"Un gasto imperceptible para el usuario, pero no para el planeta - Biciurba","isPartOf":{"@id":"https:\/\/biciurba.com\/#website"},"primaryImageOfPage":{"@id":"https:\/\/biciurba.com\/index.php\/2024\/06\/04\/un-gasto-imperceptible-para-el-usuario-pero-no-para-el-planeta\/#primaryimage"},"image":{"@id":"https:\/\/biciurba.com\/index.php\/2024\/06\/04\/un-gasto-imperceptible-para-el-usuario-pero-no-para-el-planeta\/#primaryimage"},"thumbnailUrl":"https:\/\/biciurba.com\/wp-content\/uploads\/2024\/06\/centro-de-computo.png","datePublished":"2024-06-04T20:36:49+00:00","dateModified":"2024-06-04T20:37:58+00:00","breadcrumb":{"@id":"https:\/\/biciurba.com\/index.php\/2024\/06\/04\/un-gasto-imperceptible-para-el-usuario-pero-no-para-el-planeta\/#breadcrumb"},"inLanguage":"es","potentialAction":[{"@type":"ReadAction","target":["https:\/\/biciurba.com\/index.php\/2024\/06\/04\/un-gasto-imperceptible-para-el-usuario-pero-no-para-el-planeta\/"]}]},{"@type":"ImageObject","inLanguage":"es","@id":"https:\/\/biciurba.com\/index.php\/2024\/06\/04\/un-gasto-imperceptible-para-el-usuario-pero-no-para-el-planeta\/#primaryimage","url":"https:\/\/biciurba.com\/wp-content\/uploads\/2024\/06\/centro-de-computo.png","contentUrl":"https:\/\/biciurba.com\/wp-content\/uploads\/2024\/06\/centro-de-computo.png","width":600,"height":400,"caption":"M\u00e1quinas prodigiosas pero de alto consumo el\u00e9ctrico en un planeta en medio de la crisis clim\u00e1tica"},{"@type":"BreadcrumbList","@id":"https:\/\/biciurba.com\/index.php\/2024\/06\/04\/un-gasto-imperceptible-para-el-usuario-pero-no-para-el-planeta\/#breadcrumb","itemListElement":[{"@type":"ListItem","position":1,"name":"Portada","item":"https:\/\/biciurba.com\/"},{"@type":"ListItem","position":2,"name":"Un gasto imperceptible para el usuario, pero no para el planeta"}]},{"@type":"WebSite","@id":"https:\/\/biciurba.com\/#website","url":"https:\/\/biciurba.com\/","name":"Biciurba","description":"Una mejor manera de vivir","publisher":{"@id":"https:\/\/biciurba.com\/#\/schema\/person\/d9675ddf29ee982d268db0a3f239eced"},"potentialAction":[{"@type":"SearchAction","target":{"@type":"EntryPoint","urlTemplate":"https:\/\/biciurba.com\/?s={search_term_string}"},"query-input":{"@type":"PropertyValueSpecification","valueRequired":true,"valueName":"search_term_string"}}],"inLanguage":"es"},{"@type":["Person","Organization"],"@id":"https:\/\/biciurba.com\/#\/schema\/person\/d9675ddf29ee982d268db0a3f239eced","name":"Carlos Cantor","image":{"@type":"ImageObject","inLanguage":"es","@id":"https:\/\/biciurba.com\/#\/schema\/person\/image\/","url":"https:\/\/biciurba.com\/wp-content\/uploads\/2024\/04\/cropped-logo-1.png","contentUrl":"https:\/\/biciurba.com\/wp-content\/uploads\/2024\/04\/cropped-logo-1.png","width":512,"height":318,"caption":"Carlos Cantor"},"logo":{"@id":"https:\/\/biciurba.com\/#\/schema\/person\/image\/"},"sameAs":["https:\/\/biciurba.com"],"url":"https:\/\/biciurba.com\/index.php\/author\/ccantor\/"}]}},"_links":{"self":[{"href":"https:\/\/biciurba.com\/index.php\/wp-json\/wp\/v2\/posts\/589"}],"collection":[{"href":"https:\/\/biciurba.com\/index.php\/wp-json\/wp\/v2\/posts"}],"about":[{"href":"https:\/\/biciurba.com\/index.php\/wp-json\/wp\/v2\/types\/post"}],"author":[{"embeddable":true,"href":"https:\/\/biciurba.com\/index.php\/wp-json\/wp\/v2\/users\/1"}],"replies":[{"embeddable":true,"href":"https:\/\/biciurba.com\/index.php\/wp-json\/wp\/v2\/comments?post=589"}],"version-history":[{"count":1,"href":"https:\/\/biciurba.com\/index.php\/wp-json\/wp\/v2\/posts\/589\/revisions"}],"predecessor-version":[{"id":591,"href":"https:\/\/biciurba.com\/index.php\/wp-json\/wp\/v2\/posts\/589\/revisions\/591"}],"wp:featuredmedia":[{"embeddable":true,"href":"https:\/\/biciurba.com\/index.php\/wp-json\/wp\/v2\/media\/590"}],"wp:attachment":[{"href":"https:\/\/biciurba.com\/index.php\/wp-json\/wp\/v2\/media?parent=589"}],"wp:term":[{"taxonomy":"category","embeddable":true,"href":"https:\/\/biciurba.com\/index.php\/wp-json\/wp\/v2\/categories?post=589"},{"taxonomy":"post_tag","embeddable":true,"href":"https:\/\/biciurba.com\/index.php\/wp-json\/wp\/v2\/tags?post=589"}],"curies":[{"name":"wp","href":"https:\/\/api.w.org\/{rel}","templated":true}]}}