{"id":602,"date":"2024-06-06T10:30:00","date_gmt":"2024-06-06T15:30:00","guid":{"rendered":"https:\/\/biciurba.com\/?p=602"},"modified":"2024-06-27T15:02:50","modified_gmt":"2024-06-27T20:02:50","slug":"crece-el-uso-de-bicicletas-urbanas-en-cochabamba-y-en-bolivia-en-general","status":"publish","type":"post","link":"https:\/\/biciurba.com\/index.php\/2024\/06\/06\/crece-el-uso-de-bicicletas-urbanas-en-cochabamba-y-en-bolivia-en-general\/","title":{"rendered":"[Podcast] Crece el uso de bicicletas urbanas en Cochabamba y en Bolivia en general"},"content":{"rendered":"\n<p>Cada vez es mayor el n\u00famero de personas que encuentran en la bicicleta el mejor medio de transporte urbano. Econ\u00f3mica, pr\u00e1ctica, flexible y un centro de ejercicio, est\u00e1 m\u00e1quina que tiene m\u00e1s de un siglo de existencia va modificando h\u00e1bitos y ciudades con las ciclorrutas. En Bolivia recupera espacios y conversamos con Alvaro Maldonado, un impulsor de esta pr\u00e1ctica en la que participan tanto ellas como ellos, para hacer de Bolivia un pa\u00eds comprometido con buenas pr\u00e1cticas ambientales, en tiempos de la crisis clim\u00e1tica.<\/p>\n\n\n\n<figure class=\"wp-block-embed is-type-rich is-provider-spotify wp-block-embed-spotify wp-embed-aspect-21-9 wp-has-aspect-ratio\"><div class=\"wp-block-embed__wrapper\">\n<iframe title=\"Spotify Embed: Cap\u00edtulo 3: Crece el uso de bicicletas urbanas en Cochabamba y en Bolivia en general\" style=\"border-radius: 12px\" width=\"100%\" height=\"152\" frameborder=\"0\" allowfullscreen allow=\"autoplay; clipboard-write; encrypted-media; fullscreen; picture-in-picture\" loading=\"lazy\" src=\"https:\/\/open.spotify.com\/embed\/episode\/5dwqpcPB4m6Y3Rp12CUl9x?si=5dcbfa2ea14646b6&#038;utm_source=oembed\"><\/iframe>\n<\/div><\/figure>\n","protected":false},"excerpt":{"rendered":"<p>Cada vez es mayor el n\u00famero de personas que encuentran en la bicicleta el mejor medio de transporte urbano. Econ\u00f3mica, pr\u00e1ctica, flexible y un centro de ejercicio, est\u00e1 m\u00e1quina que tiene m\u00e1s de un siglo de existencia va modificando h\u00e1bitos y ciudades con las ciclorrutas. En Bolivia recupera espacios y conversamos con Alvaro Maldonado, un [&hellip;]<\/p>\n","protected":false},"author":1,"featured_media":542,"comment_status":"open","ping_status":"open","sticky":false,"template":"","format":"standard","meta":{"footnotes":""},"categories":[51],"tags":[59,290,289,288],"class_list":["post-602","post","type-post","status-publish","format-standard","has-post-thumbnail","hentry","category-podcast-biciurba","tag-bicicletas-urbanas","tag-bolivia-en-bici","tag-cochabamba","tag-podcasts-biciurba"],"yoast_head":"<!-- This site is optimized with the Yoast SEO plugin v23.9 - https:\/\/yoast.com\/wordpress\/plugins\/seo\/ -->\n<title>[Podcast] Crece el uso de bicicletas urbanas en Cochabamba y en Bolivia en general - Biciurba<\/title>\n<meta name=\"description\" content=\"La bicicleta es uno de los mejores inventos hachos en el mundo. Su uso diario ayuda a un mejor vivir y en Bolivia no es la excepci\u00f3n.\" \/>\n<meta name=\"robots\" content=\"index, follow, max-snippet:-1, max-image-preview:large, max-video-preview:-1\" \/>\n<link rel=\"canonical\" href=\"https:\/\/biciurba.com\/index.php\/2024\/06\/06\/crece-el-uso-de-bicicletas-urbanas-en-cochabamba-y-en-bolivia-en-general\/\" \/>\n<meta property=\"og:locale\" content=\"es_ES\" \/>\n<meta property=\"og:type\" content=\"article\" \/>\n<meta property=\"og:title\" content=\"[Podcast] Crece el uso de bicicletas urbanas en Cochabamba y en Bolivia en general - Biciurba\" \/>\n<meta property=\"og:description\" content=\"La bicicleta es uno de los mejores inventos hachos en el mundo. Su uso diario ayuda a un mejor vivir y en Bolivia no es la excepci\u00f3n.\" \/>\n<meta property=\"og:url\" content=\"https:\/\/biciurba.com\/index.php\/2024\/06\/06\/crece-el-uso-de-bicicletas-urbanas-en-cochabamba-y-en-bolivia-en-general\/\" \/>\n<meta property=\"og:site_name\" content=\"Biciurba\" \/>\n<meta property=\"article:published_time\" content=\"2024-06-06T15:30:00+00:00\" \/>\n<meta property=\"article:modified_time\" content=\"2024-06-27T20:02:50+00:00\" \/>\n<meta property=\"og:image\" content=\"https:\/\/biciurba.com\/wp-content\/uploads\/2024\/05\/podcast-logo.png\" \/>\n\t<meta property=\"og:image:width\" content=\"600\" \/>\n\t<meta property=\"og:image:height\" content=\"400\" \/>\n\t<meta property=\"og:image:type\" content=\"image\/png\" \/>\n<meta name=\"author\" content=\"Carlos Cantor\" \/>\n<meta name=\"twitter:card\" content=\"summary_large_image\" \/>\n<meta name=\"twitter:label1\" content=\"Escrito por\" \/>\n\t<meta name=\"twitter:data1\" content=\"Carlos Cantor\" \/>\n\t<meta name=\"twitter:label2\" content=\"Tiempo de lectura\" \/>\n\t<meta name=\"twitter:data2\" content=\"1 minuto\" \/>\n<script type=\"application\/ld+json\" class=\"yoast-schema-graph\">{\"@context\":\"https:\/\/schema.org\",\"@graph\":[{\"@type\":\"Article\",\"@id\":\"https:\/\/biciurba.com\/index.php\/2024\/06\/06\/crece-el-uso-de-bicicletas-urbanas-en-cochabamba-y-en-bolivia-en-general\/#article\",\"isPartOf\":{\"@id\":\"https:\/\/biciurba.com\/index.php\/2024\/06\/06\/crece-el-uso-de-bicicletas-urbanas-en-cochabamba-y-en-bolivia-en-general\/\"},\"author\":{\"name\":\"Carlos Cantor\",\"@id\":\"https:\/\/biciurba.com\/#\/schema\/person\/d9675ddf29ee982d268db0a3f239eced\"},\"headline\":\"[Podcast] Crece el uso de bicicletas urbanas en Cochabamba y en Bolivia en general\",\"datePublished\":\"2024-06-06T15:30:00+00:00\",\"dateModified\":\"2024-06-27T20:02:50+00:00\",\"mainEntityOfPage\":{\"@id\":\"https:\/\/biciurba.com\/index.php\/2024\/06\/06\/crece-el-uso-de-bicicletas-urbanas-en-cochabamba-y-en-bolivia-en-general\/\"},\"wordCount\":123,\"commentCount\":0,\"publisher\":{\"@id\":\"https:\/\/biciurba.com\/#\/schema\/person\/d9675ddf29ee982d268db0a3f239eced\"},\"image\":{\"@id\":\"https:\/\/biciurba.com\/index.php\/2024\/06\/06\/crece-el-uso-de-bicicletas-urbanas-en-cochabamba-y-en-bolivia-en-general\/#primaryimage\"},\"thumbnailUrl\":\"https:\/\/biciurba.com\/wp-content\/uploads\/2024\/05\/podcast-logo.png\",\"keywords\":[\"Bicicletas urbanas\",\"Bolivia en bici\",\"Cochabamba\",\"Podcasts Biciurba\"],\"articleSection\":[\"Podcast\"],\"inLanguage\":\"es\",\"potentialAction\":[{\"@type\":\"CommentAction\",\"name\":\"Comment\",\"target\":[\"https:\/\/biciurba.com\/index.php\/2024\/06\/06\/crece-el-uso-de-bicicletas-urbanas-en-cochabamba-y-en-bolivia-en-general\/#respond\"]}]},{\"@type\":\"WebPage\",\"@id\":\"https:\/\/biciurba.com\/index.php\/2024\/06\/06\/crece-el-uso-de-bicicletas-urbanas-en-cochabamba-y-en-bolivia-en-general\/\",\"url\":\"https:\/\/biciurba.com\/index.php\/2024\/06\/06\/crece-el-uso-de-bicicletas-urbanas-en-cochabamba-y-en-bolivia-en-general\/\",\"name\":\"[Podcast] Crece el uso de bicicletas urbanas en Cochabamba y en Bolivia en general - Biciurba\",\"isPartOf\":{\"@id\":\"https:\/\/biciurba.com\/#website\"},\"primaryImageOfPage\":{\"@id\":\"https:\/\/biciurba.com\/index.php\/2024\/06\/06\/crece-el-uso-de-bicicletas-urbanas-en-cochabamba-y-en-bolivia-en-general\/#primaryimage\"},\"image\":{\"@id\":\"https:\/\/biciurba.com\/index.php\/2024\/06\/06\/crece-el-uso-de-bicicletas-urbanas-en-cochabamba-y-en-bolivia-en-general\/#primaryimage\"},\"thumbnailUrl\":\"https:\/\/biciurba.com\/wp-content\/uploads\/2024\/05\/podcast-logo.png\",\"datePublished\":\"2024-06-06T15:30:00+00:00\",\"dateModified\":\"2024-06-27T20:02:50+00:00\",\"description\":\"La bicicleta es uno de los mejores inventos hachos en el mundo. Su uso diario ayuda a un mejor vivir y en Bolivia no es la excepci\u00f3n.\",\"breadcrumb\":{\"@id\":\"https:\/\/biciurba.com\/index.php\/2024\/06\/06\/crece-el-uso-de-bicicletas-urbanas-en-cochabamba-y-en-bolivia-en-general\/#breadcrumb\"},\"inLanguage\":\"es\",\"potentialAction\":[{\"@type\":\"ReadAction\",\"target\":[\"https:\/\/biciurba.com\/index.php\/2024\/06\/06\/crece-el-uso-de-bicicletas-urbanas-en-cochabamba-y-en-bolivia-en-general\/\"]}]},{\"@type\":\"ImageObject\",\"inLanguage\":\"es\",\"@id\":\"https:\/\/biciurba.com\/index.php\/2024\/06\/06\/crece-el-uso-de-bicicletas-urbanas-en-cochabamba-y-en-bolivia-en-general\/#primaryimage\",\"url\":\"https:\/\/biciurba.com\/wp-content\/uploads\/2024\/05\/podcast-logo.png\",\"contentUrl\":\"https:\/\/biciurba.com\/wp-content\/uploads\/2024\/05\/podcast-logo.png\",\"width\":600,\"height\":400},{\"@type\":\"BreadcrumbList\",\"@id\":\"https:\/\/biciurba.com\/index.php\/2024\/06\/06\/crece-el-uso-de-bicicletas-urbanas-en-cochabamba-y-en-bolivia-en-general\/#breadcrumb\",\"itemListElement\":[{\"@type\":\"ListItem\",\"position\":1,\"name\":\"Portada\",\"item\":\"https:\/\/biciurba.com\/\"},{\"@type\":\"ListItem\",\"position\":2,\"name\":\"[Podcast] Crece el uso de bicicletas urbanas en Cochabamba y en Bolivia en general\"}]},{\"@type\":\"WebSite\",\"@id\":\"https:\/\/biciurba.com\/#website\",\"url\":\"https:\/\/biciurba.com\/\",\"name\":\"Biciurba\",\"description\":\"Una mejor manera de vivir\",\"publisher\":{\"@id\":\"https:\/\/biciurba.com\/#\/schema\/person\/d9675ddf29ee982d268db0a3f239eced\"},\"potentialAction\":[{\"@type\":\"SearchAction\",\"target\":{\"@type\":\"EntryPoint\",\"urlTemplate\":\"https:\/\/biciurba.com\/?s={search_term_string}\"},\"query-input\":{\"@type\":\"PropertyValueSpecification\",\"valueRequired\":true,\"valueName\":\"search_term_string\"}}],\"inLanguage\":\"es\"},{\"@type\":[\"Person\",\"Organization\"],\"@id\":\"https:\/\/biciurba.com\/#\/schema\/person\/d9675ddf29ee982d268db0a3f239eced\",\"name\":\"Carlos Cantor\",\"image\":{\"@type\":\"ImageObject\",\"inLanguage\":\"es\",\"@id\":\"https:\/\/biciurba.com\/#\/schema\/person\/image\/\",\"url\":\"https:\/\/biciurba.com\/wp-content\/uploads\/2024\/04\/cropped-logo-1.png\",\"contentUrl\":\"https:\/\/biciurba.com\/wp-content\/uploads\/2024\/04\/cropped-logo-1.png\",\"width\":512,\"height\":318,\"caption\":\"Carlos Cantor\"},\"logo\":{\"@id\":\"https:\/\/biciurba.com\/#\/schema\/person\/image\/\"},\"sameAs\":[\"https:\/\/biciurba.com\"],\"url\":\"https:\/\/biciurba.com\/index.php\/author\/ccantor\/\"}]}<\/script>\n<!-- \/ Yoast SEO plugin. -->","yoast_head_json":{"title":"[Podcast] Crece el uso de bicicletas urbanas en Cochabamba y en Bolivia en general - Biciurba","description":"La bicicleta es uno de los mejores inventos hachos en el mundo. Su uso diario ayuda a un mejor vivir y en Bolivia no es la excepci\u00f3n.","robots":{"index":"index","follow":"follow","max-snippet":"max-snippet:-1","max-image-preview":"max-image-preview:large","max-video-preview":"max-video-preview:-1"},"canonical":"https:\/\/biciurba.com\/index.php\/2024\/06\/06\/crece-el-uso-de-bicicletas-urbanas-en-cochabamba-y-en-bolivia-en-general\/","og_locale":"es_ES","og_type":"article","og_title":"[Podcast] Crece el uso de bicicletas urbanas en Cochabamba y en Bolivia en general - Biciurba","og_description":"La bicicleta es uno de los mejores inventos hachos en el mundo. Su uso diario ayuda a un mejor vivir y en Bolivia no es la excepci\u00f3n.","og_url":"https:\/\/biciurba.com\/index.php\/2024\/06\/06\/crece-el-uso-de-bicicletas-urbanas-en-cochabamba-y-en-bolivia-en-general\/","og_site_name":"Biciurba","article_published_time":"2024-06-06T15:30:00+00:00","article_modified_time":"2024-06-27T20:02:50+00:00","og_image":[{"width":600,"height":400,"url":"https:\/\/biciurba.com\/wp-content\/uploads\/2024\/05\/podcast-logo.png","type":"image\/png"}],"author":"Carlos Cantor","twitter_card":"summary_large_image","twitter_misc":{"Escrito por":"Carlos Cantor","Tiempo de lectura":"1 minuto"},"schema":{"@context":"https:\/\/schema.org","@graph":[{"@type":"Article","@id":"https:\/\/biciurba.com\/index.php\/2024\/06\/06\/crece-el-uso-de-bicicletas-urbanas-en-cochabamba-y-en-bolivia-en-general\/#article","isPartOf":{"@id":"https:\/\/biciurba.com\/index.php\/2024\/06\/06\/crece-el-uso-de-bicicletas-urbanas-en-cochabamba-y-en-bolivia-en-general\/"},"author":{"name":"Carlos Cantor","@id":"https:\/\/biciurba.com\/#\/schema\/person\/d9675ddf29ee982d268db0a3f239eced"},"headline":"[Podcast] Crece el uso de bicicletas urbanas en Cochabamba y en Bolivia en general","datePublished":"2024-06-06T15:30:00+00:00","dateModified":"2024-06-27T20:02:50+00:00","mainEntityOfPage":{"@id":"https:\/\/biciurba.com\/index.php\/2024\/06\/06\/crece-el-uso-de-bicicletas-urbanas-en-cochabamba-y-en-bolivia-en-general\/"},"wordCount":123,"commentCount":0,"publisher":{"@id":"https:\/\/biciurba.com\/#\/schema\/person\/d9675ddf29ee982d268db0a3f239eced"},"image":{"@id":"https:\/\/biciurba.com\/index.php\/2024\/06\/06\/crece-el-uso-de-bicicletas-urbanas-en-cochabamba-y-en-bolivia-en-general\/#primaryimage"},"thumbnailUrl":"https:\/\/biciurba.com\/wp-content\/uploads\/2024\/05\/podcast-logo.png","keywords":["Bicicletas urbanas","Bolivia en bici","Cochabamba","Podcasts Biciurba"],"articleSection":["Podcast"],"inLanguage":"es","potentialAction":[{"@type":"CommentAction","name":"Comment","target":["https:\/\/biciurba.com\/index.php\/2024\/06\/06\/crece-el-uso-de-bicicletas-urbanas-en-cochabamba-y-en-bolivia-en-general\/#respond"]}]},{"@type":"WebPage","@id":"https:\/\/biciurba.com\/index.php\/2024\/06\/06\/crece-el-uso-de-bicicletas-urbanas-en-cochabamba-y-en-bolivia-en-general\/","url":"https:\/\/biciurba.com\/index.php\/2024\/06\/06\/crece-el-uso-de-bicicletas-urbanas-en-cochabamba-y-en-bolivia-en-general\/","name":"[Podcast] Crece el uso de bicicletas urbanas en Cochabamba y en Bolivia en general - Biciurba","isPartOf":{"@id":"https:\/\/biciurba.com\/#website"},"primaryImageOfPage":{"@id":"https:\/\/biciurba.com\/index.php\/2024\/06\/06\/crece-el-uso-de-bicicletas-urbanas-en-cochabamba-y-en-bolivia-en-general\/#primaryimage"},"image":{"@id":"https:\/\/biciurba.com\/index.php\/2024\/06\/06\/crece-el-uso-de-bicicletas-urbanas-en-cochabamba-y-en-bolivia-en-general\/#primaryimage"},"thumbnailUrl":"https:\/\/biciurba.com\/wp-content\/uploads\/2024\/05\/podcast-logo.png","datePublished":"2024-06-06T15:30:00+00:00","dateModified":"2024-06-27T20:02:50+00:00","description":"La bicicleta es uno de los mejores inventos hachos en el mundo. Su uso diario ayuda a un mejor vivir y en Bolivia no es la excepci\u00f3n.","breadcrumb":{"@id":"https:\/\/biciurba.com\/index.php\/2024\/06\/06\/crece-el-uso-de-bicicletas-urbanas-en-cochabamba-y-en-bolivia-en-general\/#breadcrumb"},"inLanguage":"es","potentialAction":[{"@type":"ReadAction","target":["https:\/\/biciurba.com\/index.php\/2024\/06\/06\/crece-el-uso-de-bicicletas-urbanas-en-cochabamba-y-en-bolivia-en-general\/"]}]},{"@type":"ImageObject","inLanguage":"es","@id":"https:\/\/biciurba.com\/index.php\/2024\/06\/06\/crece-el-uso-de-bicicletas-urbanas-en-cochabamba-y-en-bolivia-en-general\/#primaryimage","url":"https:\/\/biciurba.com\/wp-content\/uploads\/2024\/05\/podcast-logo.png","contentUrl":"https:\/\/biciurba.com\/wp-content\/uploads\/2024\/05\/podcast-logo.png","width":600,"height":400},{"@type":"BreadcrumbList","@id":"https:\/\/biciurba.com\/index.php\/2024\/06\/06\/crece-el-uso-de-bicicletas-urbanas-en-cochabamba-y-en-bolivia-en-general\/#breadcrumb","itemListElement":[{"@type":"ListItem","position":1,"name":"Portada","item":"https:\/\/biciurba.com\/"},{"@type":"ListItem","position":2,"name":"[Podcast] Crece el uso de bicicletas urbanas en Cochabamba y en Bolivia en general"}]},{"@type":"WebSite","@id":"https:\/\/biciurba.com\/#website","url":"https:\/\/biciurba.com\/","name":"Biciurba","description":"Una mejor manera de vivir","publisher":{"@id":"https:\/\/biciurba.com\/#\/schema\/person\/d9675ddf29ee982d268db0a3f239eced"},"potentialAction":[{"@type":"SearchAction","target":{"@type":"EntryPoint","urlTemplate":"https:\/\/biciurba.com\/?s={search_term_string}"},"query-input":{"@type":"PropertyValueSpecification","valueRequired":true,"valueName":"search_term_string"}}],"inLanguage":"es"},{"@type":["Person","Organization"],"@id":"https:\/\/biciurba.com\/#\/schema\/person\/d9675ddf29ee982d268db0a3f239eced","name":"Carlos Cantor","image":{"@type":"ImageObject","inLanguage":"es","@id":"https:\/\/biciurba.com\/#\/schema\/person\/image\/","url":"https:\/\/biciurba.com\/wp-content\/uploads\/2024\/04\/cropped-logo-1.png","contentUrl":"https:\/\/biciurba.com\/wp-content\/uploads\/2024\/04\/cropped-logo-1.png","width":512,"height":318,"caption":"Carlos Cantor"},"logo":{"@id":"https:\/\/biciurba.com\/#\/schema\/person\/image\/"},"sameAs":["https:\/\/biciurba.com"],"url":"https:\/\/biciurba.com\/index.php\/author\/ccantor\/"}]}},"_links":{"self":[{"href":"https:\/\/biciurba.com\/index.php\/wp-json\/wp\/v2\/posts\/602"}],"collection":[{"href":"https:\/\/biciurba.com\/index.php\/wp-json\/wp\/v2\/posts"}],"about":[{"href":"https:\/\/biciurba.com\/index.php\/wp-json\/wp\/v2\/types\/post"}],"author":[{"embeddable":true,"href":"https:\/\/biciurba.com\/index.php\/wp-json\/wp\/v2\/users\/1"}],"replies":[{"embeddable":true,"href":"https:\/\/biciurba.com\/index.php\/wp-json\/wp\/v2\/comments?post=602"}],"version-history":[{"count":5,"href":"https:\/\/biciurba.com\/index.php\/wp-json\/wp\/v2\/posts\/602\/revisions"}],"predecessor-version":[{"id":742,"href":"https:\/\/biciurba.com\/index.php\/wp-json\/wp\/v2\/posts\/602\/revisions\/742"}],"wp:featuredmedia":[{"embeddable":true,"href":"https:\/\/biciurba.com\/index.php\/wp-json\/wp\/v2\/media\/542"}],"wp:attachment":[{"href":"https:\/\/biciurba.com\/index.php\/wp-json\/wp\/v2\/media?parent=602"}],"wp:term":[{"taxonomy":"category","embeddable":true,"href":"https:\/\/biciurba.com\/index.php\/wp-json\/wp\/v2\/categories?post=602"},{"taxonomy":"post_tag","embeddable":true,"href":"https:\/\/biciurba.com\/index.php\/wp-json\/wp\/v2\/tags?post=602"}],"curies":[{"name":"wp","href":"https:\/\/api.w.org\/{rel}","templated":true}]}}