{"id":648,"date":"2024-06-15T11:23:00","date_gmt":"2024-06-15T16:23:00","guid":{"rendered":"https:\/\/biciurba.com\/?p=648"},"modified":"2024-06-15T11:11:27","modified_gmt":"2024-06-15T16:11:27","slug":"cual-es-el-precio-de-nuestra-comodidad-urbana","status":"publish","type":"post","link":"https:\/\/biciurba.com\/index.php\/2024\/06\/15\/cual-es-el-precio-de-nuestra-comodidad-urbana\/","title":{"rendered":"\u00bfCu\u00e1l es el precio de nuestra comodidad urbana?"},"content":{"rendered":"\n<p>Las ciudades en el mundo siguen creciendo. Alguna muy bien planificadas como sucede en China, otras al garete como sucede en los pa\u00edses en v\u00edas de desarrollo, donde se incluye Colombia. Frente a este desorden de crecimiento poco planificado y muy descuidado que va en contra de los ecosistemas que han sobrevivido a pesar de las ciudades, cada vez son m\u00e1s atacados, bien por urbanizaciones concertadas o por invasi\u00f3n a terrenos que con el tiempo se van normalizando.<\/p>\n\n\n\n<p>La poblaci\u00f3n urbana sigue aumentando, tanto por la migraci\u00f3n rural, la ocasionada por conflictos internos y externos, lo que hace necesario dar soluci\u00f3n de vida a estas personas, que seguir\u00e1n llegando por la crisis clim\u00e1tica, que en nuestro continente se representa hoy por fuertes inundaciones y olas de fr\u00edo al sur,  por el fen\u00f3meno de La Ni\u00f1a en la parte norte y la temporada de ciclones en el Caribe. As\u00ed el crecimiento urbano significa invadir tierras, desafortunadamente el reciclaje urbano no se hace y hay construcciones en desuso, abandonadas o subutilizadas, no solo en los centros de las urbes, tambi\u00e9n en sus periferias.<\/p>\n\n\n\n<p>El mal uso del suelo urbanizado y no utilizado demuestra poco inter\u00e9s por parte de la administraci\u00f3n p\u00fablica, por las empresas constructoras y por esa mirada miope del negocio super rentable para los financieros de vivienda.  La renovaci\u00f3n urbana y la densificaci\u00f3n del centro de la ciudad podr\u00edan contribuir a un desarrollo m\u00e1s sostenible, eficiente y  que tenga en cuenta las necesidades ambientales. Esto incluye la promoci\u00f3n del uso de energ\u00edas renovables, la reducci\u00f3n de emisiones y la gesti\u00f3n adecuada de residuos. La creaci\u00f3n de m\u00e1s espacios verdes y la promoci\u00f3n del transporte p\u00fablico y no motorizado que son esenciales para mejorar la calidad de vida y reducir el impacto ambiental.<\/p>\n\n\n\n<p>Pero, muchos no tienen referencias claras del lugar en donde se construye Bogot\u00e1: la Sabana de Bogot\u00e1. Hist\u00f3ricamente es una regi\u00f3n agr\u00edcola de gran importancia por la calidad de su suelo, la presencia de corrientes de agua que provienen de la cordillera y se amortigua con los humedales. Sin embargo, el crecimiento urbano descontrolado ha llevado a una disminuci\u00f3n significativa de las tierras destinadas a la agricultura. La expansi\u00f3n de la ciudad ha implicado la conversi\u00f3n de terrenos agr\u00edcolas en zonas residenciales, comerciales e industriales. Entre 1990 y 2020, aproximadamente 40,000 hect\u00e1reas de tierras agr\u00edcolas fueron urbanizadas, lo que representa una p\u00e9rdida considerable para la producci\u00f3n agr\u00edcola local. y con los consecuentes da\u00f1os ambientales de todo orden.<\/p>\n\n\n\n<p>El r\u00e1pido aumento de la poblaci\u00f3n urbana ha incrementado significativamente el consumo de recursos naturales para lograr tener un nivel de comodidad importante. Tomando como referencia los a\u00f1os de 1990 y el 2020 podemos apreciar el aumento significativo en los servicios p\u00fablicos domiciliario. El consumo promedio per c\u00e1pita  de agua pas\u00f3 de  120 litros por d\u00eda a 180 litros por d\u00eda. Hoy tenemos racionamiento que se puede prolongar por m\u00e1s tiempo. En t\u00e9rminos de energ\u00eda el\u00e9ctrica el consumo promedio por hogar era de 250 kWh al mes y se duplic\u00f3 a 500 kWh al mes. Este aumento refleja una mayor dependencia de los aparatos el\u00e9ctricos y electr\u00f3nicos por el incremento del nivel de vida. El consumo de gas domiciliario pas\u00f3 de 5 m\u00b3 al mes y ascendi\u00f3 a 12 m\u00b3 al mes. <\/p>\n\n\n\n<p>Esa comodidad genera adem\u00e1s importantes niveles de la contaminaci\u00f3n del aire, la alta concentraci\u00f3n de veh\u00edculos di\u00e9sel y la actividad industrial son las principales fuentes de emisi\u00f3n de contaminantes. Seg\u00fan un estudio realizado en 2020, el 60% de las emisiones de part\u00edculas PM2.5 proviene de los veh\u00edculos di\u00e9sel, mientras que el 30% se atribuye a las factor\u00edas y el 10% a otras fuentes. Las estaciones de monitoreo de calidad del aire en la ciudad han registrado niveles de PM2.5 que superan los est\u00e1ndares recomendados por la Organizaci\u00f3n Mundial de la Salud (OMS). En promedio, los niveles de PM2.5 en Bogot\u00e1 son de 35 \u00b5g\/m\u00b3, mientras que el l\u00edmite recomendado por la OMS es de 10 \u00b5g\/m\u00b3.<\/p>\n\n\n\n<p>El entorno monta\u00f1oso verde de la cordillera  que rodea la Sabana ofrece una oportunidad \u00fanica para integrar espacios naturales dentro del tejido urbano, proporcionando \u00e1reas de recreaci\u00f3n y preservando la biodiversidad con un clima lluvioso y fr\u00edo, aunque esas condiciones van cambiando, a\u00fan as\u00ed las precipitaciones pueden ser aprovechadas para la recolecci\u00f3n y uso eficiente del agua de lluvia, mientras que el clima fresco reduce la demanda de energ\u00eda para refrigeraci\u00f3n.<\/p>\n\n\n\n<p> La protecci\u00f3n y el manejo adecuado de estos espacios son cruciales para mantener el equilibrio ecol\u00f3gico y mejorar la calidad de vida de los habitantes. Un triste protagonista del descuido con el agua que tenemos es el r\u00edo Bogot\u00e1, uno de los principales afluentes del r\u00edo Magdalena, ha sufrido una severa contaminaci\u00f3n debido a las descargas de aguas residuales dom\u00e9sticas e industriales. A pesar de los esfuerzos para tratar las aguas residuales, gran parte de ellas sigue verti\u00e9ndose sin tratamiento adecuado. Esto ha convertido al r\u00edo en uno de los cuerpos de agua m\u00e1s contaminados del pa\u00eds, y tiene repercusiones en la biodiversidad y en la salud p\u00fablica. Los altos niveles de contaminantes, como metales pesados y materia org\u00e1nica, han reducido dr\u00e1sticamente la calidad del agua, haciendo que sea pr\u00e1cticamente inutilizable para la agricultura o el consumo humano.<\/p>\n\n\n\n<p>Bogot\u00e1 ha hecho esfuerzos significativos para promover la movilidad sostenible a trav\u00e9s de la implementaci\u00f3n de ciclov\u00edas con m\u00e1s de 500 kil\u00f3metros de rutas dedicadas para ciclistas. Esto no solo fomenta el uso de la bicicleta como medio de transporte, sino que tambi\u00e9n contribuye a la reducci\u00f3n de la contaminaci\u00f3n del aire y del tr\u00e1fico vehicular. La incorporaci\u00f3n de buses el\u00e9ctricos en el sistema de transporte p\u00fablico TransMilenio y la introducci\u00f3n de taxis el\u00e9ctricos son pasos importantes hacia la reducci\u00f3n de las emisiones de gases de efecto invernadero. Estos esfuerzos, aunque todav\u00eda en fases iniciales, muestran el compromiso de la ciudad con la sostenibilidad y la protecci\u00f3n del medio ambiente.<\/p>\n\n\n\n<p>Y aqu\u00ed hay un protagonista que hace la ciudad, sus habitantes. Y la formaci\u00f3n de una ciudadan\u00eda m\u00e1s consciente y responsable es esencial para enfrentar los desaf\u00edos ambientales de Bogot\u00e1. La educaci\u00f3n ambiental debe ser una prioridad en las escuelas y comunidades para fomentar el respeto y la protecci\u00f3n del entorno natural. Programas de reciclaje, campa\u00f1as de pr\u00e1cticas sostenibles en el hogar y en el trabajo son fundamentales para lograr un cambio significativo y hacer posible una ciudad caracterizada por el verde, el agua, la biodiversidad en sus bosques.<\/p>\n\n\n\n<p><\/p>\n","protected":false},"excerpt":{"rendered":"<p>Las ciudades en el mundo siguen creciendo. Alguna muy bien planificadas como sucede en China, otras al garete como sucede en los pa\u00edses en v\u00edas de desarrollo, donde se incluye Colombia. Frente a este desorden de crecimiento poco planificado y muy descuidado que va en contra de los ecosistemas que han sobrevivido a pesar de [&hellip;]<\/p>\n","protected":false},"author":1,"featured_media":649,"comment_status":"open","ping_status":"open","sticky":false,"template":"","format":"standard","meta":{"footnotes":""},"categories":[14],"tags":[90,307,306,308],"class_list":["post-648","post","type-post","status-publish","format-standard","has-post-thumbnail","hentry","category-sostenibilidad","tag-ciudades","tag-contaminacion-urbana","tag-crecimiento-urbano","tag-migracion"],"yoast_head":"<!-- This site is optimized with the Yoast SEO plugin v23.9 - https:\/\/yoast.com\/wordpress\/plugins\/seo\/ -->\n<title>\u00bfCu\u00e1l es el precio de nuestra comodidad urbana? - Biciurba<\/title>\n<meta name=\"robots\" content=\"index, follow, max-snippet:-1, max-image-preview:large, max-video-preview:-1\" \/>\n<link rel=\"canonical\" href=\"https:\/\/biciurba.com\/index.php\/2024\/06\/15\/cual-es-el-precio-de-nuestra-comodidad-urbana\/\" \/>\n<meta property=\"og:locale\" content=\"es_ES\" \/>\n<meta property=\"og:type\" content=\"article\" \/>\n<meta property=\"og:title\" content=\"\u00bfCu\u00e1l es el precio de nuestra comodidad urbana? - Biciurba\" \/>\n<meta property=\"og:description\" content=\"Las ciudades en el mundo siguen creciendo. Alguna muy bien planificadas como sucede en China, otras al garete como sucede en los pa\u00edses en v\u00edas de desarrollo, donde se incluye Colombia. Frente a este desorden de crecimiento poco planificado y muy descuidado que va en contra de los ecosistemas que han sobrevivido a pesar de [&hellip;]\" \/>\n<meta property=\"og:url\" content=\"https:\/\/biciurba.com\/index.php\/2024\/06\/15\/cual-es-el-precio-de-nuestra-comodidad-urbana\/\" \/>\n<meta property=\"og:site_name\" content=\"Biciurba\" \/>\n<meta property=\"article:published_time\" content=\"2024-06-15T16:23:00+00:00\" \/>\n<meta property=\"article:modified_time\" content=\"2024-06-15T16:11:27+00:00\" \/>\n<meta property=\"og:image\" content=\"https:\/\/biciurba.com\/wp-content\/uploads\/2024\/06\/Bogota.png\" \/>\n\t<meta property=\"og:image:width\" content=\"600\" \/>\n\t<meta property=\"og:image:height\" content=\"400\" \/>\n\t<meta property=\"og:image:type\" content=\"image\/png\" \/>\n<meta name=\"author\" content=\"Carlos Cantor\" \/>\n<meta name=\"twitter:card\" content=\"summary_large_image\" \/>\n<meta name=\"twitter:label1\" content=\"Escrito por\" \/>\n\t<meta name=\"twitter:data1\" content=\"Carlos Cantor\" \/>\n\t<meta name=\"twitter:label2\" content=\"Tiempo de lectura\" \/>\n\t<meta name=\"twitter:data2\" content=\"6 minutos\" \/>\n<script type=\"application\/ld+json\" class=\"yoast-schema-graph\">{\"@context\":\"https:\/\/schema.org\",\"@graph\":[{\"@type\":\"Article\",\"@id\":\"https:\/\/biciurba.com\/index.php\/2024\/06\/15\/cual-es-el-precio-de-nuestra-comodidad-urbana\/#article\",\"isPartOf\":{\"@id\":\"https:\/\/biciurba.com\/index.php\/2024\/06\/15\/cual-es-el-precio-de-nuestra-comodidad-urbana\/\"},\"author\":{\"name\":\"Carlos Cantor\",\"@id\":\"https:\/\/biciurba.com\/#\/schema\/person\/d9675ddf29ee982d268db0a3f239eced\"},\"headline\":\"\u00bfCu\u00e1l es el precio de nuestra comodidad urbana?\",\"datePublished\":\"2024-06-15T16:23:00+00:00\",\"dateModified\":\"2024-06-15T16:11:27+00:00\",\"mainEntityOfPage\":{\"@id\":\"https:\/\/biciurba.com\/index.php\/2024\/06\/15\/cual-es-el-precio-de-nuestra-comodidad-urbana\/\"},\"wordCount\":1172,\"commentCount\":0,\"publisher\":{\"@id\":\"https:\/\/biciurba.com\/#\/schema\/person\/d9675ddf29ee982d268db0a3f239eced\"},\"image\":{\"@id\":\"https:\/\/biciurba.com\/index.php\/2024\/06\/15\/cual-es-el-precio-de-nuestra-comodidad-urbana\/#primaryimage\"},\"thumbnailUrl\":\"https:\/\/biciurba.com\/wp-content\/uploads\/2024\/06\/Bogota.png\",\"keywords\":[\"ciudades\",\"contaminaci\u00f3n urbana\",\"crecimiento urbano\",\"Migraci\u00f3n\"],\"articleSection\":[\"Ciudad Sostenible\"],\"inLanguage\":\"es\",\"potentialAction\":[{\"@type\":\"CommentAction\",\"name\":\"Comment\",\"target\":[\"https:\/\/biciurba.com\/index.php\/2024\/06\/15\/cual-es-el-precio-de-nuestra-comodidad-urbana\/#respond\"]}]},{\"@type\":\"WebPage\",\"@id\":\"https:\/\/biciurba.com\/index.php\/2024\/06\/15\/cual-es-el-precio-de-nuestra-comodidad-urbana\/\",\"url\":\"https:\/\/biciurba.com\/index.php\/2024\/06\/15\/cual-es-el-precio-de-nuestra-comodidad-urbana\/\",\"name\":\"\u00bfCu\u00e1l es el precio de nuestra comodidad urbana? - Biciurba\",\"isPartOf\":{\"@id\":\"https:\/\/biciurba.com\/#website\"},\"primaryImageOfPage\":{\"@id\":\"https:\/\/biciurba.com\/index.php\/2024\/06\/15\/cual-es-el-precio-de-nuestra-comodidad-urbana\/#primaryimage\"},\"image\":{\"@id\":\"https:\/\/biciurba.com\/index.php\/2024\/06\/15\/cual-es-el-precio-de-nuestra-comodidad-urbana\/#primaryimage\"},\"thumbnailUrl\":\"https:\/\/biciurba.com\/wp-content\/uploads\/2024\/06\/Bogota.png\",\"datePublished\":\"2024-06-15T16:23:00+00:00\",\"dateModified\":\"2024-06-15T16:11:27+00:00\",\"breadcrumb\":{\"@id\":\"https:\/\/biciurba.com\/index.php\/2024\/06\/15\/cual-es-el-precio-de-nuestra-comodidad-urbana\/#breadcrumb\"},\"inLanguage\":\"es\",\"potentialAction\":[{\"@type\":\"ReadAction\",\"target\":[\"https:\/\/biciurba.com\/index.php\/2024\/06\/15\/cual-es-el-precio-de-nuestra-comodidad-urbana\/\"]}]},{\"@type\":\"ImageObject\",\"inLanguage\":\"es\",\"@id\":\"https:\/\/biciurba.com\/index.php\/2024\/06\/15\/cual-es-el-precio-de-nuestra-comodidad-urbana\/#primaryimage\",\"url\":\"https:\/\/biciurba.com\/wp-content\/uploads\/2024\/06\/Bogota.png\",\"contentUrl\":\"https:\/\/biciurba.com\/wp-content\/uploads\/2024\/06\/Bogota.png\",\"width\":600,\"height\":400,\"caption\":\"Ciudades que crecen devorando la biodiversidad en todas sus expresiones, adem\u00e1s de desperdiciar los recursos que le dan vida.\"},{\"@type\":\"BreadcrumbList\",\"@id\":\"https:\/\/biciurba.com\/index.php\/2024\/06\/15\/cual-es-el-precio-de-nuestra-comodidad-urbana\/#breadcrumb\",\"itemListElement\":[{\"@type\":\"ListItem\",\"position\":1,\"name\":\"Portada\",\"item\":\"https:\/\/biciurba.com\/\"},{\"@type\":\"ListItem\",\"position\":2,\"name\":\"\u00bfCu\u00e1l es el precio de nuestra comodidad urbana?\"}]},{\"@type\":\"WebSite\",\"@id\":\"https:\/\/biciurba.com\/#website\",\"url\":\"https:\/\/biciurba.com\/\",\"name\":\"Biciurba\",\"description\":\"Una mejor manera de vivir\",\"publisher\":{\"@id\":\"https:\/\/biciurba.com\/#\/schema\/person\/d9675ddf29ee982d268db0a3f239eced\"},\"potentialAction\":[{\"@type\":\"SearchAction\",\"target\":{\"@type\":\"EntryPoint\",\"urlTemplate\":\"https:\/\/biciurba.com\/?s={search_term_string}\"},\"query-input\":{\"@type\":\"PropertyValueSpecification\",\"valueRequired\":true,\"valueName\":\"search_term_string\"}}],\"inLanguage\":\"es\"},{\"@type\":[\"Person\",\"Organization\"],\"@id\":\"https:\/\/biciurba.com\/#\/schema\/person\/d9675ddf29ee982d268db0a3f239eced\",\"name\":\"Carlos Cantor\",\"image\":{\"@type\":\"ImageObject\",\"inLanguage\":\"es\",\"@id\":\"https:\/\/biciurba.com\/#\/schema\/person\/image\/\",\"url\":\"https:\/\/biciurba.com\/wp-content\/uploads\/2024\/04\/cropped-logo-1.png\",\"contentUrl\":\"https:\/\/biciurba.com\/wp-content\/uploads\/2024\/04\/cropped-logo-1.png\",\"width\":512,\"height\":318,\"caption\":\"Carlos Cantor\"},\"logo\":{\"@id\":\"https:\/\/biciurba.com\/#\/schema\/person\/image\/\"},\"sameAs\":[\"https:\/\/biciurba.com\"],\"url\":\"https:\/\/biciurba.com\/index.php\/author\/ccantor\/\"}]}<\/script>\n<!-- \/ Yoast SEO plugin. -->","yoast_head_json":{"title":"\u00bfCu\u00e1l es el precio de nuestra comodidad urbana? - Biciurba","robots":{"index":"index","follow":"follow","max-snippet":"max-snippet:-1","max-image-preview":"max-image-preview:large","max-video-preview":"max-video-preview:-1"},"canonical":"https:\/\/biciurba.com\/index.php\/2024\/06\/15\/cual-es-el-precio-de-nuestra-comodidad-urbana\/","og_locale":"es_ES","og_type":"article","og_title":"\u00bfCu\u00e1l es el precio de nuestra comodidad urbana? - Biciurba","og_description":"Las ciudades en el mundo siguen creciendo. Alguna muy bien planificadas como sucede en China, otras al garete como sucede en los pa\u00edses en v\u00edas de desarrollo, donde se incluye Colombia. Frente a este desorden de crecimiento poco planificado y muy descuidado que va en contra de los ecosistemas que han sobrevivido a pesar de [&hellip;]","og_url":"https:\/\/biciurba.com\/index.php\/2024\/06\/15\/cual-es-el-precio-de-nuestra-comodidad-urbana\/","og_site_name":"Biciurba","article_published_time":"2024-06-15T16:23:00+00:00","article_modified_time":"2024-06-15T16:11:27+00:00","og_image":[{"width":600,"height":400,"url":"https:\/\/biciurba.com\/wp-content\/uploads\/2024\/06\/Bogota.png","type":"image\/png"}],"author":"Carlos Cantor","twitter_card":"summary_large_image","twitter_misc":{"Escrito por":"Carlos Cantor","Tiempo de lectura":"6 minutos"},"schema":{"@context":"https:\/\/schema.org","@graph":[{"@type":"Article","@id":"https:\/\/biciurba.com\/index.php\/2024\/06\/15\/cual-es-el-precio-de-nuestra-comodidad-urbana\/#article","isPartOf":{"@id":"https:\/\/biciurba.com\/index.php\/2024\/06\/15\/cual-es-el-precio-de-nuestra-comodidad-urbana\/"},"author":{"name":"Carlos Cantor","@id":"https:\/\/biciurba.com\/#\/schema\/person\/d9675ddf29ee982d268db0a3f239eced"},"headline":"\u00bfCu\u00e1l es el precio de nuestra comodidad urbana?","datePublished":"2024-06-15T16:23:00+00:00","dateModified":"2024-06-15T16:11:27+00:00","mainEntityOfPage":{"@id":"https:\/\/biciurba.com\/index.php\/2024\/06\/15\/cual-es-el-precio-de-nuestra-comodidad-urbana\/"},"wordCount":1172,"commentCount":0,"publisher":{"@id":"https:\/\/biciurba.com\/#\/schema\/person\/d9675ddf29ee982d268db0a3f239eced"},"image":{"@id":"https:\/\/biciurba.com\/index.php\/2024\/06\/15\/cual-es-el-precio-de-nuestra-comodidad-urbana\/#primaryimage"},"thumbnailUrl":"https:\/\/biciurba.com\/wp-content\/uploads\/2024\/06\/Bogota.png","keywords":["ciudades","contaminaci\u00f3n urbana","crecimiento urbano","Migraci\u00f3n"],"articleSection":["Ciudad Sostenible"],"inLanguage":"es","potentialAction":[{"@type":"CommentAction","name":"Comment","target":["https:\/\/biciurba.com\/index.php\/2024\/06\/15\/cual-es-el-precio-de-nuestra-comodidad-urbana\/#respond"]}]},{"@type":"WebPage","@id":"https:\/\/biciurba.com\/index.php\/2024\/06\/15\/cual-es-el-precio-de-nuestra-comodidad-urbana\/","url":"https:\/\/biciurba.com\/index.php\/2024\/06\/15\/cual-es-el-precio-de-nuestra-comodidad-urbana\/","name":"\u00bfCu\u00e1l es el precio de nuestra comodidad urbana? - Biciurba","isPartOf":{"@id":"https:\/\/biciurba.com\/#website"},"primaryImageOfPage":{"@id":"https:\/\/biciurba.com\/index.php\/2024\/06\/15\/cual-es-el-precio-de-nuestra-comodidad-urbana\/#primaryimage"},"image":{"@id":"https:\/\/biciurba.com\/index.php\/2024\/06\/15\/cual-es-el-precio-de-nuestra-comodidad-urbana\/#primaryimage"},"thumbnailUrl":"https:\/\/biciurba.com\/wp-content\/uploads\/2024\/06\/Bogota.png","datePublished":"2024-06-15T16:23:00+00:00","dateModified":"2024-06-15T16:11:27+00:00","breadcrumb":{"@id":"https:\/\/biciurba.com\/index.php\/2024\/06\/15\/cual-es-el-precio-de-nuestra-comodidad-urbana\/#breadcrumb"},"inLanguage":"es","potentialAction":[{"@type":"ReadAction","target":["https:\/\/biciurba.com\/index.php\/2024\/06\/15\/cual-es-el-precio-de-nuestra-comodidad-urbana\/"]}]},{"@type":"ImageObject","inLanguage":"es","@id":"https:\/\/biciurba.com\/index.php\/2024\/06\/15\/cual-es-el-precio-de-nuestra-comodidad-urbana\/#primaryimage","url":"https:\/\/biciurba.com\/wp-content\/uploads\/2024\/06\/Bogota.png","contentUrl":"https:\/\/biciurba.com\/wp-content\/uploads\/2024\/06\/Bogota.png","width":600,"height":400,"caption":"Ciudades que crecen devorando la biodiversidad en todas sus expresiones, adem\u00e1s de desperdiciar los recursos que le dan vida."},{"@type":"BreadcrumbList","@id":"https:\/\/biciurba.com\/index.php\/2024\/06\/15\/cual-es-el-precio-de-nuestra-comodidad-urbana\/#breadcrumb","itemListElement":[{"@type":"ListItem","position":1,"name":"Portada","item":"https:\/\/biciurba.com\/"},{"@type":"ListItem","position":2,"name":"\u00bfCu\u00e1l es el precio de nuestra comodidad urbana?"}]},{"@type":"WebSite","@id":"https:\/\/biciurba.com\/#website","url":"https:\/\/biciurba.com\/","name":"Biciurba","description":"Una mejor manera de vivir","publisher":{"@id":"https:\/\/biciurba.com\/#\/schema\/person\/d9675ddf29ee982d268db0a3f239eced"},"potentialAction":[{"@type":"SearchAction","target":{"@type":"EntryPoint","urlTemplate":"https:\/\/biciurba.com\/?s={search_term_string}"},"query-input":{"@type":"PropertyValueSpecification","valueRequired":true,"valueName":"search_term_string"}}],"inLanguage":"es"},{"@type":["Person","Organization"],"@id":"https:\/\/biciurba.com\/#\/schema\/person\/d9675ddf29ee982d268db0a3f239eced","name":"Carlos Cantor","image":{"@type":"ImageObject","inLanguage":"es","@id":"https:\/\/biciurba.com\/#\/schema\/person\/image\/","url":"https:\/\/biciurba.com\/wp-content\/uploads\/2024\/04\/cropped-logo-1.png","contentUrl":"https:\/\/biciurba.com\/wp-content\/uploads\/2024\/04\/cropped-logo-1.png","width":512,"height":318,"caption":"Carlos Cantor"},"logo":{"@id":"https:\/\/biciurba.com\/#\/schema\/person\/image\/"},"sameAs":["https:\/\/biciurba.com"],"url":"https:\/\/biciurba.com\/index.php\/author\/ccantor\/"}]}},"_links":{"self":[{"href":"https:\/\/biciurba.com\/index.php\/wp-json\/wp\/v2\/posts\/648"}],"collection":[{"href":"https:\/\/biciurba.com\/index.php\/wp-json\/wp\/v2\/posts"}],"about":[{"href":"https:\/\/biciurba.com\/index.php\/wp-json\/wp\/v2\/types\/post"}],"author":[{"embeddable":true,"href":"https:\/\/biciurba.com\/index.php\/wp-json\/wp\/v2\/users\/1"}],"replies":[{"embeddable":true,"href":"https:\/\/biciurba.com\/index.php\/wp-json\/wp\/v2\/comments?post=648"}],"version-history":[{"count":1,"href":"https:\/\/biciurba.com\/index.php\/wp-json\/wp\/v2\/posts\/648\/revisions"}],"predecessor-version":[{"id":650,"href":"https:\/\/biciurba.com\/index.php\/wp-json\/wp\/v2\/posts\/648\/revisions\/650"}],"wp:featuredmedia":[{"embeddable":true,"href":"https:\/\/biciurba.com\/index.php\/wp-json\/wp\/v2\/media\/649"}],"wp:attachment":[{"href":"https:\/\/biciurba.com\/index.php\/wp-json\/wp\/v2\/media?parent=648"}],"wp:term":[{"taxonomy":"category","embeddable":true,"href":"https:\/\/biciurba.com\/index.php\/wp-json\/wp\/v2\/categories?post=648"},{"taxonomy":"post_tag","embeddable":true,"href":"https:\/\/biciurba.com\/index.php\/wp-json\/wp\/v2\/tags?post=648"}],"curies":[{"name":"wp","href":"https:\/\/api.w.org\/{rel}","templated":true}]}}