{"id":655,"date":"2024-06-17T11:07:04","date_gmt":"2024-06-17T16:07:04","guid":{"rendered":"https:\/\/biciurba.com\/?p=655"},"modified":"2024-06-17T11:07:32","modified_gmt":"2024-06-17T16:07:32","slug":"en-tiempos-de-violencia-intrafamiliar-un-texto-que-nos-acerca-a-esta-realidad","status":"publish","type":"post","link":"https:\/\/biciurba.com\/index.php\/2024\/06\/17\/en-tiempos-de-violencia-intrafamiliar-un-texto-que-nos-acerca-a-esta-realidad\/","title":{"rendered":"En tiempos de violencia intrafamiliar dos textos que nos acerca a esta realidad"},"content":{"rendered":"\n<p>No hay d\u00eda en el que no se denuncie el maltrato a las mujeres y a los menores de edad en cualquier lugar del mundo. Pa\u00edses como Argentina, Colombia, M\u00e9xico presentan cifras realmente preocupantes con respecto a esta realidad. Pero, \u00bfqu\u00e9 es lo que la origina? Indudablemente es un patr\u00f3n de conducta que se recicla constantemente en el n\u00facleo familiar, pues es all\u00ed donde se desarrolla el sentido social, el respeto, la dignidad, la no violencia e inteligencia emocional para resolver problemas, si no se siembra esto en las conductas de sus miembros, tenemos la tragedia diaria de las noticias de violencia intrafamiliar.<\/p>\n\n\n\n<p>Cuando se forma una familia y no se atiende de forma debida estas realidades, es m\u00e1s se trata de ocultar circunstancias violentas o simplemente se naturalizan, y si las dos parte han vivido en esos escenarios de violencia, el ciclo contin\u00faa hasta llegar a situaciones penales absolutamente lamentables.  Ante estas tr\u00e1gicas realidades  la abogada Mar\u00eda Victoria Zambrano Ibarra, representa a las v\u00edctimas ante el Consejo Distrital de Bogot\u00e1 para la Atenci\u00f3n Integral a V\u00edctimas de Violencia y Explotaci\u00f3n Sexual y ante la Asociaci\u00f3n Afecto Contra el Maltrato Infantil.<\/p>\n\n\n\n<p>Ha escrito dos libros La Violencia de puertas para adentro y Te cuento un cuento para que no comas cuento. El primero busca comprender y reflexionar, desde su mirada, las batallas internas que se libran ante el maltrato infantil, abuso sexual, violencia f\u00edsica, emocional y psicol\u00f3gica. Es un libro basado en historias de la vida real que muestran las causas, efectos, factores de protecci\u00f3n y curativos que contribuyen al proceso de recuperaci\u00f3n de las v\u00edctimas de violencia intrafamiliar, dirigido a quienes han sufrido este flagelo, sus familias, estudiantes y profesionales pertenecientes a la red de protecci\u00f3n y atenci\u00f3n.<\/p>\n\n\n\n<p>El segundo libro est\u00e1 dirigido a los ni\u00f1os, es un texto pr\u00e1ctico, did\u00e1ctico e ilustrado, que contiene cinco cuentos basados en historias de la vida real, adem\u00e1s de espacios y actividades para que los lectores puedan expresar, a trav\u00e9s de dibujos o palabras, los sentimientos, preocupaciones, situaciones y dem\u00e1s circunstancias relacionadas con los hechos descritos en las narraciones. Es un libro que propicia espacios de reflexi\u00f3n en familia y motiva el acompa\u00f1amiento en la lectura de temas que a los adultos les resulta dif\u00edcil tratar con ni\u00f1os y adolescentes.<\/p>\n\n\n\n<p>Mar\u00eda Victoria Zambrano Ibarra, al haber sido v\u00edctima de violencia intrafamiliar y abuso sexual infantil y especialmente, al ser una sobreviviente que fue capaz de transformar las experiencias dolorosas en aspectos positivos para su vida, incide en la de los dem\u00e1s de una manera positiva y resiliente, es decir, desde la capacidad de resignificar el pasado y construir a partir de las cenizas; utilizando el arte, la escritura, el dibujo, el teatro y la m\u00fasica, como recursos, donde se puede expresar el mundo a trav\u00e9s de colores e ideas creativas junto a un proceso psicol\u00f3gico necesario hacia el camino de la sanidad y paz interior.<\/p>\n\n\n\n<p>Por eso es importante conocer realmente a las personas con las que se considera formar una familia, entender el esquema familiar en la que se ha formado, si hay se\u00f1ales de maltrato, que no necesariamente es f\u00edsico, el emocional es igualmente traum\u00e1tico, es mejor dejar pasar esa posible uni\u00f3n y evitar serios problemas, tanto de la pareja como de los hijos que se puedan concebir en esa relaci\u00f3n. Y aqu\u00ed s\u00ed que es v\u00e1lido el conocido dicho: \u00abm\u00e1s vale solo que mal acompa\u00f1ado\u00bb.<\/p>\n","protected":false},"excerpt":{"rendered":"<p>No hay d\u00eda en el que no se denuncie el maltrato a las mujeres y a los menores de edad en cualquier lugar del mundo. Pa\u00edses como Argentina, Colombia, M\u00e9xico presentan cifras realmente preocupantes con respecto a esta realidad. Pero, \u00bfqu\u00e9 es lo que la origina? Indudablemente es un patr\u00f3n de conducta que se recicla [&hellip;]<\/p>\n","protected":false},"author":1,"featured_media":656,"comment_status":"open","ping_status":"open","sticky":false,"template":"","format":"standard","meta":{"footnotes":""},"categories":[50],"tags":[311,309,310],"class_list":["post-655","post","type-post","status-publish","format-standard","has-post-thumbnail","hentry","category-salud-y-bienestar","tag-literatura-social","tag-maria-victoria-zambrano","tag-violencia-intrafamiliar"],"yoast_head":"<!-- This site is optimized with the Yoast SEO plugin v23.9 - https:\/\/yoast.com\/wordpress\/plugins\/seo\/ -->\n<title>En tiempos de violencia intrafamiliar dos textos que nos acerca a esta realidad - Biciurba<\/title>\n<meta name=\"robots\" content=\"index, follow, max-snippet:-1, max-image-preview:large, max-video-preview:-1\" \/>\n<link rel=\"canonical\" href=\"https:\/\/biciurba.com\/index.php\/2024\/06\/17\/en-tiempos-de-violencia-intrafamiliar-un-texto-que-nos-acerca-a-esta-realidad\/\" \/>\n<meta property=\"og:locale\" content=\"es_ES\" \/>\n<meta property=\"og:type\" content=\"article\" \/>\n<meta property=\"og:title\" content=\"En tiempos de violencia intrafamiliar dos textos que nos acerca a esta realidad - Biciurba\" \/>\n<meta property=\"og:description\" content=\"No hay d\u00eda en el que no se denuncie el maltrato a las mujeres y a los menores de edad en cualquier lugar del mundo. Pa\u00edses como Argentina, Colombia, M\u00e9xico presentan cifras realmente preocupantes con respecto a esta realidad. Pero, \u00bfqu\u00e9 es lo que la origina? Indudablemente es un patr\u00f3n de conducta que se recicla [&hellip;]\" \/>\n<meta property=\"og:url\" content=\"https:\/\/biciurba.com\/index.php\/2024\/06\/17\/en-tiempos-de-violencia-intrafamiliar-un-texto-que-nos-acerca-a-esta-realidad\/\" \/>\n<meta property=\"og:site_name\" content=\"Biciurba\" \/>\n<meta property=\"article:published_time\" content=\"2024-06-17T16:07:04+00:00\" \/>\n<meta property=\"article:modified_time\" content=\"2024-06-17T16:07:32+00:00\" \/>\n<meta property=\"og:image\" content=\"https:\/\/biciurba.com\/wp-content\/uploads\/2024\/06\/violencia.png\" \/>\n\t<meta property=\"og:image:width\" content=\"600\" \/>\n\t<meta property=\"og:image:height\" content=\"400\" \/>\n\t<meta property=\"og:image:type\" content=\"image\/png\" \/>\n<meta name=\"author\" content=\"Carlos Cantor\" \/>\n<meta name=\"twitter:card\" content=\"summary_large_image\" \/>\n<meta name=\"twitter:label1\" content=\"Escrito por\" \/>\n\t<meta name=\"twitter:data1\" content=\"Carlos Cantor\" \/>\n\t<meta name=\"twitter:label2\" content=\"Tiempo de lectura\" \/>\n\t<meta name=\"twitter:data2\" content=\"3 minutos\" \/>\n<script type=\"application\/ld+json\" class=\"yoast-schema-graph\">{\"@context\":\"https:\/\/schema.org\",\"@graph\":[{\"@type\":\"Article\",\"@id\":\"https:\/\/biciurba.com\/index.php\/2024\/06\/17\/en-tiempos-de-violencia-intrafamiliar-un-texto-que-nos-acerca-a-esta-realidad\/#article\",\"isPartOf\":{\"@id\":\"https:\/\/biciurba.com\/index.php\/2024\/06\/17\/en-tiempos-de-violencia-intrafamiliar-un-texto-que-nos-acerca-a-esta-realidad\/\"},\"author\":{\"name\":\"Carlos Cantor\",\"@id\":\"https:\/\/biciurba.com\/#\/schema\/person\/d9675ddf29ee982d268db0a3f239eced\"},\"headline\":\"En tiempos de violencia intrafamiliar dos textos que nos acerca a esta realidad\",\"datePublished\":\"2024-06-17T16:07:04+00:00\",\"dateModified\":\"2024-06-17T16:07:32+00:00\",\"mainEntityOfPage\":{\"@id\":\"https:\/\/biciurba.com\/index.php\/2024\/06\/17\/en-tiempos-de-violencia-intrafamiliar-un-texto-que-nos-acerca-a-esta-realidad\/\"},\"wordCount\":624,\"commentCount\":1,\"publisher\":{\"@id\":\"https:\/\/biciurba.com\/#\/schema\/person\/d9675ddf29ee982d268db0a3f239eced\"},\"image\":{\"@id\":\"https:\/\/biciurba.com\/index.php\/2024\/06\/17\/en-tiempos-de-violencia-intrafamiliar-un-texto-que-nos-acerca-a-esta-realidad\/#primaryimage\"},\"thumbnailUrl\":\"https:\/\/biciurba.com\/wp-content\/uploads\/2024\/06\/violencia.png\",\"keywords\":[\"Literatura social\",\"Mar\u00eda Victoria Zambrano\",\"Violencia intrafamiliar\"],\"articleSection\":[\"Vida Buena\"],\"inLanguage\":\"es\",\"potentialAction\":[{\"@type\":\"CommentAction\",\"name\":\"Comment\",\"target\":[\"https:\/\/biciurba.com\/index.php\/2024\/06\/17\/en-tiempos-de-violencia-intrafamiliar-un-texto-que-nos-acerca-a-esta-realidad\/#respond\"]}]},{\"@type\":\"WebPage\",\"@id\":\"https:\/\/biciurba.com\/index.php\/2024\/06\/17\/en-tiempos-de-violencia-intrafamiliar-un-texto-que-nos-acerca-a-esta-realidad\/\",\"url\":\"https:\/\/biciurba.com\/index.php\/2024\/06\/17\/en-tiempos-de-violencia-intrafamiliar-un-texto-que-nos-acerca-a-esta-realidad\/\",\"name\":\"En tiempos de violencia intrafamiliar dos textos que nos acerca a esta realidad - Biciurba\",\"isPartOf\":{\"@id\":\"https:\/\/biciurba.com\/#website\"},\"primaryImageOfPage\":{\"@id\":\"https:\/\/biciurba.com\/index.php\/2024\/06\/17\/en-tiempos-de-violencia-intrafamiliar-un-texto-que-nos-acerca-a-esta-realidad\/#primaryimage\"},\"image\":{\"@id\":\"https:\/\/biciurba.com\/index.php\/2024\/06\/17\/en-tiempos-de-violencia-intrafamiliar-un-texto-que-nos-acerca-a-esta-realidad\/#primaryimage\"},\"thumbnailUrl\":\"https:\/\/biciurba.com\/wp-content\/uploads\/2024\/06\/violencia.png\",\"datePublished\":\"2024-06-17T16:07:04+00:00\",\"dateModified\":\"2024-06-17T16:07:32+00:00\",\"breadcrumb\":{\"@id\":\"https:\/\/biciurba.com\/index.php\/2024\/06\/17\/en-tiempos-de-violencia-intrafamiliar-un-texto-que-nos-acerca-a-esta-realidad\/#breadcrumb\"},\"inLanguage\":\"es\",\"potentialAction\":[{\"@type\":\"ReadAction\",\"target\":[\"https:\/\/biciurba.com\/index.php\/2024\/06\/17\/en-tiempos-de-violencia-intrafamiliar-un-texto-que-nos-acerca-a-esta-realidad\/\"]}]},{\"@type\":\"ImageObject\",\"inLanguage\":\"es\",\"@id\":\"https:\/\/biciurba.com\/index.php\/2024\/06\/17\/en-tiempos-de-violencia-intrafamiliar-un-texto-que-nos-acerca-a-esta-realidad\/#primaryimage\",\"url\":\"https:\/\/biciurba.com\/wp-content\/uploads\/2024\/06\/violencia.png\",\"contentUrl\":\"https:\/\/biciurba.com\/wp-content\/uploads\/2024\/06\/violencia.png\",\"width\":600,\"height\":400,\"caption\":\"\u201cLa violencia me hizo v\u00edctima, el valor me convirti\u00f3 en vencedora\u201d Victoria Zambrano.\"},{\"@type\":\"BreadcrumbList\",\"@id\":\"https:\/\/biciurba.com\/index.php\/2024\/06\/17\/en-tiempos-de-violencia-intrafamiliar-un-texto-que-nos-acerca-a-esta-realidad\/#breadcrumb\",\"itemListElement\":[{\"@type\":\"ListItem\",\"position\":1,\"name\":\"Portada\",\"item\":\"https:\/\/biciurba.com\/\"},{\"@type\":\"ListItem\",\"position\":2,\"name\":\"En tiempos de violencia intrafamiliar dos textos que nos acerca a esta realidad\"}]},{\"@type\":\"WebSite\",\"@id\":\"https:\/\/biciurba.com\/#website\",\"url\":\"https:\/\/biciurba.com\/\",\"name\":\"Biciurba\",\"description\":\"Una mejor manera de vivir\",\"publisher\":{\"@id\":\"https:\/\/biciurba.com\/#\/schema\/person\/d9675ddf29ee982d268db0a3f239eced\"},\"potentialAction\":[{\"@type\":\"SearchAction\",\"target\":{\"@type\":\"EntryPoint\",\"urlTemplate\":\"https:\/\/biciurba.com\/?s={search_term_string}\"},\"query-input\":{\"@type\":\"PropertyValueSpecification\",\"valueRequired\":true,\"valueName\":\"search_term_string\"}}],\"inLanguage\":\"es\"},{\"@type\":[\"Person\",\"Organization\"],\"@id\":\"https:\/\/biciurba.com\/#\/schema\/person\/d9675ddf29ee982d268db0a3f239eced\",\"name\":\"Carlos Cantor\",\"image\":{\"@type\":\"ImageObject\",\"inLanguage\":\"es\",\"@id\":\"https:\/\/biciurba.com\/#\/schema\/person\/image\/\",\"url\":\"https:\/\/biciurba.com\/wp-content\/uploads\/2024\/04\/cropped-logo-1.png\",\"contentUrl\":\"https:\/\/biciurba.com\/wp-content\/uploads\/2024\/04\/cropped-logo-1.png\",\"width\":512,\"height\":318,\"caption\":\"Carlos Cantor\"},\"logo\":{\"@id\":\"https:\/\/biciurba.com\/#\/schema\/person\/image\/\"},\"sameAs\":[\"https:\/\/biciurba.com\"],\"url\":\"https:\/\/biciurba.com\/index.php\/author\/ccantor\/\"}]}<\/script>\n<!-- \/ Yoast SEO plugin. -->","yoast_head_json":{"title":"En tiempos de violencia intrafamiliar dos textos que nos acerca a esta realidad - Biciurba","robots":{"index":"index","follow":"follow","max-snippet":"max-snippet:-1","max-image-preview":"max-image-preview:large","max-video-preview":"max-video-preview:-1"},"canonical":"https:\/\/biciurba.com\/index.php\/2024\/06\/17\/en-tiempos-de-violencia-intrafamiliar-un-texto-que-nos-acerca-a-esta-realidad\/","og_locale":"es_ES","og_type":"article","og_title":"En tiempos de violencia intrafamiliar dos textos que nos acerca a esta realidad - Biciurba","og_description":"No hay d\u00eda en el que no se denuncie el maltrato a las mujeres y a los menores de edad en cualquier lugar del mundo. Pa\u00edses como Argentina, Colombia, M\u00e9xico presentan cifras realmente preocupantes con respecto a esta realidad. Pero, \u00bfqu\u00e9 es lo que la origina? Indudablemente es un patr\u00f3n de conducta que se recicla [&hellip;]","og_url":"https:\/\/biciurba.com\/index.php\/2024\/06\/17\/en-tiempos-de-violencia-intrafamiliar-un-texto-que-nos-acerca-a-esta-realidad\/","og_site_name":"Biciurba","article_published_time":"2024-06-17T16:07:04+00:00","article_modified_time":"2024-06-17T16:07:32+00:00","og_image":[{"width":600,"height":400,"url":"https:\/\/biciurba.com\/wp-content\/uploads\/2024\/06\/violencia.png","type":"image\/png"}],"author":"Carlos Cantor","twitter_card":"summary_large_image","twitter_misc":{"Escrito por":"Carlos Cantor","Tiempo de lectura":"3 minutos"},"schema":{"@context":"https:\/\/schema.org","@graph":[{"@type":"Article","@id":"https:\/\/biciurba.com\/index.php\/2024\/06\/17\/en-tiempos-de-violencia-intrafamiliar-un-texto-que-nos-acerca-a-esta-realidad\/#article","isPartOf":{"@id":"https:\/\/biciurba.com\/index.php\/2024\/06\/17\/en-tiempos-de-violencia-intrafamiliar-un-texto-que-nos-acerca-a-esta-realidad\/"},"author":{"name":"Carlos Cantor","@id":"https:\/\/biciurba.com\/#\/schema\/person\/d9675ddf29ee982d268db0a3f239eced"},"headline":"En tiempos de violencia intrafamiliar dos textos que nos acerca a esta realidad","datePublished":"2024-06-17T16:07:04+00:00","dateModified":"2024-06-17T16:07:32+00:00","mainEntityOfPage":{"@id":"https:\/\/biciurba.com\/index.php\/2024\/06\/17\/en-tiempos-de-violencia-intrafamiliar-un-texto-que-nos-acerca-a-esta-realidad\/"},"wordCount":624,"commentCount":1,"publisher":{"@id":"https:\/\/biciurba.com\/#\/schema\/person\/d9675ddf29ee982d268db0a3f239eced"},"image":{"@id":"https:\/\/biciurba.com\/index.php\/2024\/06\/17\/en-tiempos-de-violencia-intrafamiliar-un-texto-que-nos-acerca-a-esta-realidad\/#primaryimage"},"thumbnailUrl":"https:\/\/biciurba.com\/wp-content\/uploads\/2024\/06\/violencia.png","keywords":["Literatura social","Mar\u00eda Victoria Zambrano","Violencia intrafamiliar"],"articleSection":["Vida Buena"],"inLanguage":"es","potentialAction":[{"@type":"CommentAction","name":"Comment","target":["https:\/\/biciurba.com\/index.php\/2024\/06\/17\/en-tiempos-de-violencia-intrafamiliar-un-texto-que-nos-acerca-a-esta-realidad\/#respond"]}]},{"@type":"WebPage","@id":"https:\/\/biciurba.com\/index.php\/2024\/06\/17\/en-tiempos-de-violencia-intrafamiliar-un-texto-que-nos-acerca-a-esta-realidad\/","url":"https:\/\/biciurba.com\/index.php\/2024\/06\/17\/en-tiempos-de-violencia-intrafamiliar-un-texto-que-nos-acerca-a-esta-realidad\/","name":"En tiempos de violencia intrafamiliar dos textos que nos acerca a esta realidad - Biciurba","isPartOf":{"@id":"https:\/\/biciurba.com\/#website"},"primaryImageOfPage":{"@id":"https:\/\/biciurba.com\/index.php\/2024\/06\/17\/en-tiempos-de-violencia-intrafamiliar-un-texto-que-nos-acerca-a-esta-realidad\/#primaryimage"},"image":{"@id":"https:\/\/biciurba.com\/index.php\/2024\/06\/17\/en-tiempos-de-violencia-intrafamiliar-un-texto-que-nos-acerca-a-esta-realidad\/#primaryimage"},"thumbnailUrl":"https:\/\/biciurba.com\/wp-content\/uploads\/2024\/06\/violencia.png","datePublished":"2024-06-17T16:07:04+00:00","dateModified":"2024-06-17T16:07:32+00:00","breadcrumb":{"@id":"https:\/\/biciurba.com\/index.php\/2024\/06\/17\/en-tiempos-de-violencia-intrafamiliar-un-texto-que-nos-acerca-a-esta-realidad\/#breadcrumb"},"inLanguage":"es","potentialAction":[{"@type":"ReadAction","target":["https:\/\/biciurba.com\/index.php\/2024\/06\/17\/en-tiempos-de-violencia-intrafamiliar-un-texto-que-nos-acerca-a-esta-realidad\/"]}]},{"@type":"ImageObject","inLanguage":"es","@id":"https:\/\/biciurba.com\/index.php\/2024\/06\/17\/en-tiempos-de-violencia-intrafamiliar-un-texto-que-nos-acerca-a-esta-realidad\/#primaryimage","url":"https:\/\/biciurba.com\/wp-content\/uploads\/2024\/06\/violencia.png","contentUrl":"https:\/\/biciurba.com\/wp-content\/uploads\/2024\/06\/violencia.png","width":600,"height":400,"caption":"\u201cLa violencia me hizo v\u00edctima, el valor me convirti\u00f3 en vencedora\u201d Victoria Zambrano."},{"@type":"BreadcrumbList","@id":"https:\/\/biciurba.com\/index.php\/2024\/06\/17\/en-tiempos-de-violencia-intrafamiliar-un-texto-que-nos-acerca-a-esta-realidad\/#breadcrumb","itemListElement":[{"@type":"ListItem","position":1,"name":"Portada","item":"https:\/\/biciurba.com\/"},{"@type":"ListItem","position":2,"name":"En tiempos de violencia intrafamiliar dos textos que nos acerca a esta realidad"}]},{"@type":"WebSite","@id":"https:\/\/biciurba.com\/#website","url":"https:\/\/biciurba.com\/","name":"Biciurba","description":"Una mejor manera de vivir","publisher":{"@id":"https:\/\/biciurba.com\/#\/schema\/person\/d9675ddf29ee982d268db0a3f239eced"},"potentialAction":[{"@type":"SearchAction","target":{"@type":"EntryPoint","urlTemplate":"https:\/\/biciurba.com\/?s={search_term_string}"},"query-input":{"@type":"PropertyValueSpecification","valueRequired":true,"valueName":"search_term_string"}}],"inLanguage":"es"},{"@type":["Person","Organization"],"@id":"https:\/\/biciurba.com\/#\/schema\/person\/d9675ddf29ee982d268db0a3f239eced","name":"Carlos Cantor","image":{"@type":"ImageObject","inLanguage":"es","@id":"https:\/\/biciurba.com\/#\/schema\/person\/image\/","url":"https:\/\/biciurba.com\/wp-content\/uploads\/2024\/04\/cropped-logo-1.png","contentUrl":"https:\/\/biciurba.com\/wp-content\/uploads\/2024\/04\/cropped-logo-1.png","width":512,"height":318,"caption":"Carlos Cantor"},"logo":{"@id":"https:\/\/biciurba.com\/#\/schema\/person\/image\/"},"sameAs":["https:\/\/biciurba.com"],"url":"https:\/\/biciurba.com\/index.php\/author\/ccantor\/"}]}},"_links":{"self":[{"href":"https:\/\/biciurba.com\/index.php\/wp-json\/wp\/v2\/posts\/655"}],"collection":[{"href":"https:\/\/biciurba.com\/index.php\/wp-json\/wp\/v2\/posts"}],"about":[{"href":"https:\/\/biciurba.com\/index.php\/wp-json\/wp\/v2\/types\/post"}],"author":[{"embeddable":true,"href":"https:\/\/biciurba.com\/index.php\/wp-json\/wp\/v2\/users\/1"}],"replies":[{"embeddable":true,"href":"https:\/\/biciurba.com\/index.php\/wp-json\/wp\/v2\/comments?post=655"}],"version-history":[{"count":2,"href":"https:\/\/biciurba.com\/index.php\/wp-json\/wp\/v2\/posts\/655\/revisions"}],"predecessor-version":[{"id":658,"href":"https:\/\/biciurba.com\/index.php\/wp-json\/wp\/v2\/posts\/655\/revisions\/658"}],"wp:featuredmedia":[{"embeddable":true,"href":"https:\/\/biciurba.com\/index.php\/wp-json\/wp\/v2\/media\/656"}],"wp:attachment":[{"href":"https:\/\/biciurba.com\/index.php\/wp-json\/wp\/v2\/media?parent=655"}],"wp:term":[{"taxonomy":"category","embeddable":true,"href":"https:\/\/biciurba.com\/index.php\/wp-json\/wp\/v2\/categories?post=655"},{"taxonomy":"post_tag","embeddable":true,"href":"https:\/\/biciurba.com\/index.php\/wp-json\/wp\/v2\/tags?post=655"}],"curies":[{"name":"wp","href":"https:\/\/api.w.org\/{rel}","templated":true}]}}