{"id":726,"date":"2024-06-24T11:27:23","date_gmt":"2024-06-24T16:27:23","guid":{"rendered":"https:\/\/biciurba.com\/?p=726"},"modified":"2024-06-24T11:27:25","modified_gmt":"2024-06-24T16:27:25","slug":"un-efecto-global-y-local-que-tambien-nos-toca-a-la-puerta","status":"publish","type":"post","link":"https:\/\/biciurba.com\/index.php\/2024\/06\/24\/un-efecto-global-y-local-que-tambien-nos-toca-a-la-puerta\/","title":{"rendered":"Un efecto global y local que tambi\u00e9n nos toca a la puerta"},"content":{"rendered":"\n<p>La desertificaci\u00f3n, que es un efecto mundial, causa repercusiones como la sequ\u00eda, la migraci\u00f3n forzada y la reducci\u00f3n del acceso a alimentos. En Suram\u00e9rica, estas consecuencias se sienten de manera particularmente aguda debido a la diversidad de ecosistemas y la dependencia de muchos pa\u00edses de la agricultura. Para enfrentarla efectivamente, es esencial abordar el problema desde los niveles de pol\u00edticas y decisiones globales y de la acci\u00f3n local para mitigar sus efectos .<\/p>\n\n\n\n<p>Si las personas ya no pueden producir alimentos en sus tierras, se ver\u00e1n obligadas a emigrar, lo que puede tener graves consecuencias para la seguridad mundial. La competencia por el acceso a la tierra y al agua generan conflictos, afectando la homogeneidad de las comunidades y las econom\u00edas nacionales.<\/p>\n\n\n\n<p>Se estima que hasta el 50% del PIB mundial podr\u00eda perderse de aqu\u00ed a 2050 debido a los problemas relacionados con la agricultura y la producci\u00f3n de alimentos, a menos que se aborde la cuesti\u00f3n de la p\u00e9rdida de tierras y la desertificaci\u00f3n. En Suram\u00e9rica, este fen\u00f3meno afecta especialmente a regiones como el Gran Chaco y el noreste de Brasil.<\/p>\n\n\n\n<p>En lo que respecta a las tierras \u00e1ridas y la desertificaci\u00f3n, se calcula que el 45% de la superficie terrestre est\u00e1 afectada por este fen\u00f3meno y cerca de 3.200 millones de personas, es decir, un tercio de la poblaci\u00f3n mundial, sufren esta realidad. Cada a\u00f1o se degradan cien millones de hect\u00e1reas de tierra, una superficie equivalente al tama\u00f1o de Egipto. Es necesario restaurar 1.500 millones de hect\u00e1reas de tierra para revertir los efectos de la desertificaci\u00f3n.<\/p>\n\n\n\n<p>Una de las soluciones clave para enfrentar el deterioro de los suelos cultivables es la mejora de las t\u00e9cnicas agr\u00edcolas. Esto incluye pr\u00e1cticas sostenibles que reduzcan el impacto de la agricultura en la tierra. En Suram\u00e9rica, t\u00e9cnicas como la agroforester\u00eda, la agroecolog\u00eda, la rotaci\u00f3n de cultivos y el uso de cultivos de cobertura pueden ser efectivas. Estas pr\u00e1cticas ayudan a mantener la fertilidad del suelo con lo que se logra aumentar la productividad agr\u00edcola.<\/p>\n\n\n\n<p>La agroecolog\u00eda, como ciencia y pr\u00e1ctica, juega un papel crucial en la protecci\u00f3n del suelo cultivable, del agua y del medio ambiente rural. Este enfoque integra principios ecol\u00f3gicos en el dise\u00f1o y manejo de sistemas agr\u00edcolas sostenibles donde se promueve la biodiversidad, mejora la fertilidad del suelo y utiliza m\u00e9todos naturales para controlar plagas, enfermedades y la producci\u00f3n de abonos en una econom\u00eda circular que aumentan la capacidad para retener agua y nutrientes sin usar agroqu\u00edmicos.<\/p>\n\n\n\n<p>Promueve el uso eficiente del agua mediante t\u00e9cnicas como la captaci\u00f3n de agua de lluvia, el riego por goteo y la gesti\u00f3n integrada de cuencas, pr\u00e1cticas que ayudan a conservar el agua, especialmente en regiones \u00e1ridas y semi\u00e1ridas.<\/p>\n\n\n\n<p>Los sistemas agroecol\u00f3gicos son m\u00e1s resilientes a los cambios clim\u00e1ticos extremos debido a su diversidad y adaptabilidad ya que soportar sequ\u00edas, inundaciones y otros fen\u00f3menos clim\u00e1ticos extremos. La inclusi\u00f3n de diferentes especies de plantas y animales mejora la estabilidad del ecosistema y proporciona servicios ecol\u00f3gicos como la polinizaci\u00f3n y el control biol\u00f3gico de plagas.<\/p>\n\n\n\n<p>En Suram\u00e9rica, la agroecolog\u00eda ha demostrado ser una estrategia efectiva para combatir la desertificaci\u00f3n y promover el desarrollo sostenible. Iniciativas agroecol\u00f3gicas en pa\u00edses como Colombia, Brasil, Argentina y Per\u00fa han mostrado resultados positivos en t\u00e9rminos de mejora de la productividad agr\u00edcola y conservaci\u00f3n de los recursos naturales.<\/p>\n\n\n\n<p>Junto a esta forma de trabajar los cultivos, hoy las fuentes sostenibles de energ\u00eda, como la solar y la e\u00f3lica, ayudan a las comunidades a revertir la desertificaci\u00f3n y la p\u00e9rdida de tierras. Este tipo de energ\u00eda permite la cosecha de agua, el almacenamiento y procesamiento y la reducci\u00f3n de la p\u00e9rdida de alimentos, creando cadenas de valor a nivel local. El uso de represas, la generaci\u00f3n a trav\u00e9s del consumo de combustibles f\u00f3siles afectan directamente el suelo, las aguas y en general todo el ecosistema. El sol y el viento son protagonistas de cambios importantes para la generaci\u00f3n de energ\u00eda en regiones campesinas y rurales apartadas.<\/p>\n\n\n\n<p>La restauraci\u00f3n de tierras degradadas es esencial para proporcionar m\u00e1s seguridad alimentaria y reducir los conflictos, no es una actividad cara, pero si absolutamente necesaria. Se estima que cada d\u00f3lar invertido en la restauraci\u00f3n de tierras puede generar hasta 30 d\u00f3lares en beneficios econ\u00f3micos, lo que hace que la inversi\u00f3n en actividades de restauraci\u00f3n sea rentable desde el punto de vista econ\u00f3mico.<\/p>\n\n\n\n<p>La responsabilidad de enfrentar la desertificaci\u00f3n no recae solo en las comunidades locales, sino tambi\u00e9n en los gobiernos y de forma especial en el sector agroindustrial y de monocultivos extensivos. Esta forma de producci\u00f3n es uno de los mayores impulsores del mal uso de la tierra en el mundo.<\/p>\n\n\n\n<p>Es crucial que los gobiernos y el sector privado colaboren para promover pr\u00e1cticas agr\u00edcolas sostenibles y reducir la presi\u00f3n sobre las tierras. Las pol\u00edticas p\u00fablicas deben enfocarse en reducir las subvenciones a las actividades agr\u00edcolas que da\u00f1an el medio ambiente y dirigir esos recursos hacia pr\u00e1cticas sostenibles.<\/p>\n\n\n\n<p>Adem\u00e1s hay que considerar que los actuales y futuros fen\u00f3menos clim\u00e1ticos extremos tienen graves repercusiones en la tierra, las comunidades y las econom\u00edas locales. No se puede proteger la biodiversidad o la tierra sin abordar la cuesti\u00f3n clim\u00e1tica y viceversa.<\/p>\n","protected":false},"excerpt":{"rendered":"<p>La desertificaci\u00f3n, que es un efecto mundial, causa repercusiones como la sequ\u00eda, la migraci\u00f3n forzada y la reducci\u00f3n del acceso a alimentos. En Suram\u00e9rica, estas consecuencias se sienten de manera particularmente aguda debido a la diversidad de ecosistemas y la dependencia de muchos pa\u00edses de la agricultura. Para enfrentarla efectivamente, es esencial abordar el problema [&hellip;]<\/p>\n","protected":false},"author":1,"featured_media":727,"comment_status":"open","ping_status":"open","sticky":false,"template":"","format":"standard","meta":{"footnotes":""},"categories":[1],"tags":[320,66,322,325,323,324,318,321,319],"class_list":["post-726","post","type-post","status-publish","format-standard","has-post-thumbnail","hentry","category-blog","tag-agricultura","tag-agroecologia","tag-argentina","tag-bolivia","tag-brasil","tag-chile","tag-desertificacion","tag-el-chaco","tag-erosion"],"yoast_head":"<!-- This site is optimized with the Yoast SEO plugin v23.9 - https:\/\/yoast.com\/wordpress\/plugins\/seo\/ -->\n<title>Un efecto global y local que tambi\u00e9n nos toca a la puerta - Biciurba<\/title>\n<meta name=\"robots\" content=\"index, follow, max-snippet:-1, max-image-preview:large, max-video-preview:-1\" \/>\n<link rel=\"canonical\" href=\"https:\/\/biciurba.com\/index.php\/2024\/06\/24\/un-efecto-global-y-local-que-tambien-nos-toca-a-la-puerta\/\" \/>\n<meta property=\"og:locale\" content=\"es_ES\" \/>\n<meta property=\"og:type\" content=\"article\" \/>\n<meta property=\"og:title\" content=\"Un efecto global y local que tambi\u00e9n nos toca a la puerta - Biciurba\" \/>\n<meta property=\"og:description\" content=\"La desertificaci\u00f3n, que es un efecto mundial, causa repercusiones como la sequ\u00eda, la migraci\u00f3n forzada y la reducci\u00f3n del acceso a alimentos. En Suram\u00e9rica, estas consecuencias se sienten de manera particularmente aguda debido a la diversidad de ecosistemas y la dependencia de muchos pa\u00edses de la agricultura. Para enfrentarla efectivamente, es esencial abordar el problema [&hellip;]\" \/>\n<meta property=\"og:url\" content=\"https:\/\/biciurba.com\/index.php\/2024\/06\/24\/un-efecto-global-y-local-que-tambien-nos-toca-a-la-puerta\/\" \/>\n<meta property=\"og:site_name\" content=\"Biciurba\" \/>\n<meta property=\"article:published_time\" content=\"2024-06-24T16:27:23+00:00\" \/>\n<meta property=\"article:modified_time\" content=\"2024-06-24T16:27:25+00:00\" \/>\n<meta property=\"og:image\" content=\"https:\/\/biciurba.com\/wp-content\/uploads\/2024\/06\/cultivo.png\" \/>\n\t<meta property=\"og:image:width\" content=\"600\" \/>\n\t<meta property=\"og:image:height\" content=\"400\" \/>\n\t<meta property=\"og:image:type\" content=\"image\/png\" \/>\n<meta name=\"author\" content=\"Carlos Cantor\" \/>\n<meta name=\"twitter:card\" content=\"summary_large_image\" \/>\n<meta name=\"twitter:label1\" content=\"Escrito por\" \/>\n\t<meta name=\"twitter:data1\" content=\"Carlos Cantor\" \/>\n\t<meta name=\"twitter:label2\" content=\"Tiempo de lectura\" \/>\n\t<meta name=\"twitter:data2\" content=\"5 minutos\" \/>\n<script type=\"application\/ld+json\" class=\"yoast-schema-graph\">{\"@context\":\"https:\/\/schema.org\",\"@graph\":[{\"@type\":\"Article\",\"@id\":\"https:\/\/biciurba.com\/index.php\/2024\/06\/24\/un-efecto-global-y-local-que-tambien-nos-toca-a-la-puerta\/#article\",\"isPartOf\":{\"@id\":\"https:\/\/biciurba.com\/index.php\/2024\/06\/24\/un-efecto-global-y-local-que-tambien-nos-toca-a-la-puerta\/\"},\"author\":{\"name\":\"Carlos Cantor\",\"@id\":\"https:\/\/biciurba.com\/#\/schema\/person\/d9675ddf29ee982d268db0a3f239eced\"},\"headline\":\"Un efecto global y local que tambi\u00e9n nos toca a la puerta\",\"datePublished\":\"2024-06-24T16:27:23+00:00\",\"dateModified\":\"2024-06-24T16:27:25+00:00\",\"mainEntityOfPage\":{\"@id\":\"https:\/\/biciurba.com\/index.php\/2024\/06\/24\/un-efecto-global-y-local-que-tambien-nos-toca-a-la-puerta\/\"},\"wordCount\":964,\"commentCount\":0,\"publisher\":{\"@id\":\"https:\/\/biciurba.com\/#\/schema\/person\/d9675ddf29ee982d268db0a3f239eced\"},\"image\":{\"@id\":\"https:\/\/biciurba.com\/index.php\/2024\/06\/24\/un-efecto-global-y-local-que-tambien-nos-toca-a-la-puerta\/#primaryimage\"},\"thumbnailUrl\":\"https:\/\/biciurba.com\/wp-content\/uploads\/2024\/06\/cultivo.png\",\"keywords\":[\"agricultura\",\"Agroecolog\u00eda\",\"Argentina\",\"Bolivia\",\"Brasil\",\"Chile\",\"Desertificaci\u00f3n\",\"El Chaco\",\"erosi\u00f3n\"],\"articleSection\":[\"Editorial\"],\"inLanguage\":\"es\",\"potentialAction\":[{\"@type\":\"CommentAction\",\"name\":\"Comment\",\"target\":[\"https:\/\/biciurba.com\/index.php\/2024\/06\/24\/un-efecto-global-y-local-que-tambien-nos-toca-a-la-puerta\/#respond\"]}]},{\"@type\":\"WebPage\",\"@id\":\"https:\/\/biciurba.com\/index.php\/2024\/06\/24\/un-efecto-global-y-local-que-tambien-nos-toca-a-la-puerta\/\",\"url\":\"https:\/\/biciurba.com\/index.php\/2024\/06\/24\/un-efecto-global-y-local-que-tambien-nos-toca-a-la-puerta\/\",\"name\":\"Un efecto global y local que tambi\u00e9n nos toca a la puerta - Biciurba\",\"isPartOf\":{\"@id\":\"https:\/\/biciurba.com\/#website\"},\"primaryImageOfPage\":{\"@id\":\"https:\/\/biciurba.com\/index.php\/2024\/06\/24\/un-efecto-global-y-local-que-tambien-nos-toca-a-la-puerta\/#primaryimage\"},\"image\":{\"@id\":\"https:\/\/biciurba.com\/index.php\/2024\/06\/24\/un-efecto-global-y-local-que-tambien-nos-toca-a-la-puerta\/#primaryimage\"},\"thumbnailUrl\":\"https:\/\/biciurba.com\/wp-content\/uploads\/2024\/06\/cultivo.png\",\"datePublished\":\"2024-06-24T16:27:23+00:00\",\"dateModified\":\"2024-06-24T16:27:25+00:00\",\"breadcrumb\":{\"@id\":\"https:\/\/biciurba.com\/index.php\/2024\/06\/24\/un-efecto-global-y-local-que-tambien-nos-toca-a-la-puerta\/#breadcrumb\"},\"inLanguage\":\"es\",\"potentialAction\":[{\"@type\":\"ReadAction\",\"target\":[\"https:\/\/biciurba.com\/index.php\/2024\/06\/24\/un-efecto-global-y-local-que-tambien-nos-toca-a-la-puerta\/\"]}]},{\"@type\":\"ImageObject\",\"inLanguage\":\"es\",\"@id\":\"https:\/\/biciurba.com\/index.php\/2024\/06\/24\/un-efecto-global-y-local-que-tambien-nos-toca-a-la-puerta\/#primaryimage\",\"url\":\"https:\/\/biciurba.com\/wp-content\/uploads\/2024\/06\/cultivo.png\",\"contentUrl\":\"https:\/\/biciurba.com\/wp-content\/uploads\/2024\/06\/cultivo.png\",\"width\":600,\"height\":400,\"caption\":\"La desertificaci\u00f3n es un problema global que afecta el 45% de la superficie terrestre , lo que se manifiesta por la p\u00e9rdida de tierras cultivables, los expertos aseguran que la inversi\u00f3n en la restauraci\u00f3n de tierras, procesos agroecol\u00f3gicos junto con el uso de energ\u00eda sostenible, son opciones rentables para mitigar este fen\u00f3meno.\"},{\"@type\":\"BreadcrumbList\",\"@id\":\"https:\/\/biciurba.com\/index.php\/2024\/06\/24\/un-efecto-global-y-local-que-tambien-nos-toca-a-la-puerta\/#breadcrumb\",\"itemListElement\":[{\"@type\":\"ListItem\",\"position\":1,\"name\":\"Portada\",\"item\":\"https:\/\/biciurba.com\/\"},{\"@type\":\"ListItem\",\"position\":2,\"name\":\"Un efecto global y local que tambi\u00e9n nos toca a la puerta\"}]},{\"@type\":\"WebSite\",\"@id\":\"https:\/\/biciurba.com\/#website\",\"url\":\"https:\/\/biciurba.com\/\",\"name\":\"Biciurba\",\"description\":\"Una mejor manera de vivir\",\"publisher\":{\"@id\":\"https:\/\/biciurba.com\/#\/schema\/person\/d9675ddf29ee982d268db0a3f239eced\"},\"potentialAction\":[{\"@type\":\"SearchAction\",\"target\":{\"@type\":\"EntryPoint\",\"urlTemplate\":\"https:\/\/biciurba.com\/?s={search_term_string}\"},\"query-input\":{\"@type\":\"PropertyValueSpecification\",\"valueRequired\":true,\"valueName\":\"search_term_string\"}}],\"inLanguage\":\"es\"},{\"@type\":[\"Person\",\"Organization\"],\"@id\":\"https:\/\/biciurba.com\/#\/schema\/person\/d9675ddf29ee982d268db0a3f239eced\",\"name\":\"Carlos Cantor\",\"image\":{\"@type\":\"ImageObject\",\"inLanguage\":\"es\",\"@id\":\"https:\/\/biciurba.com\/#\/schema\/person\/image\/\",\"url\":\"https:\/\/biciurba.com\/wp-content\/uploads\/2024\/04\/cropped-logo-1.png\",\"contentUrl\":\"https:\/\/biciurba.com\/wp-content\/uploads\/2024\/04\/cropped-logo-1.png\",\"width\":512,\"height\":318,\"caption\":\"Carlos Cantor\"},\"logo\":{\"@id\":\"https:\/\/biciurba.com\/#\/schema\/person\/image\/\"},\"sameAs\":[\"https:\/\/biciurba.com\"],\"url\":\"https:\/\/biciurba.com\/index.php\/author\/ccantor\/\"}]}<\/script>\n<!-- \/ Yoast SEO plugin. -->","yoast_head_json":{"title":"Un efecto global y local que tambi\u00e9n nos toca a la puerta - Biciurba","robots":{"index":"index","follow":"follow","max-snippet":"max-snippet:-1","max-image-preview":"max-image-preview:large","max-video-preview":"max-video-preview:-1"},"canonical":"https:\/\/biciurba.com\/index.php\/2024\/06\/24\/un-efecto-global-y-local-que-tambien-nos-toca-a-la-puerta\/","og_locale":"es_ES","og_type":"article","og_title":"Un efecto global y local que tambi\u00e9n nos toca a la puerta - Biciurba","og_description":"La desertificaci\u00f3n, que es un efecto mundial, causa repercusiones como la sequ\u00eda, la migraci\u00f3n forzada y la reducci\u00f3n del acceso a alimentos. En Suram\u00e9rica, estas consecuencias se sienten de manera particularmente aguda debido a la diversidad de ecosistemas y la dependencia de muchos pa\u00edses de la agricultura. Para enfrentarla efectivamente, es esencial abordar el problema [&hellip;]","og_url":"https:\/\/biciurba.com\/index.php\/2024\/06\/24\/un-efecto-global-y-local-que-tambien-nos-toca-a-la-puerta\/","og_site_name":"Biciurba","article_published_time":"2024-06-24T16:27:23+00:00","article_modified_time":"2024-06-24T16:27:25+00:00","og_image":[{"width":600,"height":400,"url":"https:\/\/biciurba.com\/wp-content\/uploads\/2024\/06\/cultivo.png","type":"image\/png"}],"author":"Carlos Cantor","twitter_card":"summary_large_image","twitter_misc":{"Escrito por":"Carlos Cantor","Tiempo de lectura":"5 minutos"},"schema":{"@context":"https:\/\/schema.org","@graph":[{"@type":"Article","@id":"https:\/\/biciurba.com\/index.php\/2024\/06\/24\/un-efecto-global-y-local-que-tambien-nos-toca-a-la-puerta\/#article","isPartOf":{"@id":"https:\/\/biciurba.com\/index.php\/2024\/06\/24\/un-efecto-global-y-local-que-tambien-nos-toca-a-la-puerta\/"},"author":{"name":"Carlos Cantor","@id":"https:\/\/biciurba.com\/#\/schema\/person\/d9675ddf29ee982d268db0a3f239eced"},"headline":"Un efecto global y local que tambi\u00e9n nos toca a la puerta","datePublished":"2024-06-24T16:27:23+00:00","dateModified":"2024-06-24T16:27:25+00:00","mainEntityOfPage":{"@id":"https:\/\/biciurba.com\/index.php\/2024\/06\/24\/un-efecto-global-y-local-que-tambien-nos-toca-a-la-puerta\/"},"wordCount":964,"commentCount":0,"publisher":{"@id":"https:\/\/biciurba.com\/#\/schema\/person\/d9675ddf29ee982d268db0a3f239eced"},"image":{"@id":"https:\/\/biciurba.com\/index.php\/2024\/06\/24\/un-efecto-global-y-local-que-tambien-nos-toca-a-la-puerta\/#primaryimage"},"thumbnailUrl":"https:\/\/biciurba.com\/wp-content\/uploads\/2024\/06\/cultivo.png","keywords":["agricultura","Agroecolog\u00eda","Argentina","Bolivia","Brasil","Chile","Desertificaci\u00f3n","El Chaco","erosi\u00f3n"],"articleSection":["Editorial"],"inLanguage":"es","potentialAction":[{"@type":"CommentAction","name":"Comment","target":["https:\/\/biciurba.com\/index.php\/2024\/06\/24\/un-efecto-global-y-local-que-tambien-nos-toca-a-la-puerta\/#respond"]}]},{"@type":"WebPage","@id":"https:\/\/biciurba.com\/index.php\/2024\/06\/24\/un-efecto-global-y-local-que-tambien-nos-toca-a-la-puerta\/","url":"https:\/\/biciurba.com\/index.php\/2024\/06\/24\/un-efecto-global-y-local-que-tambien-nos-toca-a-la-puerta\/","name":"Un efecto global y local que tambi\u00e9n nos toca a la puerta - Biciurba","isPartOf":{"@id":"https:\/\/biciurba.com\/#website"},"primaryImageOfPage":{"@id":"https:\/\/biciurba.com\/index.php\/2024\/06\/24\/un-efecto-global-y-local-que-tambien-nos-toca-a-la-puerta\/#primaryimage"},"image":{"@id":"https:\/\/biciurba.com\/index.php\/2024\/06\/24\/un-efecto-global-y-local-que-tambien-nos-toca-a-la-puerta\/#primaryimage"},"thumbnailUrl":"https:\/\/biciurba.com\/wp-content\/uploads\/2024\/06\/cultivo.png","datePublished":"2024-06-24T16:27:23+00:00","dateModified":"2024-06-24T16:27:25+00:00","breadcrumb":{"@id":"https:\/\/biciurba.com\/index.php\/2024\/06\/24\/un-efecto-global-y-local-que-tambien-nos-toca-a-la-puerta\/#breadcrumb"},"inLanguage":"es","potentialAction":[{"@type":"ReadAction","target":["https:\/\/biciurba.com\/index.php\/2024\/06\/24\/un-efecto-global-y-local-que-tambien-nos-toca-a-la-puerta\/"]}]},{"@type":"ImageObject","inLanguage":"es","@id":"https:\/\/biciurba.com\/index.php\/2024\/06\/24\/un-efecto-global-y-local-que-tambien-nos-toca-a-la-puerta\/#primaryimage","url":"https:\/\/biciurba.com\/wp-content\/uploads\/2024\/06\/cultivo.png","contentUrl":"https:\/\/biciurba.com\/wp-content\/uploads\/2024\/06\/cultivo.png","width":600,"height":400,"caption":"La desertificaci\u00f3n es un problema global que afecta el 45% de la superficie terrestre , lo que se manifiesta por la p\u00e9rdida de tierras cultivables, los expertos aseguran que la inversi\u00f3n en la restauraci\u00f3n de tierras, procesos agroecol\u00f3gicos junto con el uso de energ\u00eda sostenible, son opciones rentables para mitigar este fen\u00f3meno."},{"@type":"BreadcrumbList","@id":"https:\/\/biciurba.com\/index.php\/2024\/06\/24\/un-efecto-global-y-local-que-tambien-nos-toca-a-la-puerta\/#breadcrumb","itemListElement":[{"@type":"ListItem","position":1,"name":"Portada","item":"https:\/\/biciurba.com\/"},{"@type":"ListItem","position":2,"name":"Un efecto global y local que tambi\u00e9n nos toca a la puerta"}]},{"@type":"WebSite","@id":"https:\/\/biciurba.com\/#website","url":"https:\/\/biciurba.com\/","name":"Biciurba","description":"Una mejor manera de vivir","publisher":{"@id":"https:\/\/biciurba.com\/#\/schema\/person\/d9675ddf29ee982d268db0a3f239eced"},"potentialAction":[{"@type":"SearchAction","target":{"@type":"EntryPoint","urlTemplate":"https:\/\/biciurba.com\/?s={search_term_string}"},"query-input":{"@type":"PropertyValueSpecification","valueRequired":true,"valueName":"search_term_string"}}],"inLanguage":"es"},{"@type":["Person","Organization"],"@id":"https:\/\/biciurba.com\/#\/schema\/person\/d9675ddf29ee982d268db0a3f239eced","name":"Carlos Cantor","image":{"@type":"ImageObject","inLanguage":"es","@id":"https:\/\/biciurba.com\/#\/schema\/person\/image\/","url":"https:\/\/biciurba.com\/wp-content\/uploads\/2024\/04\/cropped-logo-1.png","contentUrl":"https:\/\/biciurba.com\/wp-content\/uploads\/2024\/04\/cropped-logo-1.png","width":512,"height":318,"caption":"Carlos Cantor"},"logo":{"@id":"https:\/\/biciurba.com\/#\/schema\/person\/image\/"},"sameAs":["https:\/\/biciurba.com"],"url":"https:\/\/biciurba.com\/index.php\/author\/ccantor\/"}]}},"_links":{"self":[{"href":"https:\/\/biciurba.com\/index.php\/wp-json\/wp\/v2\/posts\/726"}],"collection":[{"href":"https:\/\/biciurba.com\/index.php\/wp-json\/wp\/v2\/posts"}],"about":[{"href":"https:\/\/biciurba.com\/index.php\/wp-json\/wp\/v2\/types\/post"}],"author":[{"embeddable":true,"href":"https:\/\/biciurba.com\/index.php\/wp-json\/wp\/v2\/users\/1"}],"replies":[{"embeddable":true,"href":"https:\/\/biciurba.com\/index.php\/wp-json\/wp\/v2\/comments?post=726"}],"version-history":[{"count":1,"href":"https:\/\/biciurba.com\/index.php\/wp-json\/wp\/v2\/posts\/726\/revisions"}],"predecessor-version":[{"id":728,"href":"https:\/\/biciurba.com\/index.php\/wp-json\/wp\/v2\/posts\/726\/revisions\/728"}],"wp:featuredmedia":[{"embeddable":true,"href":"https:\/\/biciurba.com\/index.php\/wp-json\/wp\/v2\/media\/727"}],"wp:attachment":[{"href":"https:\/\/biciurba.com\/index.php\/wp-json\/wp\/v2\/media?parent=726"}],"wp:term":[{"taxonomy":"category","embeddable":true,"href":"https:\/\/biciurba.com\/index.php\/wp-json\/wp\/v2\/categories?post=726"},{"taxonomy":"post_tag","embeddable":true,"href":"https:\/\/biciurba.com\/index.php\/wp-json\/wp\/v2\/tags?post=726"}],"curies":[{"name":"wp","href":"https:\/\/api.w.org\/{rel}","templated":true}]}}