{"id":733,"date":"2024-06-26T14:34:24","date_gmt":"2024-06-26T19:34:24","guid":{"rendered":"https:\/\/biciurba.com\/?p=733"},"modified":"2024-06-26T14:34:25","modified_gmt":"2024-06-26T19:34:25","slug":"la-bici-tambien-exige-tiempos-y-cuidados-segun-la-edad-del-usuario-urbano","status":"publish","type":"post","link":"https:\/\/biciurba.com\/index.php\/2024\/06\/26\/la-bici-tambien-exige-tiempos-y-cuidados-segun-la-edad-del-usuario-urbano\/","title":{"rendered":"La bici tambi\u00e9n exige tiempos y cuidados seg\u00fan la edad del usuario urbano"},"content":{"rendered":"\n<p>La bicicleta se ha convertido en un medio de transporte urbano cada vez m\u00e1s popular, ofreciendo beneficios significativos tanto para la salud personal como para el medio ambiente. Sin embargo, su uso presenta desaf\u00edos particulares que var\u00edan seg\u00fan la edad del ciclista. Los reflejos, musculatura, habilidades, y la incidencia de enfermedades y accidentalidad,  se mueven en los dos extremos, los muy j\u00f3venes por descuidados y osados, y al otro extremo, la tercera edad que debe reconocer que sus habilidades han cambiado.<\/p>\n\n\n\n<p>Una cosa es la bicicleta recreativa que se hace en parques o ciclorrutas especializadas y donde el usuario va a pasear, no es un trayecto para competencias o los afanes del d\u00eda a d\u00eda. Aqu\u00ed lo importante es la recreaci\u00f3n y el ejercicio pausado  con total seguridad. Otra cosa es el usuario diario que ha optado por este veh\u00edculo por temas de econom\u00eda,  por conciencia ambiental y dejar el auto o los servicios p\u00fablicos de transporte para otro momento. Adem\u00e1s, fomenta un estilo de vida m\u00e1s saludable, ayudando a combatir enfermedades relacionadas con el sedentarismo.<\/p>\n\n\n\n<p>Este ciclista diario y urbano logra mantener sus reflejos, habilidades motoras, concentraci\u00f3n visual, auditiva y tiene la masa muscular necesaria para hacer sus recorridos con facilidad y buena disposici\u00f3n f\u00edsica. El hacerlo desde edades j\u00f3venes le permite mantener un nivel f\u00edsico que con el tiempo va mejorando y le facilita hacer trayectos m\u00e1s largos y exigentes, mientras que el ciclista casual adolece de esas condiciones que se van perdiendo con la edad. Y una actividad beneficiosa se complica, porque aqu\u00ed el h\u00e1bito del ejercicio constante si garantiza que lo pueda seguir realizando,  su cuerpo recuerda como usarla, pero sus reflejos y habilidades lo hacen temblar y dudar de la ruta que pretende seguir, y puede perder el equilibrio ante cualquier contingencia por peque\u00f1a que sea. As\u00ed la falta de pr\u00e1ctica puede llevar a un mayor riesgo de accidentes y lesiones.<\/p>\n\n\n\n<p>Los reflejos son cruciales para la seguridad en el uso de la  bicicleta, permitiendo al ciclista reaccionar r\u00e1pidamente a los peligros. Y es claro, los reflejos se desarrollan y mejoran con la pr\u00e1ctica continua. Los ciclistas no habituales, al no estar acostumbrados a responder r\u00e1pidamente a situaciones imprevistas, est\u00e1n en mayor riesgo de accidentes. La falta de ejercicio diario,  hace que el ciclista experimente fatiga muscular m\u00e1s r\u00e1pidamente, lo que puede afectar su capacidad para controlar la bicicleta y mantener el equilibrio.  El pedaleo constante fortalece los m\u00fasculos de las piernas, mientras que el equilibrio y la maniobrabilidad requieren fuerza en el n\u00facleo y los brazos. <\/p>\n\n\n\n<p>La accidentalidad es un tema cr\u00edtico en una ciudad como Bogot\u00e1, los ciclistas de tercera edad tienen una tasa de accidentalidad m\u00e1s alta en comparaci\u00f3n con otros grupos etarios. En 2023, se registraron 250 accidentes que involucraron a ciclistas mayores de 60 a\u00f1os, de los cuales 35 resultaron en fatalidades. Las causas m\u00e1s comunes incluyen la falta de visibilidad, reflejos disminuidos y condiciones de salud preexistentes.  <\/p>\n\n\n\n<p>Seg\u00fan un estudio realizado por el Instituto de Desarrollo Urbano (IDU) de Bogot\u00e1, aproximadamente el 12% de los usuarios de bicicletas urbanas tienen m\u00e1s de 60 a\u00f1os. Esta cifra ha ido en aumento debido a las campa\u00f1as de promoci\u00f3n del ciclismo como una actividad saludable para todas las edades. Si bien el ciclismo puede ayudar a prevenir enfermedades cr\u00f3nicas como la hipertensi\u00f3n, la diabetes tipo 2 y enfermedades cardiovasculares, exige ser un ejercicio constante para que d\u00e9 sus frutos, de lo contrario es una trampa que hay que evitar. <\/p>\n\n\n\n<p>Los ciclistas habituales,  pueden mitigar algunos de los efectos del envejecimiento, como mantener la salud cardiovascular, aumentar la resistencia muscular y mantener un peso saludable, tambi\u00e9n ayuda a mantener la agudeza mental, la coordinaci\u00f3n y tiene efectos positivos en la salud mental, reduciendo el estr\u00e9s y mejorando el bienestar general.  La visi\u00f3n y la audici\u00f3n son esenciales para la seguridad en el ciclismo urbano que con el envejecimiento, estos sentidos tienden a deteriorarse, lo que puede aumentar el riesgo de accidentes. Sin embargo, la pr\u00e1ctica regular del ciclismo puede ayudar a mantener estos sentidos m\u00e1s agudos, ya que los ciclistas deben estar constantemente alertas a su entorno.<\/p>\n\n\n\n<ol class=\"wp-block-list\" start=\"3\"><\/ol>\n\n\n\n<p>Los ciclistas habituales tienden a mantener mejores niveles de habilidades motoras y reflejos en comparaci\u00f3n con aquellos que no practican este ejercicio regularmente. Adem\u00e1s, el ciclismo puede tener efectos positivos en la salud mental, reduciendo el estr\u00e9s y mejorando el bienestar general. En el caso de las personas de la tercera edad es importante hacer parte de clubes o asociaciones que se acompa\u00f1an en los trayectos, adem\u00e1s de participar en programas de educaci\u00f3n y entrenamiento espec\u00edficos para ellos, de forma tal que pueden  mejorar sus habilidades y confianza. Estos programas pueden incluir entrenamiento en reflejos, equilibrio y manejo de la bicicleta en entornos urbanos.<\/p>\n\n\n\n<p>No descuidar las revisiones m\u00e9dicas regulares que ayuden a identificar y gestionar problemas de salud  especialmente aquellas dolencias cr\u00f3nicas. Ciertamente el ejercicio f\u00edsico que proporciona la bicicleta, no es una panacea, requiere un uso constante, mantener altos niveles en seguridad pasiva y activa, tanto en el veh\u00edculo como en el usuario. Si su presupuesto se lo permite, puede adquirir una e-bike con pedaleo asistido que le va ayudar bastante, pero la condici\u00f3n sigue siendo la misma, la frecuencia de uso. <\/p>\n\n\n\n<ol class=\"wp-block-list\" start=\"5\"><\/ol>\n\n\n\n<p> En ciudades como Bogot\u00e1, donde el uso de la bicicleta sigue creciendo, estas medidas son esenciales para garantizar la seguridad y el bienestar de todos los ciclistas, especialmente los m\u00e1s vulnerables.<\/p>\n\n\n\n<p><\/p>\n","protected":false},"excerpt":{"rendered":"<p>La bicicleta se ha convertido en un medio de transporte urbano cada vez m\u00e1s popular, ofreciendo beneficios significativos tanto para la salud personal como para el medio ambiente. Sin embargo, su uso presenta desaf\u00edos particulares que var\u00edan seg\u00fan la edad del ciclista. Los reflejos, musculatura, habilidades, y la incidencia de enfermedades y accidentalidad, se mueven [&hellip;]<\/p>\n","protected":false},"author":1,"featured_media":734,"comment_status":"open","ping_status":"open","sticky":false,"template":"","format":"standard","meta":{"footnotes":""},"categories":[49],"tags":[326,185,329,330,328,204,327],"class_list":["post-733","post","type-post","status-publish","format-standard","has-post-thumbnail","hentry","category-movilidad-urbana","tag-biciurbana","tag-ciclistas-urbanos","tag-estado-fisico","tag-habilidades-motrices","tag-riesgos-del-ciclismo","tag-salud-y-bienestar","tag-tercera-edad"],"yoast_head":"<!-- This site is optimized with the Yoast SEO plugin v23.9 - https:\/\/yoast.com\/wordpress\/plugins\/seo\/ -->\n<title>La bici tambi\u00e9n exige tiempos y cuidados seg\u00fan la edad del usuario urbano - Biciurba<\/title>\n<meta name=\"description\" content=\"Para los ciclistas no habituales y aquellos de tercera edad, es crucial tomar en cuenta la falta de reflejos, musculatura y habilidad.\" \/>\n<meta name=\"robots\" content=\"index, follow, max-snippet:-1, max-image-preview:large, max-video-preview:-1\" \/>\n<link rel=\"canonical\" href=\"https:\/\/biciurba.com\/index.php\/2024\/06\/26\/la-bici-tambien-exige-tiempos-y-cuidados-segun-la-edad-del-usuario-urbano\/\" \/>\n<meta property=\"og:locale\" content=\"es_ES\" \/>\n<meta property=\"og:type\" content=\"article\" \/>\n<meta property=\"og:title\" content=\"La bici tambi\u00e9n exige tiempos y cuidados seg\u00fan la edad del usuario urbano - Biciurba\" \/>\n<meta property=\"og:description\" content=\"Para los ciclistas no habituales y aquellos de tercera edad, es crucial tomar en cuenta la falta de reflejos, musculatura y habilidad.\" \/>\n<meta property=\"og:url\" content=\"https:\/\/biciurba.com\/index.php\/2024\/06\/26\/la-bici-tambien-exige-tiempos-y-cuidados-segun-la-edad-del-usuario-urbano\/\" \/>\n<meta property=\"og:site_name\" content=\"Biciurba\" \/>\n<meta property=\"article:published_time\" content=\"2024-06-26T19:34:24+00:00\" \/>\n<meta property=\"article:modified_time\" content=\"2024-06-26T19:34:25+00:00\" \/>\n<meta property=\"og:image\" content=\"https:\/\/biciurba.com\/wp-content\/uploads\/2024\/06\/bicis-urbanas.png\" \/>\n\t<meta property=\"og:image:width\" content=\"600\" \/>\n\t<meta property=\"og:image:height\" content=\"400\" \/>\n\t<meta property=\"og:image:type\" content=\"image\/png\" \/>\n<meta name=\"author\" content=\"Carlos Cantor\" \/>\n<meta name=\"twitter:card\" content=\"summary_large_image\" \/>\n<meta name=\"twitter:label1\" content=\"Escrito por\" \/>\n\t<meta name=\"twitter:data1\" content=\"Carlos Cantor\" \/>\n\t<meta name=\"twitter:label2\" content=\"Tiempo de lectura\" \/>\n\t<meta name=\"twitter:data2\" content=\"5 minutos\" \/>\n<script type=\"application\/ld+json\" class=\"yoast-schema-graph\">{\"@context\":\"https:\/\/schema.org\",\"@graph\":[{\"@type\":\"Article\",\"@id\":\"https:\/\/biciurba.com\/index.php\/2024\/06\/26\/la-bici-tambien-exige-tiempos-y-cuidados-segun-la-edad-del-usuario-urbano\/#article\",\"isPartOf\":{\"@id\":\"https:\/\/biciurba.com\/index.php\/2024\/06\/26\/la-bici-tambien-exige-tiempos-y-cuidados-segun-la-edad-del-usuario-urbano\/\"},\"author\":{\"name\":\"Carlos Cantor\",\"@id\":\"https:\/\/biciurba.com\/#\/schema\/person\/d9675ddf29ee982d268db0a3f239eced\"},\"headline\":\"La bici tambi\u00e9n exige tiempos y cuidados seg\u00fan la edad del usuario urbano\",\"datePublished\":\"2024-06-26T19:34:24+00:00\",\"dateModified\":\"2024-06-26T19:34:25+00:00\",\"mainEntityOfPage\":{\"@id\":\"https:\/\/biciurba.com\/index.php\/2024\/06\/26\/la-bici-tambien-exige-tiempos-y-cuidados-segun-la-edad-del-usuario-urbano\/\"},\"wordCount\":969,\"commentCount\":0,\"publisher\":{\"@id\":\"https:\/\/biciurba.com\/#\/schema\/person\/d9675ddf29ee982d268db0a3f239eced\"},\"image\":{\"@id\":\"https:\/\/biciurba.com\/index.php\/2024\/06\/26\/la-bici-tambien-exige-tiempos-y-cuidados-segun-la-edad-del-usuario-urbano\/#primaryimage\"},\"thumbnailUrl\":\"https:\/\/biciurba.com\/wp-content\/uploads\/2024\/06\/bicis-urbanas.png\",\"keywords\":[\"biciurbana\",\"ciclistas urbanos\",\"Estado f\u00edsico\",\"habilidades motrices\",\"Riesgos del ciclismo\",\"salud y bienestar\",\"Tercera edad\"],\"articleSection\":[\"Eco-movilidad\"],\"inLanguage\":\"es\",\"potentialAction\":[{\"@type\":\"CommentAction\",\"name\":\"Comment\",\"target\":[\"https:\/\/biciurba.com\/index.php\/2024\/06\/26\/la-bici-tambien-exige-tiempos-y-cuidados-segun-la-edad-del-usuario-urbano\/#respond\"]}]},{\"@type\":\"WebPage\",\"@id\":\"https:\/\/biciurba.com\/index.php\/2024\/06\/26\/la-bici-tambien-exige-tiempos-y-cuidados-segun-la-edad-del-usuario-urbano\/\",\"url\":\"https:\/\/biciurba.com\/index.php\/2024\/06\/26\/la-bici-tambien-exige-tiempos-y-cuidados-segun-la-edad-del-usuario-urbano\/\",\"name\":\"La bici tambi\u00e9n exige tiempos y cuidados seg\u00fan la edad del usuario urbano - Biciurba\",\"isPartOf\":{\"@id\":\"https:\/\/biciurba.com\/#website\"},\"primaryImageOfPage\":{\"@id\":\"https:\/\/biciurba.com\/index.php\/2024\/06\/26\/la-bici-tambien-exige-tiempos-y-cuidados-segun-la-edad-del-usuario-urbano\/#primaryimage\"},\"image\":{\"@id\":\"https:\/\/biciurba.com\/index.php\/2024\/06\/26\/la-bici-tambien-exige-tiempos-y-cuidados-segun-la-edad-del-usuario-urbano\/#primaryimage\"},\"thumbnailUrl\":\"https:\/\/biciurba.com\/wp-content\/uploads\/2024\/06\/bicis-urbanas.png\",\"datePublished\":\"2024-06-26T19:34:24+00:00\",\"dateModified\":\"2024-06-26T19:34:25+00:00\",\"description\":\"Para los ciclistas no habituales y aquellos de tercera edad, es crucial tomar en cuenta la falta de reflejos, musculatura y habilidad.\",\"breadcrumb\":{\"@id\":\"https:\/\/biciurba.com\/index.php\/2024\/06\/26\/la-bici-tambien-exige-tiempos-y-cuidados-segun-la-edad-del-usuario-urbano\/#breadcrumb\"},\"inLanguage\":\"es\",\"potentialAction\":[{\"@type\":\"ReadAction\",\"target\":[\"https:\/\/biciurba.com\/index.php\/2024\/06\/26\/la-bici-tambien-exige-tiempos-y-cuidados-segun-la-edad-del-usuario-urbano\/\"]}]},{\"@type\":\"ImageObject\",\"inLanguage\":\"es\",\"@id\":\"https:\/\/biciurba.com\/index.php\/2024\/06\/26\/la-bici-tambien-exige-tiempos-y-cuidados-segun-la-edad-del-usuario-urbano\/#primaryimage\",\"url\":\"https:\/\/biciurba.com\/wp-content\/uploads\/2024\/06\/bicis-urbanas.png\",\"contentUrl\":\"https:\/\/biciurba.com\/wp-content\/uploads\/2024\/06\/bicis-urbanas.png\",\"width\":600,\"height\":400,\"caption\":\"El uso de la bicicleta como transporte urbano ofrece numerosos beneficios, pero tambi\u00e9n presenta desaf\u00edos espec\u00edficos que var\u00edan seg\u00fan la edad del ciclista. Para los ciclistas no habituales y aquellos de tercera edad, es crucial tomar en cuenta la falta de reflejos, musculatura y habilidad.\"},{\"@type\":\"BreadcrumbList\",\"@id\":\"https:\/\/biciurba.com\/index.php\/2024\/06\/26\/la-bici-tambien-exige-tiempos-y-cuidados-segun-la-edad-del-usuario-urbano\/#breadcrumb\",\"itemListElement\":[{\"@type\":\"ListItem\",\"position\":1,\"name\":\"Portada\",\"item\":\"https:\/\/biciurba.com\/\"},{\"@type\":\"ListItem\",\"position\":2,\"name\":\"La bici tambi\u00e9n exige tiempos y cuidados seg\u00fan la edad del usuario urbano\"}]},{\"@type\":\"WebSite\",\"@id\":\"https:\/\/biciurba.com\/#website\",\"url\":\"https:\/\/biciurba.com\/\",\"name\":\"Biciurba\",\"description\":\"Una mejor manera de vivir\",\"publisher\":{\"@id\":\"https:\/\/biciurba.com\/#\/schema\/person\/d9675ddf29ee982d268db0a3f239eced\"},\"potentialAction\":[{\"@type\":\"SearchAction\",\"target\":{\"@type\":\"EntryPoint\",\"urlTemplate\":\"https:\/\/biciurba.com\/?s={search_term_string}\"},\"query-input\":{\"@type\":\"PropertyValueSpecification\",\"valueRequired\":true,\"valueName\":\"search_term_string\"}}],\"inLanguage\":\"es\"},{\"@type\":[\"Person\",\"Organization\"],\"@id\":\"https:\/\/biciurba.com\/#\/schema\/person\/d9675ddf29ee982d268db0a3f239eced\",\"name\":\"Carlos Cantor\",\"image\":{\"@type\":\"ImageObject\",\"inLanguage\":\"es\",\"@id\":\"https:\/\/biciurba.com\/#\/schema\/person\/image\/\",\"url\":\"https:\/\/biciurba.com\/wp-content\/uploads\/2024\/04\/cropped-logo-1.png\",\"contentUrl\":\"https:\/\/biciurba.com\/wp-content\/uploads\/2024\/04\/cropped-logo-1.png\",\"width\":512,\"height\":318,\"caption\":\"Carlos Cantor\"},\"logo\":{\"@id\":\"https:\/\/biciurba.com\/#\/schema\/person\/image\/\"},\"sameAs\":[\"https:\/\/biciurba.com\"],\"url\":\"https:\/\/biciurba.com\/index.php\/author\/ccantor\/\"}]}<\/script>\n<!-- \/ Yoast SEO plugin. -->","yoast_head_json":{"title":"La bici tambi\u00e9n exige tiempos y cuidados seg\u00fan la edad del usuario urbano - Biciurba","description":"Para los ciclistas no habituales y aquellos de tercera edad, es crucial tomar en cuenta la falta de reflejos, musculatura y habilidad.","robots":{"index":"index","follow":"follow","max-snippet":"max-snippet:-1","max-image-preview":"max-image-preview:large","max-video-preview":"max-video-preview:-1"},"canonical":"https:\/\/biciurba.com\/index.php\/2024\/06\/26\/la-bici-tambien-exige-tiempos-y-cuidados-segun-la-edad-del-usuario-urbano\/","og_locale":"es_ES","og_type":"article","og_title":"La bici tambi\u00e9n exige tiempos y cuidados seg\u00fan la edad del usuario urbano - Biciurba","og_description":"Para los ciclistas no habituales y aquellos de tercera edad, es crucial tomar en cuenta la falta de reflejos, musculatura y habilidad.","og_url":"https:\/\/biciurba.com\/index.php\/2024\/06\/26\/la-bici-tambien-exige-tiempos-y-cuidados-segun-la-edad-del-usuario-urbano\/","og_site_name":"Biciurba","article_published_time":"2024-06-26T19:34:24+00:00","article_modified_time":"2024-06-26T19:34:25+00:00","og_image":[{"width":600,"height":400,"url":"https:\/\/biciurba.com\/wp-content\/uploads\/2024\/06\/bicis-urbanas.png","type":"image\/png"}],"author":"Carlos Cantor","twitter_card":"summary_large_image","twitter_misc":{"Escrito por":"Carlos Cantor","Tiempo de lectura":"5 minutos"},"schema":{"@context":"https:\/\/schema.org","@graph":[{"@type":"Article","@id":"https:\/\/biciurba.com\/index.php\/2024\/06\/26\/la-bici-tambien-exige-tiempos-y-cuidados-segun-la-edad-del-usuario-urbano\/#article","isPartOf":{"@id":"https:\/\/biciurba.com\/index.php\/2024\/06\/26\/la-bici-tambien-exige-tiempos-y-cuidados-segun-la-edad-del-usuario-urbano\/"},"author":{"name":"Carlos Cantor","@id":"https:\/\/biciurba.com\/#\/schema\/person\/d9675ddf29ee982d268db0a3f239eced"},"headline":"La bici tambi\u00e9n exige tiempos y cuidados seg\u00fan la edad del usuario urbano","datePublished":"2024-06-26T19:34:24+00:00","dateModified":"2024-06-26T19:34:25+00:00","mainEntityOfPage":{"@id":"https:\/\/biciurba.com\/index.php\/2024\/06\/26\/la-bici-tambien-exige-tiempos-y-cuidados-segun-la-edad-del-usuario-urbano\/"},"wordCount":969,"commentCount":0,"publisher":{"@id":"https:\/\/biciurba.com\/#\/schema\/person\/d9675ddf29ee982d268db0a3f239eced"},"image":{"@id":"https:\/\/biciurba.com\/index.php\/2024\/06\/26\/la-bici-tambien-exige-tiempos-y-cuidados-segun-la-edad-del-usuario-urbano\/#primaryimage"},"thumbnailUrl":"https:\/\/biciurba.com\/wp-content\/uploads\/2024\/06\/bicis-urbanas.png","keywords":["biciurbana","ciclistas urbanos","Estado f\u00edsico","habilidades motrices","Riesgos del ciclismo","salud y bienestar","Tercera edad"],"articleSection":["Eco-movilidad"],"inLanguage":"es","potentialAction":[{"@type":"CommentAction","name":"Comment","target":["https:\/\/biciurba.com\/index.php\/2024\/06\/26\/la-bici-tambien-exige-tiempos-y-cuidados-segun-la-edad-del-usuario-urbano\/#respond"]}]},{"@type":"WebPage","@id":"https:\/\/biciurba.com\/index.php\/2024\/06\/26\/la-bici-tambien-exige-tiempos-y-cuidados-segun-la-edad-del-usuario-urbano\/","url":"https:\/\/biciurba.com\/index.php\/2024\/06\/26\/la-bici-tambien-exige-tiempos-y-cuidados-segun-la-edad-del-usuario-urbano\/","name":"La bici tambi\u00e9n exige tiempos y cuidados seg\u00fan la edad del usuario urbano - Biciurba","isPartOf":{"@id":"https:\/\/biciurba.com\/#website"},"primaryImageOfPage":{"@id":"https:\/\/biciurba.com\/index.php\/2024\/06\/26\/la-bici-tambien-exige-tiempos-y-cuidados-segun-la-edad-del-usuario-urbano\/#primaryimage"},"image":{"@id":"https:\/\/biciurba.com\/index.php\/2024\/06\/26\/la-bici-tambien-exige-tiempos-y-cuidados-segun-la-edad-del-usuario-urbano\/#primaryimage"},"thumbnailUrl":"https:\/\/biciurba.com\/wp-content\/uploads\/2024\/06\/bicis-urbanas.png","datePublished":"2024-06-26T19:34:24+00:00","dateModified":"2024-06-26T19:34:25+00:00","description":"Para los ciclistas no habituales y aquellos de tercera edad, es crucial tomar en cuenta la falta de reflejos, musculatura y habilidad.","breadcrumb":{"@id":"https:\/\/biciurba.com\/index.php\/2024\/06\/26\/la-bici-tambien-exige-tiempos-y-cuidados-segun-la-edad-del-usuario-urbano\/#breadcrumb"},"inLanguage":"es","potentialAction":[{"@type":"ReadAction","target":["https:\/\/biciurba.com\/index.php\/2024\/06\/26\/la-bici-tambien-exige-tiempos-y-cuidados-segun-la-edad-del-usuario-urbano\/"]}]},{"@type":"ImageObject","inLanguage":"es","@id":"https:\/\/biciurba.com\/index.php\/2024\/06\/26\/la-bici-tambien-exige-tiempos-y-cuidados-segun-la-edad-del-usuario-urbano\/#primaryimage","url":"https:\/\/biciurba.com\/wp-content\/uploads\/2024\/06\/bicis-urbanas.png","contentUrl":"https:\/\/biciurba.com\/wp-content\/uploads\/2024\/06\/bicis-urbanas.png","width":600,"height":400,"caption":"El uso de la bicicleta como transporte urbano ofrece numerosos beneficios, pero tambi\u00e9n presenta desaf\u00edos espec\u00edficos que var\u00edan seg\u00fan la edad del ciclista. Para los ciclistas no habituales y aquellos de tercera edad, es crucial tomar en cuenta la falta de reflejos, musculatura y habilidad."},{"@type":"BreadcrumbList","@id":"https:\/\/biciurba.com\/index.php\/2024\/06\/26\/la-bici-tambien-exige-tiempos-y-cuidados-segun-la-edad-del-usuario-urbano\/#breadcrumb","itemListElement":[{"@type":"ListItem","position":1,"name":"Portada","item":"https:\/\/biciurba.com\/"},{"@type":"ListItem","position":2,"name":"La bici tambi\u00e9n exige tiempos y cuidados seg\u00fan la edad del usuario urbano"}]},{"@type":"WebSite","@id":"https:\/\/biciurba.com\/#website","url":"https:\/\/biciurba.com\/","name":"Biciurba","description":"Una mejor manera de vivir","publisher":{"@id":"https:\/\/biciurba.com\/#\/schema\/person\/d9675ddf29ee982d268db0a3f239eced"},"potentialAction":[{"@type":"SearchAction","target":{"@type":"EntryPoint","urlTemplate":"https:\/\/biciurba.com\/?s={search_term_string}"},"query-input":{"@type":"PropertyValueSpecification","valueRequired":true,"valueName":"search_term_string"}}],"inLanguage":"es"},{"@type":["Person","Organization"],"@id":"https:\/\/biciurba.com\/#\/schema\/person\/d9675ddf29ee982d268db0a3f239eced","name":"Carlos Cantor","image":{"@type":"ImageObject","inLanguage":"es","@id":"https:\/\/biciurba.com\/#\/schema\/person\/image\/","url":"https:\/\/biciurba.com\/wp-content\/uploads\/2024\/04\/cropped-logo-1.png","contentUrl":"https:\/\/biciurba.com\/wp-content\/uploads\/2024\/04\/cropped-logo-1.png","width":512,"height":318,"caption":"Carlos Cantor"},"logo":{"@id":"https:\/\/biciurba.com\/#\/schema\/person\/image\/"},"sameAs":["https:\/\/biciurba.com"],"url":"https:\/\/biciurba.com\/index.php\/author\/ccantor\/"}]}},"_links":{"self":[{"href":"https:\/\/biciurba.com\/index.php\/wp-json\/wp\/v2\/posts\/733"}],"collection":[{"href":"https:\/\/biciurba.com\/index.php\/wp-json\/wp\/v2\/posts"}],"about":[{"href":"https:\/\/biciurba.com\/index.php\/wp-json\/wp\/v2\/types\/post"}],"author":[{"embeddable":true,"href":"https:\/\/biciurba.com\/index.php\/wp-json\/wp\/v2\/users\/1"}],"replies":[{"embeddable":true,"href":"https:\/\/biciurba.com\/index.php\/wp-json\/wp\/v2\/comments?post=733"}],"version-history":[{"count":1,"href":"https:\/\/biciurba.com\/index.php\/wp-json\/wp\/v2\/posts\/733\/revisions"}],"predecessor-version":[{"id":735,"href":"https:\/\/biciurba.com\/index.php\/wp-json\/wp\/v2\/posts\/733\/revisions\/735"}],"wp:featuredmedia":[{"embeddable":true,"href":"https:\/\/biciurba.com\/index.php\/wp-json\/wp\/v2\/media\/734"}],"wp:attachment":[{"href":"https:\/\/biciurba.com\/index.php\/wp-json\/wp\/v2\/media?parent=733"}],"wp:term":[{"taxonomy":"category","embeddable":true,"href":"https:\/\/biciurba.com\/index.php\/wp-json\/wp\/v2\/categories?post=733"},{"taxonomy":"post_tag","embeddable":true,"href":"https:\/\/biciurba.com\/index.php\/wp-json\/wp\/v2\/tags?post=733"}],"curies":[{"name":"wp","href":"https:\/\/api.w.org\/{rel}","templated":true}]}}