{"id":737,"date":"2024-06-27T11:00:00","date_gmt":"2024-06-27T16:00:00","guid":{"rendered":"https:\/\/biciurba.com\/?p=737"},"modified":"2024-06-27T15:34:48","modified_gmt":"2024-06-27T20:34:48","slug":"la-huerta-casera-opcion-economica-de-vida-y-bienestar","status":"publish","type":"post","link":"https:\/\/biciurba.com\/index.php\/2024\/06\/27\/la-huerta-casera-opcion-economica-de-vida-y-bienestar\/","title":{"rendered":"La huerta casera, opci\u00f3n econ\u00f3mica de vida y bienestar"},"content":{"rendered":"\n<p>La Dra. Adriana Chaparro nos comparte la experiencia de la huerta casera, sus opciones considerando los espacios urbanos, de nuestras viviendas y de zonas comunales que se pueden adaptar para esta experiencia con la vida de colores verdes. Variedades de vegetales, formas eficientes de irrigaci\u00f3n con agua lluvia que ayuda al crecimiento y fortalecimiento de las plantas evitando en muy buena parte el uso de agroqu\u00edmicos y m\u00e1s bien abonarlas con el compos que bien podemos hacer en casa. <\/p>\n\n\n\n<p>Conocer bien nuestras plantas, como se relacionan entre s\u00ed y sus necesidades particulares, conocimientos que hemos perdido en la vida urbana. Disfruten de este podcast aqu\u00ed en BiciUrba<\/p>\n\n\n\n<figure class=\"wp-block-embed is-type-rich is-provider-spotify wp-block-embed-spotify wp-embed-aspect-21-9 wp-has-aspect-ratio\"><div class=\"wp-block-embed__wrapper\">\n<iframe title=\"Spotify Embed: Cap\u00edtulo 6: La huerta casera, opci\u00f3n econ\u00f3mica de vida y bienestar\" style=\"border-radius: 12px\" width=\"100%\" height=\"152\" frameborder=\"0\" allowfullscreen allow=\"autoplay; clipboard-write; encrypted-media; fullscreen; picture-in-picture\" loading=\"lazy\" src=\"https:\/\/open.spotify.com\/embed\/episode\/4L1o5QmAFSfmaZpQ8pUj5Y?si=9fMcEG44TheKAQIPn84bgA&#038;utm_source=oembed\"><\/iframe>\n<\/div><\/figure>\n","protected":false},"excerpt":{"rendered":"<p>Cultivar nuestros alimentos, opci\u00f3n posible gracias a las huertas caseras<\/p>\n","protected":false},"author":1,"featured_media":542,"comment_status":"open","ping_status":"open","sticky":false,"template":"","format":"standard","meta":{"footnotes":""},"categories":[51],"tags":[159,66,332,331],"class_list":["post-737","post","type-post","status-publish","format-standard","has-post-thumbnail","hentry","category-podcast-biciurba","tag-agricultura-urbana","tag-agroecologia","tag-huerta-casera","tag-huerta-urbana"],"yoast_head":"<!-- This site is optimized with the Yoast SEO plugin v23.9 - https:\/\/yoast.com\/wordpress\/plugins\/seo\/ -->\n<title>La huerta casera, opci\u00f3n econ\u00f3mica de vida y bienestar - Biciurba<\/title>\n<meta name=\"description\" content=\"Huerta casera una opci\u00f3n econ\u00f3mica para tener alimentos\" \/>\n<meta name=\"robots\" content=\"index, follow, max-snippet:-1, max-image-preview:large, max-video-preview:-1\" \/>\n<link rel=\"canonical\" href=\"https:\/\/biciurba.com\/index.php\/2024\/06\/27\/la-huerta-casera-opcion-economica-de-vida-y-bienestar\/\" \/>\n<meta property=\"og:locale\" content=\"es_ES\" \/>\n<meta property=\"og:type\" content=\"article\" \/>\n<meta property=\"og:title\" content=\"La huerta casera, opci\u00f3n econ\u00f3mica de vida y bienestar - Biciurba\" \/>\n<meta property=\"og:description\" content=\"Huerta casera una opci\u00f3n econ\u00f3mica para tener alimentos\" \/>\n<meta property=\"og:url\" content=\"https:\/\/biciurba.com\/index.php\/2024\/06\/27\/la-huerta-casera-opcion-economica-de-vida-y-bienestar\/\" \/>\n<meta property=\"og:site_name\" content=\"Biciurba\" \/>\n<meta property=\"article:published_time\" content=\"2024-06-27T16:00:00+00:00\" \/>\n<meta property=\"article:modified_time\" content=\"2024-06-27T20:34:48+00:00\" \/>\n<meta property=\"og:image\" content=\"https:\/\/biciurba.com\/wp-content\/uploads\/2024\/05\/podcast-logo.png\" \/>\n\t<meta property=\"og:image:width\" content=\"600\" \/>\n\t<meta property=\"og:image:height\" content=\"400\" \/>\n\t<meta property=\"og:image:type\" content=\"image\/png\" \/>\n<meta name=\"author\" content=\"Carlos Cantor\" \/>\n<meta name=\"twitter:card\" content=\"summary_large_image\" \/>\n<meta name=\"twitter:label1\" content=\"Escrito por\" \/>\n\t<meta name=\"twitter:data1\" content=\"Carlos Cantor\" \/>\n\t<meta name=\"twitter:label2\" content=\"Tiempo de lectura\" \/>\n\t<meta name=\"twitter:data2\" content=\"1 minuto\" \/>\n<script type=\"application\/ld+json\" class=\"yoast-schema-graph\">{\"@context\":\"https:\/\/schema.org\",\"@graph\":[{\"@type\":\"Article\",\"@id\":\"https:\/\/biciurba.com\/index.php\/2024\/06\/27\/la-huerta-casera-opcion-economica-de-vida-y-bienestar\/#article\",\"isPartOf\":{\"@id\":\"https:\/\/biciurba.com\/index.php\/2024\/06\/27\/la-huerta-casera-opcion-economica-de-vida-y-bienestar\/\"},\"author\":{\"name\":\"Carlos Cantor\",\"@id\":\"https:\/\/biciurba.com\/#\/schema\/person\/d9675ddf29ee982d268db0a3f239eced\"},\"headline\":\"La huerta casera, opci\u00f3n econ\u00f3mica de vida y bienestar\",\"datePublished\":\"2024-06-27T16:00:00+00:00\",\"dateModified\":\"2024-06-27T20:34:48+00:00\",\"mainEntityOfPage\":{\"@id\":\"https:\/\/biciurba.com\/index.php\/2024\/06\/27\/la-huerta-casera-opcion-economica-de-vida-y-bienestar\/\"},\"wordCount\":135,\"commentCount\":1,\"publisher\":{\"@id\":\"https:\/\/biciurba.com\/#\/schema\/person\/d9675ddf29ee982d268db0a3f239eced\"},\"image\":{\"@id\":\"https:\/\/biciurba.com\/index.php\/2024\/06\/27\/la-huerta-casera-opcion-economica-de-vida-y-bienestar\/#primaryimage\"},\"thumbnailUrl\":\"https:\/\/biciurba.com\/wp-content\/uploads\/2024\/05\/podcast-logo.png\",\"keywords\":[\"Agricultura urbana\",\"Agroecolog\u00eda\",\"huerta casera\",\"huerta urbana\"],\"articleSection\":[\"Podcast\"],\"inLanguage\":\"es\",\"potentialAction\":[{\"@type\":\"CommentAction\",\"name\":\"Comment\",\"target\":[\"https:\/\/biciurba.com\/index.php\/2024\/06\/27\/la-huerta-casera-opcion-economica-de-vida-y-bienestar\/#respond\"]}]},{\"@type\":\"WebPage\",\"@id\":\"https:\/\/biciurba.com\/index.php\/2024\/06\/27\/la-huerta-casera-opcion-economica-de-vida-y-bienestar\/\",\"url\":\"https:\/\/biciurba.com\/index.php\/2024\/06\/27\/la-huerta-casera-opcion-economica-de-vida-y-bienestar\/\",\"name\":\"La huerta casera, opci\u00f3n econ\u00f3mica de vida y bienestar - Biciurba\",\"isPartOf\":{\"@id\":\"https:\/\/biciurba.com\/#website\"},\"primaryImageOfPage\":{\"@id\":\"https:\/\/biciurba.com\/index.php\/2024\/06\/27\/la-huerta-casera-opcion-economica-de-vida-y-bienestar\/#primaryimage\"},\"image\":{\"@id\":\"https:\/\/biciurba.com\/index.php\/2024\/06\/27\/la-huerta-casera-opcion-economica-de-vida-y-bienestar\/#primaryimage\"},\"thumbnailUrl\":\"https:\/\/biciurba.com\/wp-content\/uploads\/2024\/05\/podcast-logo.png\",\"datePublished\":\"2024-06-27T16:00:00+00:00\",\"dateModified\":\"2024-06-27T20:34:48+00:00\",\"description\":\"Huerta casera una opci\u00f3n econ\u00f3mica para tener alimentos\",\"breadcrumb\":{\"@id\":\"https:\/\/biciurba.com\/index.php\/2024\/06\/27\/la-huerta-casera-opcion-economica-de-vida-y-bienestar\/#breadcrumb\"},\"inLanguage\":\"es\",\"potentialAction\":[{\"@type\":\"ReadAction\",\"target\":[\"https:\/\/biciurba.com\/index.php\/2024\/06\/27\/la-huerta-casera-opcion-economica-de-vida-y-bienestar\/\"]}]},{\"@type\":\"ImageObject\",\"inLanguage\":\"es\",\"@id\":\"https:\/\/biciurba.com\/index.php\/2024\/06\/27\/la-huerta-casera-opcion-economica-de-vida-y-bienestar\/#primaryimage\",\"url\":\"https:\/\/biciurba.com\/wp-content\/uploads\/2024\/05\/podcast-logo.png\",\"contentUrl\":\"https:\/\/biciurba.com\/wp-content\/uploads\/2024\/05\/podcast-logo.png\",\"width\":600,\"height\":400},{\"@type\":\"BreadcrumbList\",\"@id\":\"https:\/\/biciurba.com\/index.php\/2024\/06\/27\/la-huerta-casera-opcion-economica-de-vida-y-bienestar\/#breadcrumb\",\"itemListElement\":[{\"@type\":\"ListItem\",\"position\":1,\"name\":\"Portada\",\"item\":\"https:\/\/biciurba.com\/\"},{\"@type\":\"ListItem\",\"position\":2,\"name\":\"La huerta casera, opci\u00f3n econ\u00f3mica de vida y bienestar\"}]},{\"@type\":\"WebSite\",\"@id\":\"https:\/\/biciurba.com\/#website\",\"url\":\"https:\/\/biciurba.com\/\",\"name\":\"Biciurba\",\"description\":\"Una mejor manera de vivir\",\"publisher\":{\"@id\":\"https:\/\/biciurba.com\/#\/schema\/person\/d9675ddf29ee982d268db0a3f239eced\"},\"potentialAction\":[{\"@type\":\"SearchAction\",\"target\":{\"@type\":\"EntryPoint\",\"urlTemplate\":\"https:\/\/biciurba.com\/?s={search_term_string}\"},\"query-input\":{\"@type\":\"PropertyValueSpecification\",\"valueRequired\":true,\"valueName\":\"search_term_string\"}}],\"inLanguage\":\"es\"},{\"@type\":[\"Person\",\"Organization\"],\"@id\":\"https:\/\/biciurba.com\/#\/schema\/person\/d9675ddf29ee982d268db0a3f239eced\",\"name\":\"Carlos Cantor\",\"image\":{\"@type\":\"ImageObject\",\"inLanguage\":\"es\",\"@id\":\"https:\/\/biciurba.com\/#\/schema\/person\/image\/\",\"url\":\"https:\/\/biciurba.com\/wp-content\/uploads\/2024\/04\/cropped-logo-1.png\",\"contentUrl\":\"https:\/\/biciurba.com\/wp-content\/uploads\/2024\/04\/cropped-logo-1.png\",\"width\":512,\"height\":318,\"caption\":\"Carlos Cantor\"},\"logo\":{\"@id\":\"https:\/\/biciurba.com\/#\/schema\/person\/image\/\"},\"sameAs\":[\"https:\/\/biciurba.com\"],\"url\":\"https:\/\/biciurba.com\/index.php\/author\/ccantor\/\"}]}<\/script>\n<!-- \/ Yoast SEO plugin. -->","yoast_head_json":{"title":"La huerta casera, opci\u00f3n econ\u00f3mica de vida y bienestar - Biciurba","description":"Huerta casera una opci\u00f3n econ\u00f3mica para tener alimentos","robots":{"index":"index","follow":"follow","max-snippet":"max-snippet:-1","max-image-preview":"max-image-preview:large","max-video-preview":"max-video-preview:-1"},"canonical":"https:\/\/biciurba.com\/index.php\/2024\/06\/27\/la-huerta-casera-opcion-economica-de-vida-y-bienestar\/","og_locale":"es_ES","og_type":"article","og_title":"La huerta casera, opci\u00f3n econ\u00f3mica de vida y bienestar - Biciurba","og_description":"Huerta casera una opci\u00f3n econ\u00f3mica para tener alimentos","og_url":"https:\/\/biciurba.com\/index.php\/2024\/06\/27\/la-huerta-casera-opcion-economica-de-vida-y-bienestar\/","og_site_name":"Biciurba","article_published_time":"2024-06-27T16:00:00+00:00","article_modified_time":"2024-06-27T20:34:48+00:00","og_image":[{"width":600,"height":400,"url":"https:\/\/biciurba.com\/wp-content\/uploads\/2024\/05\/podcast-logo.png","type":"image\/png"}],"author":"Carlos Cantor","twitter_card":"summary_large_image","twitter_misc":{"Escrito por":"Carlos Cantor","Tiempo de lectura":"1 minuto"},"schema":{"@context":"https:\/\/schema.org","@graph":[{"@type":"Article","@id":"https:\/\/biciurba.com\/index.php\/2024\/06\/27\/la-huerta-casera-opcion-economica-de-vida-y-bienestar\/#article","isPartOf":{"@id":"https:\/\/biciurba.com\/index.php\/2024\/06\/27\/la-huerta-casera-opcion-economica-de-vida-y-bienestar\/"},"author":{"name":"Carlos Cantor","@id":"https:\/\/biciurba.com\/#\/schema\/person\/d9675ddf29ee982d268db0a3f239eced"},"headline":"La huerta casera, opci\u00f3n econ\u00f3mica de vida y bienestar","datePublished":"2024-06-27T16:00:00+00:00","dateModified":"2024-06-27T20:34:48+00:00","mainEntityOfPage":{"@id":"https:\/\/biciurba.com\/index.php\/2024\/06\/27\/la-huerta-casera-opcion-economica-de-vida-y-bienestar\/"},"wordCount":135,"commentCount":1,"publisher":{"@id":"https:\/\/biciurba.com\/#\/schema\/person\/d9675ddf29ee982d268db0a3f239eced"},"image":{"@id":"https:\/\/biciurba.com\/index.php\/2024\/06\/27\/la-huerta-casera-opcion-economica-de-vida-y-bienestar\/#primaryimage"},"thumbnailUrl":"https:\/\/biciurba.com\/wp-content\/uploads\/2024\/05\/podcast-logo.png","keywords":["Agricultura urbana","Agroecolog\u00eda","huerta casera","huerta urbana"],"articleSection":["Podcast"],"inLanguage":"es","potentialAction":[{"@type":"CommentAction","name":"Comment","target":["https:\/\/biciurba.com\/index.php\/2024\/06\/27\/la-huerta-casera-opcion-economica-de-vida-y-bienestar\/#respond"]}]},{"@type":"WebPage","@id":"https:\/\/biciurba.com\/index.php\/2024\/06\/27\/la-huerta-casera-opcion-economica-de-vida-y-bienestar\/","url":"https:\/\/biciurba.com\/index.php\/2024\/06\/27\/la-huerta-casera-opcion-economica-de-vida-y-bienestar\/","name":"La huerta casera, opci\u00f3n econ\u00f3mica de vida y bienestar - Biciurba","isPartOf":{"@id":"https:\/\/biciurba.com\/#website"},"primaryImageOfPage":{"@id":"https:\/\/biciurba.com\/index.php\/2024\/06\/27\/la-huerta-casera-opcion-economica-de-vida-y-bienestar\/#primaryimage"},"image":{"@id":"https:\/\/biciurba.com\/index.php\/2024\/06\/27\/la-huerta-casera-opcion-economica-de-vida-y-bienestar\/#primaryimage"},"thumbnailUrl":"https:\/\/biciurba.com\/wp-content\/uploads\/2024\/05\/podcast-logo.png","datePublished":"2024-06-27T16:00:00+00:00","dateModified":"2024-06-27T20:34:48+00:00","description":"Huerta casera una opci\u00f3n econ\u00f3mica para tener alimentos","breadcrumb":{"@id":"https:\/\/biciurba.com\/index.php\/2024\/06\/27\/la-huerta-casera-opcion-economica-de-vida-y-bienestar\/#breadcrumb"},"inLanguage":"es","potentialAction":[{"@type":"ReadAction","target":["https:\/\/biciurba.com\/index.php\/2024\/06\/27\/la-huerta-casera-opcion-economica-de-vida-y-bienestar\/"]}]},{"@type":"ImageObject","inLanguage":"es","@id":"https:\/\/biciurba.com\/index.php\/2024\/06\/27\/la-huerta-casera-opcion-economica-de-vida-y-bienestar\/#primaryimage","url":"https:\/\/biciurba.com\/wp-content\/uploads\/2024\/05\/podcast-logo.png","contentUrl":"https:\/\/biciurba.com\/wp-content\/uploads\/2024\/05\/podcast-logo.png","width":600,"height":400},{"@type":"BreadcrumbList","@id":"https:\/\/biciurba.com\/index.php\/2024\/06\/27\/la-huerta-casera-opcion-economica-de-vida-y-bienestar\/#breadcrumb","itemListElement":[{"@type":"ListItem","position":1,"name":"Portada","item":"https:\/\/biciurba.com\/"},{"@type":"ListItem","position":2,"name":"La huerta casera, opci\u00f3n econ\u00f3mica de vida y bienestar"}]},{"@type":"WebSite","@id":"https:\/\/biciurba.com\/#website","url":"https:\/\/biciurba.com\/","name":"Biciurba","description":"Una mejor manera de vivir","publisher":{"@id":"https:\/\/biciurba.com\/#\/schema\/person\/d9675ddf29ee982d268db0a3f239eced"},"potentialAction":[{"@type":"SearchAction","target":{"@type":"EntryPoint","urlTemplate":"https:\/\/biciurba.com\/?s={search_term_string}"},"query-input":{"@type":"PropertyValueSpecification","valueRequired":true,"valueName":"search_term_string"}}],"inLanguage":"es"},{"@type":["Person","Organization"],"@id":"https:\/\/biciurba.com\/#\/schema\/person\/d9675ddf29ee982d268db0a3f239eced","name":"Carlos Cantor","image":{"@type":"ImageObject","inLanguage":"es","@id":"https:\/\/biciurba.com\/#\/schema\/person\/image\/","url":"https:\/\/biciurba.com\/wp-content\/uploads\/2024\/04\/cropped-logo-1.png","contentUrl":"https:\/\/biciurba.com\/wp-content\/uploads\/2024\/04\/cropped-logo-1.png","width":512,"height":318,"caption":"Carlos Cantor"},"logo":{"@id":"https:\/\/biciurba.com\/#\/schema\/person\/image\/"},"sameAs":["https:\/\/biciurba.com"],"url":"https:\/\/biciurba.com\/index.php\/author\/ccantor\/"}]}},"_links":{"self":[{"href":"https:\/\/biciurba.com\/index.php\/wp-json\/wp\/v2\/posts\/737"}],"collection":[{"href":"https:\/\/biciurba.com\/index.php\/wp-json\/wp\/v2\/posts"}],"about":[{"href":"https:\/\/biciurba.com\/index.php\/wp-json\/wp\/v2\/types\/post"}],"author":[{"embeddable":true,"href":"https:\/\/biciurba.com\/index.php\/wp-json\/wp\/v2\/users\/1"}],"replies":[{"embeddable":true,"href":"https:\/\/biciurba.com\/index.php\/wp-json\/wp\/v2\/comments?post=737"}],"version-history":[{"count":3,"href":"https:\/\/biciurba.com\/index.php\/wp-json\/wp\/v2\/posts\/737\/revisions"}],"predecessor-version":[{"id":746,"href":"https:\/\/biciurba.com\/index.php\/wp-json\/wp\/v2\/posts\/737\/revisions\/746"}],"wp:featuredmedia":[{"embeddable":true,"href":"https:\/\/biciurba.com\/index.php\/wp-json\/wp\/v2\/media\/542"}],"wp:attachment":[{"href":"https:\/\/biciurba.com\/index.php\/wp-json\/wp\/v2\/media?parent=737"}],"wp:term":[{"taxonomy":"category","embeddable":true,"href":"https:\/\/biciurba.com\/index.php\/wp-json\/wp\/v2\/categories?post=737"},{"taxonomy":"post_tag","embeddable":true,"href":"https:\/\/biciurba.com\/index.php\/wp-json\/wp\/v2\/tags?post=737"}],"curies":[{"name":"wp","href":"https:\/\/api.w.org\/{rel}","templated":true}]}}