{"id":773,"date":"2024-07-04T10:00:00","date_gmt":"2024-07-04T15:00:00","guid":{"rendered":"https:\/\/biciurba.com\/?p=773"},"modified":"2024-07-05T06:48:41","modified_gmt":"2024-07-05T11:48:41","slug":"la-musica-se-identifica-con-cada-epoca","status":"publish","type":"post","link":"https:\/\/biciurba.com\/index.php\/2024\/07\/04\/la-musica-se-identifica-con-cada-epoca\/","title":{"rendered":"La m\u00fasica se identifica con cada \u00e9poca"},"content":{"rendered":"\n<p>Conversamos con el maestro Oscar Contreras sobre este idioma universal que interpreta la cultura que vamos construyendo, los retos de los artistas en estos tiempos de la IA y el mundo social y cultural que le acompa\u00f1a. Un podcasts de BiciUrba que esperamos lo encuentre muy ilustrativo.<\/p>\n\n\n\n<figure class=\"wp-block-audio\"><audio controls src=\"https:\/\/biciurba.com\/wp-content\/uploads\/2024\/07\/septimo-podcasts-musica.mp3\"><\/audio><\/figure>\n","protected":false},"excerpt":{"rendered":"<p>Conversamos con el maestro Oscar Contreras sobre este idioma universal que interpreta la cultura que vamos construyendo, los retos de los artistas en estos tiempos de la IA y el mundo social y cultural que le acompa\u00f1a. Un podcasts de BiciUrba que esperamos lo encuentre muy ilustrativo.<\/p>\n","protected":false},"author":1,"featured_media":542,"comment_status":"open","ping_status":"open","sticky":false,"template":"","format":"standard","meta":{"footnotes":""},"categories":[51],"tags":[338,337,336,339],"class_list":["post-773","post","type-post","status-publish","format-standard","has-post-thumbnail","hentry","category-podcast-biciurba","tag-cultura-y-sociedad","tag-lenguaje-universal","tag-musica","tag-oscar-contreras"],"yoast_head":"<!-- This site is optimized with the Yoast SEO plugin v23.9 - https:\/\/yoast.com\/wordpress\/plugins\/seo\/ -->\n<title>La m\u00fasica se identifica con cada \u00e9poca - Biciurba<\/title>\n<meta name=\"description\" content=\"La m\u00fasica, lenguaje universal que se identifica con cada \u00e9poca y la cultura que hemos construido en el mundo.\" \/>\n<meta name=\"robots\" content=\"index, follow, max-snippet:-1, max-image-preview:large, max-video-preview:-1\" \/>\n<link rel=\"canonical\" href=\"https:\/\/biciurba.com\/index.php\/2024\/07\/04\/la-musica-se-identifica-con-cada-epoca\/\" \/>\n<meta property=\"og:locale\" content=\"es_ES\" \/>\n<meta property=\"og:type\" content=\"article\" \/>\n<meta property=\"og:title\" content=\"La m\u00fasica se identifica con cada \u00e9poca - Biciurba\" \/>\n<meta property=\"og:description\" content=\"La m\u00fasica, lenguaje universal que se identifica con cada \u00e9poca y la cultura que hemos construido en el mundo.\" \/>\n<meta property=\"og:url\" content=\"https:\/\/biciurba.com\/index.php\/2024\/07\/04\/la-musica-se-identifica-con-cada-epoca\/\" \/>\n<meta property=\"og:site_name\" content=\"Biciurba\" \/>\n<meta property=\"article:published_time\" content=\"2024-07-04T15:00:00+00:00\" \/>\n<meta property=\"article:modified_time\" content=\"2024-07-05T11:48:41+00:00\" \/>\n<meta property=\"og:image\" content=\"https:\/\/biciurba.com\/wp-content\/uploads\/2024\/05\/podcast-logo.png\" \/>\n\t<meta property=\"og:image:width\" content=\"600\" \/>\n\t<meta property=\"og:image:height\" content=\"400\" \/>\n\t<meta property=\"og:image:type\" content=\"image\/png\" \/>\n<meta name=\"author\" content=\"Carlos Cantor\" \/>\n<meta name=\"twitter:card\" content=\"summary_large_image\" \/>\n<meta name=\"twitter:label1\" content=\"Escrito por\" \/>\n\t<meta name=\"twitter:data1\" content=\"Carlos Cantor\" \/>\n\t<meta name=\"twitter:label2\" content=\"Tiempo de lectura\" \/>\n\t<meta name=\"twitter:data2\" content=\"1 minuto\" \/>\n<script type=\"application\/ld+json\" class=\"yoast-schema-graph\">{\"@context\":\"https:\/\/schema.org\",\"@graph\":[{\"@type\":\"Article\",\"@id\":\"https:\/\/biciurba.com\/index.php\/2024\/07\/04\/la-musica-se-identifica-con-cada-epoca\/#article\",\"isPartOf\":{\"@id\":\"https:\/\/biciurba.com\/index.php\/2024\/07\/04\/la-musica-se-identifica-con-cada-epoca\/\"},\"author\":{\"name\":\"Carlos Cantor\",\"@id\":\"https:\/\/biciurba.com\/#\/schema\/person\/d9675ddf29ee982d268db0a3f239eced\"},\"headline\":\"La m\u00fasica se identifica con cada \u00e9poca\",\"datePublished\":\"2024-07-04T15:00:00+00:00\",\"dateModified\":\"2024-07-05T11:48:41+00:00\",\"mainEntityOfPage\":{\"@id\":\"https:\/\/biciurba.com\/index.php\/2024\/07\/04\/la-musica-se-identifica-con-cada-epoca\/\"},\"wordCount\":56,\"commentCount\":2,\"publisher\":{\"@id\":\"https:\/\/biciurba.com\/#\/schema\/person\/d9675ddf29ee982d268db0a3f239eced\"},\"image\":{\"@id\":\"https:\/\/biciurba.com\/index.php\/2024\/07\/04\/la-musica-se-identifica-con-cada-epoca\/#primaryimage\"},\"thumbnailUrl\":\"https:\/\/biciurba.com\/wp-content\/uploads\/2024\/05\/podcast-logo.png\",\"keywords\":[\"Cultura y sociedad\",\"Lenguaje universal\",\"M\u00fasica\",\"Oscar Contreras\"],\"articleSection\":[\"Podcast\"],\"inLanguage\":\"es\",\"potentialAction\":[{\"@type\":\"CommentAction\",\"name\":\"Comment\",\"target\":[\"https:\/\/biciurba.com\/index.php\/2024\/07\/04\/la-musica-se-identifica-con-cada-epoca\/#respond\"]}]},{\"@type\":\"WebPage\",\"@id\":\"https:\/\/biciurba.com\/index.php\/2024\/07\/04\/la-musica-se-identifica-con-cada-epoca\/\",\"url\":\"https:\/\/biciurba.com\/index.php\/2024\/07\/04\/la-musica-se-identifica-con-cada-epoca\/\",\"name\":\"La m\u00fasica se identifica con cada \u00e9poca - Biciurba\",\"isPartOf\":{\"@id\":\"https:\/\/biciurba.com\/#website\"},\"primaryImageOfPage\":{\"@id\":\"https:\/\/biciurba.com\/index.php\/2024\/07\/04\/la-musica-se-identifica-con-cada-epoca\/#primaryimage\"},\"image\":{\"@id\":\"https:\/\/biciurba.com\/index.php\/2024\/07\/04\/la-musica-se-identifica-con-cada-epoca\/#primaryimage\"},\"thumbnailUrl\":\"https:\/\/biciurba.com\/wp-content\/uploads\/2024\/05\/podcast-logo.png\",\"datePublished\":\"2024-07-04T15:00:00+00:00\",\"dateModified\":\"2024-07-05T11:48:41+00:00\",\"description\":\"La m\u00fasica, lenguaje universal que se identifica con cada \u00e9poca y la cultura que hemos construido en el mundo.\",\"breadcrumb\":{\"@id\":\"https:\/\/biciurba.com\/index.php\/2024\/07\/04\/la-musica-se-identifica-con-cada-epoca\/#breadcrumb\"},\"inLanguage\":\"es\",\"potentialAction\":[{\"@type\":\"ReadAction\",\"target\":[\"https:\/\/biciurba.com\/index.php\/2024\/07\/04\/la-musica-se-identifica-con-cada-epoca\/\"]}]},{\"@type\":\"ImageObject\",\"inLanguage\":\"es\",\"@id\":\"https:\/\/biciurba.com\/index.php\/2024\/07\/04\/la-musica-se-identifica-con-cada-epoca\/#primaryimage\",\"url\":\"https:\/\/biciurba.com\/wp-content\/uploads\/2024\/05\/podcast-logo.png\",\"contentUrl\":\"https:\/\/biciurba.com\/wp-content\/uploads\/2024\/05\/podcast-logo.png\",\"width\":600,\"height\":400},{\"@type\":\"BreadcrumbList\",\"@id\":\"https:\/\/biciurba.com\/index.php\/2024\/07\/04\/la-musica-se-identifica-con-cada-epoca\/#breadcrumb\",\"itemListElement\":[{\"@type\":\"ListItem\",\"position\":1,\"name\":\"Portada\",\"item\":\"https:\/\/biciurba.com\/\"},{\"@type\":\"ListItem\",\"position\":2,\"name\":\"La m\u00fasica se identifica con cada \u00e9poca\"}]},{\"@type\":\"WebSite\",\"@id\":\"https:\/\/biciurba.com\/#website\",\"url\":\"https:\/\/biciurba.com\/\",\"name\":\"Biciurba\",\"description\":\"Una mejor manera de vivir\",\"publisher\":{\"@id\":\"https:\/\/biciurba.com\/#\/schema\/person\/d9675ddf29ee982d268db0a3f239eced\"},\"potentialAction\":[{\"@type\":\"SearchAction\",\"target\":{\"@type\":\"EntryPoint\",\"urlTemplate\":\"https:\/\/biciurba.com\/?s={search_term_string}\"},\"query-input\":{\"@type\":\"PropertyValueSpecification\",\"valueRequired\":true,\"valueName\":\"search_term_string\"}}],\"inLanguage\":\"es\"},{\"@type\":[\"Person\",\"Organization\"],\"@id\":\"https:\/\/biciurba.com\/#\/schema\/person\/d9675ddf29ee982d268db0a3f239eced\",\"name\":\"Carlos Cantor\",\"image\":{\"@type\":\"ImageObject\",\"inLanguage\":\"es\",\"@id\":\"https:\/\/biciurba.com\/#\/schema\/person\/image\/\",\"url\":\"https:\/\/biciurba.com\/wp-content\/uploads\/2024\/04\/cropped-logo-1.png\",\"contentUrl\":\"https:\/\/biciurba.com\/wp-content\/uploads\/2024\/04\/cropped-logo-1.png\",\"width\":512,\"height\":318,\"caption\":\"Carlos Cantor\"},\"logo\":{\"@id\":\"https:\/\/biciurba.com\/#\/schema\/person\/image\/\"},\"sameAs\":[\"https:\/\/biciurba.com\"],\"url\":\"https:\/\/biciurba.com\/index.php\/author\/ccantor\/\"}]}<\/script>\n<!-- \/ Yoast SEO plugin. -->","yoast_head_json":{"title":"La m\u00fasica se identifica con cada \u00e9poca - Biciurba","description":"La m\u00fasica, lenguaje universal que se identifica con cada \u00e9poca y la cultura que hemos construido en el mundo.","robots":{"index":"index","follow":"follow","max-snippet":"max-snippet:-1","max-image-preview":"max-image-preview:large","max-video-preview":"max-video-preview:-1"},"canonical":"https:\/\/biciurba.com\/index.php\/2024\/07\/04\/la-musica-se-identifica-con-cada-epoca\/","og_locale":"es_ES","og_type":"article","og_title":"La m\u00fasica se identifica con cada \u00e9poca - Biciurba","og_description":"La m\u00fasica, lenguaje universal que se identifica con cada \u00e9poca y la cultura que hemos construido en el mundo.","og_url":"https:\/\/biciurba.com\/index.php\/2024\/07\/04\/la-musica-se-identifica-con-cada-epoca\/","og_site_name":"Biciurba","article_published_time":"2024-07-04T15:00:00+00:00","article_modified_time":"2024-07-05T11:48:41+00:00","og_image":[{"width":600,"height":400,"url":"https:\/\/biciurba.com\/wp-content\/uploads\/2024\/05\/podcast-logo.png","type":"image\/png"}],"author":"Carlos Cantor","twitter_card":"summary_large_image","twitter_misc":{"Escrito por":"Carlos Cantor","Tiempo de lectura":"1 minuto"},"schema":{"@context":"https:\/\/schema.org","@graph":[{"@type":"Article","@id":"https:\/\/biciurba.com\/index.php\/2024\/07\/04\/la-musica-se-identifica-con-cada-epoca\/#article","isPartOf":{"@id":"https:\/\/biciurba.com\/index.php\/2024\/07\/04\/la-musica-se-identifica-con-cada-epoca\/"},"author":{"name":"Carlos Cantor","@id":"https:\/\/biciurba.com\/#\/schema\/person\/d9675ddf29ee982d268db0a3f239eced"},"headline":"La m\u00fasica se identifica con cada \u00e9poca","datePublished":"2024-07-04T15:00:00+00:00","dateModified":"2024-07-05T11:48:41+00:00","mainEntityOfPage":{"@id":"https:\/\/biciurba.com\/index.php\/2024\/07\/04\/la-musica-se-identifica-con-cada-epoca\/"},"wordCount":56,"commentCount":2,"publisher":{"@id":"https:\/\/biciurba.com\/#\/schema\/person\/d9675ddf29ee982d268db0a3f239eced"},"image":{"@id":"https:\/\/biciurba.com\/index.php\/2024\/07\/04\/la-musica-se-identifica-con-cada-epoca\/#primaryimage"},"thumbnailUrl":"https:\/\/biciurba.com\/wp-content\/uploads\/2024\/05\/podcast-logo.png","keywords":["Cultura y sociedad","Lenguaje universal","M\u00fasica","Oscar Contreras"],"articleSection":["Podcast"],"inLanguage":"es","potentialAction":[{"@type":"CommentAction","name":"Comment","target":["https:\/\/biciurba.com\/index.php\/2024\/07\/04\/la-musica-se-identifica-con-cada-epoca\/#respond"]}]},{"@type":"WebPage","@id":"https:\/\/biciurba.com\/index.php\/2024\/07\/04\/la-musica-se-identifica-con-cada-epoca\/","url":"https:\/\/biciurba.com\/index.php\/2024\/07\/04\/la-musica-se-identifica-con-cada-epoca\/","name":"La m\u00fasica se identifica con cada \u00e9poca - Biciurba","isPartOf":{"@id":"https:\/\/biciurba.com\/#website"},"primaryImageOfPage":{"@id":"https:\/\/biciurba.com\/index.php\/2024\/07\/04\/la-musica-se-identifica-con-cada-epoca\/#primaryimage"},"image":{"@id":"https:\/\/biciurba.com\/index.php\/2024\/07\/04\/la-musica-se-identifica-con-cada-epoca\/#primaryimage"},"thumbnailUrl":"https:\/\/biciurba.com\/wp-content\/uploads\/2024\/05\/podcast-logo.png","datePublished":"2024-07-04T15:00:00+00:00","dateModified":"2024-07-05T11:48:41+00:00","description":"La m\u00fasica, lenguaje universal que se identifica con cada \u00e9poca y la cultura que hemos construido en el mundo.","breadcrumb":{"@id":"https:\/\/biciurba.com\/index.php\/2024\/07\/04\/la-musica-se-identifica-con-cada-epoca\/#breadcrumb"},"inLanguage":"es","potentialAction":[{"@type":"ReadAction","target":["https:\/\/biciurba.com\/index.php\/2024\/07\/04\/la-musica-se-identifica-con-cada-epoca\/"]}]},{"@type":"ImageObject","inLanguage":"es","@id":"https:\/\/biciurba.com\/index.php\/2024\/07\/04\/la-musica-se-identifica-con-cada-epoca\/#primaryimage","url":"https:\/\/biciurba.com\/wp-content\/uploads\/2024\/05\/podcast-logo.png","contentUrl":"https:\/\/biciurba.com\/wp-content\/uploads\/2024\/05\/podcast-logo.png","width":600,"height":400},{"@type":"BreadcrumbList","@id":"https:\/\/biciurba.com\/index.php\/2024\/07\/04\/la-musica-se-identifica-con-cada-epoca\/#breadcrumb","itemListElement":[{"@type":"ListItem","position":1,"name":"Portada","item":"https:\/\/biciurba.com\/"},{"@type":"ListItem","position":2,"name":"La m\u00fasica se identifica con cada \u00e9poca"}]},{"@type":"WebSite","@id":"https:\/\/biciurba.com\/#website","url":"https:\/\/biciurba.com\/","name":"Biciurba","description":"Una mejor manera de vivir","publisher":{"@id":"https:\/\/biciurba.com\/#\/schema\/person\/d9675ddf29ee982d268db0a3f239eced"},"potentialAction":[{"@type":"SearchAction","target":{"@type":"EntryPoint","urlTemplate":"https:\/\/biciurba.com\/?s={search_term_string}"},"query-input":{"@type":"PropertyValueSpecification","valueRequired":true,"valueName":"search_term_string"}}],"inLanguage":"es"},{"@type":["Person","Organization"],"@id":"https:\/\/biciurba.com\/#\/schema\/person\/d9675ddf29ee982d268db0a3f239eced","name":"Carlos Cantor","image":{"@type":"ImageObject","inLanguage":"es","@id":"https:\/\/biciurba.com\/#\/schema\/person\/image\/","url":"https:\/\/biciurba.com\/wp-content\/uploads\/2024\/04\/cropped-logo-1.png","contentUrl":"https:\/\/biciurba.com\/wp-content\/uploads\/2024\/04\/cropped-logo-1.png","width":512,"height":318,"caption":"Carlos Cantor"},"logo":{"@id":"https:\/\/biciurba.com\/#\/schema\/person\/image\/"},"sameAs":["https:\/\/biciurba.com"],"url":"https:\/\/biciurba.com\/index.php\/author\/ccantor\/"}]}},"_links":{"self":[{"href":"https:\/\/biciurba.com\/index.php\/wp-json\/wp\/v2\/posts\/773"}],"collection":[{"href":"https:\/\/biciurba.com\/index.php\/wp-json\/wp\/v2\/posts"}],"about":[{"href":"https:\/\/biciurba.com\/index.php\/wp-json\/wp\/v2\/types\/post"}],"author":[{"embeddable":true,"href":"https:\/\/biciurba.com\/index.php\/wp-json\/wp\/v2\/users\/1"}],"replies":[{"embeddable":true,"href":"https:\/\/biciurba.com\/index.php\/wp-json\/wp\/v2\/comments?post=773"}],"version-history":[{"count":4,"href":"https:\/\/biciurba.com\/index.php\/wp-json\/wp\/v2\/posts\/773\/revisions"}],"predecessor-version":[{"id":784,"href":"https:\/\/biciurba.com\/index.php\/wp-json\/wp\/v2\/posts\/773\/revisions\/784"}],"wp:featuredmedia":[{"embeddable":true,"href":"https:\/\/biciurba.com\/index.php\/wp-json\/wp\/v2\/media\/542"}],"wp:attachment":[{"href":"https:\/\/biciurba.com\/index.php\/wp-json\/wp\/v2\/media?parent=773"}],"wp:term":[{"taxonomy":"category","embeddable":true,"href":"https:\/\/biciurba.com\/index.php\/wp-json\/wp\/v2\/categories?post=773"},{"taxonomy":"post_tag","embeddable":true,"href":"https:\/\/biciurba.com\/index.php\/wp-json\/wp\/v2\/tags?post=773"}],"curies":[{"name":"wp","href":"https:\/\/api.w.org\/{rel}","templated":true}]}}