{"id":785,"date":"2024-07-05T14:12:43","date_gmt":"2024-07-05T19:12:43","guid":{"rendered":"https:\/\/biciurba.com\/?p=785"},"modified":"2024-07-05T14:12:45","modified_gmt":"2024-07-05T19:12:45","slug":"conversaciones-de-adultos-sobre-temas-fundamentales","status":"publish","type":"post","link":"https:\/\/biciurba.com\/index.php\/2024\/07\/05\/conversaciones-de-adultos-sobre-temas-fundamentales\/","title":{"rendered":"Conversaciones de adultos sobre temas fundamentales"},"content":{"rendered":"\n<p>Hace poco sostuvimos una conversaci\u00f3n con personas de la tercera edad. Profesionales con posgrados y reconocidos en su ejercicio profesional, algunos a\u00fan trabajando, la mayor\u00eda jubilados. A la pregunta \u00bfQu\u00e9 es lo que nos amarra a esta realidad que vivimos? Las reacciones variaron, algunos terminaron muy circunspectos, otros muy risue\u00f1os pero al final, se lograron estas l\u00edneas de respuestas. <\/p>\n\n\n\n<p>El tener. Desde peque\u00f1itos nos ense\u00f1an a tener. Eres due\u00f1o de tus juguetes que con los a\u00f1os van cambiando de tama\u00f1o. Del carrito de pl\u00e1stico al autom\u00f3vil del a\u00f1o, todo el tiempo es tener. De la casita de mu\u00f1ecas a la casa y ojal\u00e1 grande, c\u00f3moda, con jardines y en lugar apacible lejanos de im\u00e1genes de pobreza y precariedad. Junto a esto, nos ense\u00f1aron que la imagen que proyectas es fundamental, por eso el vestuario de moda es obligaci\u00f3n, que en el caso de las mujeres se vuelve un tema inagotable, que va m\u00e1s all\u00e1 de la ropa, al maquillaje y toda una parafernalia para estar en el est\u00e1ndar que se ha establecido de belleza occidental.<\/p>\n\n\n\n<p>La academia.  Otra lucha constante el tema escolar a todos los niveles. Aqu\u00ed la carrera es superlativa porque tienes que cumplir con estudios posgraduales que te garantizan un nivel de vida en concordancia. La realidad es que en muchos casos esto no sucede. En esa escolaridad permanente se te va la vida, horas de descanso, presupuestos y sue\u00f1os de triunfo. Ahora bien, si es el pasaporte para vivir en el extranjero, estudiar y si lo quiere buscar como quedarse a vivir all\u00ed. Si bien, los convocados disfrutaron sus posgrados, entienden que m\u00e1s all\u00e1 del hecho de estudiar, es un par\u00e1metro establecido y si no logras llegar m\u00ednimo a una maestr\u00eda ciertamente algunas puertas laborales no se abrir\u00e1n.<\/p>\n\n\n\n<p>Ahora bien, cuando eres empresario, el tema se complica. Ya no es tener la mejor hoja de vida posible, ahora te enfrentas a un mundo que no tiene piedad, la competencia de un mercado y la necesidad de investigar y desarrollar opciones a ese nicho que hoy en d\u00eda, en una econom\u00eda globalizada, debes luchar contra gigantes, especialmente asi\u00e1ticos. Algunos han logrado crecer y sostenerse, pero sienten que tanto esfuerzo, tiempo y salud no llegar\u00e1 m\u00e1s lejos porque  la mayor\u00eda de los \u00abherederos\u00bb viven en otras latitudes y por muchas razones. Sus vidas ya no la hacen en el pa\u00eds de sus padres.<\/p>\n\n\n\n<p>La familia. Para todos el esquema familiar es claro. Una esposa o esposo al que se unieron por amor y que se busc\u00f3 mantenerlo a\u00fan despu\u00e9s de m\u00e1s de cinco d\u00e9cadas juntos. Unos hijos, a los que siempre se busc\u00f3 darles \u00ablo que no tuvimos\u00bb, con las buenas o malas consecuencias de tanta satisfacci\u00f3n de necesidad y muchos caprichos. Algunos de nuestros convocados ya son abuelos, y otros no lo ser\u00e1n ante la negativa de sus hijos a tener familia, aunque prefieren tener una relaci\u00f3n con  alguien y no necesariamente bajo un sacramento, como lo hicieron ellos, definitivamente m\u00e1s mascotas y no descendencia humana.<\/p>\n\n\n\n<p>El prestigio y el poder. Entre todos concluyeron que estas dos realidades van juntas, y que cada una puede generar serios dolores de cabeza. Ambas, que realmente se mueven entre la soberbia y la avaricia, son motivantes para gastarse la vida en lograrlas, enmarcadas en el que hacer diario, en la profesi\u00f3n, la empresa, o en cargos que favorece que estas dos espinosas especies dominan nuestras acciones. En general el esquema cultural y social no invitan en todo momento a lograr nuestras metas, en el fondo m\u00e1s que nuestras, son las que nos han vendido.<\/p>\n\n\n\n<p>En d\u00f3nde est\u00e1 la felicidad. Todos encontraron que definitivamente no est\u00e1 en las cosas, primero se acaban, pasan de moda, pierden su utilidad, y ahora que consideramos la crisis clim\u00e1tica, se han dado cuenta del da\u00f1o originado con tanta contaminaci\u00f3n de cosas prescindibles, pero que en su momento era el motivo de atormentarnos la vida. Tambi\u00e9n se identificaron con el viajar y conocer mundo. A la final, cada viaje con el tiempo se ha convertido como en un sue\u00f1o, del que solo dan raz\u00f3n cierta las fotos y videos, igual es ef\u00edmero.<\/p>\n\n\n\n<p>Lo que s\u00ed identificaron como felicidad de verdad, el servicio a los dem\u00e1s, desinteresado, con la gratificaci\u00f3n de haber dado algo realmente importante, tiempo, conocimiento pr\u00e1ctico y abrir caminos para los menos favorecidos de la fortuna, entendida \u00e9sta m\u00e1s all\u00e1 de la dimensi\u00f3n del dinero. <\/p>\n\n\n\n<p>Desde peque\u00f1as a grandes iniciativas entendieron que eso si vale la pena hacerlo y que con el tiempo pudieron ver, que ese gesto de gratuidad y generosidad, la vida les respondi\u00f3 de formas m\u00e1s que generosas. Que el estar con otros y compartir sus realidades, les permiti\u00f3 entender para qu\u00e9 es la vida y que siempre, a\u00fan con resultados no tan deseados, sus acciones generosas le dieron sentido a su tiempo, sus conocimientos y el haber nacido en su pa\u00eds de origen.<\/p>\n\n\n\n<p>Coinciden en que el ego\u00edsmo, la avaricia, la envidia, el deseo de notoriedad por los supuestos logros del tener, tanto en cosas, formaci\u00f3n acad\u00e9mica, enturbian la existencia. Y en estos tiempos tan particulares, ven como el deseo de satisfacer el placer f\u00edsico, la inmediatez en todo, lo descartable que son las cosas, la locura ocasionada por drogas de todo tipo y la soledad e individualismo no son el camino cierto para ser felices. Entendieron que la existencia es muy corta, y que todo se sucede muy r\u00e1pido. <\/p>\n\n\n\n<p>Ahora, la mayor\u00eda, ya que est\u00e1n ajenos de lo que fue su etapa productiva y de logros, buscan la sencillez, donde el escenario urbano ya no es tan llamativo, especialmente por seguridad, orden y por la locura que encierra en ese correr diario como si se fuera a acabar el mundo ahora. Quieren dedicar su tiempo en el servicio hasta donde se pueda, vivir c\u00f3modos, con mesura, sin ostentar nada y disfrutar de la belleza del territorio rural. Un sue\u00f1o que pocos logran en realidad. Quieren tener salud para no molestar a los familiares o amigos, y no quieren estar solos.<\/p>\n\n\n\n<p>Se les pregunt\u00f3 \u00bfCu\u00e1l es el eje de las desilusiones humanas? Concuerdan con lo impuesto por una sociedad de consumo deshumanizada, donde solo importan los rendimientos econ\u00f3micos, a\u00fan destrozando la vida del planeta. Esa lucha por tener, que a la final no tienes nada, porque todo lo material se queda aqu\u00ed, en esta realidad. Esa agon\u00eda de la competencia por el \u00e9xito, es un esquema que nos priva de la felicidad verdadera. Ser sencillos, prestar un servicio social, agradecer y construir una mejor sociedad, entendida \u00e9sta desde lo m\u00e1s cercano: la familia que hemos conformado, si dan alegr\u00edas.<\/p>\n\n\n\n<p>Despu\u00e9s de esta conversaci\u00f3n coincidieron en que la soledad es un enemigo para la mente y el cuerpo. Que siempre es grato conversar, departir, sentirse parte de un grupo, ser \u00fatil sirviendo a los dem\u00e1s y sentir que la existencia si vali\u00f3 la pena. Todo lo dem\u00e1s sale sobrando porque nos aleja de la verdad y de la espiritualidad, que deber\u00edan ser los ejes fundamentales de esta transcurrir que llamamos existencia terrenal.<\/p>\n\n\n\n<p><\/p>\n\n\n\n<p><\/p>\n\n\n\n<p><\/p>\n","protected":false},"excerpt":{"rendered":"<p>Hace poco sostuvimos una conversaci\u00f3n con personas de la tercera edad. Profesionales con posgrados y reconocidos en su ejercicio profesional, algunos a\u00fan trabajando, la mayor\u00eda jubilados. A la pregunta \u00bfQu\u00e9 es lo que nos amarra a esta realidad que vivimos? Las reacciones variaron, algunos terminaron muy circunspectos, otros muy risue\u00f1os pero al final, se lograron [&hellip;]<\/p>\n","protected":false},"author":1,"featured_media":786,"comment_status":"open","ping_status":"open","sticky":false,"template":"","format":"standard","meta":{"footnotes":""},"categories":[50],"tags":[341,343,76,327,342],"class_list":["post-785","post","type-post","status-publish","format-standard","has-post-thumbnail","hentry","category-salud-y-bienestar","tag-familia","tag-sencillez-existencial","tag-sociedad-de-consumo","tag-tercera-edad","tag-vanidad-y-soberbia"],"yoast_head":"<!-- This site is optimized with the Yoast SEO plugin v23.9 - https:\/\/yoast.com\/wordpress\/plugins\/seo\/ -->\n<title>Conversaciones de adultos sobre temas fundamentales - Biciurba<\/title>\n<meta name=\"description\" content=\"\u00bfCuales son los motivos para vivir en esta realidad en la que existimos? Aqu\u00ed algunas respuestas desde la visi\u00f3n de la tercera edad.\" \/>\n<meta name=\"robots\" content=\"index, follow, max-snippet:-1, max-image-preview:large, max-video-preview:-1\" \/>\n<link rel=\"canonical\" href=\"https:\/\/biciurba.com\/index.php\/2024\/07\/05\/conversaciones-de-adultos-sobre-temas-fundamentales\/\" \/>\n<meta property=\"og:locale\" content=\"es_ES\" \/>\n<meta property=\"og:type\" content=\"article\" \/>\n<meta property=\"og:title\" content=\"Conversaciones de adultos sobre temas fundamentales - Biciurba\" \/>\n<meta property=\"og:description\" content=\"\u00bfCuales son los motivos para vivir en esta realidad en la que existimos? Aqu\u00ed algunas respuestas desde la visi\u00f3n de la tercera edad.\" \/>\n<meta property=\"og:url\" content=\"https:\/\/biciurba.com\/index.php\/2024\/07\/05\/conversaciones-de-adultos-sobre-temas-fundamentales\/\" \/>\n<meta property=\"og:site_name\" content=\"Biciurba\" \/>\n<meta property=\"article:published_time\" content=\"2024-07-05T19:12:43+00:00\" \/>\n<meta property=\"article:modified_time\" content=\"2024-07-05T19:12:45+00:00\" \/>\n<meta property=\"og:image\" content=\"https:\/\/biciurba.com\/wp-content\/uploads\/2024\/07\/tercera-edad.png\" \/>\n\t<meta property=\"og:image:width\" content=\"600\" \/>\n\t<meta property=\"og:image:height\" content=\"400\" \/>\n\t<meta property=\"og:image:type\" content=\"image\/png\" \/>\n<meta name=\"author\" content=\"Carlos Cantor\" \/>\n<meta name=\"twitter:card\" content=\"summary_large_image\" \/>\n<meta name=\"twitter:label1\" content=\"Escrito por\" \/>\n\t<meta name=\"twitter:data1\" content=\"Carlos Cantor\" \/>\n\t<meta name=\"twitter:label2\" content=\"Tiempo de lectura\" \/>\n\t<meta name=\"twitter:data2\" content=\"6 minutos\" \/>\n<script type=\"application\/ld+json\" class=\"yoast-schema-graph\">{\"@context\":\"https:\/\/schema.org\",\"@graph\":[{\"@type\":\"Article\",\"@id\":\"https:\/\/biciurba.com\/index.php\/2024\/07\/05\/conversaciones-de-adultos-sobre-temas-fundamentales\/#article\",\"isPartOf\":{\"@id\":\"https:\/\/biciurba.com\/index.php\/2024\/07\/05\/conversaciones-de-adultos-sobre-temas-fundamentales\/\"},\"author\":{\"name\":\"Carlos Cantor\",\"@id\":\"https:\/\/biciurba.com\/#\/schema\/person\/d9675ddf29ee982d268db0a3f239eced\"},\"headline\":\"Conversaciones de adultos sobre temas fundamentales\",\"datePublished\":\"2024-07-05T19:12:43+00:00\",\"dateModified\":\"2024-07-05T19:12:45+00:00\",\"mainEntityOfPage\":{\"@id\":\"https:\/\/biciurba.com\/index.php\/2024\/07\/05\/conversaciones-de-adultos-sobre-temas-fundamentales\/\"},\"wordCount\":1256,\"commentCount\":0,\"publisher\":{\"@id\":\"https:\/\/biciurba.com\/#\/schema\/person\/d9675ddf29ee982d268db0a3f239eced\"},\"image\":{\"@id\":\"https:\/\/biciurba.com\/index.php\/2024\/07\/05\/conversaciones-de-adultos-sobre-temas-fundamentales\/#primaryimage\"},\"thumbnailUrl\":\"https:\/\/biciurba.com\/wp-content\/uploads\/2024\/07\/tercera-edad.png\",\"keywords\":[\"Familia\",\"Sencillez existencial\",\"Sociedad de consumo\",\"Tercera edad\",\"Vanidad y soberbia\"],\"articleSection\":[\"Vida Buena\"],\"inLanguage\":\"es\",\"potentialAction\":[{\"@type\":\"CommentAction\",\"name\":\"Comment\",\"target\":[\"https:\/\/biciurba.com\/index.php\/2024\/07\/05\/conversaciones-de-adultos-sobre-temas-fundamentales\/#respond\"]}]},{\"@type\":\"WebPage\",\"@id\":\"https:\/\/biciurba.com\/index.php\/2024\/07\/05\/conversaciones-de-adultos-sobre-temas-fundamentales\/\",\"url\":\"https:\/\/biciurba.com\/index.php\/2024\/07\/05\/conversaciones-de-adultos-sobre-temas-fundamentales\/\",\"name\":\"Conversaciones de adultos sobre temas fundamentales - Biciurba\",\"isPartOf\":{\"@id\":\"https:\/\/biciurba.com\/#website\"},\"primaryImageOfPage\":{\"@id\":\"https:\/\/biciurba.com\/index.php\/2024\/07\/05\/conversaciones-de-adultos-sobre-temas-fundamentales\/#primaryimage\"},\"image\":{\"@id\":\"https:\/\/biciurba.com\/index.php\/2024\/07\/05\/conversaciones-de-adultos-sobre-temas-fundamentales\/#primaryimage\"},\"thumbnailUrl\":\"https:\/\/biciurba.com\/wp-content\/uploads\/2024\/07\/tercera-edad.png\",\"datePublished\":\"2024-07-05T19:12:43+00:00\",\"dateModified\":\"2024-07-05T19:12:45+00:00\",\"description\":\"\u00bfCuales son los motivos para vivir en esta realidad en la que existimos? Aqu\u00ed algunas respuestas desde la visi\u00f3n de la tercera edad.\",\"breadcrumb\":{\"@id\":\"https:\/\/biciurba.com\/index.php\/2024\/07\/05\/conversaciones-de-adultos-sobre-temas-fundamentales\/#breadcrumb\"},\"inLanguage\":\"es\",\"potentialAction\":[{\"@type\":\"ReadAction\",\"target\":[\"https:\/\/biciurba.com\/index.php\/2024\/07\/05\/conversaciones-de-adultos-sobre-temas-fundamentales\/\"]}]},{\"@type\":\"ImageObject\",\"inLanguage\":\"es\",\"@id\":\"https:\/\/biciurba.com\/index.php\/2024\/07\/05\/conversaciones-de-adultos-sobre-temas-fundamentales\/#primaryimage\",\"url\":\"https:\/\/biciurba.com\/wp-content\/uploads\/2024\/07\/tercera-edad.png\",\"contentUrl\":\"https:\/\/biciurba.com\/wp-content\/uploads\/2024\/07\/tercera-edad.png\",\"width\":600,\"height\":400,\"caption\":\"Foto de archivo, los protagonistas de esta historia prefieren el anonimato.\"},{\"@type\":\"BreadcrumbList\",\"@id\":\"https:\/\/biciurba.com\/index.php\/2024\/07\/05\/conversaciones-de-adultos-sobre-temas-fundamentales\/#breadcrumb\",\"itemListElement\":[{\"@type\":\"ListItem\",\"position\":1,\"name\":\"Portada\",\"item\":\"https:\/\/biciurba.com\/\"},{\"@type\":\"ListItem\",\"position\":2,\"name\":\"Conversaciones de adultos sobre temas fundamentales\"}]},{\"@type\":\"WebSite\",\"@id\":\"https:\/\/biciurba.com\/#website\",\"url\":\"https:\/\/biciurba.com\/\",\"name\":\"Biciurba\",\"description\":\"Una mejor manera de vivir\",\"publisher\":{\"@id\":\"https:\/\/biciurba.com\/#\/schema\/person\/d9675ddf29ee982d268db0a3f239eced\"},\"potentialAction\":[{\"@type\":\"SearchAction\",\"target\":{\"@type\":\"EntryPoint\",\"urlTemplate\":\"https:\/\/biciurba.com\/?s={search_term_string}\"},\"query-input\":{\"@type\":\"PropertyValueSpecification\",\"valueRequired\":true,\"valueName\":\"search_term_string\"}}],\"inLanguage\":\"es\"},{\"@type\":[\"Person\",\"Organization\"],\"@id\":\"https:\/\/biciurba.com\/#\/schema\/person\/d9675ddf29ee982d268db0a3f239eced\",\"name\":\"Carlos Cantor\",\"image\":{\"@type\":\"ImageObject\",\"inLanguage\":\"es\",\"@id\":\"https:\/\/biciurba.com\/#\/schema\/person\/image\/\",\"url\":\"https:\/\/biciurba.com\/wp-content\/uploads\/2024\/04\/cropped-logo-1.png\",\"contentUrl\":\"https:\/\/biciurba.com\/wp-content\/uploads\/2024\/04\/cropped-logo-1.png\",\"width\":512,\"height\":318,\"caption\":\"Carlos Cantor\"},\"logo\":{\"@id\":\"https:\/\/biciurba.com\/#\/schema\/person\/image\/\"},\"sameAs\":[\"https:\/\/biciurba.com\"],\"url\":\"https:\/\/biciurba.com\/index.php\/author\/ccantor\/\"}]}<\/script>\n<!-- \/ Yoast SEO plugin. -->","yoast_head_json":{"title":"Conversaciones de adultos sobre temas fundamentales - Biciurba","description":"\u00bfCuales son los motivos para vivir en esta realidad en la que existimos? Aqu\u00ed algunas respuestas desde la visi\u00f3n de la tercera edad.","robots":{"index":"index","follow":"follow","max-snippet":"max-snippet:-1","max-image-preview":"max-image-preview:large","max-video-preview":"max-video-preview:-1"},"canonical":"https:\/\/biciurba.com\/index.php\/2024\/07\/05\/conversaciones-de-adultos-sobre-temas-fundamentales\/","og_locale":"es_ES","og_type":"article","og_title":"Conversaciones de adultos sobre temas fundamentales - Biciurba","og_description":"\u00bfCuales son los motivos para vivir en esta realidad en la que existimos? Aqu\u00ed algunas respuestas desde la visi\u00f3n de la tercera edad.","og_url":"https:\/\/biciurba.com\/index.php\/2024\/07\/05\/conversaciones-de-adultos-sobre-temas-fundamentales\/","og_site_name":"Biciurba","article_published_time":"2024-07-05T19:12:43+00:00","article_modified_time":"2024-07-05T19:12:45+00:00","og_image":[{"width":600,"height":400,"url":"https:\/\/biciurba.com\/wp-content\/uploads\/2024\/07\/tercera-edad.png","type":"image\/png"}],"author":"Carlos Cantor","twitter_card":"summary_large_image","twitter_misc":{"Escrito por":"Carlos Cantor","Tiempo de lectura":"6 minutos"},"schema":{"@context":"https:\/\/schema.org","@graph":[{"@type":"Article","@id":"https:\/\/biciurba.com\/index.php\/2024\/07\/05\/conversaciones-de-adultos-sobre-temas-fundamentales\/#article","isPartOf":{"@id":"https:\/\/biciurba.com\/index.php\/2024\/07\/05\/conversaciones-de-adultos-sobre-temas-fundamentales\/"},"author":{"name":"Carlos Cantor","@id":"https:\/\/biciurba.com\/#\/schema\/person\/d9675ddf29ee982d268db0a3f239eced"},"headline":"Conversaciones de adultos sobre temas fundamentales","datePublished":"2024-07-05T19:12:43+00:00","dateModified":"2024-07-05T19:12:45+00:00","mainEntityOfPage":{"@id":"https:\/\/biciurba.com\/index.php\/2024\/07\/05\/conversaciones-de-adultos-sobre-temas-fundamentales\/"},"wordCount":1256,"commentCount":0,"publisher":{"@id":"https:\/\/biciurba.com\/#\/schema\/person\/d9675ddf29ee982d268db0a3f239eced"},"image":{"@id":"https:\/\/biciurba.com\/index.php\/2024\/07\/05\/conversaciones-de-adultos-sobre-temas-fundamentales\/#primaryimage"},"thumbnailUrl":"https:\/\/biciurba.com\/wp-content\/uploads\/2024\/07\/tercera-edad.png","keywords":["Familia","Sencillez existencial","Sociedad de consumo","Tercera edad","Vanidad y soberbia"],"articleSection":["Vida Buena"],"inLanguage":"es","potentialAction":[{"@type":"CommentAction","name":"Comment","target":["https:\/\/biciurba.com\/index.php\/2024\/07\/05\/conversaciones-de-adultos-sobre-temas-fundamentales\/#respond"]}]},{"@type":"WebPage","@id":"https:\/\/biciurba.com\/index.php\/2024\/07\/05\/conversaciones-de-adultos-sobre-temas-fundamentales\/","url":"https:\/\/biciurba.com\/index.php\/2024\/07\/05\/conversaciones-de-adultos-sobre-temas-fundamentales\/","name":"Conversaciones de adultos sobre temas fundamentales - Biciurba","isPartOf":{"@id":"https:\/\/biciurba.com\/#website"},"primaryImageOfPage":{"@id":"https:\/\/biciurba.com\/index.php\/2024\/07\/05\/conversaciones-de-adultos-sobre-temas-fundamentales\/#primaryimage"},"image":{"@id":"https:\/\/biciurba.com\/index.php\/2024\/07\/05\/conversaciones-de-adultos-sobre-temas-fundamentales\/#primaryimage"},"thumbnailUrl":"https:\/\/biciurba.com\/wp-content\/uploads\/2024\/07\/tercera-edad.png","datePublished":"2024-07-05T19:12:43+00:00","dateModified":"2024-07-05T19:12:45+00:00","description":"\u00bfCuales son los motivos para vivir en esta realidad en la que existimos? Aqu\u00ed algunas respuestas desde la visi\u00f3n de la tercera edad.","breadcrumb":{"@id":"https:\/\/biciurba.com\/index.php\/2024\/07\/05\/conversaciones-de-adultos-sobre-temas-fundamentales\/#breadcrumb"},"inLanguage":"es","potentialAction":[{"@type":"ReadAction","target":["https:\/\/biciurba.com\/index.php\/2024\/07\/05\/conversaciones-de-adultos-sobre-temas-fundamentales\/"]}]},{"@type":"ImageObject","inLanguage":"es","@id":"https:\/\/biciurba.com\/index.php\/2024\/07\/05\/conversaciones-de-adultos-sobre-temas-fundamentales\/#primaryimage","url":"https:\/\/biciurba.com\/wp-content\/uploads\/2024\/07\/tercera-edad.png","contentUrl":"https:\/\/biciurba.com\/wp-content\/uploads\/2024\/07\/tercera-edad.png","width":600,"height":400,"caption":"Foto de archivo, los protagonistas de esta historia prefieren el anonimato."},{"@type":"BreadcrumbList","@id":"https:\/\/biciurba.com\/index.php\/2024\/07\/05\/conversaciones-de-adultos-sobre-temas-fundamentales\/#breadcrumb","itemListElement":[{"@type":"ListItem","position":1,"name":"Portada","item":"https:\/\/biciurba.com\/"},{"@type":"ListItem","position":2,"name":"Conversaciones de adultos sobre temas fundamentales"}]},{"@type":"WebSite","@id":"https:\/\/biciurba.com\/#website","url":"https:\/\/biciurba.com\/","name":"Biciurba","description":"Una mejor manera de vivir","publisher":{"@id":"https:\/\/biciurba.com\/#\/schema\/person\/d9675ddf29ee982d268db0a3f239eced"},"potentialAction":[{"@type":"SearchAction","target":{"@type":"EntryPoint","urlTemplate":"https:\/\/biciurba.com\/?s={search_term_string}"},"query-input":{"@type":"PropertyValueSpecification","valueRequired":true,"valueName":"search_term_string"}}],"inLanguage":"es"},{"@type":["Person","Organization"],"@id":"https:\/\/biciurba.com\/#\/schema\/person\/d9675ddf29ee982d268db0a3f239eced","name":"Carlos Cantor","image":{"@type":"ImageObject","inLanguage":"es","@id":"https:\/\/biciurba.com\/#\/schema\/person\/image\/","url":"https:\/\/biciurba.com\/wp-content\/uploads\/2024\/04\/cropped-logo-1.png","contentUrl":"https:\/\/biciurba.com\/wp-content\/uploads\/2024\/04\/cropped-logo-1.png","width":512,"height":318,"caption":"Carlos Cantor"},"logo":{"@id":"https:\/\/biciurba.com\/#\/schema\/person\/image\/"},"sameAs":["https:\/\/biciurba.com"],"url":"https:\/\/biciurba.com\/index.php\/author\/ccantor\/"}]}},"_links":{"self":[{"href":"https:\/\/biciurba.com\/index.php\/wp-json\/wp\/v2\/posts\/785"}],"collection":[{"href":"https:\/\/biciurba.com\/index.php\/wp-json\/wp\/v2\/posts"}],"about":[{"href":"https:\/\/biciurba.com\/index.php\/wp-json\/wp\/v2\/types\/post"}],"author":[{"embeddable":true,"href":"https:\/\/biciurba.com\/index.php\/wp-json\/wp\/v2\/users\/1"}],"replies":[{"embeddable":true,"href":"https:\/\/biciurba.com\/index.php\/wp-json\/wp\/v2\/comments?post=785"}],"version-history":[{"count":1,"href":"https:\/\/biciurba.com\/index.php\/wp-json\/wp\/v2\/posts\/785\/revisions"}],"predecessor-version":[{"id":787,"href":"https:\/\/biciurba.com\/index.php\/wp-json\/wp\/v2\/posts\/785\/revisions\/787"}],"wp:featuredmedia":[{"embeddable":true,"href":"https:\/\/biciurba.com\/index.php\/wp-json\/wp\/v2\/media\/786"}],"wp:attachment":[{"href":"https:\/\/biciurba.com\/index.php\/wp-json\/wp\/v2\/media?parent=785"}],"wp:term":[{"taxonomy":"category","embeddable":true,"href":"https:\/\/biciurba.com\/index.php\/wp-json\/wp\/v2\/categories?post=785"},{"taxonomy":"post_tag","embeddable":true,"href":"https:\/\/biciurba.com\/index.php\/wp-json\/wp\/v2\/tags?post=785"}],"curies":[{"name":"wp","href":"https:\/\/api.w.org\/{rel}","templated":true}]}}