{"id":799,"date":"2024-07-09T14:47:09","date_gmt":"2024-07-09T19:47:09","guid":{"rendered":"https:\/\/biciurba.com\/?p=799"},"modified":"2024-07-10T06:50:44","modified_gmt":"2024-07-10T11:50:44","slug":"a-muchos-les-falta-el-termometro-social-de-saber-lo-que-viven-los-argentinos-de-a-pie-monsenor-jorge-garcia-cuerva","status":"publish","type":"post","link":"https:\/\/biciurba.com\/index.php\/2024\/07\/09\/a-muchos-les-falta-el-termometro-social-de-saber-lo-que-viven-los-argentinos-de-a-pie-monsenor-jorge-garcia-cuerva\/","title":{"rendered":"\u201cA muchos les falta el term\u00f3metro social de saber lo que viven los argentinos de a pie\u201d monse\u00f1or Jorge Garc\u00eda Cuerva"},"content":{"rendered":"\n<p>Son muchas realidades de angustia y pobreza que est\u00e1n sufriendo una inmensa poblaci\u00f3n de argentinos, de forma especial los dos extremos de la cuerda poblacional, los m\u00e1s j\u00f3venes y los viejos. No es la primera vez que esto sucede en el pa\u00eds del Sur, en su historia econ\u00f3mica se han vivido los extremos m\u00e1s recalcitrantes. De gobiernos  y ministros de hacienda que han hipotecado el patrimonio econ\u00f3mico y productivo, como aquellos que se han acercado un poco a lo que consideramos un pa\u00eds en justicia social y progreso.<\/p>\n\n\n\n<p>La apuesta de Javier Milei es cada vez m\u00e1s dolorosa, y solo la est\u00e1 iniciando. Para muchos es la apuesta que ya hicieron sus antecesores pol\u00edticos que encontraron en Inglaterra un supuesto socio, que a la verdad consideraban al granero de Am\u00e9rica un vasallo del imperio, con costos astron\u00f3micos de deuda externa y finalmente la p\u00e9rdida de las Islas malvinas.  En el siglo pasado no hay gobierno que se salve, porque fueron tiempos de fugas de capitales, del parasitismo financiero, desinflaci\u00f3n, hiperinflaci\u00f3n, planes extranjeros impuestos desde Europa o de los USA como el Plan Brady; el saqueo a la renta petrolera, default, deuda creciente con el FMI y corrupci\u00f3n al interior del gobierno de Buenos Aires y de todas las provincias. Sin contar los horrores sin nombre de las dictaduras.<\/p>\n\n\n\n<p>No basta entonces la riqueza natural del territorio, en alimentos, energ\u00e9ticos y ahora con el litio, pareciera que el destino del segundo pa\u00eds de sudam\u00e9rica en extensi\u00f3n, no cambia y tiende a agudizarse en la pobreza , a\u00fan despu\u00e9s de dejar el socialismo para entrar en las opciones de la derecha m\u00e1s recalcitrante. Y es el arzobispo de la Argentina,  monse\u00f1or Jorge Garc\u00eda Cuerva, durante la celebraci\u00f3n del tedeum por el 9 de julio,  quien advierte que \u201ca muchos les falta el term\u00f3metro social de saber lo que viven los argentinos de a pie\u201d y reclam\u00f3 por la unidad para sacar a la Argentina adelante.<\/p>\n\n\n\n<p>\u201cSe\u00f1or Jes\u00fas, muchos argentinos est\u00e1n haciendo un esfuerzo enorme, un esfuerzo que conmueve, un esfuerzo esperanzador. No permitas que lo cascoteemos con intereses mezquinos, con la voracidad del poder por el poder mismo, con conductas reprochables que s\u00f3lo demuestran que a muchos les falta el term\u00f3metro social de saber lo que viven los argentinos de a pie. No hipotequemos el futuro\u201d, y agreg\u00f3  que \u201cdemasiadas cosas ya hicimos mal en el pasado del que nadie se hace cargo, aunque el resultado es que en Argentina seis de cada diez chicos son pobres; ni\u00f1os con hambre revolviendo basura, chicos no escolarizados, o con una instrucci\u00f3n demasiado b\u00e1sica, no pudiendo leer de corrido o interpretar un texto\u201d, haciendo referencia al  Plan Nacional de Alfabetizaci\u00f3n,y  asegur\u00f3 que \u201cla educaci\u00f3n b\u00e1sica tiene que ser el primer objetivo de un plan de desarrollo, porque el hambre de instrucci\u00f3n no es menos deprimente que el hambre de alimentos: un analfabeto es un esp\u00edritu subalimentado\u201d.<\/p>\n\n\n\n<p>En el marco de la ceremonia religiosa del Tedeum, Garc\u00eda Cuerva ley\u00f3 un vers\u00edculo de la Biblia con la historia de un paral\u00edtico a quien cur\u00f3 y perdon\u00f3 sus pecados, y traz\u00f3 un paralelismo con la historia del pa\u00eds: \u201cLe presentaron a Jes\u00fas un paral\u00edtico tendido en una camilla; tantos hermanos paralizados hace a\u00f1os en su esperanza, tantos atravesados por el hambre, la soledad, y una justicia largamente esperada; tantos argentinos tendidos sobre una manta en el fr\u00edo de las veredas de las grandes ciudades del pa\u00eds; tantos postrados a consecuencia de la falta de solidaridad y el ego\u00edsmo. En definitiva, una Argentina que nos duele hace mucho, que se dice independiente hace 208 a\u00f1os, pero que a\u00fan hoy sufre las cadenas de diversas esclavitudes que no nos dejan caminar como pueblo hacia un desarrollo pleno y una mejor calidad de vida para todos\u201d.<\/p>\n\n\n\n<p>El arzobispo asegur\u00f3 que \u201cel gran objetivo\u201d de todos debe ser \u201cque Argentina se cure, que Argentina se ponga de pie, que Argentina camine, que Argentina se independice de las camillas que la tienen postrada, paralizada y enferma. Porque como dec\u00eda el Papa Francisco: hoy no hay tiempo para la indiferencia. No nos podemos lavar las manos con la distancia, con la prescindencia, con el menosprecio. O somos hermanos o se viene todo abajo\u201d.<\/p>\n\n\n\n<p>Asimismo, afirm\u00f3 que hay que \u201cinsistir una y mil veces en forjar la unidad entre los argentinos, m\u00e1s all\u00e1 de nuestras diferencias, porque para la cultura del encuentro no hay l\u00edmites, nadie es prescindible, nadie es descartable. Necesitamos aprender a reencontramos y reconocer que somos una comunidad; dejar de lado personalismos y generar consensos y acuerdos que permitan, a la creatividad y audacia, abrir nuevos caminos; es urgente entender que nos necesitamos, que somos hermanos, hijos de la misma Patria\u201d.<\/p>\n\n\n\n<p>A\u00fan falta mucho del actual gobierno, aunque los \u00edndices de inflaci\u00f3n y por ende del costo de la vida sigue aumentando, el nivel de desempleo y la migraci\u00f3n de j\u00f3venes y sus familias, enturbian a\u00fan m\u00e1s el panorama para una inmensa poblaci\u00f3n que se queda, en muchos casos, porque no hay otra opci\u00f3n. Es el retrato de pol\u00edticas econ\u00f3micas que se han desarrollado en la historia republicana argentina en beneficio de muy pocos, de los cuales con sus riquezas hacen a\u00f1orar la historia de un pa\u00eds rico, cosmopolita, de primer mundo, pero que  en realidad fueron de aquellos que se enriquecieron a costa de vender territorio, riqueza natural, y su alma al poder imperial de turno, tanto de ayer, como de hoy. <\/p>\n\n\n\n<p>Y como en los dem\u00e1s pa\u00edses del continente, pareciera que no pueden salir de su c\u00edrculo de horror, que conlleva miseria, explotaci\u00f3n y destrucci\u00f3n. Cada naci\u00f3n latinoamericana vive su realidad enmarcada en guerras internas, exclusi\u00f3n social, populismo, crimen y corrupci\u00f3n que no van de acuerdo a un territorio magn\u00edfico con todos los recursos necesarios para ser el mejor lugar para vivir. Pueden m\u00e1s los intereses particulares de unos pocos, tanto nacionales como internacionales, sobre el total de la poblaci\u00f3n.<\/p>\n","protected":false},"excerpt":{"rendered":"<p>Son muchas realidades de angustia y pobreza que est\u00e1n sufriendo una inmensa poblaci\u00f3n de argentinos, de forma especial los dos extremos de la cuerda poblacional, los m\u00e1s j\u00f3venes y los viejos. No es la primera vez que esto sucede en el pa\u00eds del Sur, en su historia econ\u00f3mica se han vivido los extremos m\u00e1s recalcitrantes. [&hellip;]<\/p>\n","protected":false},"author":1,"featured_media":800,"comment_status":"open","ping_status":"open","sticky":false,"template":"","format":"standard","meta":{"footnotes":""},"categories":[1],"tags":[344,345,348,347,349],"class_list":["post-799","post","type-post","status-publish","format-standard","has-post-thumbnail","hentry","category-blog","tag-argentina-pobre","tag-hambre","tag-milei","tag-miseria","tag-monsenor-jorge-garcia-cuerva"],"yoast_head":"<!-- This site is optimized with the Yoast SEO plugin v23.9 - https:\/\/yoast.com\/wordpress\/plugins\/seo\/ -->\n<title>\u201cA muchos les falta el term\u00f3metro social de saber lo que viven los argentinos de a pie\u201d monse\u00f1or Jorge Garc\u00eda Cuerva - Biciurba<\/title>\n<meta name=\"description\" content=\"El Arzobispo Primado record\u00f3 la miseria que vive una gran proporci\u00f3n de los ciudadanos. Una historia econ\u00f3mica que no cambia con los a\u00f1os.\" \/>\n<meta name=\"robots\" content=\"index, follow, max-snippet:-1, max-image-preview:large, max-video-preview:-1\" \/>\n<link rel=\"canonical\" href=\"https:\/\/biciurba.com\/index.php\/2024\/07\/09\/a-muchos-les-falta-el-termometro-social-de-saber-lo-que-viven-los-argentinos-de-a-pie-monsenor-jorge-garcia-cuerva\/\" \/>\n<meta property=\"og:locale\" content=\"es_ES\" \/>\n<meta property=\"og:type\" content=\"article\" \/>\n<meta property=\"og:title\" content=\"\u201cA muchos les falta el term\u00f3metro social de saber lo que viven los argentinos de a pie\u201d monse\u00f1or Jorge Garc\u00eda Cuerva - Biciurba\" \/>\n<meta property=\"og:description\" content=\"El Arzobispo Primado record\u00f3 la miseria que vive una gran proporci\u00f3n de los ciudadanos. Una historia econ\u00f3mica que no cambia con los a\u00f1os.\" \/>\n<meta property=\"og:url\" content=\"https:\/\/biciurba.com\/index.php\/2024\/07\/09\/a-muchos-les-falta-el-termometro-social-de-saber-lo-que-viven-los-argentinos-de-a-pie-monsenor-jorge-garcia-cuerva\/\" \/>\n<meta property=\"og:site_name\" content=\"Biciurba\" \/>\n<meta property=\"article:published_time\" content=\"2024-07-09T19:47:09+00:00\" \/>\n<meta property=\"article:modified_time\" content=\"2024-07-10T11:50:44+00:00\" \/>\n<meta property=\"og:image\" content=\"https:\/\/biciurba.com\/wp-content\/uploads\/2024\/07\/Tedeum-9-de-julio.png\" \/>\n\t<meta property=\"og:image:width\" content=\"600\" \/>\n\t<meta property=\"og:image:height\" content=\"400\" \/>\n\t<meta property=\"og:image:type\" content=\"image\/png\" \/>\n<meta name=\"author\" content=\"Carlos Cantor\" \/>\n<meta name=\"twitter:card\" content=\"summary_large_image\" \/>\n<meta name=\"twitter:label1\" content=\"Escrito por\" \/>\n\t<meta name=\"twitter:data1\" content=\"Carlos Cantor\" \/>\n\t<meta name=\"twitter:label2\" content=\"Tiempo de lectura\" \/>\n\t<meta name=\"twitter:data2\" content=\"5 minutos\" \/>\n<script type=\"application\/ld+json\" class=\"yoast-schema-graph\">{\"@context\":\"https:\/\/schema.org\",\"@graph\":[{\"@type\":\"Article\",\"@id\":\"https:\/\/biciurba.com\/index.php\/2024\/07\/09\/a-muchos-les-falta-el-termometro-social-de-saber-lo-que-viven-los-argentinos-de-a-pie-monsenor-jorge-garcia-cuerva\/#article\",\"isPartOf\":{\"@id\":\"https:\/\/biciurba.com\/index.php\/2024\/07\/09\/a-muchos-les-falta-el-termometro-social-de-saber-lo-que-viven-los-argentinos-de-a-pie-monsenor-jorge-garcia-cuerva\/\"},\"author\":{\"name\":\"Carlos Cantor\",\"@id\":\"https:\/\/biciurba.com\/#\/schema\/person\/d9675ddf29ee982d268db0a3f239eced\"},\"headline\":\"\u201cA muchos les falta el term\u00f3metro social de saber lo que viven los argentinos de a pie\u201d monse\u00f1or Jorge Garc\u00eda Cuerva\",\"datePublished\":\"2024-07-09T19:47:09+00:00\",\"dateModified\":\"2024-07-10T11:50:44+00:00\",\"mainEntityOfPage\":{\"@id\":\"https:\/\/biciurba.com\/index.php\/2024\/07\/09\/a-muchos-les-falta-el-termometro-social-de-saber-lo-que-viven-los-argentinos-de-a-pie-monsenor-jorge-garcia-cuerva\/\"},\"wordCount\":1081,\"commentCount\":0,\"publisher\":{\"@id\":\"https:\/\/biciurba.com\/#\/schema\/person\/d9675ddf29ee982d268db0a3f239eced\"},\"image\":{\"@id\":\"https:\/\/biciurba.com\/index.php\/2024\/07\/09\/a-muchos-les-falta-el-termometro-social-de-saber-lo-que-viven-los-argentinos-de-a-pie-monsenor-jorge-garcia-cuerva\/#primaryimage\"},\"thumbnailUrl\":\"https:\/\/biciurba.com\/wp-content\/uploads\/2024\/07\/Tedeum-9-de-julio.png\",\"keywords\":[\"Argentina pobre\",\"Hambre\",\"Milei\",\"miseria\",\"monse\u00f1or Jorge Garc\u00eda Cuerva\"],\"articleSection\":[\"Editorial\"],\"inLanguage\":\"es\",\"potentialAction\":[{\"@type\":\"CommentAction\",\"name\":\"Comment\",\"target\":[\"https:\/\/biciurba.com\/index.php\/2024\/07\/09\/a-muchos-les-falta-el-termometro-social-de-saber-lo-que-viven-los-argentinos-de-a-pie-monsenor-jorge-garcia-cuerva\/#respond\"]}]},{\"@type\":\"WebPage\",\"@id\":\"https:\/\/biciurba.com\/index.php\/2024\/07\/09\/a-muchos-les-falta-el-termometro-social-de-saber-lo-que-viven-los-argentinos-de-a-pie-monsenor-jorge-garcia-cuerva\/\",\"url\":\"https:\/\/biciurba.com\/index.php\/2024\/07\/09\/a-muchos-les-falta-el-termometro-social-de-saber-lo-que-viven-los-argentinos-de-a-pie-monsenor-jorge-garcia-cuerva\/\",\"name\":\"\u201cA muchos les falta el term\u00f3metro social de saber lo que viven los argentinos de a pie\u201d monse\u00f1or Jorge Garc\u00eda Cuerva - Biciurba\",\"isPartOf\":{\"@id\":\"https:\/\/biciurba.com\/#website\"},\"primaryImageOfPage\":{\"@id\":\"https:\/\/biciurba.com\/index.php\/2024\/07\/09\/a-muchos-les-falta-el-termometro-social-de-saber-lo-que-viven-los-argentinos-de-a-pie-monsenor-jorge-garcia-cuerva\/#primaryimage\"},\"image\":{\"@id\":\"https:\/\/biciurba.com\/index.php\/2024\/07\/09\/a-muchos-les-falta-el-termometro-social-de-saber-lo-que-viven-los-argentinos-de-a-pie-monsenor-jorge-garcia-cuerva\/#primaryimage\"},\"thumbnailUrl\":\"https:\/\/biciurba.com\/wp-content\/uploads\/2024\/07\/Tedeum-9-de-julio.png\",\"datePublished\":\"2024-07-09T19:47:09+00:00\",\"dateModified\":\"2024-07-10T11:50:44+00:00\",\"description\":\"El Arzobispo Primado record\u00f3 la miseria que vive una gran proporci\u00f3n de los ciudadanos. Una historia econ\u00f3mica que no cambia con los a\u00f1os.\",\"breadcrumb\":{\"@id\":\"https:\/\/biciurba.com\/index.php\/2024\/07\/09\/a-muchos-les-falta-el-termometro-social-de-saber-lo-que-viven-los-argentinos-de-a-pie-monsenor-jorge-garcia-cuerva\/#breadcrumb\"},\"inLanguage\":\"es\",\"potentialAction\":[{\"@type\":\"ReadAction\",\"target\":[\"https:\/\/biciurba.com\/index.php\/2024\/07\/09\/a-muchos-les-falta-el-termometro-social-de-saber-lo-que-viven-los-argentinos-de-a-pie-monsenor-jorge-garcia-cuerva\/\"]}]},{\"@type\":\"ImageObject\",\"inLanguage\":\"es\",\"@id\":\"https:\/\/biciurba.com\/index.php\/2024\/07\/09\/a-muchos-les-falta-el-termometro-social-de-saber-lo-que-viven-los-argentinos-de-a-pie-monsenor-jorge-garcia-cuerva\/#primaryimage\",\"url\":\"https:\/\/biciurba.com\/wp-content\/uploads\/2024\/07\/Tedeum-9-de-julio.png\",\"contentUrl\":\"https:\/\/biciurba.com\/wp-content\/uploads\/2024\/07\/Tedeum-9-de-julio.png\",\"width\":600,\"height\":400,\"caption\":\"Javier Milei particip\u00f3 en el Tedeum junto a Victoria Villarruel y su gabinete. La conmemoraci\u00f3n religiosa se desarroll\u00f3 en la Catedral Metropolitana y participaron el jefe de Estado y los ministros.\"},{\"@type\":\"BreadcrumbList\",\"@id\":\"https:\/\/biciurba.com\/index.php\/2024\/07\/09\/a-muchos-les-falta-el-termometro-social-de-saber-lo-que-viven-los-argentinos-de-a-pie-monsenor-jorge-garcia-cuerva\/#breadcrumb\",\"itemListElement\":[{\"@type\":\"ListItem\",\"position\":1,\"name\":\"Portada\",\"item\":\"https:\/\/biciurba.com\/\"},{\"@type\":\"ListItem\",\"position\":2,\"name\":\"\u201cA muchos les falta el term\u00f3metro social de saber lo que viven los argentinos de a pie\u201d monse\u00f1or Jorge Garc\u00eda Cuerva\"}]},{\"@type\":\"WebSite\",\"@id\":\"https:\/\/biciurba.com\/#website\",\"url\":\"https:\/\/biciurba.com\/\",\"name\":\"Biciurba\",\"description\":\"Una mejor manera de vivir\",\"publisher\":{\"@id\":\"https:\/\/biciurba.com\/#\/schema\/person\/d9675ddf29ee982d268db0a3f239eced\"},\"potentialAction\":[{\"@type\":\"SearchAction\",\"target\":{\"@type\":\"EntryPoint\",\"urlTemplate\":\"https:\/\/biciurba.com\/?s={search_term_string}\"},\"query-input\":{\"@type\":\"PropertyValueSpecification\",\"valueRequired\":true,\"valueName\":\"search_term_string\"}}],\"inLanguage\":\"es\"},{\"@type\":[\"Person\",\"Organization\"],\"@id\":\"https:\/\/biciurba.com\/#\/schema\/person\/d9675ddf29ee982d268db0a3f239eced\",\"name\":\"Carlos Cantor\",\"image\":{\"@type\":\"ImageObject\",\"inLanguage\":\"es\",\"@id\":\"https:\/\/biciurba.com\/#\/schema\/person\/image\/\",\"url\":\"https:\/\/biciurba.com\/wp-content\/uploads\/2024\/04\/cropped-logo-1.png\",\"contentUrl\":\"https:\/\/biciurba.com\/wp-content\/uploads\/2024\/04\/cropped-logo-1.png\",\"width\":512,\"height\":318,\"caption\":\"Carlos Cantor\"},\"logo\":{\"@id\":\"https:\/\/biciurba.com\/#\/schema\/person\/image\/\"},\"sameAs\":[\"https:\/\/biciurba.com\"],\"url\":\"https:\/\/biciurba.com\/index.php\/author\/ccantor\/\"}]}<\/script>\n<!-- \/ Yoast SEO plugin. -->","yoast_head_json":{"title":"\u201cA muchos les falta el term\u00f3metro social de saber lo que viven los argentinos de a pie\u201d monse\u00f1or Jorge Garc\u00eda Cuerva - Biciurba","description":"El Arzobispo Primado record\u00f3 la miseria que vive una gran proporci\u00f3n de los ciudadanos. Una historia econ\u00f3mica que no cambia con los a\u00f1os.","robots":{"index":"index","follow":"follow","max-snippet":"max-snippet:-1","max-image-preview":"max-image-preview:large","max-video-preview":"max-video-preview:-1"},"canonical":"https:\/\/biciurba.com\/index.php\/2024\/07\/09\/a-muchos-les-falta-el-termometro-social-de-saber-lo-que-viven-los-argentinos-de-a-pie-monsenor-jorge-garcia-cuerva\/","og_locale":"es_ES","og_type":"article","og_title":"\u201cA muchos les falta el term\u00f3metro social de saber lo que viven los argentinos de a pie\u201d monse\u00f1or Jorge Garc\u00eda Cuerva - Biciurba","og_description":"El Arzobispo Primado record\u00f3 la miseria que vive una gran proporci\u00f3n de los ciudadanos. Una historia econ\u00f3mica que no cambia con los a\u00f1os.","og_url":"https:\/\/biciurba.com\/index.php\/2024\/07\/09\/a-muchos-les-falta-el-termometro-social-de-saber-lo-que-viven-los-argentinos-de-a-pie-monsenor-jorge-garcia-cuerva\/","og_site_name":"Biciurba","article_published_time":"2024-07-09T19:47:09+00:00","article_modified_time":"2024-07-10T11:50:44+00:00","og_image":[{"width":600,"height":400,"url":"https:\/\/biciurba.com\/wp-content\/uploads\/2024\/07\/Tedeum-9-de-julio.png","type":"image\/png"}],"author":"Carlos Cantor","twitter_card":"summary_large_image","twitter_misc":{"Escrito por":"Carlos Cantor","Tiempo de lectura":"5 minutos"},"schema":{"@context":"https:\/\/schema.org","@graph":[{"@type":"Article","@id":"https:\/\/biciurba.com\/index.php\/2024\/07\/09\/a-muchos-les-falta-el-termometro-social-de-saber-lo-que-viven-los-argentinos-de-a-pie-monsenor-jorge-garcia-cuerva\/#article","isPartOf":{"@id":"https:\/\/biciurba.com\/index.php\/2024\/07\/09\/a-muchos-les-falta-el-termometro-social-de-saber-lo-que-viven-los-argentinos-de-a-pie-monsenor-jorge-garcia-cuerva\/"},"author":{"name":"Carlos Cantor","@id":"https:\/\/biciurba.com\/#\/schema\/person\/d9675ddf29ee982d268db0a3f239eced"},"headline":"\u201cA muchos les falta el term\u00f3metro social de saber lo que viven los argentinos de a pie\u201d monse\u00f1or Jorge Garc\u00eda Cuerva","datePublished":"2024-07-09T19:47:09+00:00","dateModified":"2024-07-10T11:50:44+00:00","mainEntityOfPage":{"@id":"https:\/\/biciurba.com\/index.php\/2024\/07\/09\/a-muchos-les-falta-el-termometro-social-de-saber-lo-que-viven-los-argentinos-de-a-pie-monsenor-jorge-garcia-cuerva\/"},"wordCount":1081,"commentCount":0,"publisher":{"@id":"https:\/\/biciurba.com\/#\/schema\/person\/d9675ddf29ee982d268db0a3f239eced"},"image":{"@id":"https:\/\/biciurba.com\/index.php\/2024\/07\/09\/a-muchos-les-falta-el-termometro-social-de-saber-lo-que-viven-los-argentinos-de-a-pie-monsenor-jorge-garcia-cuerva\/#primaryimage"},"thumbnailUrl":"https:\/\/biciurba.com\/wp-content\/uploads\/2024\/07\/Tedeum-9-de-julio.png","keywords":["Argentina pobre","Hambre","Milei","miseria","monse\u00f1or Jorge Garc\u00eda Cuerva"],"articleSection":["Editorial"],"inLanguage":"es","potentialAction":[{"@type":"CommentAction","name":"Comment","target":["https:\/\/biciurba.com\/index.php\/2024\/07\/09\/a-muchos-les-falta-el-termometro-social-de-saber-lo-que-viven-los-argentinos-de-a-pie-monsenor-jorge-garcia-cuerva\/#respond"]}]},{"@type":"WebPage","@id":"https:\/\/biciurba.com\/index.php\/2024\/07\/09\/a-muchos-les-falta-el-termometro-social-de-saber-lo-que-viven-los-argentinos-de-a-pie-monsenor-jorge-garcia-cuerva\/","url":"https:\/\/biciurba.com\/index.php\/2024\/07\/09\/a-muchos-les-falta-el-termometro-social-de-saber-lo-que-viven-los-argentinos-de-a-pie-monsenor-jorge-garcia-cuerva\/","name":"\u201cA muchos les falta el term\u00f3metro social de saber lo que viven los argentinos de a pie\u201d monse\u00f1or Jorge Garc\u00eda Cuerva - Biciurba","isPartOf":{"@id":"https:\/\/biciurba.com\/#website"},"primaryImageOfPage":{"@id":"https:\/\/biciurba.com\/index.php\/2024\/07\/09\/a-muchos-les-falta-el-termometro-social-de-saber-lo-que-viven-los-argentinos-de-a-pie-monsenor-jorge-garcia-cuerva\/#primaryimage"},"image":{"@id":"https:\/\/biciurba.com\/index.php\/2024\/07\/09\/a-muchos-les-falta-el-termometro-social-de-saber-lo-que-viven-los-argentinos-de-a-pie-monsenor-jorge-garcia-cuerva\/#primaryimage"},"thumbnailUrl":"https:\/\/biciurba.com\/wp-content\/uploads\/2024\/07\/Tedeum-9-de-julio.png","datePublished":"2024-07-09T19:47:09+00:00","dateModified":"2024-07-10T11:50:44+00:00","description":"El Arzobispo Primado record\u00f3 la miseria que vive una gran proporci\u00f3n de los ciudadanos. Una historia econ\u00f3mica que no cambia con los a\u00f1os.","breadcrumb":{"@id":"https:\/\/biciurba.com\/index.php\/2024\/07\/09\/a-muchos-les-falta-el-termometro-social-de-saber-lo-que-viven-los-argentinos-de-a-pie-monsenor-jorge-garcia-cuerva\/#breadcrumb"},"inLanguage":"es","potentialAction":[{"@type":"ReadAction","target":["https:\/\/biciurba.com\/index.php\/2024\/07\/09\/a-muchos-les-falta-el-termometro-social-de-saber-lo-que-viven-los-argentinos-de-a-pie-monsenor-jorge-garcia-cuerva\/"]}]},{"@type":"ImageObject","inLanguage":"es","@id":"https:\/\/biciurba.com\/index.php\/2024\/07\/09\/a-muchos-les-falta-el-termometro-social-de-saber-lo-que-viven-los-argentinos-de-a-pie-monsenor-jorge-garcia-cuerva\/#primaryimage","url":"https:\/\/biciurba.com\/wp-content\/uploads\/2024\/07\/Tedeum-9-de-julio.png","contentUrl":"https:\/\/biciurba.com\/wp-content\/uploads\/2024\/07\/Tedeum-9-de-julio.png","width":600,"height":400,"caption":"Javier Milei particip\u00f3 en el Tedeum junto a Victoria Villarruel y su gabinete. La conmemoraci\u00f3n religiosa se desarroll\u00f3 en la Catedral Metropolitana y participaron el jefe de Estado y los ministros."},{"@type":"BreadcrumbList","@id":"https:\/\/biciurba.com\/index.php\/2024\/07\/09\/a-muchos-les-falta-el-termometro-social-de-saber-lo-que-viven-los-argentinos-de-a-pie-monsenor-jorge-garcia-cuerva\/#breadcrumb","itemListElement":[{"@type":"ListItem","position":1,"name":"Portada","item":"https:\/\/biciurba.com\/"},{"@type":"ListItem","position":2,"name":"\u201cA muchos les falta el term\u00f3metro social de saber lo que viven los argentinos de a pie\u201d monse\u00f1or Jorge Garc\u00eda Cuerva"}]},{"@type":"WebSite","@id":"https:\/\/biciurba.com\/#website","url":"https:\/\/biciurba.com\/","name":"Biciurba","description":"Una mejor manera de vivir","publisher":{"@id":"https:\/\/biciurba.com\/#\/schema\/person\/d9675ddf29ee982d268db0a3f239eced"},"potentialAction":[{"@type":"SearchAction","target":{"@type":"EntryPoint","urlTemplate":"https:\/\/biciurba.com\/?s={search_term_string}"},"query-input":{"@type":"PropertyValueSpecification","valueRequired":true,"valueName":"search_term_string"}}],"inLanguage":"es"},{"@type":["Person","Organization"],"@id":"https:\/\/biciurba.com\/#\/schema\/person\/d9675ddf29ee982d268db0a3f239eced","name":"Carlos Cantor","image":{"@type":"ImageObject","inLanguage":"es","@id":"https:\/\/biciurba.com\/#\/schema\/person\/image\/","url":"https:\/\/biciurba.com\/wp-content\/uploads\/2024\/04\/cropped-logo-1.png","contentUrl":"https:\/\/biciurba.com\/wp-content\/uploads\/2024\/04\/cropped-logo-1.png","width":512,"height":318,"caption":"Carlos Cantor"},"logo":{"@id":"https:\/\/biciurba.com\/#\/schema\/person\/image\/"},"sameAs":["https:\/\/biciurba.com"],"url":"https:\/\/biciurba.com\/index.php\/author\/ccantor\/"}]}},"_links":{"self":[{"href":"https:\/\/biciurba.com\/index.php\/wp-json\/wp\/v2\/posts\/799"}],"collection":[{"href":"https:\/\/biciurba.com\/index.php\/wp-json\/wp\/v2\/posts"}],"about":[{"href":"https:\/\/biciurba.com\/index.php\/wp-json\/wp\/v2\/types\/post"}],"author":[{"embeddable":true,"href":"https:\/\/biciurba.com\/index.php\/wp-json\/wp\/v2\/users\/1"}],"replies":[{"embeddable":true,"href":"https:\/\/biciurba.com\/index.php\/wp-json\/wp\/v2\/comments?post=799"}],"version-history":[{"count":1,"href":"https:\/\/biciurba.com\/index.php\/wp-json\/wp\/v2\/posts\/799\/revisions"}],"predecessor-version":[{"id":801,"href":"https:\/\/biciurba.com\/index.php\/wp-json\/wp\/v2\/posts\/799\/revisions\/801"}],"wp:featuredmedia":[{"embeddable":true,"href":"https:\/\/biciurba.com\/index.php\/wp-json\/wp\/v2\/media\/800"}],"wp:attachment":[{"href":"https:\/\/biciurba.com\/index.php\/wp-json\/wp\/v2\/media?parent=799"}],"wp:term":[{"taxonomy":"category","embeddable":true,"href":"https:\/\/biciurba.com\/index.php\/wp-json\/wp\/v2\/categories?post=799"},{"taxonomy":"post_tag","embeddable":true,"href":"https:\/\/biciurba.com\/index.php\/wp-json\/wp\/v2\/tags?post=799"}],"curies":[{"name":"wp","href":"https:\/\/api.w.org\/{rel}","templated":true}]}}