{"id":867,"date":"2024-07-26T17:35:32","date_gmt":"2024-07-26T22:35:32","guid":{"rendered":"https:\/\/biciurba.com\/?p=867"},"modified":"2024-07-26T17:35:33","modified_gmt":"2024-07-26T22:35:33","slug":"una-fiesta-maravillosa-en-paris","status":"publish","type":"post","link":"https:\/\/biciurba.com\/index.php\/2024\/07\/26\/una-fiesta-maravillosa-en-paris\/","title":{"rendered":"Una fiesta maravillosa en Par\u00eds"},"content":{"rendered":"\n<p>El r\u00edo, los iconos de la ciudad, las delegaciones de atletas del mundo, la danza, la m\u00fasica, los techos y cada escenario que se mont\u00f3 en el recorrido del Sena, fue un viaje por la historia de esta ciudad que se ofrece al mundo con los Juegos Ol\u00edmpicos de verano 2024.<\/p>\n\n\n\n<p>A trav\u00e9s del arte nos mostraron las riquezas culturales de una Francia siempre abierta a los cambios y de forma especial al reconocimiento de los derechos, la inclusi\u00f3n, la equidad entre los habitantes del planeta. Si bien es cierto estas justas son la fiesta que todos esperamos, para escapar de las noticias diarias de guerras, mezquindades, ego\u00edsmos y toda esa cantidad de acciones que nos apartan de lo que realmente nos identifica como seres humanos, los galos rompieron con todas las tradicionales inauguraciones en los estadios ol\u00edmpicos.<\/p>\n\n\n\n<p>El humanismo fue el protagonista de esta inusual ceremonia de inauguraci\u00f3n, que quiz\u00e1s para los m\u00e1s tradicionales, que esperaban el estadio repleto, les pareci\u00f3 larga, algo m\u00e1s de cuatro horas, dificil de seguir si estaba desconectado de una pantalla, pero gracias a la televisi\u00f3n se logra cohesionar el montaje de toda una obra de arte, muy a lo franc\u00e9s, rica en humor, que comienza con un Zinedine Zidane varado en el tren que lleva la llama ol\u00edmpica y que finalmente las recogen tres chicos sin nada en particular y comienza la aventura de la llama. Mientras los equipos ol\u00edmpicos avanzaban por el r\u00edo Sena, una figura misteriosa, encapuchada y enmascarada, trazaba su propio camino a trav\u00e9s de los tejados escalonados de Par\u00eds.  Hasta estuvieron los Minions, literalmente estallando de risa y haciendo burbujas de risotadas, cuando sorpresivamente aparece la Mona Lisa en las aguas del r\u00edo.<\/p>\n\n\n<div class=\"wp-block-image\">\n<figure class=\"aligncenter size-full\"><img loading=\"lazy\" decoding=\"async\" width=\"600\" height=\"400\" src=\"https:\/\/biciurba.com\/wp-content\/uploads\/2024\/07\/Minions-olimpicos.png\" alt=\"\" class=\"wp-image-869\" srcset=\"https:\/\/biciurba.com\/wp-content\/uploads\/2024\/07\/Minions-olimpicos.png 600w, https:\/\/biciurba.com\/wp-content\/uploads\/2024\/07\/Minions-olimpicos-300x200.png 300w\" sizes=\"(max-width: 600px) 100vw, 600px\" \/><figcaption class=\"wp-element-caption\">Sorpresa amarilla, los Minions, esos diminutos ingenuos y torpes que buscan un verdadero villano al que servir y, esta vez, en pro de los deportistas ol\u00edmpicos.<\/figcaption><\/figure><\/div>\n\n\n<p>Se record\u00f3 la moda, esa otra industria cultural que mueve la econom\u00eda , el turismo, s\u00edmbolos magn\u00edficos como la Catedral de Notre Dame y su reconstrucci\u00f3n. Las canciones interpretadas por Lady Gaga y un cierre absolutamente emocionante con una canci\u00f3n que es Par\u00eds: Hymne \u00e0 l\u2019amour, el c\u00e9lebre tema de \u00c9dith Piaf, interpretada por la canadiense C\u00e9line Dion. <\/p>\n\n\n\n<p>La Marsellesa reson\u00f3 desde la azotea del Grand Palais de Par\u00eds interpretada por la mezzosoprano francesa Axelle Saint-Cirel, bajo un cielo lluvioso y nos muestra la presencia afro en este pa\u00eds europeo, aportando arte, cultura y demostrando que la integraci\u00f3n de los migrantes es m\u00e1s provechosa si se hace bien y sin ego\u00edsmos. <\/p>\n\n\n\n<p>Y si de tecnolog\u00eda se trata, pues un caballo mec\u00e1nico llev\u00f3 a una jinete por el r\u00edo hasta cercan\u00edas de la Torre Eiffel para continuar con la ceremonia de apertura de los juegos. Ahora bien, el colonialismo franc\u00e9s fue recordado por un pa\u00eds que lo ha vivido duramente, Argelia. Los atletas argelinos llevaron rosas rojas en su barco  y luego las arrojaron al r\u00edo para honrar a las v\u00edctimas de la represi\u00f3n policial de 1961 contra los manifestantes argelinos en Par\u00eds. Los historiadores dicen que unos 120 manifestantes murieron y 12.000 fueron arrestados mientras se manifestaban en apoyo de la independencia de Francia, el entonces gobernante colonial de Argelia. Argelia obtuvo su independencia en 1962 despu\u00e9s de una larga guerra.<\/p>\n\n\n\n<p>El director art\u00edstico Thomas Jolly, un artista franc\u00e9s acostumbrado a los grandes montajes, realmente nos sorprendi\u00f3 por la dimensi\u00f3n del escenario, la ciudad de Par\u00eds y su r\u00edo, por la cantidad de historias que se contaron y la forma de representarlas, y porque en todo momento nos record\u00f3 lo que son los juegos ol\u00edmpicos, una cita de humanidad, generosidad y valor, matizado con los fundamentos de la sociedad francesa.<\/p>\n\n\n\n<p>La llama ol\u00edmpica se elev\u00f3 sobre Par\u00eds en un pebetero flotante encendido por los atletas franceses Marie-Jos\u00e9 P\u00e9rec y Teddy Riner. Por ahora ese globo, permanecer\u00e1 por el tiempo de los juegos, record\u00e1ndonos que podemos vivir juntos, colaborando, dando lo mejor de s\u00ed, sin quitarle al otro, obrando limpiamente y que m\u00e1s all\u00e1 de ganar, es participar con honor y valent\u00eda.<\/p>\n\n\n<div class=\"wp-block-image\">\n<figure class=\"aligncenter size-full\"><img loading=\"lazy\" decoding=\"async\" width=\"600\" height=\"400\" src=\"https:\/\/biciurba.com\/wp-content\/uploads\/2024\/07\/llama-olimpica.png\" alt=\"\" class=\"wp-image-870\" srcset=\"https:\/\/biciurba.com\/wp-content\/uploads\/2024\/07\/llama-olimpica.png 600w, https:\/\/biciurba.com\/wp-content\/uploads\/2024\/07\/llama-olimpica-300x200.png 300w\" sizes=\"(max-width: 600px) 100vw, 600px\" \/><figcaption class=\"wp-element-caption\">Los franceses Marie Jos\u00e9 P\u00e9recy Teddy Riner encienden el pebetero ol\u00edmpico en la zona de las Tuller\u00edas cerca de la Plaza de la Concordia, el cual se eleva en un enorme globo aerost\u00e1tico, y se queda suspendido en el aire.<\/figcaption><\/figure><\/div>\n\n\n<p><\/p>\n\n\n\n<p><\/p>\n","protected":false},"excerpt":{"rendered":"<p>El r\u00edo, los iconos de la ciudad, las delegaciones de atletas del mundo, la danza, la m\u00fasica, los techos y cada escenario que se mont\u00f3 en el recorrido del Sena, fue un viaje por la historia de esta ciudad que se ofrece al mundo con los Juegos Ol\u00edmpicos de verano 2024. A trav\u00e9s del arte [&hellip;]<\/p>\n","protected":false},"author":1,"featured_media":868,"comment_status":"open","ping_status":"open","sticky":false,"template":"","format":"standard","meta":{"footnotes":""},"categories":[50],"tags":[372,370,371,369],"class_list":["post-867","post","type-post","status-publish","format-standard","has-post-thumbnail","hentry","category-salud-y-bienestar","tag-deporte","tag-deporte-olimpico","tag-francia-2024","tag-olimpicos-2024"],"yoast_head":"<!-- This site is optimized with the Yoast SEO plugin v23.9 - https:\/\/yoast.com\/wordpress\/plugins\/seo\/ -->\n<title>Una fiesta maravillosa en Par\u00eds - Biciurba<\/title>\n<meta name=\"robots\" content=\"index, follow, max-snippet:-1, max-image-preview:large, max-video-preview:-1\" \/>\n<link rel=\"canonical\" href=\"https:\/\/biciurba.com\/index.php\/2024\/07\/26\/una-fiesta-maravillosa-en-paris\/\" \/>\n<meta property=\"og:locale\" content=\"es_ES\" \/>\n<meta property=\"og:type\" content=\"article\" \/>\n<meta property=\"og:title\" content=\"Una fiesta maravillosa en Par\u00eds - Biciurba\" \/>\n<meta property=\"og:description\" content=\"El r\u00edo, los iconos de la ciudad, las delegaciones de atletas del mundo, la danza, la m\u00fasica, los techos y cada escenario que se mont\u00f3 en el recorrido del Sena, fue un viaje por la historia de esta ciudad que se ofrece al mundo con los Juegos Ol\u00edmpicos de verano 2024. A trav\u00e9s del arte [&hellip;]\" \/>\n<meta property=\"og:url\" content=\"https:\/\/biciurba.com\/index.php\/2024\/07\/26\/una-fiesta-maravillosa-en-paris\/\" \/>\n<meta property=\"og:site_name\" content=\"Biciurba\" \/>\n<meta property=\"article:published_time\" content=\"2024-07-26T22:35:32+00:00\" \/>\n<meta property=\"article:modified_time\" content=\"2024-07-26T22:35:33+00:00\" \/>\n<meta property=\"og:image\" content=\"https:\/\/biciurba.com\/wp-content\/uploads\/2024\/07\/La-marsellesa.png\" \/>\n\t<meta property=\"og:image:width\" content=\"600\" \/>\n\t<meta property=\"og:image:height\" content=\"400\" \/>\n\t<meta property=\"og:image:type\" content=\"image\/png\" \/>\n<meta name=\"author\" content=\"Carlos Cantor\" \/>\n<meta name=\"twitter:card\" content=\"summary_large_image\" \/>\n<meta name=\"twitter:label1\" content=\"Escrito por\" \/>\n\t<meta name=\"twitter:data1\" content=\"Carlos Cantor\" \/>\n\t<meta name=\"twitter:label2\" content=\"Tiempo de lectura\" \/>\n\t<meta name=\"twitter:data2\" content=\"4 minutos\" \/>\n<script type=\"application\/ld+json\" class=\"yoast-schema-graph\">{\"@context\":\"https:\/\/schema.org\",\"@graph\":[{\"@type\":\"Article\",\"@id\":\"https:\/\/biciurba.com\/index.php\/2024\/07\/26\/una-fiesta-maravillosa-en-paris\/#article\",\"isPartOf\":{\"@id\":\"https:\/\/biciurba.com\/index.php\/2024\/07\/26\/una-fiesta-maravillosa-en-paris\/\"},\"author\":{\"name\":\"Carlos Cantor\",\"@id\":\"https:\/\/biciurba.com\/#\/schema\/person\/d9675ddf29ee982d268db0a3f239eced\"},\"headline\":\"Una fiesta maravillosa en Par\u00eds\",\"datePublished\":\"2024-07-26T22:35:32+00:00\",\"dateModified\":\"2024-07-26T22:35:33+00:00\",\"mainEntityOfPage\":{\"@id\":\"https:\/\/biciurba.com\/index.php\/2024\/07\/26\/una-fiesta-maravillosa-en-paris\/\"},\"wordCount\":771,\"commentCount\":1,\"publisher\":{\"@id\":\"https:\/\/biciurba.com\/#\/schema\/person\/d9675ddf29ee982d268db0a3f239eced\"},\"image\":{\"@id\":\"https:\/\/biciurba.com\/index.php\/2024\/07\/26\/una-fiesta-maravillosa-en-paris\/#primaryimage\"},\"thumbnailUrl\":\"https:\/\/biciurba.com\/wp-content\/uploads\/2024\/07\/La-marsellesa.png\",\"keywords\":[\"Deporte\",\"Deporte ol\u00edmpico\",\"Francia 2024\",\"Ol\u00edmpicos 2024\"],\"articleSection\":[\"Vida Buena\"],\"inLanguage\":\"es\",\"potentialAction\":[{\"@type\":\"CommentAction\",\"name\":\"Comment\",\"target\":[\"https:\/\/biciurba.com\/index.php\/2024\/07\/26\/una-fiesta-maravillosa-en-paris\/#respond\"]}]},{\"@type\":\"WebPage\",\"@id\":\"https:\/\/biciurba.com\/index.php\/2024\/07\/26\/una-fiesta-maravillosa-en-paris\/\",\"url\":\"https:\/\/biciurba.com\/index.php\/2024\/07\/26\/una-fiesta-maravillosa-en-paris\/\",\"name\":\"Una fiesta maravillosa en Par\u00eds - Biciurba\",\"isPartOf\":{\"@id\":\"https:\/\/biciurba.com\/#website\"},\"primaryImageOfPage\":{\"@id\":\"https:\/\/biciurba.com\/index.php\/2024\/07\/26\/una-fiesta-maravillosa-en-paris\/#primaryimage\"},\"image\":{\"@id\":\"https:\/\/biciurba.com\/index.php\/2024\/07\/26\/una-fiesta-maravillosa-en-paris\/#primaryimage\"},\"thumbnailUrl\":\"https:\/\/biciurba.com\/wp-content\/uploads\/2024\/07\/La-marsellesa.png\",\"datePublished\":\"2024-07-26T22:35:32+00:00\",\"dateModified\":\"2024-07-26T22:35:33+00:00\",\"breadcrumb\":{\"@id\":\"https:\/\/biciurba.com\/index.php\/2024\/07\/26\/una-fiesta-maravillosa-en-paris\/#breadcrumb\"},\"inLanguage\":\"es\",\"potentialAction\":[{\"@type\":\"ReadAction\",\"target\":[\"https:\/\/biciurba.com\/index.php\/2024\/07\/26\/una-fiesta-maravillosa-en-paris\/\"]}]},{\"@type\":\"ImageObject\",\"inLanguage\":\"es\",\"@id\":\"https:\/\/biciurba.com\/index.php\/2024\/07\/26\/una-fiesta-maravillosa-en-paris\/#primaryimage\",\"url\":\"https:\/\/biciurba.com\/wp-content\/uploads\/2024\/07\/La-marsellesa.png\",\"contentUrl\":\"https:\/\/biciurba.com\/wp-content\/uploads\/2024\/07\/La-marsellesa.png\",\"width\":600,\"height\":400,\"caption\":\"La ceremonia de apertura de los Juegos Ol\u00edmpicos de Par\u00eds 2024 comenz\u00f3 a las 19:30 horas con un desfile flotante que llev\u00f3 a casi 7.000 atletas de todo el mundo por el r\u00edo Sena y pas\u00f3 por los lugares m\u00e1s famosos de la capital francesa. La ceremonia dur\u00f3 aproximadamente tres horas y 45 minutos .\"},{\"@type\":\"BreadcrumbList\",\"@id\":\"https:\/\/biciurba.com\/index.php\/2024\/07\/26\/una-fiesta-maravillosa-en-paris\/#breadcrumb\",\"itemListElement\":[{\"@type\":\"ListItem\",\"position\":1,\"name\":\"Portada\",\"item\":\"https:\/\/biciurba.com\/\"},{\"@type\":\"ListItem\",\"position\":2,\"name\":\"Una fiesta maravillosa en Par\u00eds\"}]},{\"@type\":\"WebSite\",\"@id\":\"https:\/\/biciurba.com\/#website\",\"url\":\"https:\/\/biciurba.com\/\",\"name\":\"Biciurba\",\"description\":\"Una mejor manera de vivir\",\"publisher\":{\"@id\":\"https:\/\/biciurba.com\/#\/schema\/person\/d9675ddf29ee982d268db0a3f239eced\"},\"potentialAction\":[{\"@type\":\"SearchAction\",\"target\":{\"@type\":\"EntryPoint\",\"urlTemplate\":\"https:\/\/biciurba.com\/?s={search_term_string}\"},\"query-input\":{\"@type\":\"PropertyValueSpecification\",\"valueRequired\":true,\"valueName\":\"search_term_string\"}}],\"inLanguage\":\"es\"},{\"@type\":[\"Person\",\"Organization\"],\"@id\":\"https:\/\/biciurba.com\/#\/schema\/person\/d9675ddf29ee982d268db0a3f239eced\",\"name\":\"Carlos Cantor\",\"image\":{\"@type\":\"ImageObject\",\"inLanguage\":\"es\",\"@id\":\"https:\/\/biciurba.com\/#\/schema\/person\/image\/\",\"url\":\"https:\/\/biciurba.com\/wp-content\/uploads\/2024\/04\/cropped-logo-1.png\",\"contentUrl\":\"https:\/\/biciurba.com\/wp-content\/uploads\/2024\/04\/cropped-logo-1.png\",\"width\":512,\"height\":318,\"caption\":\"Carlos Cantor\"},\"logo\":{\"@id\":\"https:\/\/biciurba.com\/#\/schema\/person\/image\/\"},\"sameAs\":[\"https:\/\/biciurba.com\"],\"url\":\"https:\/\/biciurba.com\/index.php\/author\/ccantor\/\"}]}<\/script>\n<!-- \/ Yoast SEO plugin. -->","yoast_head_json":{"title":"Una fiesta maravillosa en Par\u00eds - Biciurba","robots":{"index":"index","follow":"follow","max-snippet":"max-snippet:-1","max-image-preview":"max-image-preview:large","max-video-preview":"max-video-preview:-1"},"canonical":"https:\/\/biciurba.com\/index.php\/2024\/07\/26\/una-fiesta-maravillosa-en-paris\/","og_locale":"es_ES","og_type":"article","og_title":"Una fiesta maravillosa en Par\u00eds - Biciurba","og_description":"El r\u00edo, los iconos de la ciudad, las delegaciones de atletas del mundo, la danza, la m\u00fasica, los techos y cada escenario que se mont\u00f3 en el recorrido del Sena, fue un viaje por la historia de esta ciudad que se ofrece al mundo con los Juegos Ol\u00edmpicos de verano 2024. A trav\u00e9s del arte [&hellip;]","og_url":"https:\/\/biciurba.com\/index.php\/2024\/07\/26\/una-fiesta-maravillosa-en-paris\/","og_site_name":"Biciurba","article_published_time":"2024-07-26T22:35:32+00:00","article_modified_time":"2024-07-26T22:35:33+00:00","og_image":[{"width":600,"height":400,"url":"https:\/\/biciurba.com\/wp-content\/uploads\/2024\/07\/La-marsellesa.png","type":"image\/png"}],"author":"Carlos Cantor","twitter_card":"summary_large_image","twitter_misc":{"Escrito por":"Carlos Cantor","Tiempo de lectura":"4 minutos"},"schema":{"@context":"https:\/\/schema.org","@graph":[{"@type":"Article","@id":"https:\/\/biciurba.com\/index.php\/2024\/07\/26\/una-fiesta-maravillosa-en-paris\/#article","isPartOf":{"@id":"https:\/\/biciurba.com\/index.php\/2024\/07\/26\/una-fiesta-maravillosa-en-paris\/"},"author":{"name":"Carlos Cantor","@id":"https:\/\/biciurba.com\/#\/schema\/person\/d9675ddf29ee982d268db0a3f239eced"},"headline":"Una fiesta maravillosa en Par\u00eds","datePublished":"2024-07-26T22:35:32+00:00","dateModified":"2024-07-26T22:35:33+00:00","mainEntityOfPage":{"@id":"https:\/\/biciurba.com\/index.php\/2024\/07\/26\/una-fiesta-maravillosa-en-paris\/"},"wordCount":771,"commentCount":1,"publisher":{"@id":"https:\/\/biciurba.com\/#\/schema\/person\/d9675ddf29ee982d268db0a3f239eced"},"image":{"@id":"https:\/\/biciurba.com\/index.php\/2024\/07\/26\/una-fiesta-maravillosa-en-paris\/#primaryimage"},"thumbnailUrl":"https:\/\/biciurba.com\/wp-content\/uploads\/2024\/07\/La-marsellesa.png","keywords":["Deporte","Deporte ol\u00edmpico","Francia 2024","Ol\u00edmpicos 2024"],"articleSection":["Vida Buena"],"inLanguage":"es","potentialAction":[{"@type":"CommentAction","name":"Comment","target":["https:\/\/biciurba.com\/index.php\/2024\/07\/26\/una-fiesta-maravillosa-en-paris\/#respond"]}]},{"@type":"WebPage","@id":"https:\/\/biciurba.com\/index.php\/2024\/07\/26\/una-fiesta-maravillosa-en-paris\/","url":"https:\/\/biciurba.com\/index.php\/2024\/07\/26\/una-fiesta-maravillosa-en-paris\/","name":"Una fiesta maravillosa en Par\u00eds - Biciurba","isPartOf":{"@id":"https:\/\/biciurba.com\/#website"},"primaryImageOfPage":{"@id":"https:\/\/biciurba.com\/index.php\/2024\/07\/26\/una-fiesta-maravillosa-en-paris\/#primaryimage"},"image":{"@id":"https:\/\/biciurba.com\/index.php\/2024\/07\/26\/una-fiesta-maravillosa-en-paris\/#primaryimage"},"thumbnailUrl":"https:\/\/biciurba.com\/wp-content\/uploads\/2024\/07\/La-marsellesa.png","datePublished":"2024-07-26T22:35:32+00:00","dateModified":"2024-07-26T22:35:33+00:00","breadcrumb":{"@id":"https:\/\/biciurba.com\/index.php\/2024\/07\/26\/una-fiesta-maravillosa-en-paris\/#breadcrumb"},"inLanguage":"es","potentialAction":[{"@type":"ReadAction","target":["https:\/\/biciurba.com\/index.php\/2024\/07\/26\/una-fiesta-maravillosa-en-paris\/"]}]},{"@type":"ImageObject","inLanguage":"es","@id":"https:\/\/biciurba.com\/index.php\/2024\/07\/26\/una-fiesta-maravillosa-en-paris\/#primaryimage","url":"https:\/\/biciurba.com\/wp-content\/uploads\/2024\/07\/La-marsellesa.png","contentUrl":"https:\/\/biciurba.com\/wp-content\/uploads\/2024\/07\/La-marsellesa.png","width":600,"height":400,"caption":"La ceremonia de apertura de los Juegos Ol\u00edmpicos de Par\u00eds 2024 comenz\u00f3 a las 19:30 horas con un desfile flotante que llev\u00f3 a casi 7.000 atletas de todo el mundo por el r\u00edo Sena y pas\u00f3 por los lugares m\u00e1s famosos de la capital francesa. La ceremonia dur\u00f3 aproximadamente tres horas y 45 minutos ."},{"@type":"BreadcrumbList","@id":"https:\/\/biciurba.com\/index.php\/2024\/07\/26\/una-fiesta-maravillosa-en-paris\/#breadcrumb","itemListElement":[{"@type":"ListItem","position":1,"name":"Portada","item":"https:\/\/biciurba.com\/"},{"@type":"ListItem","position":2,"name":"Una fiesta maravillosa en Par\u00eds"}]},{"@type":"WebSite","@id":"https:\/\/biciurba.com\/#website","url":"https:\/\/biciurba.com\/","name":"Biciurba","description":"Una mejor manera de vivir","publisher":{"@id":"https:\/\/biciurba.com\/#\/schema\/person\/d9675ddf29ee982d268db0a3f239eced"},"potentialAction":[{"@type":"SearchAction","target":{"@type":"EntryPoint","urlTemplate":"https:\/\/biciurba.com\/?s={search_term_string}"},"query-input":{"@type":"PropertyValueSpecification","valueRequired":true,"valueName":"search_term_string"}}],"inLanguage":"es"},{"@type":["Person","Organization"],"@id":"https:\/\/biciurba.com\/#\/schema\/person\/d9675ddf29ee982d268db0a3f239eced","name":"Carlos Cantor","image":{"@type":"ImageObject","inLanguage":"es","@id":"https:\/\/biciurba.com\/#\/schema\/person\/image\/","url":"https:\/\/biciurba.com\/wp-content\/uploads\/2024\/04\/cropped-logo-1.png","contentUrl":"https:\/\/biciurba.com\/wp-content\/uploads\/2024\/04\/cropped-logo-1.png","width":512,"height":318,"caption":"Carlos Cantor"},"logo":{"@id":"https:\/\/biciurba.com\/#\/schema\/person\/image\/"},"sameAs":["https:\/\/biciurba.com"],"url":"https:\/\/biciurba.com\/index.php\/author\/ccantor\/"}]}},"_links":{"self":[{"href":"https:\/\/biciurba.com\/index.php\/wp-json\/wp\/v2\/posts\/867"}],"collection":[{"href":"https:\/\/biciurba.com\/index.php\/wp-json\/wp\/v2\/posts"}],"about":[{"href":"https:\/\/biciurba.com\/index.php\/wp-json\/wp\/v2\/types\/post"}],"author":[{"embeddable":true,"href":"https:\/\/biciurba.com\/index.php\/wp-json\/wp\/v2\/users\/1"}],"replies":[{"embeddable":true,"href":"https:\/\/biciurba.com\/index.php\/wp-json\/wp\/v2\/comments?post=867"}],"version-history":[{"count":1,"href":"https:\/\/biciurba.com\/index.php\/wp-json\/wp\/v2\/posts\/867\/revisions"}],"predecessor-version":[{"id":871,"href":"https:\/\/biciurba.com\/index.php\/wp-json\/wp\/v2\/posts\/867\/revisions\/871"}],"wp:featuredmedia":[{"embeddable":true,"href":"https:\/\/biciurba.com\/index.php\/wp-json\/wp\/v2\/media\/868"}],"wp:attachment":[{"href":"https:\/\/biciurba.com\/index.php\/wp-json\/wp\/v2\/media?parent=867"}],"wp:term":[{"taxonomy":"category","embeddable":true,"href":"https:\/\/biciurba.com\/index.php\/wp-json\/wp\/v2\/categories?post=867"},{"taxonomy":"post_tag","embeddable":true,"href":"https:\/\/biciurba.com\/index.php\/wp-json\/wp\/v2\/tags?post=867"}],"curies":[{"name":"wp","href":"https:\/\/api.w.org\/{rel}","templated":true}]}}