{"id":899,"date":"2024-08-02T10:09:35","date_gmt":"2024-08-02T15:09:35","guid":{"rendered":"https:\/\/biciurba.com\/?p=899"},"modified":"2024-08-02T10:13:35","modified_gmt":"2024-08-02T15:13:35","slug":"la-lluvia-y-los-jo-sobre-el-sena","status":"publish","type":"post","link":"https:\/\/biciurba.com\/index.php\/2024\/08\/02\/la-lluvia-y-los-jo-sobre-el-sena\/","title":{"rendered":"La lluvia y los JO sobre el Sena"},"content":{"rendered":"\n<p>Desde Par\u00eds : MH Escalante<\/p>\n\n\n\n<p>La ceremonia de apertura de los Juegos Ol\u00edmpicos 2024 en Par\u00eds habr\u00eda resultado perfecta si la lluvia no se hubiera invitado a \u00faltima hora para animar el evento, como s\u00f3lo ella sabe hacerlo.<\/p>\n\n\n\n<p>Todo fue bien planificado y todo sali\u00f3 como lo esperaban los organizadores para que esta ceremonia pasara a la historia por su belleza y genialidad. Pero tambi\u00e9n por sus ideas ambiguas representadas en espect\u00e1culos de pinturas vivientes que algunos de sus retractores ven ahora como de una impresentable tendencia \u201cwoke\u201d.<\/p>\n\n\n\n<p>Para la ciudad de Par\u00eds se trataba de mostrar ingenio: de reemplazar la monoton\u00eda de un desfile ol\u00edmpico en un estadio y sacar la fiesta a la calle; hacer que las delegaciones de deportistas desfilaran de otra manera, en el caso de Par\u00eds que navegaran por lo m\u00e1s bello y visible que ella tiene, que es el rio Sena.<\/p>\n\n\n\n<p>La lluvia cay\u00f3, los meteor\u00f3logos la hab\u00edan anunciado, pero ese esfuerzo de creatividad porque todo salga bien (la ceremonia habr\u00eda costado 122 millones de euros, la de Londres 2012 alrededor de 34 millones de libras esterlinas), llev\u00f3 a los organizadores a distribuir paraguas e impermeables a los deportistas pero claro, la lluvia era el elemento menos deseado dada las caracter\u00edsticas del espacio natural y urbano que se iban a manejar, a cielo abierto, sin protecci\u00f3n cercana e inmediata para los otros, los miles de espectadores congregados en las grader\u00edas instaladas a los dos bordes del famoso rio.<\/p>\n\n\n\n<p>Cuando las primeras gotas anunciaron un aguacero record\u00e9 la c\u00e9lebre canci\u00f3n del artista franc\u00e9s Jacques Dutronc en la que hace referencia al peso de la demograf\u00eda de China y \u00e9l, en plena conciencia de s\u00ed mismo, afrontando esa evidencia con despreocupaci\u00f3n, y la apliqu\u00e9 a este caso : Ciento veinte dirigentes mundiales, seis mil atletas, trescientos mil espectadores, cuerpos de seguridad por tejados, suelos, subsuelos y recovecos a lo largo del rio Sena \u201cet moi, et moi et moi\u201d yo, la lluvia, que irrumpe en el ambiente como designio divino, para darle al rio Sena m\u00e1s br\u00edo y un \u00edmpetu a\u00fan m\u00e1s salvaje en el momento del desfile acu\u00e1tico que abri\u00f3 los Juegos Ol\u00edmpicos Paris 2024.<\/p>\n\n\n\n<p>La prensa y buena parte de los partidos pol\u00edticos del Nuevo Frente Popular que acaba de ganar las elecciones legislativas del 7 de julio, hablan de una estupenda ceremonia, que hizo de Par\u00eds su principal protagonista, lo cual le viene muy bien a una ciudad admirada y deseada en el mundo entero.<\/p>\n\n\n\n<p>Es claro que adem\u00e1s del ligero repaso que se hizo de la historia de Francia desde la Revoluci\u00f3n de 1789, &#8211; con el consabido espectro de la guillotina que cort\u00f3 las cabezas de Luis XVI y de Mar\u00eda Antonieta y tambi\u00e9n de aquella otra revoluci\u00f3n de 1830, menos importante que la primera pero igualmente violenta para revocar a otro rey pero esta vez sin lograrlo y que Eug\u00e8ne Delacroix vivi\u00f3 en carne propia y luego plasm\u00f3 en su c\u00e9lebre cuadro \u201cLa libertad guiando al pueblo\u201d expuesto en el Museo del Louvre, la ceremonia de los JO desat\u00f3 tambi\u00e9n controversia con su versi\u00f3n \u201cDrag queen\u201d del fresco \u201cLa \u00faltima cena\u201d de Leonardo Da Vinci expuesto en Mil\u00e1n.<\/p>\n\n\n\n<p>Pese a la caricaturizaci\u00f3n del Cristo de la \u00faltima cena disfrazado en transexual (un hombre barbudo bailando con ropa \u00edntima femenina) o lo ap\u00f3stoles encarnados por bailarines hombres y mujeres intencionalmente representados como personajes repugnantes, Par\u00eds resalt\u00f3 su posici\u00f3n de ciudad hist\u00f3rica y monumental, pero tambi\u00e9n controvertida y sobre todo culta, hecha de contrastes entre los hombres y los espacios y tejida a trav\u00e9s del tiempo con el hilo de la contestaci\u00f3n de la plebe, que ha hallado en el derramamiento de sangre o en la tranquilidad de las leyes la manera de construirse.<\/p>\n\n\n\n<p>El Sena, que no hace m\u00e1s que pasar por Par\u00eds en un recorrido de 777 km desde la regi\u00f3n de Borgo\u00f1a hasta el Oc\u00e9ano Atl\u00e1ntico es la vena de la ciudad. El Sena le da realce a los monumentos por los que pasa: Biblioteca Nacional de Francia, Alcad\u00eda de Par\u00eds, Catedral de Notre Dame, La Conciergerie, Academia Francesa, Museo del Louvre, Museo de la Moneda, Museo de Orsay, Torre Eiffel\u2026 Todos ellos se iluminaron durante la ceremonia de inauguraci\u00f3n de los JO Paris 2024, salvo la antigua sede de la Biblioteca Nacional (BN) de la rue de Richelieu, cuya m\u00edtica Salle Ovale sirvi\u00f3 como cuadro para imaginar el nacimiento de un \u201cm\u00e9nage \u00e0 trois\u201d, la idea que muchos tienen del amor en Par\u00eds.<\/p>\n\n\n\n<p>De todos ellos s\u00f3lo la Catedral de Notre Dame no puede visitarse desde el incendio ocurrido el 15 de abril de 2019. El templo insigne de Par\u00eds sigue en su largo proceso de restauraci\u00f3n y de renovaci\u00f3n a causa de ese siniestro, que de no haber sido controlado por el Cuerpo de Bomberos de Par\u00eds durante 20 horas hubiera podido convertirla en ruina.<\/p>\n\n\n\n<p>A ese monumento que han visitado millones de turistas y frecuentado tantos devotos cat\u00f3licos durante los oficios religiosos de cada d\u00eda, la ceremonia de JO Paris 2024 le dedic\u00f3 un ballet a\u00e9reo representando a los obreros y artesanos que trabajan en la reparaci\u00f3n de interiores y fachadas.<\/p>\n\n\n\n<p>El futuro de Notre Dame es sin embargo incierto. No se ha especificado todav\u00eda si continuar\u00e1 como centro de culto o tendr\u00e1 que compaginarse con un rol de conservaci\u00f3n museal. De ello no se habla mucho, lo cual es propio de una ciudad colmada de s\u00edmbolos, de s\u00edmbolos que fueron o que siguen siendo o que se transforman al vaiv\u00e9n de las cosas que se van o que llegan a Par\u00eds, en esa continua revoluci\u00f3n de costumbres que le es propia. Otrora ciudad pagana, luego cat\u00f3lica y protestante confrontada a guerras de religiones, m\u00e1s tarde revolucionaria\u2026 \u00bfser\u00e1 ahora una ciudad \u201cwoke\u201d?<\/p>\n\n\n\n<p>La ceremonia de los JO tambi\u00e9n dej\u00f3 ver en un instante lo que pudo ser o significar la Revoluci\u00f3n Francesa en su momento m\u00e1s \u00e1lgido y en el coraz\u00f3n de Par\u00eds. El grito revolucionario \u201c\u00c7a ira\u201d todo ira bien, interpretado por el grupo de metal franc\u00e9s \u00abGojira \u00bb, hizo descubrir el canto de los \u201cSans-culottes\u201d, as\u00ed como el triste final de Mar\u00eda Antonieta en esa escena de la reina asomada por una ventana de La Conciergerie sosteniendo su cabeza a la altura de su pecho, mientras que por los otros ventanales flu\u00eda la sangre de los franceses de la \u00e9poca del terror en versi\u00f3n IA. \u00bfD\u00f3nde qued\u00f3 la exaltaci\u00f3n de la solidaridad versi\u00f3n siglo XXI en esta Maria Antonieta decapitada?<\/p>\n\n\n\n<p>Siguiendo la asesor\u00eda del historiador y miembro de la Academia Francesa Patrick Boucheron al comit\u00e9 organizador de los JO Paris 2024, el prop\u00f3sito de esta ceremonia no era el de exaltar la \u201cgrandeza de Francia\u201d, con sus h\u00e9roes de siempre, Clovis, Luis XIV, Luis XV o Luis XVI, o Napol\u00e9on I y sobrino Napol\u00e9on III. No se trataba tampoco de quedarse estancado en explicaciones engorrosas sobre el h\u00e9roe que fue P\u00e9tain durante la Primera Guerra Mundial y el villano P\u00e9tain que result\u00f3 ser durante la Segunda Guerra Mundial. Y aunque el General Charles de Gaulle es un personaje hist\u00f3rico consensual en la Francia contempor\u00e1nea, su nombre tampoco fue evocado en ninguno de los espect\u00e1culos sobre el rio Sena.<\/p>\n\n\n\n<p>Se trataba de abordar un mundo m\u00e1s on\u00edrico, como la encapuchada vestida de blanco que monta sobre un caballo de dibujos animados y que cabalga sobre las aguas del rio Sena, una escena que nos impact\u00f3 como si fu\u00e9ramos ni\u00f1os. Lo cual puede resultar discutible. \u201cLa ceremonia no ha magnificado el esp\u00edritu franc\u00e9s sino la Francia que los organizadores quieren que sea o en lo que ellos desean que se convierta\u2026\u201d escribe en una columna de opini\u00f3n la fil\u00f3sofa B\u00e9r\u00e9nice Levet, para quien el rio Sena no es un paisaje pintoresco sino un elemento fundador de la ciudad y los monumentos el \u00fanico patrimonio com\u00fan de la naci\u00f3n que triunfa sobre las ofensas del tiempo y los caprichos de moda de los hombres.<\/p>\n\n\n\n<p>De esta ceremonia de los Juegos Ol\u00edmpicos en Par\u00eds podremos quiz\u00e1 retener la imagen del cuadro de Mona Lisa de Leonardo Da Vinci flotando sobre el rio Sena. Otra obra de Da Vinci que se prest\u00f3 a la fantas\u00eda.<\/p>\n\n\n\n<p>Sin embargo, el Museo del Louvre aclar\u00f3 por si queda alguna duda que \u201cLa Joconde\u201d no ha salido de la \u201cSalle des Etats\u201d, y que ah\u00ed sigue expuesta y bien protegida en su cofre contra robos, vandalismo, humedad, polvo y dem\u00e1s vicisitudes para un cuadro sin valor calculable.<\/p>\n\n\n\n<p>Queda tambi\u00e9n para \u201cla posteridad\u201d de esta ceremonia de los JO Paris 2024 esa imagen de la mujer ante un banquete (en donde no se ve ning\u00fan servicio cuando la gastronom\u00eda francesa es admirada en el mundo), luciendo sobre las sienes una corona de luces. \u00bfUna forma de \u201c\u00faltima cena\u201d para los creyentes? La Revoluci\u00f3n lo anunci\u00f3\u2026<\/p>\n","protected":false},"excerpt":{"rendered":"<p>Desde Par\u00eds : MH Escalante La ceremonia de apertura de los Juegos Ol\u00edmpicos 2024 en Par\u00eds habr\u00eda resultado perfecta si la lluvia no se hubiera invitado a \u00faltima hora para animar el evento, como s\u00f3lo ella sabe hacerlo. Todo fue bien planificado y todo sali\u00f3 como lo esperaban los organizadores para que esta ceremonia pasara [&hellip;]<\/p>\n","protected":false},"author":1,"featured_media":900,"comment_status":"open","ping_status":"open","sticky":false,"template":"","format":"standard","meta":{"footnotes":""},"categories":[1],"tags":[383,381,382],"class_list":["post-899","post","type-post","status-publish","format-standard","has-post-thumbnail","hentry","category-blog","tag-ceremonia-inaugural","tag-maria-helena-escalante","tag-paris-2024"],"yoast_head":"<!-- This site is optimized with the Yoast SEO plugin v23.9 - https:\/\/yoast.com\/wordpress\/plugins\/seo\/ -->\n<title>La lluvia y los JO sobre el Sena - Biciurba<\/title>\n<meta name=\"robots\" content=\"index, follow, max-snippet:-1, max-image-preview:large, max-video-preview:-1\" \/>\n<link rel=\"canonical\" href=\"https:\/\/biciurba.com\/index.php\/2024\/08\/02\/la-lluvia-y-los-jo-sobre-el-sena\/\" \/>\n<meta property=\"og:locale\" content=\"es_ES\" \/>\n<meta property=\"og:type\" content=\"article\" \/>\n<meta property=\"og:title\" content=\"La lluvia y los JO sobre el Sena - Biciurba\" \/>\n<meta property=\"og:description\" content=\"Desde Par\u00eds : MH Escalante La ceremonia de apertura de los Juegos Ol\u00edmpicos 2024 en Par\u00eds habr\u00eda resultado perfecta si la lluvia no se hubiera invitado a \u00faltima hora para animar el evento, como s\u00f3lo ella sabe hacerlo. Todo fue bien planificado y todo sali\u00f3 como lo esperaban los organizadores para que esta ceremonia pasara [&hellip;]\" \/>\n<meta property=\"og:url\" content=\"https:\/\/biciurba.com\/index.php\/2024\/08\/02\/la-lluvia-y-los-jo-sobre-el-sena\/\" \/>\n<meta property=\"og:site_name\" content=\"Biciurba\" \/>\n<meta property=\"article:published_time\" content=\"2024-08-02T15:09:35+00:00\" \/>\n<meta property=\"article:modified_time\" content=\"2024-08-02T15:13:35+00:00\" \/>\n<meta property=\"og:image\" content=\"https:\/\/biciurba.com\/wp-content\/uploads\/2024\/08\/Olimpicos.png\" \/>\n\t<meta property=\"og:image:width\" content=\"602\" \/>\n\t<meta property=\"og:image:height\" content=\"404\" \/>\n\t<meta property=\"og:image:type\" content=\"image\/png\" \/>\n<meta name=\"author\" content=\"Carlos Cantor\" \/>\n<meta name=\"twitter:card\" content=\"summary_large_image\" \/>\n<meta name=\"twitter:label1\" content=\"Escrito por\" \/>\n\t<meta name=\"twitter:data1\" content=\"Carlos Cantor\" \/>\n\t<meta name=\"twitter:label2\" content=\"Tiempo de lectura\" \/>\n\t<meta name=\"twitter:data2\" content=\"7 minutos\" \/>\n<script type=\"application\/ld+json\" class=\"yoast-schema-graph\">{\"@context\":\"https:\/\/schema.org\",\"@graph\":[{\"@type\":\"Article\",\"@id\":\"https:\/\/biciurba.com\/index.php\/2024\/08\/02\/la-lluvia-y-los-jo-sobre-el-sena\/#article\",\"isPartOf\":{\"@id\":\"https:\/\/biciurba.com\/index.php\/2024\/08\/02\/la-lluvia-y-los-jo-sobre-el-sena\/\"},\"author\":{\"name\":\"Carlos Cantor\",\"@id\":\"https:\/\/biciurba.com\/#\/schema\/person\/d9675ddf29ee982d268db0a3f239eced\"},\"headline\":\"La lluvia y los JO sobre el Sena\",\"datePublished\":\"2024-08-02T15:09:35+00:00\",\"dateModified\":\"2024-08-02T15:13:35+00:00\",\"mainEntityOfPage\":{\"@id\":\"https:\/\/biciurba.com\/index.php\/2024\/08\/02\/la-lluvia-y-los-jo-sobre-el-sena\/\"},\"wordCount\":1571,\"commentCount\":0,\"publisher\":{\"@id\":\"https:\/\/biciurba.com\/#\/schema\/person\/d9675ddf29ee982d268db0a3f239eced\"},\"image\":{\"@id\":\"https:\/\/biciurba.com\/index.php\/2024\/08\/02\/la-lluvia-y-los-jo-sobre-el-sena\/#primaryimage\"},\"thumbnailUrl\":\"https:\/\/biciurba.com\/wp-content\/uploads\/2024\/08\/Olimpicos.png\",\"keywords\":[\"Ceremonia inaugural\",\"Mar\u00eda Helena Escalante\",\"Par\u00eds 2024\"],\"articleSection\":[\"Editorial\"],\"inLanguage\":\"es\",\"potentialAction\":[{\"@type\":\"CommentAction\",\"name\":\"Comment\",\"target\":[\"https:\/\/biciurba.com\/index.php\/2024\/08\/02\/la-lluvia-y-los-jo-sobre-el-sena\/#respond\"]}]},{\"@type\":\"WebPage\",\"@id\":\"https:\/\/biciurba.com\/index.php\/2024\/08\/02\/la-lluvia-y-los-jo-sobre-el-sena\/\",\"url\":\"https:\/\/biciurba.com\/index.php\/2024\/08\/02\/la-lluvia-y-los-jo-sobre-el-sena\/\",\"name\":\"La lluvia y los JO sobre el Sena - Biciurba\",\"isPartOf\":{\"@id\":\"https:\/\/biciurba.com\/#website\"},\"primaryImageOfPage\":{\"@id\":\"https:\/\/biciurba.com\/index.php\/2024\/08\/02\/la-lluvia-y-los-jo-sobre-el-sena\/#primaryimage\"},\"image\":{\"@id\":\"https:\/\/biciurba.com\/index.php\/2024\/08\/02\/la-lluvia-y-los-jo-sobre-el-sena\/#primaryimage\"},\"thumbnailUrl\":\"https:\/\/biciurba.com\/wp-content\/uploads\/2024\/08\/Olimpicos.png\",\"datePublished\":\"2024-08-02T15:09:35+00:00\",\"dateModified\":\"2024-08-02T15:13:35+00:00\",\"breadcrumb\":{\"@id\":\"https:\/\/biciurba.com\/index.php\/2024\/08\/02\/la-lluvia-y-los-jo-sobre-el-sena\/#breadcrumb\"},\"inLanguage\":\"es\",\"potentialAction\":[{\"@type\":\"ReadAction\",\"target\":[\"https:\/\/biciurba.com\/index.php\/2024\/08\/02\/la-lluvia-y-los-jo-sobre-el-sena\/\"]}]},{\"@type\":\"ImageObject\",\"inLanguage\":\"es\",\"@id\":\"https:\/\/biciurba.com\/index.php\/2024\/08\/02\/la-lluvia-y-los-jo-sobre-el-sena\/#primaryimage\",\"url\":\"https:\/\/biciurba.com\/wp-content\/uploads\/2024\/08\/Olimpicos.png\",\"contentUrl\":\"https:\/\/biciurba.com\/wp-content\/uploads\/2024\/08\/Olimpicos.png\",\"width\":602,\"height\":404},{\"@type\":\"BreadcrumbList\",\"@id\":\"https:\/\/biciurba.com\/index.php\/2024\/08\/02\/la-lluvia-y-los-jo-sobre-el-sena\/#breadcrumb\",\"itemListElement\":[{\"@type\":\"ListItem\",\"position\":1,\"name\":\"Portada\",\"item\":\"https:\/\/biciurba.com\/\"},{\"@type\":\"ListItem\",\"position\":2,\"name\":\"La lluvia y los JO sobre el Sena\"}]},{\"@type\":\"WebSite\",\"@id\":\"https:\/\/biciurba.com\/#website\",\"url\":\"https:\/\/biciurba.com\/\",\"name\":\"Biciurba\",\"description\":\"Una mejor manera de vivir\",\"publisher\":{\"@id\":\"https:\/\/biciurba.com\/#\/schema\/person\/d9675ddf29ee982d268db0a3f239eced\"},\"potentialAction\":[{\"@type\":\"SearchAction\",\"target\":{\"@type\":\"EntryPoint\",\"urlTemplate\":\"https:\/\/biciurba.com\/?s={search_term_string}\"},\"query-input\":{\"@type\":\"PropertyValueSpecification\",\"valueRequired\":true,\"valueName\":\"search_term_string\"}}],\"inLanguage\":\"es\"},{\"@type\":[\"Person\",\"Organization\"],\"@id\":\"https:\/\/biciurba.com\/#\/schema\/person\/d9675ddf29ee982d268db0a3f239eced\",\"name\":\"Carlos Cantor\",\"image\":{\"@type\":\"ImageObject\",\"inLanguage\":\"es\",\"@id\":\"https:\/\/biciurba.com\/#\/schema\/person\/image\/\",\"url\":\"https:\/\/biciurba.com\/wp-content\/uploads\/2024\/04\/cropped-logo-1.png\",\"contentUrl\":\"https:\/\/biciurba.com\/wp-content\/uploads\/2024\/04\/cropped-logo-1.png\",\"width\":512,\"height\":318,\"caption\":\"Carlos Cantor\"},\"logo\":{\"@id\":\"https:\/\/biciurba.com\/#\/schema\/person\/image\/\"},\"sameAs\":[\"https:\/\/biciurba.com\"],\"url\":\"https:\/\/biciurba.com\/index.php\/author\/ccantor\/\"}]}<\/script>\n<!-- \/ Yoast SEO plugin. -->","yoast_head_json":{"title":"La lluvia y los JO sobre el Sena - Biciurba","robots":{"index":"index","follow":"follow","max-snippet":"max-snippet:-1","max-image-preview":"max-image-preview:large","max-video-preview":"max-video-preview:-1"},"canonical":"https:\/\/biciurba.com\/index.php\/2024\/08\/02\/la-lluvia-y-los-jo-sobre-el-sena\/","og_locale":"es_ES","og_type":"article","og_title":"La lluvia y los JO sobre el Sena - Biciurba","og_description":"Desde Par\u00eds : MH Escalante La ceremonia de apertura de los Juegos Ol\u00edmpicos 2024 en Par\u00eds habr\u00eda resultado perfecta si la lluvia no se hubiera invitado a \u00faltima hora para animar el evento, como s\u00f3lo ella sabe hacerlo. Todo fue bien planificado y todo sali\u00f3 como lo esperaban los organizadores para que esta ceremonia pasara [&hellip;]","og_url":"https:\/\/biciurba.com\/index.php\/2024\/08\/02\/la-lluvia-y-los-jo-sobre-el-sena\/","og_site_name":"Biciurba","article_published_time":"2024-08-02T15:09:35+00:00","article_modified_time":"2024-08-02T15:13:35+00:00","og_image":[{"width":602,"height":404,"url":"https:\/\/biciurba.com\/wp-content\/uploads\/2024\/08\/Olimpicos.png","type":"image\/png"}],"author":"Carlos Cantor","twitter_card":"summary_large_image","twitter_misc":{"Escrito por":"Carlos Cantor","Tiempo de lectura":"7 minutos"},"schema":{"@context":"https:\/\/schema.org","@graph":[{"@type":"Article","@id":"https:\/\/biciurba.com\/index.php\/2024\/08\/02\/la-lluvia-y-los-jo-sobre-el-sena\/#article","isPartOf":{"@id":"https:\/\/biciurba.com\/index.php\/2024\/08\/02\/la-lluvia-y-los-jo-sobre-el-sena\/"},"author":{"name":"Carlos Cantor","@id":"https:\/\/biciurba.com\/#\/schema\/person\/d9675ddf29ee982d268db0a3f239eced"},"headline":"La lluvia y los JO sobre el Sena","datePublished":"2024-08-02T15:09:35+00:00","dateModified":"2024-08-02T15:13:35+00:00","mainEntityOfPage":{"@id":"https:\/\/biciurba.com\/index.php\/2024\/08\/02\/la-lluvia-y-los-jo-sobre-el-sena\/"},"wordCount":1571,"commentCount":0,"publisher":{"@id":"https:\/\/biciurba.com\/#\/schema\/person\/d9675ddf29ee982d268db0a3f239eced"},"image":{"@id":"https:\/\/biciurba.com\/index.php\/2024\/08\/02\/la-lluvia-y-los-jo-sobre-el-sena\/#primaryimage"},"thumbnailUrl":"https:\/\/biciurba.com\/wp-content\/uploads\/2024\/08\/Olimpicos.png","keywords":["Ceremonia inaugural","Mar\u00eda Helena Escalante","Par\u00eds 2024"],"articleSection":["Editorial"],"inLanguage":"es","potentialAction":[{"@type":"CommentAction","name":"Comment","target":["https:\/\/biciurba.com\/index.php\/2024\/08\/02\/la-lluvia-y-los-jo-sobre-el-sena\/#respond"]}]},{"@type":"WebPage","@id":"https:\/\/biciurba.com\/index.php\/2024\/08\/02\/la-lluvia-y-los-jo-sobre-el-sena\/","url":"https:\/\/biciurba.com\/index.php\/2024\/08\/02\/la-lluvia-y-los-jo-sobre-el-sena\/","name":"La lluvia y los JO sobre el Sena - Biciurba","isPartOf":{"@id":"https:\/\/biciurba.com\/#website"},"primaryImageOfPage":{"@id":"https:\/\/biciurba.com\/index.php\/2024\/08\/02\/la-lluvia-y-los-jo-sobre-el-sena\/#primaryimage"},"image":{"@id":"https:\/\/biciurba.com\/index.php\/2024\/08\/02\/la-lluvia-y-los-jo-sobre-el-sena\/#primaryimage"},"thumbnailUrl":"https:\/\/biciurba.com\/wp-content\/uploads\/2024\/08\/Olimpicos.png","datePublished":"2024-08-02T15:09:35+00:00","dateModified":"2024-08-02T15:13:35+00:00","breadcrumb":{"@id":"https:\/\/biciurba.com\/index.php\/2024\/08\/02\/la-lluvia-y-los-jo-sobre-el-sena\/#breadcrumb"},"inLanguage":"es","potentialAction":[{"@type":"ReadAction","target":["https:\/\/biciurba.com\/index.php\/2024\/08\/02\/la-lluvia-y-los-jo-sobre-el-sena\/"]}]},{"@type":"ImageObject","inLanguage":"es","@id":"https:\/\/biciurba.com\/index.php\/2024\/08\/02\/la-lluvia-y-los-jo-sobre-el-sena\/#primaryimage","url":"https:\/\/biciurba.com\/wp-content\/uploads\/2024\/08\/Olimpicos.png","contentUrl":"https:\/\/biciurba.com\/wp-content\/uploads\/2024\/08\/Olimpicos.png","width":602,"height":404},{"@type":"BreadcrumbList","@id":"https:\/\/biciurba.com\/index.php\/2024\/08\/02\/la-lluvia-y-los-jo-sobre-el-sena\/#breadcrumb","itemListElement":[{"@type":"ListItem","position":1,"name":"Portada","item":"https:\/\/biciurba.com\/"},{"@type":"ListItem","position":2,"name":"La lluvia y los JO sobre el Sena"}]},{"@type":"WebSite","@id":"https:\/\/biciurba.com\/#website","url":"https:\/\/biciurba.com\/","name":"Biciurba","description":"Una mejor manera de vivir","publisher":{"@id":"https:\/\/biciurba.com\/#\/schema\/person\/d9675ddf29ee982d268db0a3f239eced"},"potentialAction":[{"@type":"SearchAction","target":{"@type":"EntryPoint","urlTemplate":"https:\/\/biciurba.com\/?s={search_term_string}"},"query-input":{"@type":"PropertyValueSpecification","valueRequired":true,"valueName":"search_term_string"}}],"inLanguage":"es"},{"@type":["Person","Organization"],"@id":"https:\/\/biciurba.com\/#\/schema\/person\/d9675ddf29ee982d268db0a3f239eced","name":"Carlos Cantor","image":{"@type":"ImageObject","inLanguage":"es","@id":"https:\/\/biciurba.com\/#\/schema\/person\/image\/","url":"https:\/\/biciurba.com\/wp-content\/uploads\/2024\/04\/cropped-logo-1.png","contentUrl":"https:\/\/biciurba.com\/wp-content\/uploads\/2024\/04\/cropped-logo-1.png","width":512,"height":318,"caption":"Carlos Cantor"},"logo":{"@id":"https:\/\/biciurba.com\/#\/schema\/person\/image\/"},"sameAs":["https:\/\/biciurba.com"],"url":"https:\/\/biciurba.com\/index.php\/author\/ccantor\/"}]}},"_links":{"self":[{"href":"https:\/\/biciurba.com\/index.php\/wp-json\/wp\/v2\/posts\/899"}],"collection":[{"href":"https:\/\/biciurba.com\/index.php\/wp-json\/wp\/v2\/posts"}],"about":[{"href":"https:\/\/biciurba.com\/index.php\/wp-json\/wp\/v2\/types\/post"}],"author":[{"embeddable":true,"href":"https:\/\/biciurba.com\/index.php\/wp-json\/wp\/v2\/users\/1"}],"replies":[{"embeddable":true,"href":"https:\/\/biciurba.com\/index.php\/wp-json\/wp\/v2\/comments?post=899"}],"version-history":[{"count":1,"href":"https:\/\/biciurba.com\/index.php\/wp-json\/wp\/v2\/posts\/899\/revisions"}],"predecessor-version":[{"id":901,"href":"https:\/\/biciurba.com\/index.php\/wp-json\/wp\/v2\/posts\/899\/revisions\/901"}],"wp:featuredmedia":[{"embeddable":true,"href":"https:\/\/biciurba.com\/index.php\/wp-json\/wp\/v2\/media\/900"}],"wp:attachment":[{"href":"https:\/\/biciurba.com\/index.php\/wp-json\/wp\/v2\/media?parent=899"}],"wp:term":[{"taxonomy":"category","embeddable":true,"href":"https:\/\/biciurba.com\/index.php\/wp-json\/wp\/v2\/categories?post=899"},{"taxonomy":"post_tag","embeddable":true,"href":"https:\/\/biciurba.com\/index.php\/wp-json\/wp\/v2\/tags?post=899"}],"curies":[{"name":"wp","href":"https:\/\/api.w.org\/{rel}","templated":true}]}}