{"id":902,"date":"2024-08-02T10:31:35","date_gmt":"2024-08-02T15:31:35","guid":{"rendered":"https:\/\/biciurba.com\/?p=902"},"modified":"2024-08-02T10:31:36","modified_gmt":"2024-08-02T15:31:36","slug":"sociedad-violenta-que-requiere-revisarse-para-lograr-cambios-profundos","status":"publish","type":"post","link":"https:\/\/biciurba.com\/index.php\/2024\/08\/02\/sociedad-violenta-que-requiere-revisarse-para-lograr-cambios-profundos\/","title":{"rendered":"Sociedad violenta que requiere revisarse para lograr cambios profundos"},"content":{"rendered":"\n<p>Las cifras de maltrato infantil, abuso sexual y violencia intrafamiliar hablan por si solas. Entre enero y abril del a\u00f1o 2024, Colombia registr\u00f3 seg\u00fan el Instituto de Medicina Legal 177 homicidios de menores de edad y 121 mujeres asesinadas. Adem\u00e1s, dicho Instituto inform\u00f3 sobre 11.195 situaciones de violencia ejercida contra ni\u00f1os, ni\u00f1as y adolescentes durante el mismo periodo, de las cuales 5.889 fueron casos de presunto delito sexual, 2.754 de violencia intrafamiliar y 2.552 de violencia interpersonal.<\/p>\n\n\n\n<p>En cuanto al ingreso de ni\u00f1os al sistema de protecci\u00f3n, el Instituto Colombiano de Bienestar Familiar (ICBF) report\u00f3&nbsp;11.427 registros entre enero y marzo de 2024, atribuibles, principalmente, a falta absoluta o temporal del responsable, omisi\u00f3n o negligencia y violencia sexual, entre otros factores, n\u00fameros que evidencian que el pa\u00eds sigue en deuda con los ni\u00f1os.<\/p>\n\n\n\n<p>Durante el a\u00f1o 2023 la situaci\u00f3n no fue diferente; seg\u00fan la Procuradur\u00eda General de la Naci\u00f3n, 607 menores de edad, fueron v\u00edctimas de muerte violenta y 69.660 ni\u00f1os, ni\u00f1as y adolescentes ingresaron al programa del ICBF en raz\u00f3n a que sus derechos fueron vulnerados.<\/p>\n\n\n\n<p>Ante este panorama y con el objetivo de prevenir todas las formas posibles de maltrato en los ni\u00f1os, ni\u00f1as y adolescentes, sensibilizando a la poblaci\u00f3n en general sobre esta problem\u00e1tica, naci\u00f3 hace 36 a\u00f1os, la Asociaci\u00f3n Afecto contra el maltrato infantil, la cual realiza este a\u00f1o su 31 Congreso Internacional de Prevenci\u00f3n y Atenci\u00f3n del Maltrato y el Abuso Sexual Infantil, con m\u00e1s de 100 conferencistas y ponentes de Espa\u00f1a, Ecuador, Colombia, Estados Unidos, Argentina, Brasil, m\u00e9xico, Italia, Inglaterra, entre muchos otros.<\/p>\n\n\n\n<p>La Asociaci\u00f3n Afecto contra el maltrato infantil realiza su 31 Congreso Internacional de Prevenci\u00f3n y Atenci\u00f3n del Maltrato y Abuso Sexual Infantil, los d\u00edas 2, 3 y 4 de septiembre de manera virtual, para que m\u00e1s gente tenga acceso.<\/p>\n\n\n<div class=\"wp-block-image\">\n<figure class=\"aligncenter size-large\"><img loading=\"lazy\" decoding=\"async\" width=\"1024\" height=\"1024\" src=\"https:\/\/biciurba.com\/wp-content\/uploads\/2024\/08\/sociedad-afecto-1024x1024.png\" alt=\"\" class=\"wp-image-903\" srcset=\"https:\/\/biciurba.com\/wp-content\/uploads\/2024\/08\/sociedad-afecto-1024x1024.png 1024w, https:\/\/biciurba.com\/wp-content\/uploads\/2024\/08\/sociedad-afecto-300x300.png 300w, https:\/\/biciurba.com\/wp-content\/uploads\/2024\/08\/sociedad-afecto-150x150.png 150w, https:\/\/biciurba.com\/wp-content\/uploads\/2024\/08\/sociedad-afecto-768x768.png 768w, https:\/\/biciurba.com\/wp-content\/uploads\/2024\/08\/sociedad-afecto-420x420.png 420w, https:\/\/biciurba.com\/wp-content\/uploads\/2024\/08\/sociedad-afecto-640x640.png 640w, https:\/\/biciurba.com\/wp-content\/uploads\/2024\/08\/sociedad-afecto-681x681.png 681w, https:\/\/biciurba.com\/wp-content\/uploads\/2024\/08\/sociedad-afecto.png 1080w\" sizes=\"(max-width: 1024px) 100vw, 1024px\" \/><\/figure><\/div>\n\n\n<p><strong>Mayor informaci\u00f3n:<\/strong><br>www.afecto.org.co<br>inscripciones@afecto.org.co<br>https:\/\/www.facebook.com\/afectocontraelmaltratoinfantil<br>https:\/\/www.instagram.com\/asociacionafecto<br>https:\/\/youtube.com\/@asociacionafecto<\/p>\n","protected":false},"excerpt":{"rendered":"<p>Las cifras de maltrato infantil, abuso sexual y violencia intrafamiliar hablan por si solas. Entre enero y abril del a\u00f1o 2024, Colombia registr\u00f3 seg\u00fan el Instituto de Medicina Legal 177 homicidios de menores de edad y 121 mujeres asesinadas. Adem\u00e1s, dicho Instituto inform\u00f3 sobre 11.195 situaciones de violencia ejercida contra ni\u00f1os, ni\u00f1as y adolescentes durante [&hellip;]<\/p>\n","protected":false},"author":1,"featured_media":904,"comment_status":"open","ping_status":"open","sticky":false,"template":"","format":"standard","meta":{"footnotes":""},"categories":[50],"tags":[],"class_list":["post-902","post","type-post","status-publish","format-standard","has-post-thumbnail","hentry","category-salud-y-bienestar"],"yoast_head":"<!-- This site is optimized with the Yoast SEO plugin v23.9 - https:\/\/yoast.com\/wordpress\/plugins\/seo\/ -->\n<title>Sociedad violenta que requiere revisarse para lograr cambios profundos - Biciurba<\/title>\n<meta name=\"robots\" content=\"index, follow, max-snippet:-1, max-image-preview:large, max-video-preview:-1\" \/>\n<link rel=\"canonical\" href=\"https:\/\/biciurba.com\/index.php\/2024\/08\/02\/sociedad-violenta-que-requiere-revisarse-para-lograr-cambios-profundos\/\" \/>\n<meta property=\"og:locale\" content=\"es_ES\" \/>\n<meta property=\"og:type\" content=\"article\" \/>\n<meta property=\"og:title\" content=\"Sociedad violenta que requiere revisarse para lograr cambios profundos - Biciurba\" \/>\n<meta property=\"og:description\" content=\"Las cifras de maltrato infantil, abuso sexual y violencia intrafamiliar hablan por si solas. Entre enero y abril del a\u00f1o 2024, Colombia registr\u00f3 seg\u00fan el Instituto de Medicina Legal 177 homicidios de menores de edad y 121 mujeres asesinadas. Adem\u00e1s, dicho Instituto inform\u00f3 sobre 11.195 situaciones de violencia ejercida contra ni\u00f1os, ni\u00f1as y adolescentes durante [&hellip;]\" \/>\n<meta property=\"og:url\" content=\"https:\/\/biciurba.com\/index.php\/2024\/08\/02\/sociedad-violenta-que-requiere-revisarse-para-lograr-cambios-profundos\/\" \/>\n<meta property=\"og:site_name\" content=\"Biciurba\" \/>\n<meta property=\"article:published_time\" content=\"2024-08-02T15:31:35+00:00\" \/>\n<meta property=\"article:modified_time\" content=\"2024-08-02T15:31:36+00:00\" \/>\n<meta property=\"og:image\" content=\"https:\/\/biciurba.com\/wp-content\/uploads\/2024\/08\/violencia.png\" \/>\n\t<meta property=\"og:image:width\" content=\"602\" \/>\n\t<meta property=\"og:image:height\" content=\"404\" \/>\n\t<meta property=\"og:image:type\" content=\"image\/png\" \/>\n<meta name=\"author\" content=\"Carlos Cantor\" \/>\n<meta name=\"twitter:card\" content=\"summary_large_image\" \/>\n<meta name=\"twitter:label1\" content=\"Escrito por\" \/>\n\t<meta name=\"twitter:data1\" content=\"Carlos Cantor\" \/>\n\t<meta name=\"twitter:label2\" content=\"Tiempo de lectura\" \/>\n\t<meta name=\"twitter:data2\" content=\"2 minutos\" \/>\n<script type=\"application\/ld+json\" class=\"yoast-schema-graph\">{\"@context\":\"https:\/\/schema.org\",\"@graph\":[{\"@type\":\"Article\",\"@id\":\"https:\/\/biciurba.com\/index.php\/2024\/08\/02\/sociedad-violenta-que-requiere-revisarse-para-lograr-cambios-profundos\/#article\",\"isPartOf\":{\"@id\":\"https:\/\/biciurba.com\/index.php\/2024\/08\/02\/sociedad-violenta-que-requiere-revisarse-para-lograr-cambios-profundos\/\"},\"author\":{\"name\":\"Carlos Cantor\",\"@id\":\"https:\/\/biciurba.com\/#\/schema\/person\/d9675ddf29ee982d268db0a3f239eced\"},\"headline\":\"Sociedad violenta que requiere revisarse para lograr cambios profundos\",\"datePublished\":\"2024-08-02T15:31:35+00:00\",\"dateModified\":\"2024-08-02T15:31:36+00:00\",\"mainEntityOfPage\":{\"@id\":\"https:\/\/biciurba.com\/index.php\/2024\/08\/02\/sociedad-violenta-que-requiere-revisarse-para-lograr-cambios-profundos\/\"},\"wordCount\":347,\"commentCount\":0,\"publisher\":{\"@id\":\"https:\/\/biciurba.com\/#\/schema\/person\/d9675ddf29ee982d268db0a3f239eced\"},\"image\":{\"@id\":\"https:\/\/biciurba.com\/index.php\/2024\/08\/02\/sociedad-violenta-que-requiere-revisarse-para-lograr-cambios-profundos\/#primaryimage\"},\"thumbnailUrl\":\"https:\/\/biciurba.com\/wp-content\/uploads\/2024\/08\/violencia.png\",\"articleSection\":[\"Vida Buena\"],\"inLanguage\":\"es\",\"potentialAction\":[{\"@type\":\"CommentAction\",\"name\":\"Comment\",\"target\":[\"https:\/\/biciurba.com\/index.php\/2024\/08\/02\/sociedad-violenta-que-requiere-revisarse-para-lograr-cambios-profundos\/#respond\"]}]},{\"@type\":\"WebPage\",\"@id\":\"https:\/\/biciurba.com\/index.php\/2024\/08\/02\/sociedad-violenta-que-requiere-revisarse-para-lograr-cambios-profundos\/\",\"url\":\"https:\/\/biciurba.com\/index.php\/2024\/08\/02\/sociedad-violenta-que-requiere-revisarse-para-lograr-cambios-profundos\/\",\"name\":\"Sociedad violenta que requiere revisarse para lograr cambios profundos - Biciurba\",\"isPartOf\":{\"@id\":\"https:\/\/biciurba.com\/#website\"},\"primaryImageOfPage\":{\"@id\":\"https:\/\/biciurba.com\/index.php\/2024\/08\/02\/sociedad-violenta-que-requiere-revisarse-para-lograr-cambios-profundos\/#primaryimage\"},\"image\":{\"@id\":\"https:\/\/biciurba.com\/index.php\/2024\/08\/02\/sociedad-violenta-que-requiere-revisarse-para-lograr-cambios-profundos\/#primaryimage\"},\"thumbnailUrl\":\"https:\/\/biciurba.com\/wp-content\/uploads\/2024\/08\/violencia.png\",\"datePublished\":\"2024-08-02T15:31:35+00:00\",\"dateModified\":\"2024-08-02T15:31:36+00:00\",\"breadcrumb\":{\"@id\":\"https:\/\/biciurba.com\/index.php\/2024\/08\/02\/sociedad-violenta-que-requiere-revisarse-para-lograr-cambios-profundos\/#breadcrumb\"},\"inLanguage\":\"es\",\"potentialAction\":[{\"@type\":\"ReadAction\",\"target\":[\"https:\/\/biciurba.com\/index.php\/2024\/08\/02\/sociedad-violenta-que-requiere-revisarse-para-lograr-cambios-profundos\/\"]}]},{\"@type\":\"ImageObject\",\"inLanguage\":\"es\",\"@id\":\"https:\/\/biciurba.com\/index.php\/2024\/08\/02\/sociedad-violenta-que-requiere-revisarse-para-lograr-cambios-profundos\/#primaryimage\",\"url\":\"https:\/\/biciurba.com\/wp-content\/uploads\/2024\/08\/violencia.png\",\"contentUrl\":\"https:\/\/biciurba.com\/wp-content\/uploads\/2024\/08\/violencia.png\",\"width\":602,\"height\":404},{\"@type\":\"BreadcrumbList\",\"@id\":\"https:\/\/biciurba.com\/index.php\/2024\/08\/02\/sociedad-violenta-que-requiere-revisarse-para-lograr-cambios-profundos\/#breadcrumb\",\"itemListElement\":[{\"@type\":\"ListItem\",\"position\":1,\"name\":\"Portada\",\"item\":\"https:\/\/biciurba.com\/\"},{\"@type\":\"ListItem\",\"position\":2,\"name\":\"Sociedad violenta que requiere revisarse para lograr cambios profundos\"}]},{\"@type\":\"WebSite\",\"@id\":\"https:\/\/biciurba.com\/#website\",\"url\":\"https:\/\/biciurba.com\/\",\"name\":\"Biciurba\",\"description\":\"Una mejor manera de vivir\",\"publisher\":{\"@id\":\"https:\/\/biciurba.com\/#\/schema\/person\/d9675ddf29ee982d268db0a3f239eced\"},\"potentialAction\":[{\"@type\":\"SearchAction\",\"target\":{\"@type\":\"EntryPoint\",\"urlTemplate\":\"https:\/\/biciurba.com\/?s={search_term_string}\"},\"query-input\":{\"@type\":\"PropertyValueSpecification\",\"valueRequired\":true,\"valueName\":\"search_term_string\"}}],\"inLanguage\":\"es\"},{\"@type\":[\"Person\",\"Organization\"],\"@id\":\"https:\/\/biciurba.com\/#\/schema\/person\/d9675ddf29ee982d268db0a3f239eced\",\"name\":\"Carlos Cantor\",\"image\":{\"@type\":\"ImageObject\",\"inLanguage\":\"es\",\"@id\":\"https:\/\/biciurba.com\/#\/schema\/person\/image\/\",\"url\":\"https:\/\/biciurba.com\/wp-content\/uploads\/2024\/04\/cropped-logo-1.png\",\"contentUrl\":\"https:\/\/biciurba.com\/wp-content\/uploads\/2024\/04\/cropped-logo-1.png\",\"width\":512,\"height\":318,\"caption\":\"Carlos Cantor\"},\"logo\":{\"@id\":\"https:\/\/biciurba.com\/#\/schema\/person\/image\/\"},\"sameAs\":[\"https:\/\/biciurba.com\"],\"url\":\"https:\/\/biciurba.com\/index.php\/author\/ccantor\/\"}]}<\/script>\n<!-- \/ Yoast SEO plugin. -->","yoast_head_json":{"title":"Sociedad violenta que requiere revisarse para lograr cambios profundos - Biciurba","robots":{"index":"index","follow":"follow","max-snippet":"max-snippet:-1","max-image-preview":"max-image-preview:large","max-video-preview":"max-video-preview:-1"},"canonical":"https:\/\/biciurba.com\/index.php\/2024\/08\/02\/sociedad-violenta-que-requiere-revisarse-para-lograr-cambios-profundos\/","og_locale":"es_ES","og_type":"article","og_title":"Sociedad violenta que requiere revisarse para lograr cambios profundos - Biciurba","og_description":"Las cifras de maltrato infantil, abuso sexual y violencia intrafamiliar hablan por si solas. Entre enero y abril del a\u00f1o 2024, Colombia registr\u00f3 seg\u00fan el Instituto de Medicina Legal 177 homicidios de menores de edad y 121 mujeres asesinadas. Adem\u00e1s, dicho Instituto inform\u00f3 sobre 11.195 situaciones de violencia ejercida contra ni\u00f1os, ni\u00f1as y adolescentes durante [&hellip;]","og_url":"https:\/\/biciurba.com\/index.php\/2024\/08\/02\/sociedad-violenta-que-requiere-revisarse-para-lograr-cambios-profundos\/","og_site_name":"Biciurba","article_published_time":"2024-08-02T15:31:35+00:00","article_modified_time":"2024-08-02T15:31:36+00:00","og_image":[{"width":602,"height":404,"url":"https:\/\/biciurba.com\/wp-content\/uploads\/2024\/08\/violencia.png","type":"image\/png"}],"author":"Carlos Cantor","twitter_card":"summary_large_image","twitter_misc":{"Escrito por":"Carlos Cantor","Tiempo de lectura":"2 minutos"},"schema":{"@context":"https:\/\/schema.org","@graph":[{"@type":"Article","@id":"https:\/\/biciurba.com\/index.php\/2024\/08\/02\/sociedad-violenta-que-requiere-revisarse-para-lograr-cambios-profundos\/#article","isPartOf":{"@id":"https:\/\/biciurba.com\/index.php\/2024\/08\/02\/sociedad-violenta-que-requiere-revisarse-para-lograr-cambios-profundos\/"},"author":{"name":"Carlos Cantor","@id":"https:\/\/biciurba.com\/#\/schema\/person\/d9675ddf29ee982d268db0a3f239eced"},"headline":"Sociedad violenta que requiere revisarse para lograr cambios profundos","datePublished":"2024-08-02T15:31:35+00:00","dateModified":"2024-08-02T15:31:36+00:00","mainEntityOfPage":{"@id":"https:\/\/biciurba.com\/index.php\/2024\/08\/02\/sociedad-violenta-que-requiere-revisarse-para-lograr-cambios-profundos\/"},"wordCount":347,"commentCount":0,"publisher":{"@id":"https:\/\/biciurba.com\/#\/schema\/person\/d9675ddf29ee982d268db0a3f239eced"},"image":{"@id":"https:\/\/biciurba.com\/index.php\/2024\/08\/02\/sociedad-violenta-que-requiere-revisarse-para-lograr-cambios-profundos\/#primaryimage"},"thumbnailUrl":"https:\/\/biciurba.com\/wp-content\/uploads\/2024\/08\/violencia.png","articleSection":["Vida Buena"],"inLanguage":"es","potentialAction":[{"@type":"CommentAction","name":"Comment","target":["https:\/\/biciurba.com\/index.php\/2024\/08\/02\/sociedad-violenta-que-requiere-revisarse-para-lograr-cambios-profundos\/#respond"]}]},{"@type":"WebPage","@id":"https:\/\/biciurba.com\/index.php\/2024\/08\/02\/sociedad-violenta-que-requiere-revisarse-para-lograr-cambios-profundos\/","url":"https:\/\/biciurba.com\/index.php\/2024\/08\/02\/sociedad-violenta-que-requiere-revisarse-para-lograr-cambios-profundos\/","name":"Sociedad violenta que requiere revisarse para lograr cambios profundos - Biciurba","isPartOf":{"@id":"https:\/\/biciurba.com\/#website"},"primaryImageOfPage":{"@id":"https:\/\/biciurba.com\/index.php\/2024\/08\/02\/sociedad-violenta-que-requiere-revisarse-para-lograr-cambios-profundos\/#primaryimage"},"image":{"@id":"https:\/\/biciurba.com\/index.php\/2024\/08\/02\/sociedad-violenta-que-requiere-revisarse-para-lograr-cambios-profundos\/#primaryimage"},"thumbnailUrl":"https:\/\/biciurba.com\/wp-content\/uploads\/2024\/08\/violencia.png","datePublished":"2024-08-02T15:31:35+00:00","dateModified":"2024-08-02T15:31:36+00:00","breadcrumb":{"@id":"https:\/\/biciurba.com\/index.php\/2024\/08\/02\/sociedad-violenta-que-requiere-revisarse-para-lograr-cambios-profundos\/#breadcrumb"},"inLanguage":"es","potentialAction":[{"@type":"ReadAction","target":["https:\/\/biciurba.com\/index.php\/2024\/08\/02\/sociedad-violenta-que-requiere-revisarse-para-lograr-cambios-profundos\/"]}]},{"@type":"ImageObject","inLanguage":"es","@id":"https:\/\/biciurba.com\/index.php\/2024\/08\/02\/sociedad-violenta-que-requiere-revisarse-para-lograr-cambios-profundos\/#primaryimage","url":"https:\/\/biciurba.com\/wp-content\/uploads\/2024\/08\/violencia.png","contentUrl":"https:\/\/biciurba.com\/wp-content\/uploads\/2024\/08\/violencia.png","width":602,"height":404},{"@type":"BreadcrumbList","@id":"https:\/\/biciurba.com\/index.php\/2024\/08\/02\/sociedad-violenta-que-requiere-revisarse-para-lograr-cambios-profundos\/#breadcrumb","itemListElement":[{"@type":"ListItem","position":1,"name":"Portada","item":"https:\/\/biciurba.com\/"},{"@type":"ListItem","position":2,"name":"Sociedad violenta que requiere revisarse para lograr cambios profundos"}]},{"@type":"WebSite","@id":"https:\/\/biciurba.com\/#website","url":"https:\/\/biciurba.com\/","name":"Biciurba","description":"Una mejor manera de vivir","publisher":{"@id":"https:\/\/biciurba.com\/#\/schema\/person\/d9675ddf29ee982d268db0a3f239eced"},"potentialAction":[{"@type":"SearchAction","target":{"@type":"EntryPoint","urlTemplate":"https:\/\/biciurba.com\/?s={search_term_string}"},"query-input":{"@type":"PropertyValueSpecification","valueRequired":true,"valueName":"search_term_string"}}],"inLanguage":"es"},{"@type":["Person","Organization"],"@id":"https:\/\/biciurba.com\/#\/schema\/person\/d9675ddf29ee982d268db0a3f239eced","name":"Carlos Cantor","image":{"@type":"ImageObject","inLanguage":"es","@id":"https:\/\/biciurba.com\/#\/schema\/person\/image\/","url":"https:\/\/biciurba.com\/wp-content\/uploads\/2024\/04\/cropped-logo-1.png","contentUrl":"https:\/\/biciurba.com\/wp-content\/uploads\/2024\/04\/cropped-logo-1.png","width":512,"height":318,"caption":"Carlos Cantor"},"logo":{"@id":"https:\/\/biciurba.com\/#\/schema\/person\/image\/"},"sameAs":["https:\/\/biciurba.com"],"url":"https:\/\/biciurba.com\/index.php\/author\/ccantor\/"}]}},"_links":{"self":[{"href":"https:\/\/biciurba.com\/index.php\/wp-json\/wp\/v2\/posts\/902"}],"collection":[{"href":"https:\/\/biciurba.com\/index.php\/wp-json\/wp\/v2\/posts"}],"about":[{"href":"https:\/\/biciurba.com\/index.php\/wp-json\/wp\/v2\/types\/post"}],"author":[{"embeddable":true,"href":"https:\/\/biciurba.com\/index.php\/wp-json\/wp\/v2\/users\/1"}],"replies":[{"embeddable":true,"href":"https:\/\/biciurba.com\/index.php\/wp-json\/wp\/v2\/comments?post=902"}],"version-history":[{"count":1,"href":"https:\/\/biciurba.com\/index.php\/wp-json\/wp\/v2\/posts\/902\/revisions"}],"predecessor-version":[{"id":905,"href":"https:\/\/biciurba.com\/index.php\/wp-json\/wp\/v2\/posts\/902\/revisions\/905"}],"wp:featuredmedia":[{"embeddable":true,"href":"https:\/\/biciurba.com\/index.php\/wp-json\/wp\/v2\/media\/904"}],"wp:attachment":[{"href":"https:\/\/biciurba.com\/index.php\/wp-json\/wp\/v2\/media?parent=902"}],"wp:term":[{"taxonomy":"category","embeddable":true,"href":"https:\/\/biciurba.com\/index.php\/wp-json\/wp\/v2\/categories?post=902"},{"taxonomy":"post_tag","embeddable":true,"href":"https:\/\/biciurba.com\/index.php\/wp-json\/wp\/v2\/tags?post=902"}],"curies":[{"name":"wp","href":"https:\/\/api.w.org\/{rel}","templated":true}]}}