{"id":906,"date":"2024-08-02T14:00:00","date_gmt":"2024-08-02T19:00:00","guid":{"rendered":"https:\/\/biciurba.com\/?p=906"},"modified":"2024-08-02T11:19:42","modified_gmt":"2024-08-02T16:19:42","slug":"y-con-la-mejor-energia-para-construir-pais-radamel-falcao","status":"publish","type":"post","link":"https:\/\/biciurba.com\/index.php\/2024\/08\/02\/y-con-la-mejor-energia-para-construir-pais-radamel-falcao\/","title":{"rendered":"Y con la mejor energ\u00eda para construir pa\u00eds, Radamel Falcao"},"content":{"rendered":"\n<p>Seg\u00fan un informe de Marca Pa\u00eds, la resiliencia, generosidad, perseverancia y capacidad de superar las adversidades con creatividad e innovaci\u00f3n, son distintivos de los colombianos. A estas caracter\u00edsticas se suman la alegr\u00eda y la buena energ\u00eda que los destaca y diferencia en cualquier rinc\u00f3n del mundo.<\/p>\n\n\n\n<p>En l\u00ednea con estos atributos, Radamel Falcao Garc\u00eda, afirma que \u201cEstamos convencidos de la importancia de alinear y potenciar los valores entre los colombianos, de impulsar y movilizar a personas, empresas y al pa\u00eds con la mejor energ\u00eda porque ese es el prop\u00f3sito de Terpel\u00bb. El presidente de la petrolera , Oscar Bravo Restrepo manifiesta que \u00abNos enfocamos en ofrecer lo mejor en productos y servicios para generar movimiento y transformaci\u00f3n, respondiendo a las necesidades de los colombianos y en reconocer y destacar sus buenas acciones. Este es el motor que logra cambios positivos y nos permite crecer como pa\u00eds\u201d.<\/p>\n\n\n\n<p>\u201cCon Terpel venimos cargados de la mejor energ\u00eda. Juntos estamos listos para despertarla en todos los colombianos porque queremos que siempre \u2018la saquen del estadio\u2019. \u00a1Que no les de miedo sacar a rugir ese tigre que llevan dentro!\u201d, destaca Falcao Garc\u00eda.<\/p>\n\n\n\n<p>A esta iniciativa de compromiso con el pa\u00eds y para promover la mejor energ\u00eda entre los colombianos tambi\u00e9n se suman Tat\u00e1n Mej\u00eda, Katty S\u00e1enz, Sebasti\u00e1n Mart\u00ednez y su hijo Amador, Natalia Sanint, Albeiro Le\u00f3n y \u00c1lvaro C\u00f3rdoba \u201cel tigre\u201d, entre otros embajadores que ser\u00e1n impulso, motor para activar un proyecto que integra a la naci\u00f3n.<\/p>\n\n\n\n<p>La empresa genera cerca de 3.400 empleos directos y m\u00e1s de 8.000 indirectos, que impactan positivamente en miles de familias colombianas y a lo largo de 20 a\u00f1os, ha marcado una diferencia en el mejoramiento de la calidad educativa, beneficiando a m\u00e1s de 1.500.000 personas con la Fundaci\u00f3n Terpel, acciones que tienen un impacto significativo en el motor que impulsa nuevas oportunidades para las comunidades\u201d, se\u00f1ala el presidente Bravo.<\/p>\n\n\n\n<p>\u201cMientras ustedes est\u00e9n demostrando su mejor energ\u00eda, nosotros vamos a estar aqu\u00ed, apoy\u00e1ndolos. Impulsamos pa\u00eds, porque somos pa\u00eds\u201d, concluy\u00f3 Radamel Falcao Garc\u00eda, embajador de la mejor energ\u00eda!<\/p>\n\n\n\n<p><\/p>\n","protected":false},"excerpt":{"rendered":"<p>Seg\u00fan un informe de Marca Pa\u00eds, la resiliencia, generosidad, perseverancia y capacidad de superar las adversidades con creatividad e innovaci\u00f3n, son distintivos de los colombianos. A estas caracter\u00edsticas se suman la alegr\u00eda y la buena energ\u00eda que los destaca y diferencia en cualquier rinc\u00f3n del mundo. En l\u00ednea con estos atributos, Radamel Falcao Garc\u00eda, afirma [&hellip;]<\/p>\n","protected":false},"author":1,"featured_media":907,"comment_status":"open","ping_status":"open","sticky":false,"template":"","format":"standard","meta":{"footnotes":""},"categories":[14],"tags":[],"class_list":["post-906","post","type-post","status-publish","format-standard","has-post-thumbnail","hentry","category-sostenibilidad"],"yoast_head":"<!-- This site is optimized with the Yoast SEO plugin v23.9 - https:\/\/yoast.com\/wordpress\/plugins\/seo\/ -->\n<title>Y con la mejor energ\u00eda para construir pa\u00eds, Radamel Falcao - Biciurba<\/title>\n<meta name=\"robots\" content=\"index, follow, max-snippet:-1, max-image-preview:large, max-video-preview:-1\" \/>\n<link rel=\"canonical\" href=\"https:\/\/biciurba.com\/index.php\/2024\/08\/02\/y-con-la-mejor-energia-para-construir-pais-radamel-falcao\/\" \/>\n<meta property=\"og:locale\" content=\"es_ES\" \/>\n<meta property=\"og:type\" content=\"article\" \/>\n<meta property=\"og:title\" content=\"Y con la mejor energ\u00eda para construir pa\u00eds, Radamel Falcao - Biciurba\" \/>\n<meta property=\"og:description\" content=\"Seg\u00fan un informe de Marca Pa\u00eds, la resiliencia, generosidad, perseverancia y capacidad de superar las adversidades con creatividad e innovaci\u00f3n, son distintivos de los colombianos. A estas caracter\u00edsticas se suman la alegr\u00eda y la buena energ\u00eda que los destaca y diferencia en cualquier rinc\u00f3n del mundo. En l\u00ednea con estos atributos, Radamel Falcao Garc\u00eda, afirma [&hellip;]\" \/>\n<meta property=\"og:url\" content=\"https:\/\/biciurba.com\/index.php\/2024\/08\/02\/y-con-la-mejor-energia-para-construir-pais-radamel-falcao\/\" \/>\n<meta property=\"og:site_name\" content=\"Biciurba\" \/>\n<meta property=\"article:published_time\" content=\"2024-08-02T19:00:00+00:00\" \/>\n<meta property=\"article:modified_time\" content=\"2024-08-02T16:19:42+00:00\" \/>\n<meta property=\"og:image\" content=\"https:\/\/biciurba.com\/wp-content\/uploads\/2024\/08\/Falcao.png\" \/>\n\t<meta property=\"og:image:width\" content=\"602\" \/>\n\t<meta property=\"og:image:height\" content=\"404\" \/>\n\t<meta property=\"og:image:type\" content=\"image\/png\" \/>\n<meta name=\"author\" content=\"Carlos Cantor\" \/>\n<meta name=\"twitter:card\" content=\"summary_large_image\" \/>\n<meta name=\"twitter:label1\" content=\"Escrito por\" \/>\n\t<meta name=\"twitter:data1\" content=\"Carlos Cantor\" \/>\n\t<meta name=\"twitter:label2\" content=\"Tiempo de lectura\" \/>\n\t<meta name=\"twitter:data2\" content=\"2 minutos\" \/>\n<script type=\"application\/ld+json\" class=\"yoast-schema-graph\">{\"@context\":\"https:\/\/schema.org\",\"@graph\":[{\"@type\":\"Article\",\"@id\":\"https:\/\/biciurba.com\/index.php\/2024\/08\/02\/y-con-la-mejor-energia-para-construir-pais-radamel-falcao\/#article\",\"isPartOf\":{\"@id\":\"https:\/\/biciurba.com\/index.php\/2024\/08\/02\/y-con-la-mejor-energia-para-construir-pais-radamel-falcao\/\"},\"author\":{\"name\":\"Carlos Cantor\",\"@id\":\"https:\/\/biciurba.com\/#\/schema\/person\/d9675ddf29ee982d268db0a3f239eced\"},\"headline\":\"Y con la mejor energ\u00eda para construir pa\u00eds, Radamel Falcao\",\"datePublished\":\"2024-08-02T19:00:00+00:00\",\"dateModified\":\"2024-08-02T16:19:42+00:00\",\"mainEntityOfPage\":{\"@id\":\"https:\/\/biciurba.com\/index.php\/2024\/08\/02\/y-con-la-mejor-energia-para-construir-pais-radamel-falcao\/\"},\"wordCount\":385,\"commentCount\":0,\"publisher\":{\"@id\":\"https:\/\/biciurba.com\/#\/schema\/person\/d9675ddf29ee982d268db0a3f239eced\"},\"image\":{\"@id\":\"https:\/\/biciurba.com\/index.php\/2024\/08\/02\/y-con-la-mejor-energia-para-construir-pais-radamel-falcao\/#primaryimage\"},\"thumbnailUrl\":\"https:\/\/biciurba.com\/wp-content\/uploads\/2024\/08\/Falcao.png\",\"articleSection\":[\"Ciudad Sostenible\"],\"inLanguage\":\"es\",\"potentialAction\":[{\"@type\":\"CommentAction\",\"name\":\"Comment\",\"target\":[\"https:\/\/biciurba.com\/index.php\/2024\/08\/02\/y-con-la-mejor-energia-para-construir-pais-radamel-falcao\/#respond\"]}]},{\"@type\":\"WebPage\",\"@id\":\"https:\/\/biciurba.com\/index.php\/2024\/08\/02\/y-con-la-mejor-energia-para-construir-pais-radamel-falcao\/\",\"url\":\"https:\/\/biciurba.com\/index.php\/2024\/08\/02\/y-con-la-mejor-energia-para-construir-pais-radamel-falcao\/\",\"name\":\"Y con la mejor energ\u00eda para construir pa\u00eds, Radamel Falcao - Biciurba\",\"isPartOf\":{\"@id\":\"https:\/\/biciurba.com\/#website\"},\"primaryImageOfPage\":{\"@id\":\"https:\/\/biciurba.com\/index.php\/2024\/08\/02\/y-con-la-mejor-energia-para-construir-pais-radamel-falcao\/#primaryimage\"},\"image\":{\"@id\":\"https:\/\/biciurba.com\/index.php\/2024\/08\/02\/y-con-la-mejor-energia-para-construir-pais-radamel-falcao\/#primaryimage\"},\"thumbnailUrl\":\"https:\/\/biciurba.com\/wp-content\/uploads\/2024\/08\/Falcao.png\",\"datePublished\":\"2024-08-02T19:00:00+00:00\",\"dateModified\":\"2024-08-02T16:19:42+00:00\",\"breadcrumb\":{\"@id\":\"https:\/\/biciurba.com\/index.php\/2024\/08\/02\/y-con-la-mejor-energia-para-construir-pais-radamel-falcao\/#breadcrumb\"},\"inLanguage\":\"es\",\"potentialAction\":[{\"@type\":\"ReadAction\",\"target\":[\"https:\/\/biciurba.com\/index.php\/2024\/08\/02\/y-con-la-mejor-energia-para-construir-pais-radamel-falcao\/\"]}]},{\"@type\":\"ImageObject\",\"inLanguage\":\"es\",\"@id\":\"https:\/\/biciurba.com\/index.php\/2024\/08\/02\/y-con-la-mejor-energia-para-construir-pais-radamel-falcao\/#primaryimage\",\"url\":\"https:\/\/biciurba.com\/wp-content\/uploads\/2024\/08\/Falcao.png\",\"contentUrl\":\"https:\/\/biciurba.com\/wp-content\/uploads\/2024\/08\/Falcao.png\",\"width\":602,\"height\":404,\"caption\":\"Se lanza con Radamel Falcao, la iniciativa de compromiso con Colombia para promover la mejor energ\u00eda entre los colombianos.\"},{\"@type\":\"BreadcrumbList\",\"@id\":\"https:\/\/biciurba.com\/index.php\/2024\/08\/02\/y-con-la-mejor-energia-para-construir-pais-radamel-falcao\/#breadcrumb\",\"itemListElement\":[{\"@type\":\"ListItem\",\"position\":1,\"name\":\"Portada\",\"item\":\"https:\/\/biciurba.com\/\"},{\"@type\":\"ListItem\",\"position\":2,\"name\":\"Y con la mejor energ\u00eda para construir pa\u00eds, Radamel Falcao\"}]},{\"@type\":\"WebSite\",\"@id\":\"https:\/\/biciurba.com\/#website\",\"url\":\"https:\/\/biciurba.com\/\",\"name\":\"Biciurba\",\"description\":\"Una mejor manera de vivir\",\"publisher\":{\"@id\":\"https:\/\/biciurba.com\/#\/schema\/person\/d9675ddf29ee982d268db0a3f239eced\"},\"potentialAction\":[{\"@type\":\"SearchAction\",\"target\":{\"@type\":\"EntryPoint\",\"urlTemplate\":\"https:\/\/biciurba.com\/?s={search_term_string}\"},\"query-input\":{\"@type\":\"PropertyValueSpecification\",\"valueRequired\":true,\"valueName\":\"search_term_string\"}}],\"inLanguage\":\"es\"},{\"@type\":[\"Person\",\"Organization\"],\"@id\":\"https:\/\/biciurba.com\/#\/schema\/person\/d9675ddf29ee982d268db0a3f239eced\",\"name\":\"Carlos Cantor\",\"image\":{\"@type\":\"ImageObject\",\"inLanguage\":\"es\",\"@id\":\"https:\/\/biciurba.com\/#\/schema\/person\/image\/\",\"url\":\"https:\/\/biciurba.com\/wp-content\/uploads\/2024\/04\/cropped-logo-1.png\",\"contentUrl\":\"https:\/\/biciurba.com\/wp-content\/uploads\/2024\/04\/cropped-logo-1.png\",\"width\":512,\"height\":318,\"caption\":\"Carlos Cantor\"},\"logo\":{\"@id\":\"https:\/\/biciurba.com\/#\/schema\/person\/image\/\"},\"sameAs\":[\"https:\/\/biciurba.com\"],\"url\":\"https:\/\/biciurba.com\/index.php\/author\/ccantor\/\"}]}<\/script>\n<!-- \/ Yoast SEO plugin. -->","yoast_head_json":{"title":"Y con la mejor energ\u00eda para construir pa\u00eds, Radamel Falcao - Biciurba","robots":{"index":"index","follow":"follow","max-snippet":"max-snippet:-1","max-image-preview":"max-image-preview:large","max-video-preview":"max-video-preview:-1"},"canonical":"https:\/\/biciurba.com\/index.php\/2024\/08\/02\/y-con-la-mejor-energia-para-construir-pais-radamel-falcao\/","og_locale":"es_ES","og_type":"article","og_title":"Y con la mejor energ\u00eda para construir pa\u00eds, Radamel Falcao - Biciurba","og_description":"Seg\u00fan un informe de Marca Pa\u00eds, la resiliencia, generosidad, perseverancia y capacidad de superar las adversidades con creatividad e innovaci\u00f3n, son distintivos de los colombianos. A estas caracter\u00edsticas se suman la alegr\u00eda y la buena energ\u00eda que los destaca y diferencia en cualquier rinc\u00f3n del mundo. En l\u00ednea con estos atributos, Radamel Falcao Garc\u00eda, afirma [&hellip;]","og_url":"https:\/\/biciurba.com\/index.php\/2024\/08\/02\/y-con-la-mejor-energia-para-construir-pais-radamel-falcao\/","og_site_name":"Biciurba","article_published_time":"2024-08-02T19:00:00+00:00","article_modified_time":"2024-08-02T16:19:42+00:00","og_image":[{"width":602,"height":404,"url":"https:\/\/biciurba.com\/wp-content\/uploads\/2024\/08\/Falcao.png","type":"image\/png"}],"author":"Carlos Cantor","twitter_card":"summary_large_image","twitter_misc":{"Escrito por":"Carlos Cantor","Tiempo de lectura":"2 minutos"},"schema":{"@context":"https:\/\/schema.org","@graph":[{"@type":"Article","@id":"https:\/\/biciurba.com\/index.php\/2024\/08\/02\/y-con-la-mejor-energia-para-construir-pais-radamel-falcao\/#article","isPartOf":{"@id":"https:\/\/biciurba.com\/index.php\/2024\/08\/02\/y-con-la-mejor-energia-para-construir-pais-radamel-falcao\/"},"author":{"name":"Carlos Cantor","@id":"https:\/\/biciurba.com\/#\/schema\/person\/d9675ddf29ee982d268db0a3f239eced"},"headline":"Y con la mejor energ\u00eda para construir pa\u00eds, Radamel Falcao","datePublished":"2024-08-02T19:00:00+00:00","dateModified":"2024-08-02T16:19:42+00:00","mainEntityOfPage":{"@id":"https:\/\/biciurba.com\/index.php\/2024\/08\/02\/y-con-la-mejor-energia-para-construir-pais-radamel-falcao\/"},"wordCount":385,"commentCount":0,"publisher":{"@id":"https:\/\/biciurba.com\/#\/schema\/person\/d9675ddf29ee982d268db0a3f239eced"},"image":{"@id":"https:\/\/biciurba.com\/index.php\/2024\/08\/02\/y-con-la-mejor-energia-para-construir-pais-radamel-falcao\/#primaryimage"},"thumbnailUrl":"https:\/\/biciurba.com\/wp-content\/uploads\/2024\/08\/Falcao.png","articleSection":["Ciudad Sostenible"],"inLanguage":"es","potentialAction":[{"@type":"CommentAction","name":"Comment","target":["https:\/\/biciurba.com\/index.php\/2024\/08\/02\/y-con-la-mejor-energia-para-construir-pais-radamel-falcao\/#respond"]}]},{"@type":"WebPage","@id":"https:\/\/biciurba.com\/index.php\/2024\/08\/02\/y-con-la-mejor-energia-para-construir-pais-radamel-falcao\/","url":"https:\/\/biciurba.com\/index.php\/2024\/08\/02\/y-con-la-mejor-energia-para-construir-pais-radamel-falcao\/","name":"Y con la mejor energ\u00eda para construir pa\u00eds, Radamel Falcao - Biciurba","isPartOf":{"@id":"https:\/\/biciurba.com\/#website"},"primaryImageOfPage":{"@id":"https:\/\/biciurba.com\/index.php\/2024\/08\/02\/y-con-la-mejor-energia-para-construir-pais-radamel-falcao\/#primaryimage"},"image":{"@id":"https:\/\/biciurba.com\/index.php\/2024\/08\/02\/y-con-la-mejor-energia-para-construir-pais-radamel-falcao\/#primaryimage"},"thumbnailUrl":"https:\/\/biciurba.com\/wp-content\/uploads\/2024\/08\/Falcao.png","datePublished":"2024-08-02T19:00:00+00:00","dateModified":"2024-08-02T16:19:42+00:00","breadcrumb":{"@id":"https:\/\/biciurba.com\/index.php\/2024\/08\/02\/y-con-la-mejor-energia-para-construir-pais-radamel-falcao\/#breadcrumb"},"inLanguage":"es","potentialAction":[{"@type":"ReadAction","target":["https:\/\/biciurba.com\/index.php\/2024\/08\/02\/y-con-la-mejor-energia-para-construir-pais-radamel-falcao\/"]}]},{"@type":"ImageObject","inLanguage":"es","@id":"https:\/\/biciurba.com\/index.php\/2024\/08\/02\/y-con-la-mejor-energia-para-construir-pais-radamel-falcao\/#primaryimage","url":"https:\/\/biciurba.com\/wp-content\/uploads\/2024\/08\/Falcao.png","contentUrl":"https:\/\/biciurba.com\/wp-content\/uploads\/2024\/08\/Falcao.png","width":602,"height":404,"caption":"Se lanza con Radamel Falcao, la iniciativa de compromiso con Colombia para promover la mejor energ\u00eda entre los colombianos."},{"@type":"BreadcrumbList","@id":"https:\/\/biciurba.com\/index.php\/2024\/08\/02\/y-con-la-mejor-energia-para-construir-pais-radamel-falcao\/#breadcrumb","itemListElement":[{"@type":"ListItem","position":1,"name":"Portada","item":"https:\/\/biciurba.com\/"},{"@type":"ListItem","position":2,"name":"Y con la mejor energ\u00eda para construir pa\u00eds, Radamel Falcao"}]},{"@type":"WebSite","@id":"https:\/\/biciurba.com\/#website","url":"https:\/\/biciurba.com\/","name":"Biciurba","description":"Una mejor manera de vivir","publisher":{"@id":"https:\/\/biciurba.com\/#\/schema\/person\/d9675ddf29ee982d268db0a3f239eced"},"potentialAction":[{"@type":"SearchAction","target":{"@type":"EntryPoint","urlTemplate":"https:\/\/biciurba.com\/?s={search_term_string}"},"query-input":{"@type":"PropertyValueSpecification","valueRequired":true,"valueName":"search_term_string"}}],"inLanguage":"es"},{"@type":["Person","Organization"],"@id":"https:\/\/biciurba.com\/#\/schema\/person\/d9675ddf29ee982d268db0a3f239eced","name":"Carlos Cantor","image":{"@type":"ImageObject","inLanguage":"es","@id":"https:\/\/biciurba.com\/#\/schema\/person\/image\/","url":"https:\/\/biciurba.com\/wp-content\/uploads\/2024\/04\/cropped-logo-1.png","contentUrl":"https:\/\/biciurba.com\/wp-content\/uploads\/2024\/04\/cropped-logo-1.png","width":512,"height":318,"caption":"Carlos Cantor"},"logo":{"@id":"https:\/\/biciurba.com\/#\/schema\/person\/image\/"},"sameAs":["https:\/\/biciurba.com"],"url":"https:\/\/biciurba.com\/index.php\/author\/ccantor\/"}]}},"_links":{"self":[{"href":"https:\/\/biciurba.com\/index.php\/wp-json\/wp\/v2\/posts\/906"}],"collection":[{"href":"https:\/\/biciurba.com\/index.php\/wp-json\/wp\/v2\/posts"}],"about":[{"href":"https:\/\/biciurba.com\/index.php\/wp-json\/wp\/v2\/types\/post"}],"author":[{"embeddable":true,"href":"https:\/\/biciurba.com\/index.php\/wp-json\/wp\/v2\/users\/1"}],"replies":[{"embeddable":true,"href":"https:\/\/biciurba.com\/index.php\/wp-json\/wp\/v2\/comments?post=906"}],"version-history":[{"count":1,"href":"https:\/\/biciurba.com\/index.php\/wp-json\/wp\/v2\/posts\/906\/revisions"}],"predecessor-version":[{"id":908,"href":"https:\/\/biciurba.com\/index.php\/wp-json\/wp\/v2\/posts\/906\/revisions\/908"}],"wp:featuredmedia":[{"embeddable":true,"href":"https:\/\/biciurba.com\/index.php\/wp-json\/wp\/v2\/media\/907"}],"wp:attachment":[{"href":"https:\/\/biciurba.com\/index.php\/wp-json\/wp\/v2\/media?parent=906"}],"wp:term":[{"taxonomy":"category","embeddable":true,"href":"https:\/\/biciurba.com\/index.php\/wp-json\/wp\/v2\/categories?post=906"},{"taxonomy":"post_tag","embeddable":true,"href":"https:\/\/biciurba.com\/index.php\/wp-json\/wp\/v2\/tags?post=906"}],"curies":[{"name":"wp","href":"https:\/\/api.w.org\/{rel}","templated":true}]}}