{"id":918,"date":"2024-08-06T12:03:55","date_gmt":"2024-08-06T17:03:55","guid":{"rendered":"https:\/\/biciurba.com\/?p=918"},"modified":"2024-08-06T12:36:00","modified_gmt":"2024-08-06T17:36:00","slug":"el-lugar-mas-bonito-de-bogota-cumple-69-anos-el-jbb","status":"publish","type":"post","link":"https:\/\/biciurba.com\/index.php\/2024\/08\/06\/el-lugar-mas-bonito-de-bogota-cumple-69-anos-el-jbb\/","title":{"rendered":"El lugar m\u00e1s bonito de Bogot\u00e1 cumple 69 a\u00f1os de creaci\u00f3n"},"content":{"rendered":"\n<p>Y es el Jard\u00edn Bot\u00e1nico \u00abJos\u00e9 Celestino Mutis\u00bb , un lugar pleno de vida donde lo verde, florido, lleno de formas, aromas y colores nos hacen sentir bien, porque es un espacio arm\u00f3nico, donde se puede caminar y a su vez conocer de la riqueza bot\u00e1nica de nuestro pa\u00eds.<\/p>\n\n\n\n<p>Es un centro de investigaci\u00f3n reconocido a nivel internacional. Entre sus muchas labores est\u00e1 el recuperar plantas de lugares como la selva andina, que enfrentan su desaparici\u00f3n por da\u00f1os ambientales causados por la agricultura, la miner\u00eda y el uso extensivo de agroqu\u00edmicos que atentan contra las plantas originales y sus ecosistemas que les permite vivir. Con respecto a la ciudad, este centro bot\u00e1nico tiene un papel muy importante en ella, pues con su participaci\u00f3n se establecen pol\u00edticas ambientales que buscan proteger, crear y promover bosques urbanos, agricultura urbana y el cuidado de los cerros en cuanto a su vegetaci\u00f3n.<\/p>\n\n\n\n<p>Como centro de estudios tiene uno de los mejores laboratorios vivos, el Tropicario donde se exhiben plantas \u00fatiles de Colombia y plantas de algunos de los ecosistemas m\u00e1s amenazados del pa\u00eds. Durante su existencia, se han centrado en la adquisici\u00f3n de nuevas especies y en las actividades de mantenimiento necesarias para garantizar su supervivencia. Actualmente, la colecci\u00f3n cuenta con alrededor de 500 especies. Es adem\u00e1s el invernadero m\u00e1s grande de Suram\u00e9rica. Su dise\u00f1o consta de seis domos de vidrio en un espacio de 2,700 metros cuadrados: cinco domos albergan colecciones vivas y uno es de exposici\u00f3n temporal. En estos domos se reproducen las condiciones bioclim\u00e1ticas originales de algunos ecosistemas de Colombia, con el objetivo de conservar y propagar la flora nacional.<\/p>\n\n\n\n<p>All\u00ed hay que dedicar tiempo para observar en detalle las muestras de los diferentes pisos t\u00e9rmicos y la forma como se han recreado los ecosistemas verdes, desde las fr\u00edas monta\u00f1as nevadas hasta la selva amaz\u00f3nica, y ciertamente el cambio sutil de la temperatura se siente en el recorrido, que no hay que hacerlo corriendo, m\u00e1s bien pausado y con la perspectiva de ser sorprendido por las plantas y sus hermosas caracter\u00edsticas.<\/p>\n\n\n\n<figure class=\"wp-block-image size-large\"><img loading=\"lazy\" decoding=\"async\" width=\"1024\" height=\"768\" src=\"https:\/\/biciurba.com\/wp-content\/uploads\/2024\/08\/WhatsApp-Image-2024-08-06-at-12.28.15-PM-2-1024x768.jpeg\" alt=\"\" class=\"wp-image-924\" srcset=\"https:\/\/biciurba.com\/wp-content\/uploads\/2024\/08\/WhatsApp-Image-2024-08-06-at-12.28.15-PM-2-1024x768.jpeg 1024w, https:\/\/biciurba.com\/wp-content\/uploads\/2024\/08\/WhatsApp-Image-2024-08-06-at-12.28.15-PM-2-300x225.jpeg 300w, https:\/\/biciurba.com\/wp-content\/uploads\/2024\/08\/WhatsApp-Image-2024-08-06-at-12.28.15-PM-2-768x576.jpeg 768w, https:\/\/biciurba.com\/wp-content\/uploads\/2024\/08\/WhatsApp-Image-2024-08-06-at-12.28.15-PM-2-1536x1152.jpeg 1536w, https:\/\/biciurba.com\/wp-content\/uploads\/2024\/08\/WhatsApp-Image-2024-08-06-at-12.28.15-PM-2-560x420.jpeg 560w, https:\/\/biciurba.com\/wp-content\/uploads\/2024\/08\/WhatsApp-Image-2024-08-06-at-12.28.15-PM-2-80x60.jpeg 80w, https:\/\/biciurba.com\/wp-content\/uploads\/2024\/08\/WhatsApp-Image-2024-08-06-at-12.28.15-PM-2-100x75.jpeg 100w, https:\/\/biciurba.com\/wp-content\/uploads\/2024\/08\/WhatsApp-Image-2024-08-06-at-12.28.15-PM-2-180x135.jpeg 180w, https:\/\/biciurba.com\/wp-content\/uploads\/2024\/08\/WhatsApp-Image-2024-08-06-at-12.28.15-PM-2-238x178.jpeg 238w, https:\/\/biciurba.com\/wp-content\/uploads\/2024\/08\/WhatsApp-Image-2024-08-06-at-12.28.15-PM-2-640x480.jpeg 640w, https:\/\/biciurba.com\/wp-content\/uploads\/2024\/08\/WhatsApp-Image-2024-08-06-at-12.28.15-PM-2-681x511.jpeg 681w, https:\/\/biciurba.com\/wp-content\/uploads\/2024\/08\/WhatsApp-Image-2024-08-06-at-12.28.15-PM-2.jpeg 1600w\" sizes=\"(max-width: 1024px) 100vw, 1024px\" \/><figcaption class=\"wp-element-caption\">Foto de MH Escalante<\/figcaption><\/figure>\n\n\n\n<p>El Jard\u00edn ofrece un rosedal, \u00e1rboles de muy distintas variedades, cultivos urbanos y en general todo un ecosistema rodeado de vida y que lo aleja de la ciudad, estando en un sector relativamente c\u00e9ntrico y donde se encuentran escenarios deportivos como la Unidad deportiva El Salitre,  el parque metropolitano Sim\u00f3n Bol\u00edvar, la biblioteca Virgilio Barco, el parque de Los Novios, o el Parque El Salitre, haciendo de estos lugares un circuito que se puede visitar cualquier d\u00eda de la semana.<\/p>\n\n\n\n<p>El Jard\u00edn Bot\u00e1nico de Bogot\u00e1 Jos\u00e9 Celestino Mutis se posiciona como un referente en la investigaci\u00f3n para la conservaci\u00f3n de la flora, ofreciendo soluciones y alternativas en el sector ambiental de la ciudad y regi\u00f3n, con repercusi\u00f3n nacional, es un ente consultor en conservaci\u00f3n, restauraci\u00f3n, uso sostenible de coberturas vegetales en mitigaci\u00f3n y adaptaci\u00f3n al cambio clim\u00e1tico. Promueve  la cultura ambiental en la ciudad y la regi\u00f3n, a trav\u00e9s de la educaci\u00f3n y la divulgaci\u00f3n del conocimiento bot\u00e1nico y ecol\u00f3gico que se hace a trav\u00e9s de programas accesibles a la ciudadan\u00eda en general. <\/p>\n\n\n\n<p>Por ser el Centro m\u00e1s destacado en el pa\u00eds, es asesor permanente a otros Jardines Bot\u00e1nicos del pa\u00eds, adem\u00e1s de trabajar de forma directa con entidades del Distrito Capital, como la Universidad Distrital Francisco Jos\u00e9 de Caldas, autoridades locales y el sector privado en programas de arborizaci\u00f3n y ornamentaci\u00f3n de la ciudad.<\/p>\n\n\n\n<figure class=\"wp-block-image size-large\"><img loading=\"lazy\" decoding=\"async\" width=\"1024\" height=\"768\" src=\"https:\/\/biciurba.com\/wp-content\/uploads\/2024\/08\/WhatsApp-Image-2024-08-06-at-12.28.15-PM-1024x768.jpeg\" alt=\"\" class=\"wp-image-926\" srcset=\"https:\/\/biciurba.com\/wp-content\/uploads\/2024\/08\/WhatsApp-Image-2024-08-06-at-12.28.15-PM-1024x768.jpeg 1024w, https:\/\/biciurba.com\/wp-content\/uploads\/2024\/08\/WhatsApp-Image-2024-08-06-at-12.28.15-PM-300x225.jpeg 300w, https:\/\/biciurba.com\/wp-content\/uploads\/2024\/08\/WhatsApp-Image-2024-08-06-at-12.28.15-PM-768x576.jpeg 768w, https:\/\/biciurba.com\/wp-content\/uploads\/2024\/08\/WhatsApp-Image-2024-08-06-at-12.28.15-PM-1536x1152.jpeg 1536w, https:\/\/biciurba.com\/wp-content\/uploads\/2024\/08\/WhatsApp-Image-2024-08-06-at-12.28.15-PM-560x420.jpeg 560w, https:\/\/biciurba.com\/wp-content\/uploads\/2024\/08\/WhatsApp-Image-2024-08-06-at-12.28.15-PM-80x60.jpeg 80w, https:\/\/biciurba.com\/wp-content\/uploads\/2024\/08\/WhatsApp-Image-2024-08-06-at-12.28.15-PM-100x75.jpeg 100w, https:\/\/biciurba.com\/wp-content\/uploads\/2024\/08\/WhatsApp-Image-2024-08-06-at-12.28.15-PM-180x135.jpeg 180w, https:\/\/biciurba.com\/wp-content\/uploads\/2024\/08\/WhatsApp-Image-2024-08-06-at-12.28.15-PM-238x178.jpeg 238w, https:\/\/biciurba.com\/wp-content\/uploads\/2024\/08\/WhatsApp-Image-2024-08-06-at-12.28.15-PM-640x480.jpeg 640w, https:\/\/biciurba.com\/wp-content\/uploads\/2024\/08\/WhatsApp-Image-2024-08-06-at-12.28.15-PM-681x511.jpeg 681w, https:\/\/biciurba.com\/wp-content\/uploads\/2024\/08\/WhatsApp-Image-2024-08-06-at-12.28.15-PM.jpeg 1600w\" sizes=\"(max-width: 1024px) 100vw, 1024px\" \/><figcaption class=\"wp-element-caption\">Foto de MH Escalante.<\/figcaption><\/figure>\n\n\n\n<p>La primera versi\u00f3n del Tropicario del Jard\u00edn Bot\u00e1nico de Bogot\u00e1 existi\u00f3 desde su fundaci\u00f3n en 1955 y fue concebido por el padre Enrique P\u00e9rez Arbel\u00e1ez. Hoy es el centro de atracci\u00f3n, pero no deje pasar la oportunidad de recorrer todo el Jard\u00edn, tomarse un buen caf\u00e9 y disfrutar todo un d\u00eda conociendo esta belleza bogotana plena de vida y sorprendente dise\u00f1o. Naturaleza viva en plenitud.<\/p>\n\n\n\n<p><\/p>\n","protected":false},"excerpt":{"rendered":"<p>Y es el Jard\u00edn Bot\u00e1nico \u00abJos\u00e9 Celestino Mutis\u00bb , un lugar pleno de vida donde lo verde, florido, lleno de formas, aromas y colores nos hacen sentir bien, porque es un espacio arm\u00f3nico, donde se puede caminar y a su vez conocer de la riqueza bot\u00e1nica de nuestro pa\u00eds. Es un centro de investigaci\u00f3n reconocido [&hellip;]<\/p>\n","protected":false},"author":1,"featured_media":919,"comment_status":"open","ping_status":"open","sticky":false,"template":"","format":"standard","meta":{"footnotes":""},"categories":[14],"tags":[387,385,384,386],"class_list":["post-918","post","type-post","status-publish","format-standard","has-post-thumbnail","hentry","category-sostenibilidad","tag-bogota-2","tag-jardin-botanico","tag-jjb","tag-tropicario"],"yoast_head":"<!-- This site is optimized with the Yoast SEO plugin v23.9 - https:\/\/yoast.com\/wordpress\/plugins\/seo\/ -->\n<title>El lugar m\u00e1s bonito de Bogot\u00e1 cumple 69 a\u00f1os de creaci\u00f3n - Biciurba<\/title>\n<meta name=\"robots\" content=\"index, follow, max-snippet:-1, max-image-preview:large, max-video-preview:-1\" \/>\n<link rel=\"canonical\" href=\"https:\/\/biciurba.com\/index.php\/2024\/08\/06\/el-lugar-mas-bonito-de-bogota-cumple-69-anos-el-jbb\/\" \/>\n<meta property=\"og:locale\" content=\"es_ES\" \/>\n<meta property=\"og:type\" content=\"article\" \/>\n<meta property=\"og:title\" content=\"El lugar m\u00e1s bonito de Bogot\u00e1 cumple 69 a\u00f1os de creaci\u00f3n - Biciurba\" \/>\n<meta property=\"og:description\" content=\"Y es el Jard\u00edn Bot\u00e1nico \u00abJos\u00e9 Celestino Mutis\u00bb , un lugar pleno de vida donde lo verde, florido, lleno de formas, aromas y colores nos hacen sentir bien, porque es un espacio arm\u00f3nico, donde se puede caminar y a su vez conocer de la riqueza bot\u00e1nica de nuestro pa\u00eds. Es un centro de investigaci\u00f3n reconocido [&hellip;]\" \/>\n<meta property=\"og:url\" content=\"https:\/\/biciurba.com\/index.php\/2024\/08\/06\/el-lugar-mas-bonito-de-bogota-cumple-69-anos-el-jbb\/\" \/>\n<meta property=\"og:site_name\" content=\"Biciurba\" \/>\n<meta property=\"article:published_time\" content=\"2024-08-06T17:03:55+00:00\" \/>\n<meta property=\"article:modified_time\" content=\"2024-08-06T17:36:00+00:00\" \/>\n<meta property=\"og:image\" content=\"https:\/\/biciurba.com\/wp-content\/uploads\/2024\/08\/JJB.png\" \/>\n\t<meta property=\"og:image:width\" content=\"600\" \/>\n\t<meta property=\"og:image:height\" content=\"400\" \/>\n\t<meta property=\"og:image:type\" content=\"image\/png\" \/>\n<meta name=\"author\" content=\"Carlos Cantor\" \/>\n<meta name=\"twitter:card\" content=\"summary_large_image\" \/>\n<meta name=\"twitter:label1\" content=\"Escrito por\" \/>\n\t<meta name=\"twitter:data1\" content=\"Carlos Cantor\" \/>\n\t<meta name=\"twitter:label2\" content=\"Tiempo de lectura\" \/>\n\t<meta name=\"twitter:data2\" content=\"4 minutos\" \/>\n<script type=\"application\/ld+json\" class=\"yoast-schema-graph\">{\"@context\":\"https:\/\/schema.org\",\"@graph\":[{\"@type\":\"Article\",\"@id\":\"https:\/\/biciurba.com\/index.php\/2024\/08\/06\/el-lugar-mas-bonito-de-bogota-cumple-69-anos-el-jbb\/#article\",\"isPartOf\":{\"@id\":\"https:\/\/biciurba.com\/index.php\/2024\/08\/06\/el-lugar-mas-bonito-de-bogota-cumple-69-anos-el-jbb\/\"},\"author\":{\"name\":\"Carlos Cantor\",\"@id\":\"https:\/\/biciurba.com\/#\/schema\/person\/d9675ddf29ee982d268db0a3f239eced\"},\"headline\":\"El lugar m\u00e1s bonito de Bogot\u00e1 cumple 69 a\u00f1os de creaci\u00f3n\",\"datePublished\":\"2024-08-06T17:03:55+00:00\",\"dateModified\":\"2024-08-06T17:36:00+00:00\",\"mainEntityOfPage\":{\"@id\":\"https:\/\/biciurba.com\/index.php\/2024\/08\/06\/el-lugar-mas-bonito-de-bogota-cumple-69-anos-el-jbb\/\"},\"wordCount\":718,\"commentCount\":0,\"publisher\":{\"@id\":\"https:\/\/biciurba.com\/#\/schema\/person\/d9675ddf29ee982d268db0a3f239eced\"},\"image\":{\"@id\":\"https:\/\/biciurba.com\/index.php\/2024\/08\/06\/el-lugar-mas-bonito-de-bogota-cumple-69-anos-el-jbb\/#primaryimage\"},\"thumbnailUrl\":\"https:\/\/biciurba.com\/wp-content\/uploads\/2024\/08\/JJB.png\",\"keywords\":[\"Bogot\u00e1.\",\"Jard\u00edn Bot\u00e1nico\",\"JJB\",\"Tropicario\"],\"articleSection\":[\"Ciudad Sostenible\"],\"inLanguage\":\"es\",\"potentialAction\":[{\"@type\":\"CommentAction\",\"name\":\"Comment\",\"target\":[\"https:\/\/biciurba.com\/index.php\/2024\/08\/06\/el-lugar-mas-bonito-de-bogota-cumple-69-anos-el-jbb\/#respond\"]}]},{\"@type\":\"WebPage\",\"@id\":\"https:\/\/biciurba.com\/index.php\/2024\/08\/06\/el-lugar-mas-bonito-de-bogota-cumple-69-anos-el-jbb\/\",\"url\":\"https:\/\/biciurba.com\/index.php\/2024\/08\/06\/el-lugar-mas-bonito-de-bogota-cumple-69-anos-el-jbb\/\",\"name\":\"El lugar m\u00e1s bonito de Bogot\u00e1 cumple 69 a\u00f1os de creaci\u00f3n - Biciurba\",\"isPartOf\":{\"@id\":\"https:\/\/biciurba.com\/#website\"},\"primaryImageOfPage\":{\"@id\":\"https:\/\/biciurba.com\/index.php\/2024\/08\/06\/el-lugar-mas-bonito-de-bogota-cumple-69-anos-el-jbb\/#primaryimage\"},\"image\":{\"@id\":\"https:\/\/biciurba.com\/index.php\/2024\/08\/06\/el-lugar-mas-bonito-de-bogota-cumple-69-anos-el-jbb\/#primaryimage\"},\"thumbnailUrl\":\"https:\/\/biciurba.com\/wp-content\/uploads\/2024\/08\/JJB.png\",\"datePublished\":\"2024-08-06T17:03:55+00:00\",\"dateModified\":\"2024-08-06T17:36:00+00:00\",\"breadcrumb\":{\"@id\":\"https:\/\/biciurba.com\/index.php\/2024\/08\/06\/el-lugar-mas-bonito-de-bogota-cumple-69-anos-el-jbb\/#breadcrumb\"},\"inLanguage\":\"es\",\"potentialAction\":[{\"@type\":\"ReadAction\",\"target\":[\"https:\/\/biciurba.com\/index.php\/2024\/08\/06\/el-lugar-mas-bonito-de-bogota-cumple-69-anos-el-jbb\/\"]}]},{\"@type\":\"ImageObject\",\"inLanguage\":\"es\",\"@id\":\"https:\/\/biciurba.com\/index.php\/2024\/08\/06\/el-lugar-mas-bonito-de-bogota-cumple-69-anos-el-jbb\/#primaryimage\",\"url\":\"https:\/\/biciurba.com\/wp-content\/uploads\/2024\/08\/JJB.png\",\"contentUrl\":\"https:\/\/biciurba.com\/wp-content\/uploads\/2024\/08\/JJB.png\",\"width\":600,\"height\":400,\"caption\":\"El tropicario del JBB, sus imponentes domos de hasta 20 metros de altura le merecieron el premio mundial de la Bienal Panamericana de Arquitectura de Quito (BAQ) en 2020. El Tropicario actual se inaugur\u00f3 en 2021.\"},{\"@type\":\"BreadcrumbList\",\"@id\":\"https:\/\/biciurba.com\/index.php\/2024\/08\/06\/el-lugar-mas-bonito-de-bogota-cumple-69-anos-el-jbb\/#breadcrumb\",\"itemListElement\":[{\"@type\":\"ListItem\",\"position\":1,\"name\":\"Portada\",\"item\":\"https:\/\/biciurba.com\/\"},{\"@type\":\"ListItem\",\"position\":2,\"name\":\"El lugar m\u00e1s bonito de Bogot\u00e1 cumple 69 a\u00f1os de creaci\u00f3n\"}]},{\"@type\":\"WebSite\",\"@id\":\"https:\/\/biciurba.com\/#website\",\"url\":\"https:\/\/biciurba.com\/\",\"name\":\"Biciurba\",\"description\":\"Una mejor manera de vivir\",\"publisher\":{\"@id\":\"https:\/\/biciurba.com\/#\/schema\/person\/d9675ddf29ee982d268db0a3f239eced\"},\"potentialAction\":[{\"@type\":\"SearchAction\",\"target\":{\"@type\":\"EntryPoint\",\"urlTemplate\":\"https:\/\/biciurba.com\/?s={search_term_string}\"},\"query-input\":{\"@type\":\"PropertyValueSpecification\",\"valueRequired\":true,\"valueName\":\"search_term_string\"}}],\"inLanguage\":\"es\"},{\"@type\":[\"Person\",\"Organization\"],\"@id\":\"https:\/\/biciurba.com\/#\/schema\/person\/d9675ddf29ee982d268db0a3f239eced\",\"name\":\"Carlos Cantor\",\"image\":{\"@type\":\"ImageObject\",\"inLanguage\":\"es\",\"@id\":\"https:\/\/biciurba.com\/#\/schema\/person\/image\/\",\"url\":\"https:\/\/biciurba.com\/wp-content\/uploads\/2024\/04\/cropped-logo-1.png\",\"contentUrl\":\"https:\/\/biciurba.com\/wp-content\/uploads\/2024\/04\/cropped-logo-1.png\",\"width\":512,\"height\":318,\"caption\":\"Carlos Cantor\"},\"logo\":{\"@id\":\"https:\/\/biciurba.com\/#\/schema\/person\/image\/\"},\"sameAs\":[\"https:\/\/biciurba.com\"],\"url\":\"https:\/\/biciurba.com\/index.php\/author\/ccantor\/\"}]}<\/script>\n<!-- \/ Yoast SEO plugin. -->","yoast_head_json":{"title":"El lugar m\u00e1s bonito de Bogot\u00e1 cumple 69 a\u00f1os de creaci\u00f3n - Biciurba","robots":{"index":"index","follow":"follow","max-snippet":"max-snippet:-1","max-image-preview":"max-image-preview:large","max-video-preview":"max-video-preview:-1"},"canonical":"https:\/\/biciurba.com\/index.php\/2024\/08\/06\/el-lugar-mas-bonito-de-bogota-cumple-69-anos-el-jbb\/","og_locale":"es_ES","og_type":"article","og_title":"El lugar m\u00e1s bonito de Bogot\u00e1 cumple 69 a\u00f1os de creaci\u00f3n - Biciurba","og_description":"Y es el Jard\u00edn Bot\u00e1nico \u00abJos\u00e9 Celestino Mutis\u00bb , un lugar pleno de vida donde lo verde, florido, lleno de formas, aromas y colores nos hacen sentir bien, porque es un espacio arm\u00f3nico, donde se puede caminar y a su vez conocer de la riqueza bot\u00e1nica de nuestro pa\u00eds. Es un centro de investigaci\u00f3n reconocido [&hellip;]","og_url":"https:\/\/biciurba.com\/index.php\/2024\/08\/06\/el-lugar-mas-bonito-de-bogota-cumple-69-anos-el-jbb\/","og_site_name":"Biciurba","article_published_time":"2024-08-06T17:03:55+00:00","article_modified_time":"2024-08-06T17:36:00+00:00","og_image":[{"width":600,"height":400,"url":"https:\/\/biciurba.com\/wp-content\/uploads\/2024\/08\/JJB.png","type":"image\/png"}],"author":"Carlos Cantor","twitter_card":"summary_large_image","twitter_misc":{"Escrito por":"Carlos Cantor","Tiempo de lectura":"4 minutos"},"schema":{"@context":"https:\/\/schema.org","@graph":[{"@type":"Article","@id":"https:\/\/biciurba.com\/index.php\/2024\/08\/06\/el-lugar-mas-bonito-de-bogota-cumple-69-anos-el-jbb\/#article","isPartOf":{"@id":"https:\/\/biciurba.com\/index.php\/2024\/08\/06\/el-lugar-mas-bonito-de-bogota-cumple-69-anos-el-jbb\/"},"author":{"name":"Carlos Cantor","@id":"https:\/\/biciurba.com\/#\/schema\/person\/d9675ddf29ee982d268db0a3f239eced"},"headline":"El lugar m\u00e1s bonito de Bogot\u00e1 cumple 69 a\u00f1os de creaci\u00f3n","datePublished":"2024-08-06T17:03:55+00:00","dateModified":"2024-08-06T17:36:00+00:00","mainEntityOfPage":{"@id":"https:\/\/biciurba.com\/index.php\/2024\/08\/06\/el-lugar-mas-bonito-de-bogota-cumple-69-anos-el-jbb\/"},"wordCount":718,"commentCount":0,"publisher":{"@id":"https:\/\/biciurba.com\/#\/schema\/person\/d9675ddf29ee982d268db0a3f239eced"},"image":{"@id":"https:\/\/biciurba.com\/index.php\/2024\/08\/06\/el-lugar-mas-bonito-de-bogota-cumple-69-anos-el-jbb\/#primaryimage"},"thumbnailUrl":"https:\/\/biciurba.com\/wp-content\/uploads\/2024\/08\/JJB.png","keywords":["Bogot\u00e1.","Jard\u00edn Bot\u00e1nico","JJB","Tropicario"],"articleSection":["Ciudad Sostenible"],"inLanguage":"es","potentialAction":[{"@type":"CommentAction","name":"Comment","target":["https:\/\/biciurba.com\/index.php\/2024\/08\/06\/el-lugar-mas-bonito-de-bogota-cumple-69-anos-el-jbb\/#respond"]}]},{"@type":"WebPage","@id":"https:\/\/biciurba.com\/index.php\/2024\/08\/06\/el-lugar-mas-bonito-de-bogota-cumple-69-anos-el-jbb\/","url":"https:\/\/biciurba.com\/index.php\/2024\/08\/06\/el-lugar-mas-bonito-de-bogota-cumple-69-anos-el-jbb\/","name":"El lugar m\u00e1s bonito de Bogot\u00e1 cumple 69 a\u00f1os de creaci\u00f3n - Biciurba","isPartOf":{"@id":"https:\/\/biciurba.com\/#website"},"primaryImageOfPage":{"@id":"https:\/\/biciurba.com\/index.php\/2024\/08\/06\/el-lugar-mas-bonito-de-bogota-cumple-69-anos-el-jbb\/#primaryimage"},"image":{"@id":"https:\/\/biciurba.com\/index.php\/2024\/08\/06\/el-lugar-mas-bonito-de-bogota-cumple-69-anos-el-jbb\/#primaryimage"},"thumbnailUrl":"https:\/\/biciurba.com\/wp-content\/uploads\/2024\/08\/JJB.png","datePublished":"2024-08-06T17:03:55+00:00","dateModified":"2024-08-06T17:36:00+00:00","breadcrumb":{"@id":"https:\/\/biciurba.com\/index.php\/2024\/08\/06\/el-lugar-mas-bonito-de-bogota-cumple-69-anos-el-jbb\/#breadcrumb"},"inLanguage":"es","potentialAction":[{"@type":"ReadAction","target":["https:\/\/biciurba.com\/index.php\/2024\/08\/06\/el-lugar-mas-bonito-de-bogota-cumple-69-anos-el-jbb\/"]}]},{"@type":"ImageObject","inLanguage":"es","@id":"https:\/\/biciurba.com\/index.php\/2024\/08\/06\/el-lugar-mas-bonito-de-bogota-cumple-69-anos-el-jbb\/#primaryimage","url":"https:\/\/biciurba.com\/wp-content\/uploads\/2024\/08\/JJB.png","contentUrl":"https:\/\/biciurba.com\/wp-content\/uploads\/2024\/08\/JJB.png","width":600,"height":400,"caption":"El tropicario del JBB, sus imponentes domos de hasta 20 metros de altura le merecieron el premio mundial de la Bienal Panamericana de Arquitectura de Quito (BAQ) en 2020. El Tropicario actual se inaugur\u00f3 en 2021."},{"@type":"BreadcrumbList","@id":"https:\/\/biciurba.com\/index.php\/2024\/08\/06\/el-lugar-mas-bonito-de-bogota-cumple-69-anos-el-jbb\/#breadcrumb","itemListElement":[{"@type":"ListItem","position":1,"name":"Portada","item":"https:\/\/biciurba.com\/"},{"@type":"ListItem","position":2,"name":"El lugar m\u00e1s bonito de Bogot\u00e1 cumple 69 a\u00f1os de creaci\u00f3n"}]},{"@type":"WebSite","@id":"https:\/\/biciurba.com\/#website","url":"https:\/\/biciurba.com\/","name":"Biciurba","description":"Una mejor manera de vivir","publisher":{"@id":"https:\/\/biciurba.com\/#\/schema\/person\/d9675ddf29ee982d268db0a3f239eced"},"potentialAction":[{"@type":"SearchAction","target":{"@type":"EntryPoint","urlTemplate":"https:\/\/biciurba.com\/?s={search_term_string}"},"query-input":{"@type":"PropertyValueSpecification","valueRequired":true,"valueName":"search_term_string"}}],"inLanguage":"es"},{"@type":["Person","Organization"],"@id":"https:\/\/biciurba.com\/#\/schema\/person\/d9675ddf29ee982d268db0a3f239eced","name":"Carlos Cantor","image":{"@type":"ImageObject","inLanguage":"es","@id":"https:\/\/biciurba.com\/#\/schema\/person\/image\/","url":"https:\/\/biciurba.com\/wp-content\/uploads\/2024\/04\/cropped-logo-1.png","contentUrl":"https:\/\/biciurba.com\/wp-content\/uploads\/2024\/04\/cropped-logo-1.png","width":512,"height":318,"caption":"Carlos Cantor"},"logo":{"@id":"https:\/\/biciurba.com\/#\/schema\/person\/image\/"},"sameAs":["https:\/\/biciurba.com"],"url":"https:\/\/biciurba.com\/index.php\/author\/ccantor\/"}]}},"_links":{"self":[{"href":"https:\/\/biciurba.com\/index.php\/wp-json\/wp\/v2\/posts\/918"}],"collection":[{"href":"https:\/\/biciurba.com\/index.php\/wp-json\/wp\/v2\/posts"}],"about":[{"href":"https:\/\/biciurba.com\/index.php\/wp-json\/wp\/v2\/types\/post"}],"author":[{"embeddable":true,"href":"https:\/\/biciurba.com\/index.php\/wp-json\/wp\/v2\/users\/1"}],"replies":[{"embeddable":true,"href":"https:\/\/biciurba.com\/index.php\/wp-json\/wp\/v2\/comments?post=918"}],"version-history":[{"count":4,"href":"https:\/\/biciurba.com\/index.php\/wp-json\/wp\/v2\/posts\/918\/revisions"}],"predecessor-version":[{"id":927,"href":"https:\/\/biciurba.com\/index.php\/wp-json\/wp\/v2\/posts\/918\/revisions\/927"}],"wp:featuredmedia":[{"embeddable":true,"href":"https:\/\/biciurba.com\/index.php\/wp-json\/wp\/v2\/media\/919"}],"wp:attachment":[{"href":"https:\/\/biciurba.com\/index.php\/wp-json\/wp\/v2\/media?parent=918"}],"wp:term":[{"taxonomy":"category","embeddable":true,"href":"https:\/\/biciurba.com\/index.php\/wp-json\/wp\/v2\/categories?post=918"},{"taxonomy":"post_tag","embeddable":true,"href":"https:\/\/biciurba.com\/index.php\/wp-json\/wp\/v2\/tags?post=918"}],"curies":[{"name":"wp","href":"https:\/\/api.w.org\/{rel}","templated":true}]}}