{"id":940,"date":"2024-08-09T14:49:05","date_gmt":"2024-08-09T19:49:05","guid":{"rendered":"https:\/\/biciurba.com\/?p=940"},"modified":"2024-08-09T14:49:06","modified_gmt":"2024-08-09T19:49:06","slug":"la-apuesta-a-la-ia-en-colombia","status":"publish","type":"post","link":"https:\/\/biciurba.com\/index.php\/2024\/08\/09\/la-apuesta-a-la-ia-en-colombia\/","title":{"rendered":"La apuesta a la IA en Colombia"},"content":{"rendered":"\n<p>\u00abEn un mundo cada vez m\u00e1s impulsado por la tecnolog\u00eda, es esencial que Latinoam\u00e9rica y el Caribe se posicionen como l\u00edderes en la implementaci\u00f3n de la Inteligencia Artificial. La Cumbre Latinoamericana de Inteligencia Artificial es una oportunidad \u00fanica para que los pa\u00edses de nuestra regi\u00f3n trabajen juntos, compartan conocimientos y fortalezcan sus estrategias en torno a esta tecnolog\u00eda transformadora. Nuestra meta es asegurar que la IA beneficie a todos los sectores de la sociedad, promoviendo un desarrollo inclusivo y sostenible.\u00bb Mauricio Lizcano, ministro de Tecnolog\u00edas de la Informaci\u00f3n y las Comunicaciones de Colombia.<\/p>\n\n\n\n<p>Y ciertamente el cambio de visi\u00f3n de la producci\u00f3n, de nuevas formas de generar riqueza y de manera especial entender que el sistema fabril que viene desde el siglo 18 va pasando. Hoy la apuesta est\u00e1 en la tecnolog\u00eda que adem\u00e1s de reemplazar mano de obra humana, mejora los proceso, facilita el desarrollo y se adapta mejor a una competencia descomunal a la que nuestros pa\u00edses no llegar\u00e1n por much\u00edsimas razones. Producir bienes no resulta tan pr\u00e1ctico cuando China o USA  los produce a niveles inalcanzables. La agricultura se debe mirar hoy desde la perspectiva del cuidado de la tierra, de los biosistemas ya que la forma industrializada de trabajar el campo no resulta tan provechoso al final de cuentas.<\/p>\n\n\n\n<p>Esto no significa dejar de trabajar el campo, es necesario para producir los alimentos que requerimos, pero esa falacia de alimentar al mundo ha demostrado que no es rentable, que no determinamos los precios de los mercados internacionales, que acabamos con la tierra productiva y con el campesinado quebrado y endeudado. La explotaci\u00f3n de recursos minerales, de la forma que se ha hecho durante estos dos \u00faltimos siglos nos esta demostrando lo inconveniente que es, y solo se mide en resultados econ\u00f3micos, pero no en da\u00f1os ambientales irreparables. Tampoco es la soluci\u00f3n definitiva.<\/p>\n\n\n\n<p>Eso no significa no buscar minerales, a fin de cuentas las tecnolog\u00edas lo requieren pero es mejor acercarnos a una econom\u00eda circular que recupere los materiales que desechamos, porque ya no sirven o no cumplen los est\u00e1ndares del software que vamos usando y cambiando. Y ese si que es una opci\u00f3n importante, se puede exportar minerales, si, siempre y cuando no acabemos con nuestro patrimonio nacional: los recursos naturales que son una cadena de vida, en donde cada eslab\u00f3n es primordial, por insignificante que sea.<\/p>\n\n\n\n<p>Qu\u00e9 camino podr\u00edamos pensar, para enfrentar un presente, que implica cambios profundos en la formaci\u00f3n tecnol\u00f3gica, profesional y de posgrados, para  las nuevas generaciones,  que buscan opciones reales frente al crecimiento, en todos los ordenes, de la IA, que ya no son novedad y menos  de ciencia ficci\u00f3n, es una realidad que ya est\u00e1 entre nosotros. Basta pensar en donde se ubica, y nos damos cuenta que en todos los procesos que est\u00e1n a nuestro alcance. No solo es la rebotica industrial, medica, ingenieril, agraria, comercial, bancaria, de comunicaciones, transporte y hasta en los enceres y maquinas dom\u00e9sticas.<\/p>\n\n\n\n<p>Esta presente en nuestras actividades sociales, deportivas,  recreativas y empresariales de todo nivel. Entonces, \u00bfQu\u00e9 hacer frente a \u00e9sta realidad? Primero que todo ver el potencial en las escuelas de formaci\u00f3n y su adaptaci\u00f3n a las necesidades de una competencia mundial, que indefectiblemente parte de la mente humana. Segundo, adaptar nuestras empresas existentes a esta realidad y ayudar a conformar nuevas dedicadas a la Big Data y otras formas de producci\u00f3n propias del mercado mundial de la IA. Tercero mejorar las funciones del mercado sobre estas tecnolog\u00eda para poder ser competitivos, llevando los avances a todos los niveles de la producci\u00f3n de bienes y servicios.<\/p>\n\n\n\n<p>La competencia hoy en el mundo, es el campo tecnol\u00f3gico, que requiere formaci\u00f3n humana en las ciencias de la computaci\u00f3n, del dise\u00f1o industrial, de la administraci\u00f3n de recursos y pol\u00edticas econ\u00f3micas en el mundo digital. Este ajuste general har\u00e1 temblar a los sistemas econ\u00f3micos tradicionales, a la fabrica llena de obreros, al campo de jornaleros, a los almacenes y centros comerciales, porque todo esta cambiando, y aunque a veces no lo percibimos tan claro, va a la velocidad de la IA.<\/p>\n\n\n\n<p>Hay que dejar de verla como el enemigo, hay que dejar de ver al ser humano como la parte de una gran maquinaria de producci\u00f3n y consumo, absolutamente dehumanizante y que nos mantiene siempre sobre la cuerda floja de los vaivenes de la econom\u00eda. Ahora lo  que se nos abre es la oportunidad de usar nuestra inteligencia creativa, nuestras habilidades sociales y art\u00edstica para hacer posible un mejor planeta, donde las m\u00e1quinas y la IA hacen ese trabajo que ha costado tantos muertos en la historia de la humanidad, de personas que se calificaron de m\u00e1quinas y en muchos casos tr\u00e1gicos, menos que eso.<\/p>\n\n\n\n<p>El reto est\u00e1 plantado para toda la sociedad del planeta, y estamos en el mismo puente que tuvieron que atravesar nuestros antecesores cuando lleg\u00f3 la m\u00e1quina de vapor, el motor de combusti\u00f3n interna, el ferrocarril, los aviones, los trasatl\u00e1nticos y los viajes espaciales.Muchos quedaron impactados e inm\u00f3viles, otros lo entendieron y se adaptaron y otros lideraron los avances t\u00e9cnicos y cient\u00edficos para traernos hasta aqu\u00ed. Lo que si es claro es que debemos proteger la vida del planeta y la nuestra y no olvidar que somos parte del ecosistema , que nuestras decisiones y acciones determinan  la vida que sufrimos o disfrutamos.<\/p>\n","protected":false},"excerpt":{"rendered":"<p>\u00abEn un mundo cada vez m\u00e1s impulsado por la tecnolog\u00eda, es esencial que Latinoam\u00e9rica y el Caribe se posicionen como l\u00edderes en la implementaci\u00f3n de la Inteligencia Artificial. La Cumbre Latinoamericana de Inteligencia Artificial es una oportunidad \u00fanica para que los pa\u00edses de nuestra regi\u00f3n trabajen juntos, compartan conocimientos y fortalezcan sus estrategias en torno [&hellip;]<\/p>\n","protected":false},"author":1,"featured_media":941,"comment_status":"open","ping_status":"open","sticky":false,"template":"","format":"standard","meta":{"footnotes":""},"categories":[98],"tags":[227,393,394,267],"class_list":["post-940","post","type-post","status-publish","format-standard","has-post-thumbnail","hentry","category-ciencia","tag-ia","tag-revolucion-tecnologica","tag-sociedad-ia","tag-tecnologia"],"yoast_head":"<!-- This site is optimized with the Yoast SEO plugin v23.9 - https:\/\/yoast.com\/wordpress\/plugins\/seo\/ -->\n<title>La apuesta a la IA en Colombia - Biciurba<\/title>\n<meta name=\"robots\" content=\"index, follow, max-snippet:-1, max-image-preview:large, max-video-preview:-1\" \/>\n<link rel=\"canonical\" href=\"https:\/\/biciurba.com\/index.php\/2024\/08\/09\/la-apuesta-a-la-ia-en-colombia\/\" \/>\n<meta property=\"og:locale\" content=\"es_ES\" \/>\n<meta property=\"og:type\" content=\"article\" \/>\n<meta property=\"og:title\" content=\"La apuesta a la IA en Colombia - Biciurba\" \/>\n<meta property=\"og:description\" content=\"\u00abEn un mundo cada vez m\u00e1s impulsado por la tecnolog\u00eda, es esencial que Latinoam\u00e9rica y el Caribe se posicionen como l\u00edderes en la implementaci\u00f3n de la Inteligencia Artificial. La Cumbre Latinoamericana de Inteligencia Artificial es una oportunidad \u00fanica para que los pa\u00edses de nuestra regi\u00f3n trabajen juntos, compartan conocimientos y fortalezcan sus estrategias en torno [&hellip;]\" \/>\n<meta property=\"og:url\" content=\"https:\/\/biciurba.com\/index.php\/2024\/08\/09\/la-apuesta-a-la-ia-en-colombia\/\" \/>\n<meta property=\"og:site_name\" content=\"Biciurba\" \/>\n<meta property=\"article:published_time\" content=\"2024-08-09T19:49:05+00:00\" \/>\n<meta property=\"article:modified_time\" content=\"2024-08-09T19:49:06+00:00\" \/>\n<meta property=\"og:image\" content=\"https:\/\/biciurba.com\/wp-content\/uploads\/2024\/08\/IA-y-humanos.png\" \/>\n\t<meta property=\"og:image:width\" content=\"606\" \/>\n\t<meta property=\"og:image:height\" content=\"404\" \/>\n\t<meta property=\"og:image:type\" content=\"image\/png\" \/>\n<meta name=\"author\" content=\"Carlos Cantor\" \/>\n<meta name=\"twitter:card\" content=\"summary_large_image\" \/>\n<meta name=\"twitter:label1\" content=\"Escrito por\" \/>\n\t<meta name=\"twitter:data1\" content=\"Carlos Cantor\" \/>\n\t<meta name=\"twitter:label2\" content=\"Tiempo de lectura\" \/>\n\t<meta name=\"twitter:data2\" content=\"5 minutos\" \/>\n<script type=\"application\/ld+json\" class=\"yoast-schema-graph\">{\"@context\":\"https:\/\/schema.org\",\"@graph\":[{\"@type\":\"Article\",\"@id\":\"https:\/\/biciurba.com\/index.php\/2024\/08\/09\/la-apuesta-a-la-ia-en-colombia\/#article\",\"isPartOf\":{\"@id\":\"https:\/\/biciurba.com\/index.php\/2024\/08\/09\/la-apuesta-a-la-ia-en-colombia\/\"},\"author\":{\"name\":\"Carlos Cantor\",\"@id\":\"https:\/\/biciurba.com\/#\/schema\/person\/d9675ddf29ee982d268db0a3f239eced\"},\"headline\":\"La apuesta a la IA en Colombia\",\"datePublished\":\"2024-08-09T19:49:05+00:00\",\"dateModified\":\"2024-08-09T19:49:06+00:00\",\"mainEntityOfPage\":{\"@id\":\"https:\/\/biciurba.com\/index.php\/2024\/08\/09\/la-apuesta-a-la-ia-en-colombia\/\"},\"wordCount\":945,\"commentCount\":4,\"publisher\":{\"@id\":\"https:\/\/biciurba.com\/#\/schema\/person\/d9675ddf29ee982d268db0a3f239eced\"},\"image\":{\"@id\":\"https:\/\/biciurba.com\/index.php\/2024\/08\/09\/la-apuesta-a-la-ia-en-colombia\/#primaryimage\"},\"thumbnailUrl\":\"https:\/\/biciurba.com\/wp-content\/uploads\/2024\/08\/IA-y-humanos.png\",\"keywords\":[\"IA\",\"Revoluci\u00f3n tecnol\u00f3gica\",\"Sociedad IA\",\"Tecnolog\u00eda\"],\"articleSection\":[\"Ciencia\"],\"inLanguage\":\"es\",\"potentialAction\":[{\"@type\":\"CommentAction\",\"name\":\"Comment\",\"target\":[\"https:\/\/biciurba.com\/index.php\/2024\/08\/09\/la-apuesta-a-la-ia-en-colombia\/#respond\"]}]},{\"@type\":\"WebPage\",\"@id\":\"https:\/\/biciurba.com\/index.php\/2024\/08\/09\/la-apuesta-a-la-ia-en-colombia\/\",\"url\":\"https:\/\/biciurba.com\/index.php\/2024\/08\/09\/la-apuesta-a-la-ia-en-colombia\/\",\"name\":\"La apuesta a la IA en Colombia - Biciurba\",\"isPartOf\":{\"@id\":\"https:\/\/biciurba.com\/#website\"},\"primaryImageOfPage\":{\"@id\":\"https:\/\/biciurba.com\/index.php\/2024\/08\/09\/la-apuesta-a-la-ia-en-colombia\/#primaryimage\"},\"image\":{\"@id\":\"https:\/\/biciurba.com\/index.php\/2024\/08\/09\/la-apuesta-a-la-ia-en-colombia\/#primaryimage\"},\"thumbnailUrl\":\"https:\/\/biciurba.com\/wp-content\/uploads\/2024\/08\/IA-y-humanos.png\",\"datePublished\":\"2024-08-09T19:49:05+00:00\",\"dateModified\":\"2024-08-09T19:49:06+00:00\",\"breadcrumb\":{\"@id\":\"https:\/\/biciurba.com\/index.php\/2024\/08\/09\/la-apuesta-a-la-ia-en-colombia\/#breadcrumb\"},\"inLanguage\":\"es\",\"potentialAction\":[{\"@type\":\"ReadAction\",\"target\":[\"https:\/\/biciurba.com\/index.php\/2024\/08\/09\/la-apuesta-a-la-ia-en-colombia\/\"]}]},{\"@type\":\"ImageObject\",\"inLanguage\":\"es\",\"@id\":\"https:\/\/biciurba.com\/index.php\/2024\/08\/09\/la-apuesta-a-la-ia-en-colombia\/#primaryimage\",\"url\":\"https:\/\/biciurba.com\/wp-content\/uploads\/2024\/08\/IA-y-humanos.png\",\"contentUrl\":\"https:\/\/biciurba.com\/wp-content\/uploads\/2024\/08\/IA-y-humanos.png\",\"width\":606,\"height\":404,\"caption\":\"A trav\u00e9s de tres pilares, en tecnolog\u00edas de IA: Ecosistemas habilitadores, Educaci\u00f3n Digital y Gobernanza, ser\u00e1 m\u00e1s r\u00e1pido adaptarnos a esta realidad.\"},{\"@type\":\"BreadcrumbList\",\"@id\":\"https:\/\/biciurba.com\/index.php\/2024\/08\/09\/la-apuesta-a-la-ia-en-colombia\/#breadcrumb\",\"itemListElement\":[{\"@type\":\"ListItem\",\"position\":1,\"name\":\"Portada\",\"item\":\"https:\/\/biciurba.com\/\"},{\"@type\":\"ListItem\",\"position\":2,\"name\":\"La apuesta a la IA en Colombia\"}]},{\"@type\":\"WebSite\",\"@id\":\"https:\/\/biciurba.com\/#website\",\"url\":\"https:\/\/biciurba.com\/\",\"name\":\"Biciurba\",\"description\":\"Una mejor manera de vivir\",\"publisher\":{\"@id\":\"https:\/\/biciurba.com\/#\/schema\/person\/d9675ddf29ee982d268db0a3f239eced\"},\"potentialAction\":[{\"@type\":\"SearchAction\",\"target\":{\"@type\":\"EntryPoint\",\"urlTemplate\":\"https:\/\/biciurba.com\/?s={search_term_string}\"},\"query-input\":{\"@type\":\"PropertyValueSpecification\",\"valueRequired\":true,\"valueName\":\"search_term_string\"}}],\"inLanguage\":\"es\"},{\"@type\":[\"Person\",\"Organization\"],\"@id\":\"https:\/\/biciurba.com\/#\/schema\/person\/d9675ddf29ee982d268db0a3f239eced\",\"name\":\"Carlos Cantor\",\"image\":{\"@type\":\"ImageObject\",\"inLanguage\":\"es\",\"@id\":\"https:\/\/biciurba.com\/#\/schema\/person\/image\/\",\"url\":\"https:\/\/biciurba.com\/wp-content\/uploads\/2024\/04\/cropped-logo-1.png\",\"contentUrl\":\"https:\/\/biciurba.com\/wp-content\/uploads\/2024\/04\/cropped-logo-1.png\",\"width\":512,\"height\":318,\"caption\":\"Carlos Cantor\"},\"logo\":{\"@id\":\"https:\/\/biciurba.com\/#\/schema\/person\/image\/\"},\"sameAs\":[\"https:\/\/biciurba.com\"],\"url\":\"https:\/\/biciurba.com\/index.php\/author\/ccantor\/\"}]}<\/script>\n<!-- \/ Yoast SEO plugin. -->","yoast_head_json":{"title":"La apuesta a la IA en Colombia - Biciurba","robots":{"index":"index","follow":"follow","max-snippet":"max-snippet:-1","max-image-preview":"max-image-preview:large","max-video-preview":"max-video-preview:-1"},"canonical":"https:\/\/biciurba.com\/index.php\/2024\/08\/09\/la-apuesta-a-la-ia-en-colombia\/","og_locale":"es_ES","og_type":"article","og_title":"La apuesta a la IA en Colombia - Biciurba","og_description":"\u00abEn un mundo cada vez m\u00e1s impulsado por la tecnolog\u00eda, es esencial que Latinoam\u00e9rica y el Caribe se posicionen como l\u00edderes en la implementaci\u00f3n de la Inteligencia Artificial. La Cumbre Latinoamericana de Inteligencia Artificial es una oportunidad \u00fanica para que los pa\u00edses de nuestra regi\u00f3n trabajen juntos, compartan conocimientos y fortalezcan sus estrategias en torno [&hellip;]","og_url":"https:\/\/biciurba.com\/index.php\/2024\/08\/09\/la-apuesta-a-la-ia-en-colombia\/","og_site_name":"Biciurba","article_published_time":"2024-08-09T19:49:05+00:00","article_modified_time":"2024-08-09T19:49:06+00:00","og_image":[{"width":606,"height":404,"url":"https:\/\/biciurba.com\/wp-content\/uploads\/2024\/08\/IA-y-humanos.png","type":"image\/png"}],"author":"Carlos Cantor","twitter_card":"summary_large_image","twitter_misc":{"Escrito por":"Carlos Cantor","Tiempo de lectura":"5 minutos"},"schema":{"@context":"https:\/\/schema.org","@graph":[{"@type":"Article","@id":"https:\/\/biciurba.com\/index.php\/2024\/08\/09\/la-apuesta-a-la-ia-en-colombia\/#article","isPartOf":{"@id":"https:\/\/biciurba.com\/index.php\/2024\/08\/09\/la-apuesta-a-la-ia-en-colombia\/"},"author":{"name":"Carlos Cantor","@id":"https:\/\/biciurba.com\/#\/schema\/person\/d9675ddf29ee982d268db0a3f239eced"},"headline":"La apuesta a la IA en Colombia","datePublished":"2024-08-09T19:49:05+00:00","dateModified":"2024-08-09T19:49:06+00:00","mainEntityOfPage":{"@id":"https:\/\/biciurba.com\/index.php\/2024\/08\/09\/la-apuesta-a-la-ia-en-colombia\/"},"wordCount":945,"commentCount":4,"publisher":{"@id":"https:\/\/biciurba.com\/#\/schema\/person\/d9675ddf29ee982d268db0a3f239eced"},"image":{"@id":"https:\/\/biciurba.com\/index.php\/2024\/08\/09\/la-apuesta-a-la-ia-en-colombia\/#primaryimage"},"thumbnailUrl":"https:\/\/biciurba.com\/wp-content\/uploads\/2024\/08\/IA-y-humanos.png","keywords":["IA","Revoluci\u00f3n tecnol\u00f3gica","Sociedad IA","Tecnolog\u00eda"],"articleSection":["Ciencia"],"inLanguage":"es","potentialAction":[{"@type":"CommentAction","name":"Comment","target":["https:\/\/biciurba.com\/index.php\/2024\/08\/09\/la-apuesta-a-la-ia-en-colombia\/#respond"]}]},{"@type":"WebPage","@id":"https:\/\/biciurba.com\/index.php\/2024\/08\/09\/la-apuesta-a-la-ia-en-colombia\/","url":"https:\/\/biciurba.com\/index.php\/2024\/08\/09\/la-apuesta-a-la-ia-en-colombia\/","name":"La apuesta a la IA en Colombia - Biciurba","isPartOf":{"@id":"https:\/\/biciurba.com\/#website"},"primaryImageOfPage":{"@id":"https:\/\/biciurba.com\/index.php\/2024\/08\/09\/la-apuesta-a-la-ia-en-colombia\/#primaryimage"},"image":{"@id":"https:\/\/biciurba.com\/index.php\/2024\/08\/09\/la-apuesta-a-la-ia-en-colombia\/#primaryimage"},"thumbnailUrl":"https:\/\/biciurba.com\/wp-content\/uploads\/2024\/08\/IA-y-humanos.png","datePublished":"2024-08-09T19:49:05+00:00","dateModified":"2024-08-09T19:49:06+00:00","breadcrumb":{"@id":"https:\/\/biciurba.com\/index.php\/2024\/08\/09\/la-apuesta-a-la-ia-en-colombia\/#breadcrumb"},"inLanguage":"es","potentialAction":[{"@type":"ReadAction","target":["https:\/\/biciurba.com\/index.php\/2024\/08\/09\/la-apuesta-a-la-ia-en-colombia\/"]}]},{"@type":"ImageObject","inLanguage":"es","@id":"https:\/\/biciurba.com\/index.php\/2024\/08\/09\/la-apuesta-a-la-ia-en-colombia\/#primaryimage","url":"https:\/\/biciurba.com\/wp-content\/uploads\/2024\/08\/IA-y-humanos.png","contentUrl":"https:\/\/biciurba.com\/wp-content\/uploads\/2024\/08\/IA-y-humanos.png","width":606,"height":404,"caption":"A trav\u00e9s de tres pilares, en tecnolog\u00edas de IA: Ecosistemas habilitadores, Educaci\u00f3n Digital y Gobernanza, ser\u00e1 m\u00e1s r\u00e1pido adaptarnos a esta realidad."},{"@type":"BreadcrumbList","@id":"https:\/\/biciurba.com\/index.php\/2024\/08\/09\/la-apuesta-a-la-ia-en-colombia\/#breadcrumb","itemListElement":[{"@type":"ListItem","position":1,"name":"Portada","item":"https:\/\/biciurba.com\/"},{"@type":"ListItem","position":2,"name":"La apuesta a la IA en Colombia"}]},{"@type":"WebSite","@id":"https:\/\/biciurba.com\/#website","url":"https:\/\/biciurba.com\/","name":"Biciurba","description":"Una mejor manera de vivir","publisher":{"@id":"https:\/\/biciurba.com\/#\/schema\/person\/d9675ddf29ee982d268db0a3f239eced"},"potentialAction":[{"@type":"SearchAction","target":{"@type":"EntryPoint","urlTemplate":"https:\/\/biciurba.com\/?s={search_term_string}"},"query-input":{"@type":"PropertyValueSpecification","valueRequired":true,"valueName":"search_term_string"}}],"inLanguage":"es"},{"@type":["Person","Organization"],"@id":"https:\/\/biciurba.com\/#\/schema\/person\/d9675ddf29ee982d268db0a3f239eced","name":"Carlos Cantor","image":{"@type":"ImageObject","inLanguage":"es","@id":"https:\/\/biciurba.com\/#\/schema\/person\/image\/","url":"https:\/\/biciurba.com\/wp-content\/uploads\/2024\/04\/cropped-logo-1.png","contentUrl":"https:\/\/biciurba.com\/wp-content\/uploads\/2024\/04\/cropped-logo-1.png","width":512,"height":318,"caption":"Carlos Cantor"},"logo":{"@id":"https:\/\/biciurba.com\/#\/schema\/person\/image\/"},"sameAs":["https:\/\/biciurba.com"],"url":"https:\/\/biciurba.com\/index.php\/author\/ccantor\/"}]}},"_links":{"self":[{"href":"https:\/\/biciurba.com\/index.php\/wp-json\/wp\/v2\/posts\/940"}],"collection":[{"href":"https:\/\/biciurba.com\/index.php\/wp-json\/wp\/v2\/posts"}],"about":[{"href":"https:\/\/biciurba.com\/index.php\/wp-json\/wp\/v2\/types\/post"}],"author":[{"embeddable":true,"href":"https:\/\/biciurba.com\/index.php\/wp-json\/wp\/v2\/users\/1"}],"replies":[{"embeddable":true,"href":"https:\/\/biciurba.com\/index.php\/wp-json\/wp\/v2\/comments?post=940"}],"version-history":[{"count":1,"href":"https:\/\/biciurba.com\/index.php\/wp-json\/wp\/v2\/posts\/940\/revisions"}],"predecessor-version":[{"id":942,"href":"https:\/\/biciurba.com\/index.php\/wp-json\/wp\/v2\/posts\/940\/revisions\/942"}],"wp:featuredmedia":[{"embeddable":true,"href":"https:\/\/biciurba.com\/index.php\/wp-json\/wp\/v2\/media\/941"}],"wp:attachment":[{"href":"https:\/\/biciurba.com\/index.php\/wp-json\/wp\/v2\/media?parent=940"}],"wp:term":[{"taxonomy":"category","embeddable":true,"href":"https:\/\/biciurba.com\/index.php\/wp-json\/wp\/v2\/categories?post=940"},{"taxonomy":"post_tag","embeddable":true,"href":"https:\/\/biciurba.com\/index.php\/wp-json\/wp\/v2\/tags?post=940"}],"curies":[{"name":"wp","href":"https:\/\/api.w.org\/{rel}","templated":true}]}}