{"id":966,"date":"2024-08-13T11:19:12","date_gmt":"2024-08-13T16:19:12","guid":{"rendered":"https:\/\/biciurba.com\/?p=966"},"modified":"2024-08-13T11:20:11","modified_gmt":"2024-08-13T16:20:11","slug":"tiempos-exigentes-que-requieren-prudencia-y-sabiduria","status":"publish","type":"post","link":"https:\/\/biciurba.com\/index.php\/2024\/08\/13\/tiempos-exigentes-que-requieren-prudencia-y-sabiduria\/","title":{"rendered":"Tiempos exigentes que requieren prudencia y sabidur\u00eda"},"content":{"rendered":"\n<p>Cada \u00e9poca tiene sus retos, y en este momento que estamos viviendo, tampoco se es indiferente a esta aseveraci\u00f3n. Los cambios no son solo tecnol\u00f3gicos, que es lo que m\u00e1s vemos a primer momento. Es m\u00e1s, pasan tan r\u00e1pido y se integran a nuestras rutinas que ya no nos maravillamos, sentimos que son parte de la normalidad.<\/p>\n\n\n\n<p>El tema social y cultural, si que ha tra\u00eddo m\u00e1s de una pregunta e inquietud en nuestras vidas. El trabajo ya deja en muchos casos los escenarios de las factor\u00edas y oficinas. Ahora es muy frecuente ver a las personas con sus port\u00e1tiles, tomando un caf\u00e9 y trabajando desde una cafeter\u00eda, y son trabajos de responsabilidad, debidamente regulados por un contrato laboral. Las factor\u00edas al igual que las oficinas comienzan a  albergar menos personas, las primeras por la robotizaci\u00f3n o el cierre definitivo por realidades del mercado. Las segundas, son una carga financiera costosa, de dif\u00edcil recuperaci\u00f3n, y que no ayudan mucho a la hora de salvar una empresa, a menos que las vendan y recuperen algo de capital.<\/p>\n\n\n\n<p>Las formas de trabajo cambian de manera constante y que dif\u00edcil resulta para las generaciones nacidas a mediados y finales del siglo pasado adaptarse a estas realidades laborales. Estas formas de trabajo exigen formaci\u00f3n, desarrollo personal a trav\u00e9s de una constante capacitaci\u00f3n y  de las capacidades personales para poder estar a tono con las exigencias de la tecnolog\u00eda, los mercados laborales y en general de la econom\u00eda global.<\/p>\n\n\n\n<p>El asunto se complica a\u00fan m\u00e1s ante las l\u00edneas que se est\u00e1n trazando en lo social y cultural. La construcci\u00f3n de una familia tradicional, ya no es un plan de vida. Hoy se viven en noviazgos, hasta donde aguanten. Tener hijos es un desprop\u00f3sito porque complejizan las actividades profesionales o laborales de la pareja. Nos acompa\u00f1amos, vivimos una sexualidad, algunas veces compartida con otros, y en general lo que interesa es sentirse acompa\u00f1ado. Si el tema no resulta, se separan sin ning\u00fan problema, porque legalmente se han dejado todo claro al comienzo de la relaci\u00f3n, y los m\u00e1s pragm\u00e1ticos hacen documentaci\u00f3n legal al tema.<\/p>\n\n\n\n<p>Hoy viajar es una forma de vida, rentable, agradable, visible en las redes sociales y que ha creado en las \u00faltimas d\u00e9cadas todo un mercado de veh\u00edculos, equipos, y formas de generar recursos a trav\u00e9s de la Web. Y as\u00ed pasan buena parte de sus vidas recorriendo mundo, publicando libros y vendiendo accesorios y ropa en l\u00ednea.<\/p>\n\n\n\n<p>Como ahora el tema de g\u00e9nero se convirti\u00f3 en un panorama de gustos, con respaldo cient\u00edfico y comercial, la familia queda anticuada, antifuncional y fuera de las opciones m\u00e1s recurrentes de los j\u00f3venes.Junto a ello la separaci\u00f3n es la primera alternativa frente a las crisis de pareja, finalmente no hay lazos verdaderos que los una y de alguna forma los obliguen a luchar por esa uni\u00f3n. Esto implica dos condiciones que generan una gran cantidad de variables sociales, comerciales y econ\u00f3micas.<\/p>\n\n\n\n<p>El n\u00famero de nacimientos en realidad est\u00e1n decayendo, con ello sectores como la educacion, caso Colombia, comienza a declinar, simplemente los cursos son cada vez m\u00e1s peque\u00f1os al punto que es insostenible la instituci\u00f3n escolar. Esto se proyecta en todos los niveles, desde el jard\u00edn de infantes a la universidad, finalmente es una cadena de estudiantes, y al faltar un eslab\u00f3n, la cadena se rompe. <\/p>\n\n\n\n<p>La otra realidad es el aumento desmedido de mascotas, que se ha convertido en un lucrativo mercado de alimentos, accesorios y servicios veterinarios. Es m\u00e1s, los profesionales de la salud animal se orientan a especializarse en mascotas, abrir su cl\u00ednica y atender esa creciente fauna domesticada urbana. Pero no hay que enga\u00f1arse, all\u00ed no todo es felicidad. El abandono de animales, especialmente perros, se convierte en un serio problema, realidad que vive y que han estudiado en Chile, ante la agresi\u00f3n de los canes a especies silvestres en distintas regiones del pa\u00eds.<\/p>\n\n\n\n<p>Todo est\u00e1 cambiando y as\u00ed seguir\u00e1, finalmente cada \u00e9poca lo hace, para bien o para mal del planeta y sus habitantes. Cada forma cultural marca y representa una realidad determinada. Si esto es as\u00ed, que nos dice las artes populares como la m\u00fasica, el vestuario, la comida, las relaciones interpersonales y de manera especial, el reconocernos como seres humanos, definidos o en la ambig\u00fcedad de argumentaciones a veces no entendibles de lo que se supone somos. <\/p>\n\n\n\n<p>Las nuevas generaciones, los que ya nacieron y los que  estar\u00e1n hacia el futuro pr\u00f3ximo, qu\u00e9 podr\u00edan esperar de la sociedad que los ha llamado a la vida,  en una \u00e9poca que se est\u00e1 construyendo a velocidades casi imperceptibles, enmarcadas en una crisis clim\u00e1tica que para muchos ya no tiene retorno, en guerras por territorios que eran comprensibles en siglos pasados pero no en estos tiempos, en batallas comerciales entre occidente y oriente, herencia de los imperios pasados y en una destrucci\u00f3n inalterable de los esquemas sociales que nos han tra\u00eddo hasta aqu\u00ed en la historia de este planeta. Todo cambia, y lo har\u00e1 el planeta y no precisamente a favor del Homo Sapiens.<\/p>\n","protected":false},"excerpt":{"rendered":"<p>Cada \u00e9poca tiene sus retos, y en este momento que estamos viviendo, tampoco se es indiferente a esta aseveraci\u00f3n. Los cambios no son solo tecnol\u00f3gicos, que es lo que m\u00e1s vemos a primer momento. Es m\u00e1s, pasan tan r\u00e1pido y se integran a nuestras rutinas que ya no nos maravillamos, sentimos que son parte de [&hellip;]<\/p>\n","protected":false},"author":1,"featured_media":967,"comment_status":"open","ping_status":"open","sticky":false,"template":"","format":"standard","meta":{"footnotes":""},"categories":[50],"tags":[],"class_list":["post-966","post","type-post","status-publish","format-standard","has-post-thumbnail","hentry","category-salud-y-bienestar"],"yoast_head":"<!-- This site is optimized with the Yoast SEO plugin v23.9 - https:\/\/yoast.com\/wordpress\/plugins\/seo\/ -->\n<title>Tiempos exigentes que requieren prudencia y sabidur\u00eda - Biciurba<\/title>\n<meta name=\"robots\" content=\"index, follow, max-snippet:-1, max-image-preview:large, max-video-preview:-1\" \/>\n<link rel=\"canonical\" href=\"https:\/\/biciurba.com\/index.php\/2024\/08\/13\/tiempos-exigentes-que-requieren-prudencia-y-sabiduria\/\" \/>\n<meta property=\"og:locale\" content=\"es_ES\" \/>\n<meta property=\"og:type\" content=\"article\" \/>\n<meta property=\"og:title\" content=\"Tiempos exigentes que requieren prudencia y sabidur\u00eda - Biciurba\" \/>\n<meta property=\"og:description\" content=\"Cada \u00e9poca tiene sus retos, y en este momento que estamos viviendo, tampoco se es indiferente a esta aseveraci\u00f3n. Los cambios no son solo tecnol\u00f3gicos, que es lo que m\u00e1s vemos a primer momento. Es m\u00e1s, pasan tan r\u00e1pido y se integran a nuestras rutinas que ya no nos maravillamos, sentimos que son parte de [&hellip;]\" \/>\n<meta property=\"og:url\" content=\"https:\/\/biciurba.com\/index.php\/2024\/08\/13\/tiempos-exigentes-que-requieren-prudencia-y-sabiduria\/\" \/>\n<meta property=\"og:site_name\" content=\"Biciurba\" \/>\n<meta property=\"article:published_time\" content=\"2024-08-13T16:19:12+00:00\" \/>\n<meta property=\"article:modified_time\" content=\"2024-08-13T16:20:11+00:00\" \/>\n<meta property=\"og:image\" content=\"https:\/\/biciurba.com\/wp-content\/uploads\/2024\/08\/sociedad.png\" \/>\n\t<meta property=\"og:image:width\" content=\"600\" \/>\n\t<meta property=\"og:image:height\" content=\"400\" \/>\n\t<meta property=\"og:image:type\" content=\"image\/png\" \/>\n<meta name=\"author\" content=\"Carlos Cantor\" \/>\n<meta name=\"twitter:card\" content=\"summary_large_image\" \/>\n<meta name=\"twitter:label1\" content=\"Escrito por\" \/>\n\t<meta name=\"twitter:data1\" content=\"Carlos Cantor\" \/>\n\t<meta name=\"twitter:label2\" content=\"Tiempo de lectura\" \/>\n\t<meta name=\"twitter:data2\" content=\"5 minutos\" \/>\n<script type=\"application\/ld+json\" class=\"yoast-schema-graph\">{\"@context\":\"https:\/\/schema.org\",\"@graph\":[{\"@type\":\"Article\",\"@id\":\"https:\/\/biciurba.com\/index.php\/2024\/08\/13\/tiempos-exigentes-que-requieren-prudencia-y-sabiduria\/#article\",\"isPartOf\":{\"@id\":\"https:\/\/biciurba.com\/index.php\/2024\/08\/13\/tiempos-exigentes-que-requieren-prudencia-y-sabiduria\/\"},\"author\":{\"name\":\"Carlos Cantor\",\"@id\":\"https:\/\/biciurba.com\/#\/schema\/person\/d9675ddf29ee982d268db0a3f239eced\"},\"headline\":\"Tiempos exigentes que requieren prudencia y sabidur\u00eda\",\"datePublished\":\"2024-08-13T16:19:12+00:00\",\"dateModified\":\"2024-08-13T16:20:11+00:00\",\"mainEntityOfPage\":{\"@id\":\"https:\/\/biciurba.com\/index.php\/2024\/08\/13\/tiempos-exigentes-que-requieren-prudencia-y-sabiduria\/\"},\"wordCount\":906,\"commentCount\":0,\"publisher\":{\"@id\":\"https:\/\/biciurba.com\/#\/schema\/person\/d9675ddf29ee982d268db0a3f239eced\"},\"image\":{\"@id\":\"https:\/\/biciurba.com\/index.php\/2024\/08\/13\/tiempos-exigentes-que-requieren-prudencia-y-sabiduria\/#primaryimage\"},\"thumbnailUrl\":\"https:\/\/biciurba.com\/wp-content\/uploads\/2024\/08\/sociedad.png\",\"articleSection\":[\"Vida Buena\"],\"inLanguage\":\"es\",\"potentialAction\":[{\"@type\":\"CommentAction\",\"name\":\"Comment\",\"target\":[\"https:\/\/biciurba.com\/index.php\/2024\/08\/13\/tiempos-exigentes-que-requieren-prudencia-y-sabiduria\/#respond\"]}]},{\"@type\":\"WebPage\",\"@id\":\"https:\/\/biciurba.com\/index.php\/2024\/08\/13\/tiempos-exigentes-que-requieren-prudencia-y-sabiduria\/\",\"url\":\"https:\/\/biciurba.com\/index.php\/2024\/08\/13\/tiempos-exigentes-que-requieren-prudencia-y-sabiduria\/\",\"name\":\"Tiempos exigentes que requieren prudencia y sabidur\u00eda - Biciurba\",\"isPartOf\":{\"@id\":\"https:\/\/biciurba.com\/#website\"},\"primaryImageOfPage\":{\"@id\":\"https:\/\/biciurba.com\/index.php\/2024\/08\/13\/tiempos-exigentes-que-requieren-prudencia-y-sabiduria\/#primaryimage\"},\"image\":{\"@id\":\"https:\/\/biciurba.com\/index.php\/2024\/08\/13\/tiempos-exigentes-que-requieren-prudencia-y-sabiduria\/#primaryimage\"},\"thumbnailUrl\":\"https:\/\/biciurba.com\/wp-content\/uploads\/2024\/08\/sociedad.png\",\"datePublished\":\"2024-08-13T16:19:12+00:00\",\"dateModified\":\"2024-08-13T16:20:11+00:00\",\"breadcrumb\":{\"@id\":\"https:\/\/biciurba.com\/index.php\/2024\/08\/13\/tiempos-exigentes-que-requieren-prudencia-y-sabiduria\/#breadcrumb\"},\"inLanguage\":\"es\",\"potentialAction\":[{\"@type\":\"ReadAction\",\"target\":[\"https:\/\/biciurba.com\/index.php\/2024\/08\/13\/tiempos-exigentes-que-requieren-prudencia-y-sabiduria\/\"]}]},{\"@type\":\"ImageObject\",\"inLanguage\":\"es\",\"@id\":\"https:\/\/biciurba.com\/index.php\/2024\/08\/13\/tiempos-exigentes-que-requieren-prudencia-y-sabiduria\/#primaryimage\",\"url\":\"https:\/\/biciurba.com\/wp-content\/uploads\/2024\/08\/sociedad.png\",\"contentUrl\":\"https:\/\/biciurba.com\/wp-content\/uploads\/2024\/08\/sociedad.png\",\"width\":600,\"height\":400,\"caption\":\"Cada \u00e9poca genera sus propias realidades, y estamos en una donde la velocidad de estas, no nos deja ver lo que est\u00e1 pasando a nuestro alrededor.\"},{\"@type\":\"BreadcrumbList\",\"@id\":\"https:\/\/biciurba.com\/index.php\/2024\/08\/13\/tiempos-exigentes-que-requieren-prudencia-y-sabiduria\/#breadcrumb\",\"itemListElement\":[{\"@type\":\"ListItem\",\"position\":1,\"name\":\"Portada\",\"item\":\"https:\/\/biciurba.com\/\"},{\"@type\":\"ListItem\",\"position\":2,\"name\":\"Tiempos exigentes que requieren prudencia y sabidur\u00eda\"}]},{\"@type\":\"WebSite\",\"@id\":\"https:\/\/biciurba.com\/#website\",\"url\":\"https:\/\/biciurba.com\/\",\"name\":\"Biciurba\",\"description\":\"Una mejor manera de vivir\",\"publisher\":{\"@id\":\"https:\/\/biciurba.com\/#\/schema\/person\/d9675ddf29ee982d268db0a3f239eced\"},\"potentialAction\":[{\"@type\":\"SearchAction\",\"target\":{\"@type\":\"EntryPoint\",\"urlTemplate\":\"https:\/\/biciurba.com\/?s={search_term_string}\"},\"query-input\":{\"@type\":\"PropertyValueSpecification\",\"valueRequired\":true,\"valueName\":\"search_term_string\"}}],\"inLanguage\":\"es\"},{\"@type\":[\"Person\",\"Organization\"],\"@id\":\"https:\/\/biciurba.com\/#\/schema\/person\/d9675ddf29ee982d268db0a3f239eced\",\"name\":\"Carlos Cantor\",\"image\":{\"@type\":\"ImageObject\",\"inLanguage\":\"es\",\"@id\":\"https:\/\/biciurba.com\/#\/schema\/person\/image\/\",\"url\":\"https:\/\/biciurba.com\/wp-content\/uploads\/2024\/04\/cropped-logo-1.png\",\"contentUrl\":\"https:\/\/biciurba.com\/wp-content\/uploads\/2024\/04\/cropped-logo-1.png\",\"width\":512,\"height\":318,\"caption\":\"Carlos Cantor\"},\"logo\":{\"@id\":\"https:\/\/biciurba.com\/#\/schema\/person\/image\/\"},\"sameAs\":[\"https:\/\/biciurba.com\"],\"url\":\"https:\/\/biciurba.com\/index.php\/author\/ccantor\/\"}]}<\/script>\n<!-- \/ Yoast SEO plugin. -->","yoast_head_json":{"title":"Tiempos exigentes que requieren prudencia y sabidur\u00eda - Biciurba","robots":{"index":"index","follow":"follow","max-snippet":"max-snippet:-1","max-image-preview":"max-image-preview:large","max-video-preview":"max-video-preview:-1"},"canonical":"https:\/\/biciurba.com\/index.php\/2024\/08\/13\/tiempos-exigentes-que-requieren-prudencia-y-sabiduria\/","og_locale":"es_ES","og_type":"article","og_title":"Tiempos exigentes que requieren prudencia y sabidur\u00eda - Biciurba","og_description":"Cada \u00e9poca tiene sus retos, y en este momento que estamos viviendo, tampoco se es indiferente a esta aseveraci\u00f3n. Los cambios no son solo tecnol\u00f3gicos, que es lo que m\u00e1s vemos a primer momento. Es m\u00e1s, pasan tan r\u00e1pido y se integran a nuestras rutinas que ya no nos maravillamos, sentimos que son parte de [&hellip;]","og_url":"https:\/\/biciurba.com\/index.php\/2024\/08\/13\/tiempos-exigentes-que-requieren-prudencia-y-sabiduria\/","og_site_name":"Biciurba","article_published_time":"2024-08-13T16:19:12+00:00","article_modified_time":"2024-08-13T16:20:11+00:00","og_image":[{"width":600,"height":400,"url":"https:\/\/biciurba.com\/wp-content\/uploads\/2024\/08\/sociedad.png","type":"image\/png"}],"author":"Carlos Cantor","twitter_card":"summary_large_image","twitter_misc":{"Escrito por":"Carlos Cantor","Tiempo de lectura":"5 minutos"},"schema":{"@context":"https:\/\/schema.org","@graph":[{"@type":"Article","@id":"https:\/\/biciurba.com\/index.php\/2024\/08\/13\/tiempos-exigentes-que-requieren-prudencia-y-sabiduria\/#article","isPartOf":{"@id":"https:\/\/biciurba.com\/index.php\/2024\/08\/13\/tiempos-exigentes-que-requieren-prudencia-y-sabiduria\/"},"author":{"name":"Carlos Cantor","@id":"https:\/\/biciurba.com\/#\/schema\/person\/d9675ddf29ee982d268db0a3f239eced"},"headline":"Tiempos exigentes que requieren prudencia y sabidur\u00eda","datePublished":"2024-08-13T16:19:12+00:00","dateModified":"2024-08-13T16:20:11+00:00","mainEntityOfPage":{"@id":"https:\/\/biciurba.com\/index.php\/2024\/08\/13\/tiempos-exigentes-que-requieren-prudencia-y-sabiduria\/"},"wordCount":906,"commentCount":0,"publisher":{"@id":"https:\/\/biciurba.com\/#\/schema\/person\/d9675ddf29ee982d268db0a3f239eced"},"image":{"@id":"https:\/\/biciurba.com\/index.php\/2024\/08\/13\/tiempos-exigentes-que-requieren-prudencia-y-sabiduria\/#primaryimage"},"thumbnailUrl":"https:\/\/biciurba.com\/wp-content\/uploads\/2024\/08\/sociedad.png","articleSection":["Vida Buena"],"inLanguage":"es","potentialAction":[{"@type":"CommentAction","name":"Comment","target":["https:\/\/biciurba.com\/index.php\/2024\/08\/13\/tiempos-exigentes-que-requieren-prudencia-y-sabiduria\/#respond"]}]},{"@type":"WebPage","@id":"https:\/\/biciurba.com\/index.php\/2024\/08\/13\/tiempos-exigentes-que-requieren-prudencia-y-sabiduria\/","url":"https:\/\/biciurba.com\/index.php\/2024\/08\/13\/tiempos-exigentes-que-requieren-prudencia-y-sabiduria\/","name":"Tiempos exigentes que requieren prudencia y sabidur\u00eda - Biciurba","isPartOf":{"@id":"https:\/\/biciurba.com\/#website"},"primaryImageOfPage":{"@id":"https:\/\/biciurba.com\/index.php\/2024\/08\/13\/tiempos-exigentes-que-requieren-prudencia-y-sabiduria\/#primaryimage"},"image":{"@id":"https:\/\/biciurba.com\/index.php\/2024\/08\/13\/tiempos-exigentes-que-requieren-prudencia-y-sabiduria\/#primaryimage"},"thumbnailUrl":"https:\/\/biciurba.com\/wp-content\/uploads\/2024\/08\/sociedad.png","datePublished":"2024-08-13T16:19:12+00:00","dateModified":"2024-08-13T16:20:11+00:00","breadcrumb":{"@id":"https:\/\/biciurba.com\/index.php\/2024\/08\/13\/tiempos-exigentes-que-requieren-prudencia-y-sabiduria\/#breadcrumb"},"inLanguage":"es","potentialAction":[{"@type":"ReadAction","target":["https:\/\/biciurba.com\/index.php\/2024\/08\/13\/tiempos-exigentes-que-requieren-prudencia-y-sabiduria\/"]}]},{"@type":"ImageObject","inLanguage":"es","@id":"https:\/\/biciurba.com\/index.php\/2024\/08\/13\/tiempos-exigentes-que-requieren-prudencia-y-sabiduria\/#primaryimage","url":"https:\/\/biciurba.com\/wp-content\/uploads\/2024\/08\/sociedad.png","contentUrl":"https:\/\/biciurba.com\/wp-content\/uploads\/2024\/08\/sociedad.png","width":600,"height":400,"caption":"Cada \u00e9poca genera sus propias realidades, y estamos en una donde la velocidad de estas, no nos deja ver lo que est\u00e1 pasando a nuestro alrededor."},{"@type":"BreadcrumbList","@id":"https:\/\/biciurba.com\/index.php\/2024\/08\/13\/tiempos-exigentes-que-requieren-prudencia-y-sabiduria\/#breadcrumb","itemListElement":[{"@type":"ListItem","position":1,"name":"Portada","item":"https:\/\/biciurba.com\/"},{"@type":"ListItem","position":2,"name":"Tiempos exigentes que requieren prudencia y sabidur\u00eda"}]},{"@type":"WebSite","@id":"https:\/\/biciurba.com\/#website","url":"https:\/\/biciurba.com\/","name":"Biciurba","description":"Una mejor manera de vivir","publisher":{"@id":"https:\/\/biciurba.com\/#\/schema\/person\/d9675ddf29ee982d268db0a3f239eced"},"potentialAction":[{"@type":"SearchAction","target":{"@type":"EntryPoint","urlTemplate":"https:\/\/biciurba.com\/?s={search_term_string}"},"query-input":{"@type":"PropertyValueSpecification","valueRequired":true,"valueName":"search_term_string"}}],"inLanguage":"es"},{"@type":["Person","Organization"],"@id":"https:\/\/biciurba.com\/#\/schema\/person\/d9675ddf29ee982d268db0a3f239eced","name":"Carlos Cantor","image":{"@type":"ImageObject","inLanguage":"es","@id":"https:\/\/biciurba.com\/#\/schema\/person\/image\/","url":"https:\/\/biciurba.com\/wp-content\/uploads\/2024\/04\/cropped-logo-1.png","contentUrl":"https:\/\/biciurba.com\/wp-content\/uploads\/2024\/04\/cropped-logo-1.png","width":512,"height":318,"caption":"Carlos Cantor"},"logo":{"@id":"https:\/\/biciurba.com\/#\/schema\/person\/image\/"},"sameAs":["https:\/\/biciurba.com"],"url":"https:\/\/biciurba.com\/index.php\/author\/ccantor\/"}]}},"_links":{"self":[{"href":"https:\/\/biciurba.com\/index.php\/wp-json\/wp\/v2\/posts\/966"}],"collection":[{"href":"https:\/\/biciurba.com\/index.php\/wp-json\/wp\/v2\/posts"}],"about":[{"href":"https:\/\/biciurba.com\/index.php\/wp-json\/wp\/v2\/types\/post"}],"author":[{"embeddable":true,"href":"https:\/\/biciurba.com\/index.php\/wp-json\/wp\/v2\/users\/1"}],"replies":[{"embeddable":true,"href":"https:\/\/biciurba.com\/index.php\/wp-json\/wp\/v2\/comments?post=966"}],"version-history":[{"count":1,"href":"https:\/\/biciurba.com\/index.php\/wp-json\/wp\/v2\/posts\/966\/revisions"}],"predecessor-version":[{"id":968,"href":"https:\/\/biciurba.com\/index.php\/wp-json\/wp\/v2\/posts\/966\/revisions\/968"}],"wp:featuredmedia":[{"embeddable":true,"href":"https:\/\/biciurba.com\/index.php\/wp-json\/wp\/v2\/media\/967"}],"wp:attachment":[{"href":"https:\/\/biciurba.com\/index.php\/wp-json\/wp\/v2\/media?parent=966"}],"wp:term":[{"taxonomy":"category","embeddable":true,"href":"https:\/\/biciurba.com\/index.php\/wp-json\/wp\/v2\/categories?post=966"},{"taxonomy":"post_tag","embeddable":true,"href":"https:\/\/biciurba.com\/index.php\/wp-json\/wp\/v2\/tags?post=966"}],"curies":[{"name":"wp","href":"https:\/\/api.w.org\/{rel}","templated":true}]}}